{"id":63080,"date":"2021-09-28T00:03:18","date_gmt":"2021-09-28T00:03:18","guid":{"rendered":"http:\/\/www.noticiasradioreflejos.com.ar\/2021\/?p=63080"},"modified":"2021-09-28T00:03:18","modified_gmt":"2021-09-28T00:03:18","slug":"bordoni-movio-el-tablero-con-cambios-en-su-gabinete","status":"publish","type":"post","link":"https:\/\/www.noticiasradioreflejos.com.ar\/2021\/bordoni-movio-el-tablero-con-cambios-en-su-gabinete\/","title":{"rendered":"Bordoni movi\u00f3 el tablero con cambios en su gabinete."},"content":{"rendered":"<p>El <strong>Intendente Municipal Sergio Bordoni<\/strong> anunci\u00f3 cambios en su gabinete. Present\u00f3 en una conferencia de prensa a <strong>\u00a0Mar\u00eda Graciela \u201cTita\u201d Musso,<\/strong> que se har\u00e1 cargo de la Subsecretar\u00eda de Desarrollo Social<strong>,\u00a0<\/strong>en reemplazo de Bel\u00e9n Ladigan, quien pasar\u00e1 a ser Directora del \u00e1rea. Adem\u00e1s anunci\u00f3 el alejamiento de<strong>\u00a0 Noel\u00ed Kloster <\/strong>en la Direcci\u00f3n de Cultura Municipal y la reemplaza<strong>\u00a0 Susana Dos Santos, <\/strong>tambi\u00e9n a cargo del \u00e1rea de producci\u00f3n.<\/p>\n<p><!--more--><\/p>\n<p>\u00abEn lo que respecta a Acci\u00f3n Social, vamos a poner en funci\u00f3n a Graciela (Tita) Musso como Subsecretaria de Acci\u00f3n Social. Bel\u00e9n (Ladigan) va a seguir como directora del \u00e1rea de acci\u00f3n social. En lo que respecta a cultura, Noel\u00ed (Kloster) va a dejar de prestar funciones y hasta Diciembre, que es donde vamos a restructurar el organigrama, va a estar Susana Dos Santos\u00bb coment\u00f3 el intendente los cambios realizados en el gabinete municipal.<\/p>\n<p>\u00abCon esos dos cambios vamos a ver c\u00f3mo reaccionamos hasta diciembre y ver si podemos solucionar algunos de los reclamos que nos ha hecho la gente despu\u00e9s de las elecciones. Evidentemente en algo hemos fallado, tenemos que escuchar a la gente y tenemos que trabajar para eso\u00bb expres\u00f3 Bordoni. Tambi\u00e9n admiti\u00f3 que el Tita Musso lo que har\u00e1 es agregarle el condimento pol\u00edtico que est\u00e1n buscando para el \u00e1rea. \u00abA veces nos hac\u00edan hincapi\u00e9 que nos hace falta gente en la calle. Tal vez nos falt\u00f3 esa pata pol\u00edtica para Desarrollo Social\u00bb.<\/p>\n<p>\u00abTuvimos una elecci\u00f3n mala en todo el distrito, entonces tenemos que hacer cambios. Hay que hacer m\u00e1s hincapi\u00e9 en seguir trabajando, seguir tratando de mantener el distrito en orden. Tal vez, nos abocamos mucho en salud y hemos descuidado otras \u00e1reas por una decisi\u00f3n pol\u00edtica\u00bb se auto evalu\u00f3 el intendente. Mencion\u00f3 que cree que no habr\u00e1n m\u00e1s cambios, que s\u00f3lo se buscaba restructurar algunas \u00e1reas. \u00abVen\u00edamos haciendo lo que cre\u00edamos que estaba bien\u00bb.<\/p>\n<p>Con respecto a lo ocurrido en las elecciones a nivel Nacional y Provincial, Sergio contest\u00f3 c\u00f3mo repercutir\u00e1 esto en la concreci\u00f3n de las obras p\u00fablicas en nuestro distrito. \u00abEvidentemente, si, en la obra p\u00fablica se demor\u00f3 mucho. La plata estaba, lo que pas\u00f3 en la Argentina es que hay mucha burocracia, ese tipo de cosas se tiene que terminar\u00bb.<\/p>\n<p>\u00abFue una votaci\u00f3n en contra de, no a favor de. No creo que lo nuestro haya sido un voto castigo, pero evidentemente algo nos fall\u00f3\u00bb expres\u00f3 el intendente en relaci\u00f3n a las elecciones pasadas.<\/p>\n<p>\u00abPens\u00e9 que nunca iba a volver al ruedo, pero cuando a uno le gusta la pol\u00edtica y las puertas est\u00e1n entreabiertas, uno vuelve y lo hace\u00bb expres\u00f3 Tita Musso ni bien comenz\u00f3 su entrevista. \u00abEs una decisi\u00f3n absolutamente personal. Sergio me ha demostrado que tiene un profundo sentido social. Cuando me convoca para acompa\u00f1arlo en esta gesti\u00f3n, lo hago espec\u00edficamente por \u00e9l. Cuando gobernar es complejo, gobernar en pandemia es tedioso\u00bb comparti\u00f3 la nueva subsecretaria de Acci\u00f3n Social. \u00abEs un trabajo que me gusta, me gusta estar con la gente\u00bb agreg\u00f3.<\/p>\n<p>&nbsp;<\/p>\n<p>Audios completos a continuaci\u00f3n:<\/p>\n<p><iframe loading=\"lazy\" src=\"https:\/\/w.soundcloud.com\/player\/?url=https%3A\/\/api.soundcloud.com\/tracks\/1131889786&amp;color=%23ff5500&amp;auto_play=false&amp;hide_related=false&amp;show_comments=true&amp;show_user=true&amp;show_reposts=false&amp;show_teaser=true\" width=\"100%\" height=\"166\" frameborder=\"no\" scrolling=\"no\"><\/iframe><\/p>\n<p><a data-flickr-embed=\"true\" href=\"https:\/\/www.flickr.com\/photos\/182279889@N02\/51525488286\/in\/dateposted-public\/\" title=\"tita-1.jpg_1000\"><img loading=\"lazy\" decoding=\"async\" src=\"https:\/\/live.staticflickr.com\/65535\/51525488286_e622168166_c.jpg\" width=\"800\" height=\"430\" alt=\"tita-1.jpg_1000\"><\/a><script async src=\"\/\/embedr.flickr.com\/assets\/client-code.js\" charset=\"utf-8\"><\/script><\/p>\n<p>Por su parte la flamante Secretaria de Desarrollo Social \u00abTita\u00bb Musso expres\u00f3: \u201cVolver a la pol\u00edtica es una decisi\u00f3n absolutamente personal. Sergio me demostr\u00f3 durante su gesti\u00f3n que tiene un profundo sentido social, por eso cuando me convoca para acompa\u00f1arlo, lo hago por \u00e9l, porque ha hecho una asistencia social muy importante\u201d.<\/p>\n<p>\u201cEl \u00e1rea est\u00e1 muy prolija, con un banco de datos minucioso, donde est\u00e1 toda la asistencia que se ha hecho a la gente, pero el intendente hace la lectura luego de una derrota electoral y dentro de Desarrollo Social habr\u00e1 que ajustar, ver y hablar con la gente qu\u00e9 es lo que falt\u00f3. \u00c9l y su equipo entendieron que todo estaba abordado, y evidentemente algo debe estar requiriendo m\u00e1s ayuda\u201d, a\u00f1adi\u00f3.<\/p>\n<p>Nota <strong>\u00a0Mar\u00eda Graciela \u201cTita\u201d Musso<\/strong><\/p>\n<p><iframe loading=\"lazy\" src=\"https:\/\/w.soundcloud.com\/player\/?url=https%3A\/\/api.soundcloud.com\/tracks\/1131889807&amp;color=%23ff5500&amp;auto_play=false&amp;hide_related=false&amp;show_comments=true&amp;show_user=true&amp;show_reposts=false&amp;show_teaser=true\" width=\"100%\" height=\"166\" frameborder=\"no\" scrolling=\"no\"><\/iframe><\/p>\n<div style=\"font-size: 10px; color: #cccccc; line-break: anywhere; word-break: normal; overflow: hidden; white-space: nowrap; text-overflow: ellipsis; font-family: Interstate,Lucida Grande,Lucida Sans Unicode,Lucida Sans,Garuda,Verdana,Tahoma,sans-serif; font-weight: 100;\"><a style=\"color: #cccccc; text-decoration: none;\" title=\"fmreflejos 103.7\" href=\"https:\/\/soundcloud.com\/fmreflejos-103-7\" target=\"_blank\" rel=\"noopener\">fmreflejos 103.7<\/a> \u00b7 <a style=\"color: #cccccc; text-decoration: none;\" title=\"Reclamos En Sierra X Salud\" href=\"https:\/\/soundcloud.com\/fmreflejos-103-7\/reclamos-en-sierra-x-salud\" target=\"_blank\" rel=\"noopener\">Reclamos En Sierra X Salud<\/a><\/div>\n","protected":false},"excerpt":{"rendered":"<p>El Intendente Municipal Sergio Bordoni anunci\u00f3 cambios en su gabinete. Present\u00f3 en una conferencia de prensa a \u00a0Mar\u00eda Graciela \u201cTita\u201d Musso, que se har\u00e1 cargo de la Subsecretar\u00eda de Desarrollo Social,\u00a0en reemplazo de Bel\u00e9n Ladigan, quien pasar\u00e1 a ser Directora del \u00e1rea. Adem\u00e1s anunci\u00f3 el alejamiento de\u00a0 Noel\u00ed Kloster en la Direcci\u00f3n de Cultura Municipal [&hellip;]<\/p>\n","protected":false},"author":3,"featured_media":0,"comment_status":"closed","ping_status":"closed","sticky":false,"template":"","format":"standard","meta":{"footnotes":""},"categories":[28,24],"tags":[48],"class_list":["post-63080","post","type-post","status-publish","format-standard","hentry","category-municipales","category-politica","tag-destacada"],"yoast_head":"<!-- This site is optimized with the Yoast SEO plugin v25.9 - https:\/\/yoast.com\/wordpress\/plugins\/seo\/ -->\n<title>Bordoni movi\u00f3 el tablero con cambios en su gabinete. - Noticias Radio Reflejos<\/title>\n<meta name=\"robots\" content=\"index, follow, max-snippet:-1, max-image-preview:large, max-video-preview:-1\" \/>\n<link rel=\"canonical\" href=\"https:\/\/www.noticiasradioreflejos.com.ar\/2021\/bordoni-movio-el-tablero-con-cambios-en-su-gabinete\/\" \/>\n<meta property=\"og:locale\" content=\"es_ES\" \/>\n<meta property=\"og:type\" content=\"article\" \/>\n<meta property=\"og:title\" content=\"Bordoni movi\u00f3 el tablero con cambios en su gabinete. - Noticias Radio Reflejos\" \/>\n<meta property=\"og:description\" content=\"El Intendente Municipal Sergio Bordoni anunci\u00f3 cambios en su gabinete. Present\u00f3 en una conferencia de prensa a \u00a0Mar\u00eda Graciela \u201cTita\u201d Musso, que se har\u00e1 cargo de la Subsecretar\u00eda de Desarrollo Social,\u00a0en reemplazo de Bel\u00e9n Ladigan, quien pasar\u00e1 a ser Directora del \u00e1rea. Adem\u00e1s anunci\u00f3 el alejamiento de\u00a0 Noel\u00ed Kloster en la Direcci\u00f3n de Cultura Municipal [&hellip;]\" \/>\n<meta property=\"og:url\" content=\"https:\/\/www.noticiasradioreflejos.com.ar\/2021\/bordoni-movio-el-tablero-con-cambios-en-su-gabinete\/\" \/>\n<meta property=\"og:site_name\" content=\"Noticias Radio Reflejos\" \/>\n<meta property=\"article:published_time\" content=\"2021-09-28T00:03:18+00:00\" \/>\n<meta property=\"og:image\" content=\"https:\/\/live.staticflickr.com\/65535\/51525488286_e622168166_c.jpg\" \/>\n<meta name=\"author\" content=\"Arnaldo Botto\" \/>\n<meta name=\"twitter:card\" content=\"summary_large_image\" \/>\n<script type=\"application\/ld+json\" class=\"yoast-schema-graph\">{\"@context\":\"https:\/\/schema.org\",\"@graph\":[{\"@type\":\"WebPage\",\"@id\":\"https:\/\/www.noticiasradioreflejos.com.ar\/2021\/bordoni-movio-el-tablero-con-cambios-en-su-gabinete\/\",\"url\":\"https:\/\/www.noticiasradioreflejos.com.ar\/2021\/bordoni-movio-el-tablero-con-cambios-en-su-gabinete\/\",\"name\":\"Bordoni movi\u00f3 el tablero con cambios en su gabinete. - Noticias Radio Reflejos\",\"isPartOf\":{\"@id\":\"https:\/\/www.noticiasradioreflejos.com.ar\/2021\/#website\"},\"primaryImageOfPage\":{\"@id\":\"https:\/\/www.noticiasradioreflejos.com.ar\/2021\/bordoni-movio-el-tablero-con-cambios-en-su-gabinete\/#primaryimage\"},\"image\":{\"@id\":\"https:\/\/www.noticiasradioreflejos.com.ar\/2021\/bordoni-movio-el-tablero-con-cambios-en-su-gabinete\/#primaryimage\"},\"thumbnailUrl\":\"https:\/\/live.staticflickr.com\/65535\/51525488286_e622168166_c.jpg\",\"datePublished\":\"2021-09-28T00:03:18+00:00\",\"author\":{\"@id\":\"https:\/\/www.noticiasradioreflejos.com.ar\/2021\/#\/schema\/person\/ad82545263dcc5ec0996818884fd5fb1\"},\"breadcrumb\":{\"@id\":\"https:\/\/www.noticiasradioreflejos.com.ar\/2021\/bordoni-movio-el-tablero-con-cambios-en-su-gabinete\/#breadcrumb\"},\"inLanguage\":\"es\",\"potentialAction\":[{\"@type\":\"ReadAction\",\"target\":[\"https:\/\/www.noticiasradioreflejos.com.ar\/2021\/bordoni-movio-el-tablero-con-cambios-en-su-gabinete\/\"]}]},{\"@type\":\"ImageObject\",\"inLanguage\":\"es\",\"@id\":\"https:\/\/www.noticiasradioreflejos.com.ar\/2021\/bordoni-movio-el-tablero-con-cambios-en-su-gabinete\/#primaryimage\",\"url\":\"https:\/\/live.staticflickr.com\/65535\/51525488286_e622168166_c.jpg\",\"contentUrl\":\"https:\/\/live.staticflickr.com\/65535\/51525488286_e622168166_c.jpg\"},{\"@type\":\"BreadcrumbList\",\"@id\":\"https:\/\/www.noticiasradioreflejos.com.ar\/2021\/bordoni-movio-el-tablero-con-cambios-en-su-gabinete\/#breadcrumb\",\"itemListElement\":[{\"@type\":\"ListItem\",\"position\":1,\"name\":\"Portada\",\"item\":\"https:\/\/www.noticiasradioreflejos.com.ar\/2021\/\"},{\"@type\":\"ListItem\",\"position\":2,\"name\":\"Bordoni movi\u00f3 el tablero con cambios en su gabinete.\"}]},{\"@type\":\"WebSite\",\"@id\":\"https:\/\/www.noticiasradioreflejos.com.ar\/2021\/#website\",\"url\":\"https:\/\/www.noticiasradioreflejos.com.ar\/2021\/\",\"name\":\"Noticias Radio Reflejos\",\"description\":\"Las noticias de mi comarca\",\"potentialAction\":[{\"@type\":\"SearchAction\",\"target\":{\"@type\":\"EntryPoint\",\"urlTemplate\":\"https:\/\/www.noticiasradioreflejos.com.ar\/2021\/?s={search_term_string}\"},\"query-input\":{\"@type\":\"PropertyValueSpecification\",\"valueRequired\":true,\"valueName\":\"search_term_string\"}}],\"inLanguage\":\"es\"},{\"@type\":\"Person\",\"@id\":\"https:\/\/www.noticiasradioreflejos.com.ar\/2021\/#\/schema\/person\/ad82545263dcc5ec0996818884fd5fb1\",\"name\":\"Arnaldo Botto\",\"image\":{\"@type\":\"ImageObject\",\"inLanguage\":\"es\",\"@id\":\"https:\/\/www.noticiasradioreflejos.com.ar\/2021\/#\/schema\/person\/image\/\",\"url\":\"https:\/\/secure.gravatar.com\/avatar\/55cb5e37c1efa326397366e6974cb338056df65cb50e7d64d1cf314e87504837?s=96&d=mm&r=g\",\"contentUrl\":\"https:\/\/secure.gravatar.com\/avatar\/55cb5e37c1efa326397366e6974cb338056df65cb50e7d64d1cf314e87504837?s=96&d=mm&r=g\",\"caption\":\"Arnaldo Botto\"},\"url\":\"https:\/\/www.noticiasradioreflejos.com.ar\/2021\/author\/arnaldo\/\"}]}<\/script>\n<!-- \/ Yoast SEO plugin. -->","yoast_head_json":{"title":"Bordoni movi\u00f3 el tablero con cambios en su gabinete. - Noticias Radio Reflejos","robots":{"index":"index","follow":"follow","max-snippet":"max-snippet:-1","max-image-preview":"max-image-preview:large","max-video-preview":"max-video-preview:-1"},"canonical":"https:\/\/www.noticiasradioreflejos.com.ar\/2021\/bordoni-movio-el-tablero-con-cambios-en-su-gabinete\/","og_locale":"es_ES","og_type":"article","og_title":"Bordoni movi\u00f3 el tablero con cambios en su gabinete. - Noticias Radio Reflejos","og_description":"El Intendente Municipal Sergio Bordoni anunci\u00f3 cambios en su gabinete. Present\u00f3 en una conferencia de prensa a \u00a0Mar\u00eda Graciela \u201cTita\u201d Musso, que se har\u00e1 cargo de la Subsecretar\u00eda de Desarrollo Social,\u00a0en reemplazo de Bel\u00e9n Ladigan, quien pasar\u00e1 a ser Directora del \u00e1rea. Adem\u00e1s anunci\u00f3 el alejamiento de\u00a0 Noel\u00ed Kloster en la Direcci\u00f3n de Cultura Municipal [&hellip;]","og_url":"https:\/\/www.noticiasradioreflejos.com.ar\/2021\/bordoni-movio-el-tablero-con-cambios-en-su-gabinete\/","og_site_name":"Noticias Radio Reflejos","article_published_time":"2021-09-28T00:03:18+00:00","og_image":[{"url":"https:\/\/live.staticflickr.com\/65535\/51525488286_e622168166_c.jpg","type":"","width":"","height":""}],"author":"Arnaldo Botto","twitter_card":"summary_large_image","schema":{"@context":"https:\/\/schema.org","@graph":[{"@type":"WebPage","@id":"https:\/\/www.noticiasradioreflejos.com.ar\/2021\/bordoni-movio-el-tablero-con-cambios-en-su-gabinete\/","url":"https:\/\/www.noticiasradioreflejos.com.ar\/2021\/bordoni-movio-el-tablero-con-cambios-en-su-gabinete\/","name":"Bordoni movi\u00f3 el tablero con cambios en su gabinete. - Noticias Radio Reflejos","isPartOf":{"@id":"https:\/\/www.noticiasradioreflejos.com.ar\/2021\/#website"},"primaryImageOfPage":{"@id":"https:\/\/www.noticiasradioreflejos.com.ar\/2021\/bordoni-movio-el-tablero-con-cambios-en-su-gabinete\/#primaryimage"},"image":{"@id":"https:\/\/www.noticiasradioreflejos.com.ar\/2021\/bordoni-movio-el-tablero-con-cambios-en-su-gabinete\/#primaryimage"},"thumbnailUrl":"https:\/\/live.staticflickr.com\/65535\/51525488286_e622168166_c.jpg","datePublished":"2021-09-28T00:03:18+00:00","author":{"@id":"https:\/\/www.noticiasradioreflejos.com.ar\/2021\/#\/schema\/person\/ad82545263dcc5ec0996818884fd5fb1"},"breadcrumb":{"@id":"https:\/\/www.noticiasradioreflejos.com.ar\/2021\/bordoni-movio-el-tablero-con-cambios-en-su-gabinete\/#breadcrumb"},"inLanguage":"es","potentialAction":[{"@type":"ReadAction","target":["https:\/\/www.noticiasradioreflejos.com.ar\/2021\/bordoni-movio-el-tablero-con-cambios-en-su-gabinete\/"]}]},{"@type":"ImageObject","inLanguage":"es","@id":"https:\/\/www.noticiasradioreflejos.com.ar\/2021\/bordoni-movio-el-tablero-con-cambios-en-su-gabinete\/#primaryimage","url":"https:\/\/live.staticflickr.com\/65535\/51525488286_e622168166_c.jpg","contentUrl":"https:\/\/live.staticflickr.com\/65535\/51525488286_e622168166_c.jpg"},{"@type":"BreadcrumbList","@id":"https:\/\/www.noticiasradioreflejos.com.ar\/2021\/bordoni-movio-el-tablero-con-cambios-en-su-gabinete\/#breadcrumb","itemListElement":[{"@type":"ListItem","position":1,"name":"Portada","item":"https:\/\/www.noticiasradioreflejos.com.ar\/2021\/"},{"@type":"ListItem","position":2,"name":"Bordoni movi\u00f3 el tablero con cambios en su gabinete."}]},{"@type":"WebSite","@id":"https:\/\/www.noticiasradioreflejos.com.ar\/2021\/#website","url":"https:\/\/www.noticiasradioreflejos.com.ar\/2021\/","name":"Noticias Radio Reflejos","description":"Las noticias de mi comarca","potentialAction":[{"@type":"SearchAction","target":{"@type":"EntryPoint","urlTemplate":"https:\/\/www.noticiasradioreflejos.com.ar\/2021\/?s={search_term_string}"},"query-input":{"@type":"PropertyValueSpecification","valueRequired":true,"valueName":"search_term_string"}}],"inLanguage":"es"},{"@type":"Person","@id":"https:\/\/www.noticiasradioreflejos.com.ar\/2021\/#\/schema\/person\/ad82545263dcc5ec0996818884fd5fb1","name":"Arnaldo Botto","image":{"@type":"ImageObject","inLanguage":"es","@id":"https:\/\/www.noticiasradioreflejos.com.ar\/2021\/#\/schema\/person\/image\/","url":"https:\/\/secure.gravatar.com\/avatar\/55cb5e37c1efa326397366e6974cb338056df65cb50e7d64d1cf314e87504837?s=96&d=mm&r=g","contentUrl":"https:\/\/secure.gravatar.com\/avatar\/55cb5e37c1efa326397366e6974cb338056df65cb50e7d64d1cf314e87504837?s=96&d=mm&r=g","caption":"Arnaldo Botto"},"url":"https:\/\/www.noticiasradioreflejos.com.ar\/2021\/author\/arnaldo\/"}]}},"_links":{"self":[{"href":"https:\/\/www.noticiasradioreflejos.com.ar\/2021\/wp-json\/wp\/v2\/posts\/63080","targetHints":{"allow":["GET"]}}],"collection":[{"href":"https:\/\/www.noticiasradioreflejos.com.ar\/2021\/wp-json\/wp\/v2\/posts"}],"about":[{"href":"https:\/\/www.noticiasradioreflejos.com.ar\/2021\/wp-json\/wp\/v2\/types\/post"}],"author":[{"embeddable":true,"href":"https:\/\/www.noticiasradioreflejos.com.ar\/2021\/wp-json\/wp\/v2\/users\/3"}],"replies":[{"embeddable":true,"href":"https:\/\/www.noticiasradioreflejos.com.ar\/2021\/wp-json\/wp\/v2\/comments?post=63080"}],"version-history":[{"count":2,"href":"https:\/\/www.noticiasradioreflejos.com.ar\/2021\/wp-json\/wp\/v2\/posts\/63080\/revisions"}],"predecessor-version":[{"id":63090,"href":"https:\/\/www.noticiasradioreflejos.com.ar\/2021\/wp-json\/wp\/v2\/posts\/63080\/revisions\/63090"}],"wp:attachment":[{"href":"https:\/\/www.noticiasradioreflejos.com.ar\/2021\/wp-json\/wp\/v2\/media?parent=63080"}],"wp:term":[{"taxonomy":"category","embeddable":true,"href":"https:\/\/www.noticiasradioreflejos.com.ar\/2021\/wp-json\/wp\/v2\/categories?post=63080"},{"taxonomy":"post_tag","embeddable":true,"href":"https:\/\/www.noticiasradioreflejos.com.ar\/2021\/wp-json\/wp\/v2\/tags?post=63080"}],"curies":[{"name":"wp","href":"https:\/\/api.w.org\/{rel}","templated":true}]}}