{"id":63078,"date":"2021-09-27T23:13:12","date_gmt":"2021-09-27T23:13:12","guid":{"rendered":"http:\/\/www.noticiasradioreflejos.com.ar\/2021\/?p=63078"},"modified":"2021-09-27T23:13:12","modified_gmt":"2021-09-27T23:13:12","slug":"un-bosque-en-clave-de-fa-una-accion-ambiental-en-sierra-de-la-ventana","status":"publish","type":"post","link":"https:\/\/www.noticiasradioreflejos.com.ar\/2021\/un-bosque-en-clave-de-fa-una-accion-ambiental-en-sierra-de-la-ventana\/","title":{"rendered":"\u00abUn Bosque en Clave de Fa\u00bb: Una acci\u00f3n ambiental en Sierra de la Ventana."},"content":{"rendered":"<p>El pasado s\u00e1bado 25 de setiembre, se realiz\u00f3 la plantaci\u00f3n de 40 \u00e1rboles en Sierra de la Ventana, proyecto bajo el nombre de \u00abUn Bosque en Clave de Fa\u00bb. En el evento impulsado por la fundaci\u00f3n \u00abEl Arte de Vivir\u00bb y apoyado por esta gesti\u00f3n municipal, conversamos con la Directora de Medio Ambiente, Melisa Herrada,\u00a0 Vanina Russo y Agustina Ferrer,\u00a0 voluntarias de la fundaci\u00f3n que entreg\u00f3 los \u00e1rboles a nuestra comarca para conocer con que fundamentos se este proyecto.<!--more--><\/p>\n<p><a title=\"12380016\" href=\"https:\/\/www.flickr.com\/photos\/182279889@N02\/51526257120\/in\/dateposted-public\/\" data-flickr-embed=\"true\"><img loading=\"lazy\" decoding=\"async\" src=\"https:\/\/live.staticflickr.com\/65535\/51526257120_ac92cf9d8f_c.jpg\" alt=\"12380016\" width=\"800\" height=\"450\" \/><\/a><script async src=\"\/\/embedr.flickr.com\/assets\/client-code.js\" charset=\"utf-8\"><\/script><\/p>\n<p>Conversamos con <strong>Vanina Russo<\/strong>, voluntaria de la fundaci\u00f3n \u00abEl Arte de Vivir\u00bb. Explic\u00f3 que el proyecto de plantar los \u00e1rboles est\u00e1 pensado y concretado en conjunto con \u00abUn Mundo en Clave de Fa\u00bb, una novela escrita por <a id=\"fprsl\" class=\"gL9Hy\" href=\"https:\/\/www.google.com\/search?rlz=1C1ALOY_esAR953AR954&amp;sxsrf=AOaemvL3lamE0QdnRvPg-EcwQYJs4osFGA:1632783699097&amp;q=Ezequiel+Starobinsky&amp;spell=1&amp;sa=X&amp;ved=2ahUKEwiGloSjoaDzAhVrrJUCHaLaA0MQkeECKAB6BAgBEDY\" data-ved=\"2ahUKEwiGloSjoaDzAhVrrJUCHaLaA0MQkeECKAB6BAgBEDY\">Ezequiel\u00a0<b><i>Starobinsky<\/i><\/b><\/a>, un instructor de la fundaci\u00f3n. \u00abEstamos plantando el doble de \u00e1rboles que se necesitan para la impresi\u00f3n de sus libros, estamos ac\u00e1 con ese fin. Elegimos diferentes lugares que fueron afectados por incendios y dem\u00e1s\u00bb expres\u00f3.<\/p>\n<p>Vanina coment\u00f3 que tambi\u00e9n la acci\u00f3n de esta ma\u00f1ana forma parte de \u00abAcci\u00f3n Ambiental\u00bb, un proyecto de la fundaci\u00f3n que se dedica a hacer plantaciones y hacer actividades como limpieza, huertas, etc. Tambi\u00e9n explic\u00f3 que las plantas elegidas para plantar fueron elegidas despu\u00e9s del asesoramiento de Hugo, el Delegado de Sierra de la Ventana.<\/p>\n<p>Explic\u00f3 que otro de los proyectos de plantaci\u00f3n en Argentina es la plantaci\u00f3n de la Comarca Andina, que ha sido fuertemente afectada por los incendios.<\/p>\n<p>\u00abEsto del arbolado es fundamental para revertir el cambio clim\u00e1tico\u00bb mencion\u00f3 Melisa Herrada, ge\u00f3loga y Directora de Medio Ambiente de Tornquist Municipio. \u00abFelicitarlos en haber elegido este lugar para hacerlo, muy buena iniciativa\u00bb expres\u00f3 Melisa en relaci\u00f3n al Arte de Vivir.<\/p>\n<p>\u00abAhora todos de todas las localidades vamos a tomar el compromiso de cuidarlos\u00bb mencion\u00f3 finalmente Hugo Polvara, Delegado Municipal de Sierra de la Ventana.<\/p>\n<p>Video completo del encuentro a continuaci\u00f3n:<br \/>\n<iframe loading=\"lazy\" title=\"YouTube video player\" src=\"https:\/\/www.youtube.com\/embed\/BlNUKNXVgdk\" width=\"560\" height=\"315\" frameborder=\"0\" allowfullscreen=\"allowfullscreen\"><\/iframe><\/p>\n<p><a data-flickr-embed=\"true\" href=\"https:\/\/www.flickr.com\/photos\/182279889@N02\/51526057649\/in\/dateposted-public\/\" title=\"12380018\"><img loading=\"lazy\" decoding=\"async\" src=\"https:\/\/live.staticflickr.com\/65535\/51526057649_6d2aba0fd3_c.jpg\" width=\"800\" height=\"450\" alt=\"12380018\"><\/a><script async src=\"\/\/embedr.flickr.com\/assets\/client-code.js\" charset=\"utf-8\"><\/script><\/p>\n<p><a data-flickr-embed=\"true\" href=\"https:\/\/www.flickr.com\/photos\/182279889@N02\/51525348836\/in\/dateposted-public\/\" title=\"12380020\"><img loading=\"lazy\" decoding=\"async\" src=\"https:\/\/live.staticflickr.com\/65535\/51525348836_64302410d0_c.jpg\" width=\"800\" height=\"450\" alt=\"12380020\"><\/a><script async src=\"\/\/embedr.flickr.com\/assets\/client-code.js\" charset=\"utf-8\"><\/script><\/p>\n<p><a data-flickr-embed=\"true\" href=\"https:\/\/www.flickr.com\/photos\/182279889@N02\/51526056819\/in\/dateposted-public\/\" title=\"12380029\"><img loading=\"lazy\" decoding=\"async\" src=\"https:\/\/live.staticflickr.com\/65535\/51526056819_b3762cd444_c.jpg\" width=\"800\" height=\"450\" alt=\"12380029\"><\/a><script async src=\"\/\/embedr.flickr.com\/assets\/client-code.js\" charset=\"utf-8\"><\/script><\/p>\n<p><a data-flickr-embed=\"true\" href=\"https:\/\/www.flickr.com\/photos\/182279889@N02\/51524533012\/in\/dateposted-public\/\" title=\"12380035\"><img loading=\"lazy\" decoding=\"async\" src=\"https:\/\/live.staticflickr.com\/65535\/51524533012_22476508b7_c.jpg\" width=\"800\" height=\"450\" alt=\"12380035\"><\/a><script async src=\"\/\/embedr.flickr.com\/assets\/client-code.js\" charset=\"utf-8\"><\/script><\/p>\n","protected":false},"excerpt":{"rendered":"<p>El pasado s\u00e1bado 25 de setiembre, se realiz\u00f3 la plantaci\u00f3n de 40 \u00e1rboles en Sierra de la Ventana, proyecto bajo el nombre de \u00abUn Bosque en Clave de Fa\u00bb. En el evento impulsado por la fundaci\u00f3n \u00abEl Arte de Vivir\u00bb y apoyado por esta gesti\u00f3n municipal, conversamos con la Directora de Medio Ambiente, Melisa Herrada,\u00a0 [&hellip;]<\/p>\n","protected":false},"author":3,"featured_media":63081,"comment_status":"closed","ping_status":"closed","sticky":false,"template":"","format":"standard","meta":{"footnotes":""},"categories":[35],"tags":[48],"class_list":["post-63078","post","type-post","status-publish","format-standard","has-post-thumbnail","hentry","category-cultura","tag-destacada"],"yoast_head":"<!-- This site is optimized with the Yoast SEO plugin v25.9 - https:\/\/yoast.com\/wordpress\/plugins\/seo\/ -->\n<title>&quot;Un Bosque en Clave de Fa&quot;: Una acci\u00f3n ambiental en Sierra de la Ventana. - Noticias Radio Reflejos<\/title>\n<meta name=\"robots\" content=\"index, follow, max-snippet:-1, max-image-preview:large, max-video-preview:-1\" \/>\n<link rel=\"canonical\" href=\"https:\/\/www.noticiasradioreflejos.com.ar\/2021\/un-bosque-en-clave-de-fa-una-accion-ambiental-en-sierra-de-la-ventana\/\" \/>\n<meta property=\"og:locale\" content=\"es_ES\" \/>\n<meta property=\"og:type\" content=\"article\" \/>\n<meta property=\"og:title\" content=\"&quot;Un Bosque en Clave de Fa&quot;: Una acci\u00f3n ambiental en Sierra de la Ventana. - Noticias Radio Reflejos\" \/>\n<meta property=\"og:description\" content=\"El pasado s\u00e1bado 25 de setiembre, se realiz\u00f3 la plantaci\u00f3n de 40 \u00e1rboles en Sierra de la Ventana, proyecto bajo el nombre de \u00abUn Bosque en Clave de Fa\u00bb. En el evento impulsado por la fundaci\u00f3n \u00abEl Arte de Vivir\u00bb y apoyado por esta gesti\u00f3n municipal, conversamos con la Directora de Medio Ambiente, Melisa Herrada,\u00a0 [&hellip;]\" \/>\n<meta property=\"og:url\" content=\"https:\/\/www.noticiasradioreflejos.com.ar\/2021\/un-bosque-en-clave-de-fa-una-accion-ambiental-en-sierra-de-la-ventana\/\" \/>\n<meta property=\"og:site_name\" content=\"Noticias Radio Reflejos\" \/>\n<meta property=\"article:published_time\" content=\"2021-09-27T23:13:12+00:00\" \/>\n<meta property=\"og:image\" content=\"https:\/\/www.noticiasradioreflejos.com.ar\/2021\/wp-content\/uploads\/2021\/09\/12380022.jpg\" \/>\n\t<meta property=\"og:image:width\" content=\"2304\" \/>\n\t<meta property=\"og:image:height\" content=\"1296\" \/>\n\t<meta property=\"og:image:type\" content=\"image\/jpeg\" \/>\n<meta name=\"author\" content=\"Arnaldo Botto\" \/>\n<meta name=\"twitter:card\" content=\"summary_large_image\" \/>\n<script type=\"application\/ld+json\" class=\"yoast-schema-graph\">{\"@context\":\"https:\/\/schema.org\",\"@graph\":[{\"@type\":\"WebPage\",\"@id\":\"https:\/\/www.noticiasradioreflejos.com.ar\/2021\/un-bosque-en-clave-de-fa-una-accion-ambiental-en-sierra-de-la-ventana\/\",\"url\":\"https:\/\/www.noticiasradioreflejos.com.ar\/2021\/un-bosque-en-clave-de-fa-una-accion-ambiental-en-sierra-de-la-ventana\/\",\"name\":\"\\\"Un Bosque en Clave de Fa\\\": Una acci\u00f3n ambiental en Sierra de la Ventana. - Noticias Radio Reflejos\",\"isPartOf\":{\"@id\":\"https:\/\/www.noticiasradioreflejos.com.ar\/2021\/#website\"},\"primaryImageOfPage\":{\"@id\":\"https:\/\/www.noticiasradioreflejos.com.ar\/2021\/un-bosque-en-clave-de-fa-una-accion-ambiental-en-sierra-de-la-ventana\/#primaryimage\"},\"image\":{\"@id\":\"https:\/\/www.noticiasradioreflejos.com.ar\/2021\/un-bosque-en-clave-de-fa-una-accion-ambiental-en-sierra-de-la-ventana\/#primaryimage\"},\"thumbnailUrl\":\"https:\/\/www.noticiasradioreflejos.com.ar\/2021\/wp-content\/uploads\/2021\/09\/12380022.jpg\",\"datePublished\":\"2021-09-27T23:13:12+00:00\",\"author\":{\"@id\":\"https:\/\/www.noticiasradioreflejos.com.ar\/2021\/#\/schema\/person\/ad82545263dcc5ec0996818884fd5fb1\"},\"breadcrumb\":{\"@id\":\"https:\/\/www.noticiasradioreflejos.com.ar\/2021\/un-bosque-en-clave-de-fa-una-accion-ambiental-en-sierra-de-la-ventana\/#breadcrumb\"},\"inLanguage\":\"es\",\"potentialAction\":[{\"@type\":\"ReadAction\",\"target\":[\"https:\/\/www.noticiasradioreflejos.com.ar\/2021\/un-bosque-en-clave-de-fa-una-accion-ambiental-en-sierra-de-la-ventana\/\"]}]},{\"@type\":\"ImageObject\",\"inLanguage\":\"es\",\"@id\":\"https:\/\/www.noticiasradioreflejos.com.ar\/2021\/un-bosque-en-clave-de-fa-una-accion-ambiental-en-sierra-de-la-ventana\/#primaryimage\",\"url\":\"https:\/\/www.noticiasradioreflejos.com.ar\/2021\/wp-content\/uploads\/2021\/09\/12380022.jpg\",\"contentUrl\":\"https:\/\/www.noticiasradioreflejos.com.ar\/2021\/wp-content\/uploads\/2021\/09\/12380022.jpg\",\"width\":2304,\"height\":1296},{\"@type\":\"BreadcrumbList\",\"@id\":\"https:\/\/www.noticiasradioreflejos.com.ar\/2021\/un-bosque-en-clave-de-fa-una-accion-ambiental-en-sierra-de-la-ventana\/#breadcrumb\",\"itemListElement\":[{\"@type\":\"ListItem\",\"position\":1,\"name\":\"Portada\",\"item\":\"https:\/\/www.noticiasradioreflejos.com.ar\/2021\/\"},{\"@type\":\"ListItem\",\"position\":2,\"name\":\"\u00abUn Bosque en Clave de Fa\u00bb: Una acci\u00f3n ambiental en Sierra de la Ventana.\"}]},{\"@type\":\"WebSite\",\"@id\":\"https:\/\/www.noticiasradioreflejos.com.ar\/2021\/#website\",\"url\":\"https:\/\/www.noticiasradioreflejos.com.ar\/2021\/\",\"name\":\"Noticias Radio Reflejos\",\"description\":\"Las noticias de mi comarca\",\"potentialAction\":[{\"@type\":\"SearchAction\",\"target\":{\"@type\":\"EntryPoint\",\"urlTemplate\":\"https:\/\/www.noticiasradioreflejos.com.ar\/2021\/?s={search_term_string}\"},\"query-input\":{\"@type\":\"PropertyValueSpecification\",\"valueRequired\":true,\"valueName\":\"search_term_string\"}}],\"inLanguage\":\"es\"},{\"@type\":\"Person\",\"@id\":\"https:\/\/www.noticiasradioreflejos.com.ar\/2021\/#\/schema\/person\/ad82545263dcc5ec0996818884fd5fb1\",\"name\":\"Arnaldo Botto\",\"image\":{\"@type\":\"ImageObject\",\"inLanguage\":\"es\",\"@id\":\"https:\/\/www.noticiasradioreflejos.com.ar\/2021\/#\/schema\/person\/image\/\",\"url\":\"https:\/\/secure.gravatar.com\/avatar\/55cb5e37c1efa326397366e6974cb338056df65cb50e7d64d1cf314e87504837?s=96&d=mm&r=g\",\"contentUrl\":\"https:\/\/secure.gravatar.com\/avatar\/55cb5e37c1efa326397366e6974cb338056df65cb50e7d64d1cf314e87504837?s=96&d=mm&r=g\",\"caption\":\"Arnaldo Botto\"},\"url\":\"https:\/\/www.noticiasradioreflejos.com.ar\/2021\/author\/arnaldo\/\"}]}<\/script>\n<!-- \/ Yoast SEO plugin. -->","yoast_head_json":{"title":"\"Un Bosque en Clave de Fa\": Una acci\u00f3n ambiental en Sierra de la Ventana. - Noticias Radio Reflejos","robots":{"index":"index","follow":"follow","max-snippet":"max-snippet:-1","max-image-preview":"max-image-preview:large","max-video-preview":"max-video-preview:-1"},"canonical":"https:\/\/www.noticiasradioreflejos.com.ar\/2021\/un-bosque-en-clave-de-fa-una-accion-ambiental-en-sierra-de-la-ventana\/","og_locale":"es_ES","og_type":"article","og_title":"\"Un Bosque en Clave de Fa\": Una acci\u00f3n ambiental en Sierra de la Ventana. - Noticias Radio Reflejos","og_description":"El pasado s\u00e1bado 25 de setiembre, se realiz\u00f3 la plantaci\u00f3n de 40 \u00e1rboles en Sierra de la Ventana, proyecto bajo el nombre de \u00abUn Bosque en Clave de Fa\u00bb. En el evento impulsado por la fundaci\u00f3n \u00abEl Arte de Vivir\u00bb y apoyado por esta gesti\u00f3n municipal, conversamos con la Directora de Medio Ambiente, Melisa Herrada,\u00a0 [&hellip;]","og_url":"https:\/\/www.noticiasradioreflejos.com.ar\/2021\/un-bosque-en-clave-de-fa-una-accion-ambiental-en-sierra-de-la-ventana\/","og_site_name":"Noticias Radio Reflejos","article_published_time":"2021-09-27T23:13:12+00:00","og_image":[{"width":2304,"height":1296,"url":"https:\/\/www.noticiasradioreflejos.com.ar\/2021\/wp-content\/uploads\/2021\/09\/12380022.jpg","type":"image\/jpeg"}],"author":"Arnaldo Botto","twitter_card":"summary_large_image","schema":{"@context":"https:\/\/schema.org","@graph":[{"@type":"WebPage","@id":"https:\/\/www.noticiasradioreflejos.com.ar\/2021\/un-bosque-en-clave-de-fa-una-accion-ambiental-en-sierra-de-la-ventana\/","url":"https:\/\/www.noticiasradioreflejos.com.ar\/2021\/un-bosque-en-clave-de-fa-una-accion-ambiental-en-sierra-de-la-ventana\/","name":"\"Un Bosque en Clave de Fa\": Una acci\u00f3n ambiental en Sierra de la Ventana. - Noticias Radio Reflejos","isPartOf":{"@id":"https:\/\/www.noticiasradioreflejos.com.ar\/2021\/#website"},"primaryImageOfPage":{"@id":"https:\/\/www.noticiasradioreflejos.com.ar\/2021\/un-bosque-en-clave-de-fa-una-accion-ambiental-en-sierra-de-la-ventana\/#primaryimage"},"image":{"@id":"https:\/\/www.noticiasradioreflejos.com.ar\/2021\/un-bosque-en-clave-de-fa-una-accion-ambiental-en-sierra-de-la-ventana\/#primaryimage"},"thumbnailUrl":"https:\/\/www.noticiasradioreflejos.com.ar\/2021\/wp-content\/uploads\/2021\/09\/12380022.jpg","datePublished":"2021-09-27T23:13:12+00:00","author":{"@id":"https:\/\/www.noticiasradioreflejos.com.ar\/2021\/#\/schema\/person\/ad82545263dcc5ec0996818884fd5fb1"},"breadcrumb":{"@id":"https:\/\/www.noticiasradioreflejos.com.ar\/2021\/un-bosque-en-clave-de-fa-una-accion-ambiental-en-sierra-de-la-ventana\/#breadcrumb"},"inLanguage":"es","potentialAction":[{"@type":"ReadAction","target":["https:\/\/www.noticiasradioreflejos.com.ar\/2021\/un-bosque-en-clave-de-fa-una-accion-ambiental-en-sierra-de-la-ventana\/"]}]},{"@type":"ImageObject","inLanguage":"es","@id":"https:\/\/www.noticiasradioreflejos.com.ar\/2021\/un-bosque-en-clave-de-fa-una-accion-ambiental-en-sierra-de-la-ventana\/#primaryimage","url":"https:\/\/www.noticiasradioreflejos.com.ar\/2021\/wp-content\/uploads\/2021\/09\/12380022.jpg","contentUrl":"https:\/\/www.noticiasradioreflejos.com.ar\/2021\/wp-content\/uploads\/2021\/09\/12380022.jpg","width":2304,"height":1296},{"@type":"BreadcrumbList","@id":"https:\/\/www.noticiasradioreflejos.com.ar\/2021\/un-bosque-en-clave-de-fa-una-accion-ambiental-en-sierra-de-la-ventana\/#breadcrumb","itemListElement":[{"@type":"ListItem","position":1,"name":"Portada","item":"https:\/\/www.noticiasradioreflejos.com.ar\/2021\/"},{"@type":"ListItem","position":2,"name":"\u00abUn Bosque en Clave de Fa\u00bb: Una acci\u00f3n ambiental en Sierra de la Ventana."}]},{"@type":"WebSite","@id":"https:\/\/www.noticiasradioreflejos.com.ar\/2021\/#website","url":"https:\/\/www.noticiasradioreflejos.com.ar\/2021\/","name":"Noticias Radio Reflejos","description":"Las noticias de mi comarca","potentialAction":[{"@type":"SearchAction","target":{"@type":"EntryPoint","urlTemplate":"https:\/\/www.noticiasradioreflejos.com.ar\/2021\/?s={search_term_string}"},"query-input":{"@type":"PropertyValueSpecification","valueRequired":true,"valueName":"search_term_string"}}],"inLanguage":"es"},{"@type":"Person","@id":"https:\/\/www.noticiasradioreflejos.com.ar\/2021\/#\/schema\/person\/ad82545263dcc5ec0996818884fd5fb1","name":"Arnaldo Botto","image":{"@type":"ImageObject","inLanguage":"es","@id":"https:\/\/www.noticiasradioreflejos.com.ar\/2021\/#\/schema\/person\/image\/","url":"https:\/\/secure.gravatar.com\/avatar\/55cb5e37c1efa326397366e6974cb338056df65cb50e7d64d1cf314e87504837?s=96&d=mm&r=g","contentUrl":"https:\/\/secure.gravatar.com\/avatar\/55cb5e37c1efa326397366e6974cb338056df65cb50e7d64d1cf314e87504837?s=96&d=mm&r=g","caption":"Arnaldo Botto"},"url":"https:\/\/www.noticiasradioreflejos.com.ar\/2021\/author\/arnaldo\/"}]}},"_links":{"self":[{"href":"https:\/\/www.noticiasradioreflejos.com.ar\/2021\/wp-json\/wp\/v2\/posts\/63078","targetHints":{"allow":["GET"]}}],"collection":[{"href":"https:\/\/www.noticiasradioreflejos.com.ar\/2021\/wp-json\/wp\/v2\/posts"}],"about":[{"href":"https:\/\/www.noticiasradioreflejos.com.ar\/2021\/wp-json\/wp\/v2\/types\/post"}],"author":[{"embeddable":true,"href":"https:\/\/www.noticiasradioreflejos.com.ar\/2021\/wp-json\/wp\/v2\/users\/3"}],"replies":[{"embeddable":true,"href":"https:\/\/www.noticiasradioreflejos.com.ar\/2021\/wp-json\/wp\/v2\/comments?post=63078"}],"version-history":[{"count":2,"href":"https:\/\/www.noticiasradioreflejos.com.ar\/2021\/wp-json\/wp\/v2\/posts\/63078\/revisions"}],"predecessor-version":[{"id":63082,"href":"https:\/\/www.noticiasradioreflejos.com.ar\/2021\/wp-json\/wp\/v2\/posts\/63078\/revisions\/63082"}],"wp:featuredmedia":[{"embeddable":true,"href":"https:\/\/www.noticiasradioreflejos.com.ar\/2021\/wp-json\/wp\/v2\/media\/63081"}],"wp:attachment":[{"href":"https:\/\/www.noticiasradioreflejos.com.ar\/2021\/wp-json\/wp\/v2\/media?parent=63078"}],"wp:term":[{"taxonomy":"category","embeddable":true,"href":"https:\/\/www.noticiasradioreflejos.com.ar\/2021\/wp-json\/wp\/v2\/categories?post=63078"},{"taxonomy":"post_tag","embeddable":true,"href":"https:\/\/www.noticiasradioreflejos.com.ar\/2021\/wp-json\/wp\/v2\/tags?post=63078"}],"curies":[{"name":"wp","href":"https:\/\/api.w.org\/{rel}","templated":true}]}}