{"id":63075,"date":"2021-09-27T21:30:55","date_gmt":"2021-09-27T21:30:55","guid":{"rendered":"http:\/\/www.noticiasradioreflejos.com.ar\/2021\/?p=63075"},"modified":"2021-09-27T21:30:55","modified_gmt":"2021-09-27T21:30:55","slug":"salud-lanza-la-campana-tocarse-sin-miedo-es-amarse","status":"publish","type":"post","link":"https:\/\/www.noticiasradioreflejos.com.ar\/2021\/salud-lanza-la-campana-tocarse-sin-miedo-es-amarse\/","title":{"rendered":"Salud lanza la campa\u00f1a \u201cTocarse sin miedo es amarse\u201d"},"content":{"rendered":"<p>Como todos los a\u00f1os, la Secretar\u00eda de Salud Municipal lanza una campa\u00f1a de sensibilizaci\u00f3n y detecci\u00f3n temprana del c\u00e1ncer de mama y cuello de \u00fatero, sum\u00e1ndose nuevamente a la iniciativa de la OMS, que determina octubre el mes de la concientizaci\u00f3n.<!--more--><\/p>\n<p>Este a\u00f1o, las acciones se realizar\u00e1n junto al Club Automoto, para continuar informando y detectando de manera precoz, a fin de mejorar el pron\u00f3stico y la supervivencia de las mujeres diagnosticadas.<\/p>\n<p>En tal sentido se program\u00f3 una charla, que se llevar\u00e1 a cabo el pr\u00f3ximo 4 de octubre en el polideportivo \u201cMario Gandini\u201d, a las 18.30hs, y estar\u00e1 a cargo del Dr. Ginec\u00f3logo, Eduardo Liberatore y la Dra. Sex\u00f3loga, Anal\u00eda Rau; donde se expondr\u00e1n temas como el c\u00e1ncer genitomamario y enfermedades de transmisi\u00f3n sexual.<\/p>\n<p>Asimismo desde la cartera se fomentar\u00e1 la realizaci\u00f3n de estudios de manera gratuita durante el mes de octubre: martes y viernes mamograf\u00edas, y s\u00e1bados pap. Para solicitar turno deber\u00e1n comunicarse, a partir del martes 28,\u00a0 de 7 a 12hs al 4940.407 o 94041.020. Se deber\u00e1n acercar con orden m\u00e9dica y carnet de obra social en caso de tener.<\/p>\n<p><a title=\"WhatsApp Image 2021-09-27 at 16.45.53\" href=\"https:\/\/www.flickr.com\/photos\/182279889@N02\/51525985005\/in\/dateposted-public\/\" data-flickr-embed=\"true\"><img loading=\"lazy\" decoding=\"async\" src=\"https:\/\/live.staticflickr.com\/65535\/51525985005_b600a5cdd8.jpg\" alt=\"WhatsApp Image 2021-09-27 at 16.45.53\" width=\"500\" height=\"500\" \/><\/a><script async src=\"\/\/embedr.flickr.com\/assets\/client-code.js\" charset=\"utf-8\"><\/script><\/p>\n","protected":false},"excerpt":{"rendered":"<p>Como todos los a\u00f1os, la Secretar\u00eda de Salud Municipal lanza una campa\u00f1a de sensibilizaci\u00f3n y detecci\u00f3n temprana del c\u00e1ncer de mama y cuello de \u00fatero, sum\u00e1ndose nuevamente a la iniciativa de la OMS, que determina octubre el mes de la concientizaci\u00f3n.<\/p>\n","protected":false},"author":3,"featured_media":0,"comment_status":"closed","ping_status":"closed","sticky":false,"template":"","format":"standard","meta":{"footnotes":""},"categories":[28,30],"tags":[],"class_list":["post-63075","post","type-post","status-publish","format-standard","hentry","category-municipales","category-salud"],"yoast_head":"<!-- This site is optimized with the Yoast SEO plugin v25.9 - https:\/\/yoast.com\/wordpress\/plugins\/seo\/ -->\n<title>Salud lanza la campa\u00f1a \u201cTocarse sin miedo es amarse\u201d - Noticias Radio Reflejos<\/title>\n<meta name=\"robots\" content=\"index, follow, max-snippet:-1, max-image-preview:large, max-video-preview:-1\" \/>\n<link rel=\"canonical\" href=\"https:\/\/www.noticiasradioreflejos.com.ar\/2021\/salud-lanza-la-campana-tocarse-sin-miedo-es-amarse\/\" \/>\n<meta property=\"og:locale\" content=\"es_ES\" \/>\n<meta property=\"og:type\" content=\"article\" \/>\n<meta property=\"og:title\" content=\"Salud lanza la campa\u00f1a \u201cTocarse sin miedo es amarse\u201d - Noticias Radio Reflejos\" \/>\n<meta property=\"og:description\" content=\"Como todos los a\u00f1os, la Secretar\u00eda de Salud Municipal lanza una campa\u00f1a de sensibilizaci\u00f3n y detecci\u00f3n temprana del c\u00e1ncer de mama y cuello de \u00fatero, sum\u00e1ndose nuevamente a la iniciativa de la OMS, que determina octubre el mes de la concientizaci\u00f3n.\" \/>\n<meta property=\"og:url\" content=\"https:\/\/www.noticiasradioreflejos.com.ar\/2021\/salud-lanza-la-campana-tocarse-sin-miedo-es-amarse\/\" \/>\n<meta property=\"og:site_name\" content=\"Noticias Radio Reflejos\" \/>\n<meta property=\"article:published_time\" content=\"2021-09-27T21:30:55+00:00\" \/>\n<meta property=\"og:image\" content=\"https:\/\/live.staticflickr.com\/65535\/51525985005_b600a5cdd8.jpg\" \/>\n<meta name=\"author\" content=\"Arnaldo Botto\" \/>\n<meta name=\"twitter:card\" content=\"summary_large_image\" \/>\n<script type=\"application\/ld+json\" class=\"yoast-schema-graph\">{\"@context\":\"https:\/\/schema.org\",\"@graph\":[{\"@type\":\"WebPage\",\"@id\":\"https:\/\/www.noticiasradioreflejos.com.ar\/2021\/salud-lanza-la-campana-tocarse-sin-miedo-es-amarse\/\",\"url\":\"https:\/\/www.noticiasradioreflejos.com.ar\/2021\/salud-lanza-la-campana-tocarse-sin-miedo-es-amarse\/\",\"name\":\"Salud lanza la campa\u00f1a \u201cTocarse sin miedo es amarse\u201d - Noticias Radio Reflejos\",\"isPartOf\":{\"@id\":\"https:\/\/www.noticiasradioreflejos.com.ar\/2021\/#website\"},\"primaryImageOfPage\":{\"@id\":\"https:\/\/www.noticiasradioreflejos.com.ar\/2021\/salud-lanza-la-campana-tocarse-sin-miedo-es-amarse\/#primaryimage\"},\"image\":{\"@id\":\"https:\/\/www.noticiasradioreflejos.com.ar\/2021\/salud-lanza-la-campana-tocarse-sin-miedo-es-amarse\/#primaryimage\"},\"thumbnailUrl\":\"https:\/\/live.staticflickr.com\/65535\/51525985005_b600a5cdd8.jpg\",\"datePublished\":\"2021-09-27T21:30:55+00:00\",\"author\":{\"@id\":\"https:\/\/www.noticiasradioreflejos.com.ar\/2021\/#\/schema\/person\/ad82545263dcc5ec0996818884fd5fb1\"},\"breadcrumb\":{\"@id\":\"https:\/\/www.noticiasradioreflejos.com.ar\/2021\/salud-lanza-la-campana-tocarse-sin-miedo-es-amarse\/#breadcrumb\"},\"inLanguage\":\"es\",\"potentialAction\":[{\"@type\":\"ReadAction\",\"target\":[\"https:\/\/www.noticiasradioreflejos.com.ar\/2021\/salud-lanza-la-campana-tocarse-sin-miedo-es-amarse\/\"]}]},{\"@type\":\"ImageObject\",\"inLanguage\":\"es\",\"@id\":\"https:\/\/www.noticiasradioreflejos.com.ar\/2021\/salud-lanza-la-campana-tocarse-sin-miedo-es-amarse\/#primaryimage\",\"url\":\"https:\/\/live.staticflickr.com\/65535\/51525985005_b600a5cdd8.jpg\",\"contentUrl\":\"https:\/\/live.staticflickr.com\/65535\/51525985005_b600a5cdd8.jpg\"},{\"@type\":\"BreadcrumbList\",\"@id\":\"https:\/\/www.noticiasradioreflejos.com.ar\/2021\/salud-lanza-la-campana-tocarse-sin-miedo-es-amarse\/#breadcrumb\",\"itemListElement\":[{\"@type\":\"ListItem\",\"position\":1,\"name\":\"Portada\",\"item\":\"https:\/\/www.noticiasradioreflejos.com.ar\/2021\/\"},{\"@type\":\"ListItem\",\"position\":2,\"name\":\"Salud lanza la campa\u00f1a \u201cTocarse sin miedo es amarse\u201d\"}]},{\"@type\":\"WebSite\",\"@id\":\"https:\/\/www.noticiasradioreflejos.com.ar\/2021\/#website\",\"url\":\"https:\/\/www.noticiasradioreflejos.com.ar\/2021\/\",\"name\":\"Noticias Radio Reflejos\",\"description\":\"Las noticias de mi comarca\",\"potentialAction\":[{\"@type\":\"SearchAction\",\"target\":{\"@type\":\"EntryPoint\",\"urlTemplate\":\"https:\/\/www.noticiasradioreflejos.com.ar\/2021\/?s={search_term_string}\"},\"query-input\":{\"@type\":\"PropertyValueSpecification\",\"valueRequired\":true,\"valueName\":\"search_term_string\"}}],\"inLanguage\":\"es\"},{\"@type\":\"Person\",\"@id\":\"https:\/\/www.noticiasradioreflejos.com.ar\/2021\/#\/schema\/person\/ad82545263dcc5ec0996818884fd5fb1\",\"name\":\"Arnaldo Botto\",\"image\":{\"@type\":\"ImageObject\",\"inLanguage\":\"es\",\"@id\":\"https:\/\/www.noticiasradioreflejos.com.ar\/2021\/#\/schema\/person\/image\/\",\"url\":\"https:\/\/secure.gravatar.com\/avatar\/55cb5e37c1efa326397366e6974cb338056df65cb50e7d64d1cf314e87504837?s=96&d=mm&r=g\",\"contentUrl\":\"https:\/\/secure.gravatar.com\/avatar\/55cb5e37c1efa326397366e6974cb338056df65cb50e7d64d1cf314e87504837?s=96&d=mm&r=g\",\"caption\":\"Arnaldo Botto\"},\"url\":\"https:\/\/www.noticiasradioreflejos.com.ar\/2021\/author\/arnaldo\/\"}]}<\/script>\n<!-- \/ Yoast SEO plugin. -->","yoast_head_json":{"title":"Salud lanza la campa\u00f1a \u201cTocarse sin miedo es amarse\u201d - Noticias Radio Reflejos","robots":{"index":"index","follow":"follow","max-snippet":"max-snippet:-1","max-image-preview":"max-image-preview:large","max-video-preview":"max-video-preview:-1"},"canonical":"https:\/\/www.noticiasradioreflejos.com.ar\/2021\/salud-lanza-la-campana-tocarse-sin-miedo-es-amarse\/","og_locale":"es_ES","og_type":"article","og_title":"Salud lanza la campa\u00f1a \u201cTocarse sin miedo es amarse\u201d - Noticias Radio Reflejos","og_description":"Como todos los a\u00f1os, la Secretar\u00eda de Salud Municipal lanza una campa\u00f1a de sensibilizaci\u00f3n y detecci\u00f3n temprana del c\u00e1ncer de mama y cuello de \u00fatero, sum\u00e1ndose nuevamente a la iniciativa de la OMS, que determina octubre el mes de la concientizaci\u00f3n.","og_url":"https:\/\/www.noticiasradioreflejos.com.ar\/2021\/salud-lanza-la-campana-tocarse-sin-miedo-es-amarse\/","og_site_name":"Noticias Radio Reflejos","article_published_time":"2021-09-27T21:30:55+00:00","og_image":[{"url":"https:\/\/live.staticflickr.com\/65535\/51525985005_b600a5cdd8.jpg","type":"","width":"","height":""}],"author":"Arnaldo Botto","twitter_card":"summary_large_image","schema":{"@context":"https:\/\/schema.org","@graph":[{"@type":"WebPage","@id":"https:\/\/www.noticiasradioreflejos.com.ar\/2021\/salud-lanza-la-campana-tocarse-sin-miedo-es-amarse\/","url":"https:\/\/www.noticiasradioreflejos.com.ar\/2021\/salud-lanza-la-campana-tocarse-sin-miedo-es-amarse\/","name":"Salud lanza la campa\u00f1a \u201cTocarse sin miedo es amarse\u201d - Noticias Radio Reflejos","isPartOf":{"@id":"https:\/\/www.noticiasradioreflejos.com.ar\/2021\/#website"},"primaryImageOfPage":{"@id":"https:\/\/www.noticiasradioreflejos.com.ar\/2021\/salud-lanza-la-campana-tocarse-sin-miedo-es-amarse\/#primaryimage"},"image":{"@id":"https:\/\/www.noticiasradioreflejos.com.ar\/2021\/salud-lanza-la-campana-tocarse-sin-miedo-es-amarse\/#primaryimage"},"thumbnailUrl":"https:\/\/live.staticflickr.com\/65535\/51525985005_b600a5cdd8.jpg","datePublished":"2021-09-27T21:30:55+00:00","author":{"@id":"https:\/\/www.noticiasradioreflejos.com.ar\/2021\/#\/schema\/person\/ad82545263dcc5ec0996818884fd5fb1"},"breadcrumb":{"@id":"https:\/\/www.noticiasradioreflejos.com.ar\/2021\/salud-lanza-la-campana-tocarse-sin-miedo-es-amarse\/#breadcrumb"},"inLanguage":"es","potentialAction":[{"@type":"ReadAction","target":["https:\/\/www.noticiasradioreflejos.com.ar\/2021\/salud-lanza-la-campana-tocarse-sin-miedo-es-amarse\/"]}]},{"@type":"ImageObject","inLanguage":"es","@id":"https:\/\/www.noticiasradioreflejos.com.ar\/2021\/salud-lanza-la-campana-tocarse-sin-miedo-es-amarse\/#primaryimage","url":"https:\/\/live.staticflickr.com\/65535\/51525985005_b600a5cdd8.jpg","contentUrl":"https:\/\/live.staticflickr.com\/65535\/51525985005_b600a5cdd8.jpg"},{"@type":"BreadcrumbList","@id":"https:\/\/www.noticiasradioreflejos.com.ar\/2021\/salud-lanza-la-campana-tocarse-sin-miedo-es-amarse\/#breadcrumb","itemListElement":[{"@type":"ListItem","position":1,"name":"Portada","item":"https:\/\/www.noticiasradioreflejos.com.ar\/2021\/"},{"@type":"ListItem","position":2,"name":"Salud lanza la campa\u00f1a \u201cTocarse sin miedo es amarse\u201d"}]},{"@type":"WebSite","@id":"https:\/\/www.noticiasradioreflejos.com.ar\/2021\/#website","url":"https:\/\/www.noticiasradioreflejos.com.ar\/2021\/","name":"Noticias Radio Reflejos","description":"Las noticias de mi comarca","potentialAction":[{"@type":"SearchAction","target":{"@type":"EntryPoint","urlTemplate":"https:\/\/www.noticiasradioreflejos.com.ar\/2021\/?s={search_term_string}"},"query-input":{"@type":"PropertyValueSpecification","valueRequired":true,"valueName":"search_term_string"}}],"inLanguage":"es"},{"@type":"Person","@id":"https:\/\/www.noticiasradioreflejos.com.ar\/2021\/#\/schema\/person\/ad82545263dcc5ec0996818884fd5fb1","name":"Arnaldo Botto","image":{"@type":"ImageObject","inLanguage":"es","@id":"https:\/\/www.noticiasradioreflejos.com.ar\/2021\/#\/schema\/person\/image\/","url":"https:\/\/secure.gravatar.com\/avatar\/55cb5e37c1efa326397366e6974cb338056df65cb50e7d64d1cf314e87504837?s=96&d=mm&r=g","contentUrl":"https:\/\/secure.gravatar.com\/avatar\/55cb5e37c1efa326397366e6974cb338056df65cb50e7d64d1cf314e87504837?s=96&d=mm&r=g","caption":"Arnaldo Botto"},"url":"https:\/\/www.noticiasradioreflejos.com.ar\/2021\/author\/arnaldo\/"}]}},"_links":{"self":[{"href":"https:\/\/www.noticiasradioreflejos.com.ar\/2021\/wp-json\/wp\/v2\/posts\/63075","targetHints":{"allow":["GET"]}}],"collection":[{"href":"https:\/\/www.noticiasradioreflejos.com.ar\/2021\/wp-json\/wp\/v2\/posts"}],"about":[{"href":"https:\/\/www.noticiasradioreflejos.com.ar\/2021\/wp-json\/wp\/v2\/types\/post"}],"author":[{"embeddable":true,"href":"https:\/\/www.noticiasradioreflejos.com.ar\/2021\/wp-json\/wp\/v2\/users\/3"}],"replies":[{"embeddable":true,"href":"https:\/\/www.noticiasradioreflejos.com.ar\/2021\/wp-json\/wp\/v2\/comments?post=63075"}],"version-history":[{"count":1,"href":"https:\/\/www.noticiasradioreflejos.com.ar\/2021\/wp-json\/wp\/v2\/posts\/63075\/revisions"}],"predecessor-version":[{"id":63076,"href":"https:\/\/www.noticiasradioreflejos.com.ar\/2021\/wp-json\/wp\/v2\/posts\/63075\/revisions\/63076"}],"wp:attachment":[{"href":"https:\/\/www.noticiasradioreflejos.com.ar\/2021\/wp-json\/wp\/v2\/media?parent=63075"}],"wp:term":[{"taxonomy":"category","embeddable":true,"href":"https:\/\/www.noticiasradioreflejos.com.ar\/2021\/wp-json\/wp\/v2\/categories?post=63075"},{"taxonomy":"post_tag","embeddable":true,"href":"https:\/\/www.noticiasradioreflejos.com.ar\/2021\/wp-json\/wp\/v2\/tags?post=63075"}],"curies":[{"name":"wp","href":"https:\/\/api.w.org\/{rel}","templated":true}]}}