{"id":63072,"date":"2021-09-27T21:06:45","date_gmt":"2021-09-27T21:06:45","guid":{"rendered":"http:\/\/www.noticiasradioreflejos.com.ar\/2021\/?p=63072"},"modified":"2021-09-27T21:06:45","modified_gmt":"2021-09-27T21:06:45","slug":"argentina-recibio-a-los-primeros-turistas-de-brasil-y-chile-a-traves-de-misiones-y-mendoza","status":"publish","type":"post","link":"https:\/\/www.noticiasradioreflejos.com.ar\/2021\/argentina-recibio-a-los-primeros-turistas-de-brasil-y-chile-a-traves-de-misiones-y-mendoza\/","title":{"rendered":"Argentina recibi\u00f3 a los primeros turistas de Brasil y Chile a trav\u00e9s de Misiones y Mendoza"},"content":{"rendered":"<div class=\"head-content\">\n<p>Se trata de una \u00abprueba piloto de turismo lim\u00edtrofe\u00bb, que en ambos casos (Brasil y Chile) tambi\u00e9n contempla a los argentinos o residentes que hayan permanecido en ese pa\u00eds en los \u00faltimos 14 d\u00edas.<\/p>\n<div class=\"addthis_custom_sharing\" data-url=\"https:\/\/www.telam.com.ar\/notas\/202109\/569909-argentina-recibio-primeros-turistas-brasil-y-chile.html\" data-title=\"Argentina recibi\u00f3 a los primeros turistas de Brasil y Chile a trav\u00e9s de Misiones y Mendoza\" data-description=\"Se trata de una &quot;prueba piloto de turismo lim\u00edtrofe&quot;, que en ambos casos (Brasil y Chile) tambi\u00e9n contempla a los argentinos o residentes que hayan permanecido en ese pa\u00eds en los \u00faltimos 14 d\u00edas.\">\n<div id=\"atstbx\" class=\"at-resp-share-element at-style-responsive addthis-smartlayers addthis-animated at4-show\" role=\"region\" aria-labelledby=\"at-ba1b5c3f-cf2f-4c34-ac41-2f1691700a7e\"><\/div>\n<\/div>\n<\/div>\n<p><!--more--><\/p>\n<div class=\"main-content-block\">\n<div class=\"main-box clearfix\">\n<div class=\"wrapper-main-section clearfix\">\n<div class=\"wrapper-editable-content\">\n<div class=\"editable-content clearfix\">\n<div id=\"image\" class=\"image\">\n<p><img decoding=\"async\" title=\"&quot;\u00a1Bienvenido el turismo!&quot;, dijo Florencia Carignano en su cuenta de Twitter.\" src=\"https:\/\/www.telam.com.ar\/advf\/imagenes\/2021\/09\/6152283978c3b_1004x565.jpg\" alt=\"&quot;\u00a1Bienvenido el turismo!&quot;, dijo Florencia Carignano en su cuenta de Twitter.\" \/><\/p>\n<div class=\"epigrafe\">\u00ab\u00a1Bienvenido el turismo!\u00bb, dijo Florencia Carignano en su cuenta de Twitter.<\/div>\n<\/div>\n<\/div>\n<\/div>\n<\/div>\n<\/div>\n<\/div>\n<div><\/div>\n<div><\/div>\n<div class=\"main-content-block\">\n<div class=\"main-box clearfix\">\n<div class=\"wrapper-main-section clearfix\">\n<div class=\"wrapper-editable-content\">\n<div class=\"editable-content clearfix\">\n<p>La\u00a0<strong>Argentina recibi\u00f3 este lunes a los primeros turistas brasile\u00f1os y chilenos<\/strong>\u00a0que ingresaron al pa\u00eds a trav\u00e9s de\u00a0<strong>Misiones y Mendoza<\/strong>, en el marco de una prueba piloto de \u00abfronteras seguras\u00bb que se puso en marcha tras algo m\u00e1s de un a\u00f1o y medio con los accesos al pa\u00eds cerrados para evitar la propagaci\u00f3n de nuevas variantes del coronavirus mientras se aceleraba el plan de vacunaci\u00f3n nacional.<\/p>\n<p>\u00ab<strong>\u00a1Bienvenido el turismo!<\/strong>\u00a0Ellxs son los primerxs turistas Brasileros que ingresan por el paso Tancredo Neves que une Puerto Iguaz\u00fa con Foz de Iguaz\u00fa. Despu\u00e9s de 560 d\u00edas y gracias al avance de la campa\u00f1a de vacunaci\u00f3n empezamos a abrir las fronteras de forma segura. Una alegria!\u00bb, escribi\u00f3 en su cuenta de la red social Twitter la directora nacional de Migraciones,\u00a0<strong>Florencia Carignano<\/strong>.<\/p>\n<p>El Gobierno public\u00f3 este mediod\u00eda en el Bolet\u00edn Oficial la Decisi\u00f3n Administrativa 935, con la que autoriz\u00f3 -desde este lunes y hasta el 30 de septiembre pr\u00f3ximo- el ingreso de turistas desde Chile y Brasil a trav\u00e9s de dos corredores seguros: uno en Misiones (en el puente binacional Tancredo Neves y en el aeropuerto de Puerto Iguaz\u00fa) y otro en Mendoza en el paso internacional Los Libertadores (Cristo Redentor).<\/p>\n<blockquote class=\"twitter-tweet\" data-width=\"500\" data-dnt=\"true\">\n<p lang=\"es\" dir=\"ltr\">\u00a1Bienvenido el turismo!<br \/>Ellxs son los primerxs turistas Brasileros que ingresan por el paso Tancredo Neves que une Puerto Iguaz\u00fa con Foz de Iguaz\u00fa.<br \/>Despu\u00e9s de 560 d\u00edas y gracias al avance de la campa\u00f1a de vacunaci\u00f3n empezamos a abrir las fronteras de forma segura.  <br \/>Una alegria! <a href=\"https:\/\/t.co\/3hI7OTIfiT\">pic.twitter.com\/3hI7OTIfiT<\/a><\/p>\n<p>&mdash; Florencia Carignano (@florcarignanook) <a href=\"https:\/\/twitter.com\/florcarignanook\/status\/1442532525033861129?ref_src=twsrc%5Etfw\">September 27, 2021<\/a><\/p><\/blockquote>\n<p><script async src=\"https:\/\/platform.twitter.com\/widgets.js\" charset=\"utf-8\"><\/script><\/p>\n<p>Como parte de la expectativa que genera esta\u00a0<strong>nueva etapa<\/strong>, tras haber superado la etapa m\u00e1s riesgosa de la pandemia de Covid-19, el ministro del Interior,\u00a0<strong>Eduardo de Pedro<\/strong>, est\u00e1 en Misiones junto a Carignano y al gobernador Oscar Herrera Ahuad para la apertura del corredor seguro en el puente Tancredo Neves, que une las ciudades de Puerto Iguaz\u00fa (Argentina) y Foz de Iguaz\u00fa (Brasil).<\/p>\n<p>All\u00ed est\u00e1n tambi\u00e9n el titular de las carteras de Turismo y Deportes de la Naci\u00f3n,\u00a0<strong>Mat\u00edas Lammens<\/strong>\u00a0y el director nacional de Asuntos T\u00e9cnicos de Fronteras,<strong>\u00a0Adri\u00e1n Lopez<\/strong>, entre otras autoridades.<\/p>\n<p>Carignano, en di\u00e1logo con la se\u00f1al de TV CNN en espa\u00f1ol, ratific\u00f3 este lunes que<strong>\u00a0a partir del 1 de octubre podr\u00e1n ingresar al pa\u00eds habitantes de pa\u00edses lim\u00edtrofes<\/strong>\u00a0y,\u00a0<strong>desde el 1 de noviembre, visitantes de todo el mundo con su vacunaci\u00f3n contra el coronavirus completa<\/strong>, adem\u00e1s de un PCR realizado \u00abentre el quinto y s\u00e9ptimo d\u00eda\u00bb desde su arribo.<\/p>\n<div id=\"image\" class=\"image\">\n<p><img decoding=\"async\" title=\"Se trata de una &quot;prueba piloto de turismo lim\u00edtrofe&quot;.\" src=\"https:\/\/www.telam.com.ar\/advf\/imagenes\/2021\/09\/6152283995d19_1004x565.jpg\" alt=\"Se trata de una &quot;prueba piloto de turismo lim\u00edtrofe&quot;.\" \/><\/p>\n<div class=\"epigrafe\">Se trata de una \u00abprueba piloto de turismo lim\u00edtrofe\u00bb.<\/div>\n<\/div>\n<p>\u00abEsto va progresivamente hacia el sentido de las apertura\u00bb, celebr\u00f3 la funcionaria y remarc\u00f3 que estas nuevas medidas son posibles porque \u00abcasi el 50 por ciento de la poblaci\u00f3n total\u00bb de Argentina est\u00e1 \u00abvacunada con dos dosis y el 70 por ciento\u00bb con una.<\/p>\n<p>Adem\u00e1s, la funcionaria destac\u00f3 el logro de que\u00a0<strong>la variante Delta \u00abno es mayoritaria\u00bb en el pa\u00eds<\/strong>, gracias a la combinaci\u00f3n de medidas, como las restricciones en las fronteras y la vacunaci\u00f3n.<\/p>\n<p>La funcionaria apunt\u00f3 que quienes ingresen al pa\u00eds deben llenar una declaraci\u00f3n jurada migratoria, en la que se les pedir\u00e1n datos de vacunaci\u00f3n.<\/p>\n<p>Adem\u00e1s reiter\u00f3 que<strong>\u00a0a partir del 20 de noviembre se iniciar\u00e1 la \u00abtemporada tur\u00edstica de cruceros\u00bb<\/strong>, en todo el territorio nacional, con el objetivo de recuperar ese mercado.<\/p>\n<div id=\"image\" class=\"image\">\n<p><img decoding=\"async\" title=\"Ingresaron los primeros turistas de Brasil y Chile a trav\u00e9s de Misiones y Mendoza.\" src=\"https:\/\/www.telam.com.ar\/advf\/imagenes\/2021\/09\/6152283982a65_1004x565.jpg\" alt=\"Ingresaron los primeros turistas de Brasil y Chile a trav\u00e9s de Misiones y Mendoza.\" \/><\/p>\n<div class=\"epigrafe\">Ingresaron los primeros turistas de Brasil y Chile a trav\u00e9s de Misiones y Mendoza.<\/div>\n<\/div>\n<p>La semana pasada Carignano hab\u00eda adelantado que la direcci\u00f3n que encabeza est\u00e1 trabajando tambi\u00e9n para \u00ab<strong>flexibilizar<\/strong>\u00bb los\u00a0<strong>ingresos desde Uruguay,<\/strong>\u00a0a trav\u00e9s del paso vecinal fronterizo Salto-Concordia.<\/p>\n<p>Adem\u00e1s, coment\u00f3 que desde hace un a\u00f1o se est\u00e1 \u00abtrabajando con Bolivia para que se de el transito vecinal fronterizo La Quiaca-Villaz\u00f3n\u00bb y en el \u00faltimo mes Salta y C\u00f3rdoba presentaron protocolos para la apertura del paso con Sico y el aeropuerto.<\/p>\n<div class=\"auth\">Cu\u00e1les son los requisitos para el ingreso<\/div>\n<p>1) Haber completado el esquema de vacunaci\u00f3n por lo menos 14 d\u00edas antes de su ingreso al pa\u00eds.<\/p>\n<p>2) Prueba PCR negativa en origen, realizada dentro de las 72 horas previas al ingreso y test de ant\u00edgenos al ingresar al pa\u00eds.<\/p>\n<p>3) Para menores de edad sin esquema de vacunaci\u00f3n, se estipula que, adem\u00e1s de la prueba PCR, se les realizar\u00e1 el test de ant\u00edgenos al ingreso al pa\u00eds. Los ni\u00f1os deber\u00e1n realizar aislamiento y un nuevo PCR entre el d\u00eda quinto y s\u00e9ptimo, desde su arribo.<\/p>\n<p>4) Las personas vacunadas con esquema completo y que resulten negativo en los tests estar\u00e1n eximidas de realizar cuarentena, pero s\u00ed deben someterse a una PCR entre el d\u00eda quinto y s\u00e9ptimo desde su arribo.<\/p>\n<p>5) Si se detectan casos positivos, las muestras ser\u00e1n enviadas a secuenciar al Laboratorio de referencia del Instituto Malbr\u00e1n y los turistas deber\u00e1n cumplir con el aislamiento de 10 d\u00edas en el distrito en el que se encuentren.<\/p>\n<\/div>\n<\/div>\n<\/div>\n<\/div>\n<\/div>\n","protected":false},"excerpt":{"rendered":"<p>Se trata de una \u00abprueba piloto de turismo lim\u00edtrofe\u00bb, que en ambos casos (Brasil y Chile) tambi\u00e9n contempla a los argentinos o residentes que hayan permanecido en ese pa\u00eds en los \u00faltimos 14 d\u00edas.<\/p>\n","protected":false},"author":3,"featured_media":0,"comment_status":"closed","ping_status":"closed","sticky":false,"template":"","format":"standard","meta":{"footnotes":""},"categories":[24,33],"tags":[],"class_list":["post-63072","post","type-post","status-publish","format-standard","hentry","category-politica","category-turismo"],"yoast_head":"<!-- This site is optimized with the Yoast SEO plugin v25.9 - https:\/\/yoast.com\/wordpress\/plugins\/seo\/ -->\n<title>Argentina recibi\u00f3 a los primeros turistas de Brasil y Chile a trav\u00e9s de Misiones y Mendoza - Noticias Radio Reflejos<\/title>\n<meta name=\"robots\" content=\"index, follow, max-snippet:-1, max-image-preview:large, max-video-preview:-1\" \/>\n<link rel=\"canonical\" href=\"https:\/\/www.noticiasradioreflejos.com.ar\/2021\/argentina-recibio-a-los-primeros-turistas-de-brasil-y-chile-a-traves-de-misiones-y-mendoza\/\" \/>\n<meta property=\"og:locale\" content=\"es_ES\" \/>\n<meta property=\"og:type\" content=\"article\" \/>\n<meta property=\"og:title\" content=\"Argentina recibi\u00f3 a los primeros turistas de Brasil y Chile a trav\u00e9s de Misiones y Mendoza - Noticias Radio Reflejos\" \/>\n<meta property=\"og:description\" content=\"Se trata de una \u00abprueba piloto de turismo lim\u00edtrofe\u00bb, que en ambos casos (Brasil y Chile) tambi\u00e9n contempla a los argentinos o residentes que hayan permanecido en ese pa\u00eds en los \u00faltimos 14 d\u00edas.\" \/>\n<meta property=\"og:url\" content=\"https:\/\/www.noticiasradioreflejos.com.ar\/2021\/argentina-recibio-a-los-primeros-turistas-de-brasil-y-chile-a-traves-de-misiones-y-mendoza\/\" \/>\n<meta property=\"og:site_name\" content=\"Noticias Radio Reflejos\" \/>\n<meta property=\"article:published_time\" content=\"2021-09-27T21:06:45+00:00\" \/>\n<meta property=\"og:image\" content=\"https:\/\/www.telam.com.ar\/advf\/imagenes\/2021\/09\/6152283978c3b_1004x565.jpg\" \/>\n<meta name=\"author\" content=\"Arnaldo Botto\" \/>\n<meta name=\"twitter:card\" content=\"summary_large_image\" \/>\n<script type=\"application\/ld+json\" class=\"yoast-schema-graph\">{\"@context\":\"https:\/\/schema.org\",\"@graph\":[{\"@type\":\"WebPage\",\"@id\":\"https:\/\/www.noticiasradioreflejos.com.ar\/2021\/argentina-recibio-a-los-primeros-turistas-de-brasil-y-chile-a-traves-de-misiones-y-mendoza\/\",\"url\":\"https:\/\/www.noticiasradioreflejos.com.ar\/2021\/argentina-recibio-a-los-primeros-turistas-de-brasil-y-chile-a-traves-de-misiones-y-mendoza\/\",\"name\":\"Argentina recibi\u00f3 a los primeros turistas de Brasil y Chile a trav\u00e9s de Misiones y Mendoza - Noticias Radio Reflejos\",\"isPartOf\":{\"@id\":\"https:\/\/www.noticiasradioreflejos.com.ar\/2021\/#website\"},\"primaryImageOfPage\":{\"@id\":\"https:\/\/www.noticiasradioreflejos.com.ar\/2021\/argentina-recibio-a-los-primeros-turistas-de-brasil-y-chile-a-traves-de-misiones-y-mendoza\/#primaryimage\"},\"image\":{\"@id\":\"https:\/\/www.noticiasradioreflejos.com.ar\/2021\/argentina-recibio-a-los-primeros-turistas-de-brasil-y-chile-a-traves-de-misiones-y-mendoza\/#primaryimage\"},\"thumbnailUrl\":\"https:\/\/www.telam.com.ar\/advf\/imagenes\/2021\/09\/6152283978c3b_1004x565.jpg\",\"datePublished\":\"2021-09-27T21:06:45+00:00\",\"author\":{\"@id\":\"https:\/\/www.noticiasradioreflejos.com.ar\/2021\/#\/schema\/person\/ad82545263dcc5ec0996818884fd5fb1\"},\"breadcrumb\":{\"@id\":\"https:\/\/www.noticiasradioreflejos.com.ar\/2021\/argentina-recibio-a-los-primeros-turistas-de-brasil-y-chile-a-traves-de-misiones-y-mendoza\/#breadcrumb\"},\"inLanguage\":\"es\",\"potentialAction\":[{\"@type\":\"ReadAction\",\"target\":[\"https:\/\/www.noticiasradioreflejos.com.ar\/2021\/argentina-recibio-a-los-primeros-turistas-de-brasil-y-chile-a-traves-de-misiones-y-mendoza\/\"]}]},{\"@type\":\"ImageObject\",\"inLanguage\":\"es\",\"@id\":\"https:\/\/www.noticiasradioreflejos.com.ar\/2021\/argentina-recibio-a-los-primeros-turistas-de-brasil-y-chile-a-traves-de-misiones-y-mendoza\/#primaryimage\",\"url\":\"https:\/\/www.telam.com.ar\/advf\/imagenes\/2021\/09\/6152283978c3b_1004x565.jpg\",\"contentUrl\":\"https:\/\/www.telam.com.ar\/advf\/imagenes\/2021\/09\/6152283978c3b_1004x565.jpg\"},{\"@type\":\"BreadcrumbList\",\"@id\":\"https:\/\/www.noticiasradioreflejos.com.ar\/2021\/argentina-recibio-a-los-primeros-turistas-de-brasil-y-chile-a-traves-de-misiones-y-mendoza\/#breadcrumb\",\"itemListElement\":[{\"@type\":\"ListItem\",\"position\":1,\"name\":\"Portada\",\"item\":\"https:\/\/www.noticiasradioreflejos.com.ar\/2021\/\"},{\"@type\":\"ListItem\",\"position\":2,\"name\":\"Argentina recibi\u00f3 a los primeros turistas de Brasil y Chile a trav\u00e9s de Misiones y Mendoza\"}]},{\"@type\":\"WebSite\",\"@id\":\"https:\/\/www.noticiasradioreflejos.com.ar\/2021\/#website\",\"url\":\"https:\/\/www.noticiasradioreflejos.com.ar\/2021\/\",\"name\":\"Noticias Radio Reflejos\",\"description\":\"Las noticias de mi comarca\",\"potentialAction\":[{\"@type\":\"SearchAction\",\"target\":{\"@type\":\"EntryPoint\",\"urlTemplate\":\"https:\/\/www.noticiasradioreflejos.com.ar\/2021\/?s={search_term_string}\"},\"query-input\":{\"@type\":\"PropertyValueSpecification\",\"valueRequired\":true,\"valueName\":\"search_term_string\"}}],\"inLanguage\":\"es\"},{\"@type\":\"Person\",\"@id\":\"https:\/\/www.noticiasradioreflejos.com.ar\/2021\/#\/schema\/person\/ad82545263dcc5ec0996818884fd5fb1\",\"name\":\"Arnaldo Botto\",\"image\":{\"@type\":\"ImageObject\",\"inLanguage\":\"es\",\"@id\":\"https:\/\/www.noticiasradioreflejos.com.ar\/2021\/#\/schema\/person\/image\/\",\"url\":\"https:\/\/secure.gravatar.com\/avatar\/55cb5e37c1efa326397366e6974cb338056df65cb50e7d64d1cf314e87504837?s=96&d=mm&r=g\",\"contentUrl\":\"https:\/\/secure.gravatar.com\/avatar\/55cb5e37c1efa326397366e6974cb338056df65cb50e7d64d1cf314e87504837?s=96&d=mm&r=g\",\"caption\":\"Arnaldo Botto\"},\"url\":\"https:\/\/www.noticiasradioreflejos.com.ar\/2021\/author\/arnaldo\/\"}]}<\/script>\n<!-- \/ Yoast SEO plugin. -->","yoast_head_json":{"title":"Argentina recibi\u00f3 a los primeros turistas de Brasil y Chile a trav\u00e9s de Misiones y Mendoza - Noticias Radio Reflejos","robots":{"index":"index","follow":"follow","max-snippet":"max-snippet:-1","max-image-preview":"max-image-preview:large","max-video-preview":"max-video-preview:-1"},"canonical":"https:\/\/www.noticiasradioreflejos.com.ar\/2021\/argentina-recibio-a-los-primeros-turistas-de-brasil-y-chile-a-traves-de-misiones-y-mendoza\/","og_locale":"es_ES","og_type":"article","og_title":"Argentina recibi\u00f3 a los primeros turistas de Brasil y Chile a trav\u00e9s de Misiones y Mendoza - Noticias Radio Reflejos","og_description":"Se trata de una \u00abprueba piloto de turismo lim\u00edtrofe\u00bb, que en ambos casos (Brasil y Chile) tambi\u00e9n contempla a los argentinos o residentes que hayan permanecido en ese pa\u00eds en los \u00faltimos 14 d\u00edas.","og_url":"https:\/\/www.noticiasradioreflejos.com.ar\/2021\/argentina-recibio-a-los-primeros-turistas-de-brasil-y-chile-a-traves-de-misiones-y-mendoza\/","og_site_name":"Noticias Radio Reflejos","article_published_time":"2021-09-27T21:06:45+00:00","og_image":[{"url":"https:\/\/www.telam.com.ar\/advf\/imagenes\/2021\/09\/6152283978c3b_1004x565.jpg","type":"","width":"","height":""}],"author":"Arnaldo Botto","twitter_card":"summary_large_image","schema":{"@context":"https:\/\/schema.org","@graph":[{"@type":"WebPage","@id":"https:\/\/www.noticiasradioreflejos.com.ar\/2021\/argentina-recibio-a-los-primeros-turistas-de-brasil-y-chile-a-traves-de-misiones-y-mendoza\/","url":"https:\/\/www.noticiasradioreflejos.com.ar\/2021\/argentina-recibio-a-los-primeros-turistas-de-brasil-y-chile-a-traves-de-misiones-y-mendoza\/","name":"Argentina recibi\u00f3 a los primeros turistas de Brasil y Chile a trav\u00e9s de Misiones y Mendoza - Noticias Radio Reflejos","isPartOf":{"@id":"https:\/\/www.noticiasradioreflejos.com.ar\/2021\/#website"},"primaryImageOfPage":{"@id":"https:\/\/www.noticiasradioreflejos.com.ar\/2021\/argentina-recibio-a-los-primeros-turistas-de-brasil-y-chile-a-traves-de-misiones-y-mendoza\/#primaryimage"},"image":{"@id":"https:\/\/www.noticiasradioreflejos.com.ar\/2021\/argentina-recibio-a-los-primeros-turistas-de-brasil-y-chile-a-traves-de-misiones-y-mendoza\/#primaryimage"},"thumbnailUrl":"https:\/\/www.telam.com.ar\/advf\/imagenes\/2021\/09\/6152283978c3b_1004x565.jpg","datePublished":"2021-09-27T21:06:45+00:00","author":{"@id":"https:\/\/www.noticiasradioreflejos.com.ar\/2021\/#\/schema\/person\/ad82545263dcc5ec0996818884fd5fb1"},"breadcrumb":{"@id":"https:\/\/www.noticiasradioreflejos.com.ar\/2021\/argentina-recibio-a-los-primeros-turistas-de-brasil-y-chile-a-traves-de-misiones-y-mendoza\/#breadcrumb"},"inLanguage":"es","potentialAction":[{"@type":"ReadAction","target":["https:\/\/www.noticiasradioreflejos.com.ar\/2021\/argentina-recibio-a-los-primeros-turistas-de-brasil-y-chile-a-traves-de-misiones-y-mendoza\/"]}]},{"@type":"ImageObject","inLanguage":"es","@id":"https:\/\/www.noticiasradioreflejos.com.ar\/2021\/argentina-recibio-a-los-primeros-turistas-de-brasil-y-chile-a-traves-de-misiones-y-mendoza\/#primaryimage","url":"https:\/\/www.telam.com.ar\/advf\/imagenes\/2021\/09\/6152283978c3b_1004x565.jpg","contentUrl":"https:\/\/www.telam.com.ar\/advf\/imagenes\/2021\/09\/6152283978c3b_1004x565.jpg"},{"@type":"BreadcrumbList","@id":"https:\/\/www.noticiasradioreflejos.com.ar\/2021\/argentina-recibio-a-los-primeros-turistas-de-brasil-y-chile-a-traves-de-misiones-y-mendoza\/#breadcrumb","itemListElement":[{"@type":"ListItem","position":1,"name":"Portada","item":"https:\/\/www.noticiasradioreflejos.com.ar\/2021\/"},{"@type":"ListItem","position":2,"name":"Argentina recibi\u00f3 a los primeros turistas de Brasil y Chile a trav\u00e9s de Misiones y Mendoza"}]},{"@type":"WebSite","@id":"https:\/\/www.noticiasradioreflejos.com.ar\/2021\/#website","url":"https:\/\/www.noticiasradioreflejos.com.ar\/2021\/","name":"Noticias Radio Reflejos","description":"Las noticias de mi comarca","potentialAction":[{"@type":"SearchAction","target":{"@type":"EntryPoint","urlTemplate":"https:\/\/www.noticiasradioreflejos.com.ar\/2021\/?s={search_term_string}"},"query-input":{"@type":"PropertyValueSpecification","valueRequired":true,"valueName":"search_term_string"}}],"inLanguage":"es"},{"@type":"Person","@id":"https:\/\/www.noticiasradioreflejos.com.ar\/2021\/#\/schema\/person\/ad82545263dcc5ec0996818884fd5fb1","name":"Arnaldo Botto","image":{"@type":"ImageObject","inLanguage":"es","@id":"https:\/\/www.noticiasradioreflejos.com.ar\/2021\/#\/schema\/person\/image\/","url":"https:\/\/secure.gravatar.com\/avatar\/55cb5e37c1efa326397366e6974cb338056df65cb50e7d64d1cf314e87504837?s=96&d=mm&r=g","contentUrl":"https:\/\/secure.gravatar.com\/avatar\/55cb5e37c1efa326397366e6974cb338056df65cb50e7d64d1cf314e87504837?s=96&d=mm&r=g","caption":"Arnaldo Botto"},"url":"https:\/\/www.noticiasradioreflejos.com.ar\/2021\/author\/arnaldo\/"}]}},"_links":{"self":[{"href":"https:\/\/www.noticiasradioreflejos.com.ar\/2021\/wp-json\/wp\/v2\/posts\/63072","targetHints":{"allow":["GET"]}}],"collection":[{"href":"https:\/\/www.noticiasradioreflejos.com.ar\/2021\/wp-json\/wp\/v2\/posts"}],"about":[{"href":"https:\/\/www.noticiasradioreflejos.com.ar\/2021\/wp-json\/wp\/v2\/types\/post"}],"author":[{"embeddable":true,"href":"https:\/\/www.noticiasradioreflejos.com.ar\/2021\/wp-json\/wp\/v2\/users\/3"}],"replies":[{"embeddable":true,"href":"https:\/\/www.noticiasradioreflejos.com.ar\/2021\/wp-json\/wp\/v2\/comments?post=63072"}],"version-history":[{"count":1,"href":"https:\/\/www.noticiasradioreflejos.com.ar\/2021\/wp-json\/wp\/v2\/posts\/63072\/revisions"}],"predecessor-version":[{"id":63074,"href":"https:\/\/www.noticiasradioreflejos.com.ar\/2021\/wp-json\/wp\/v2\/posts\/63072\/revisions\/63074"}],"wp:attachment":[{"href":"https:\/\/www.noticiasradioreflejos.com.ar\/2021\/wp-json\/wp\/v2\/media?parent=63072"}],"wp:term":[{"taxonomy":"category","embeddable":true,"href":"https:\/\/www.noticiasradioreflejos.com.ar\/2021\/wp-json\/wp\/v2\/categories?post=63072"},{"taxonomy":"post_tag","embeddable":true,"href":"https:\/\/www.noticiasradioreflejos.com.ar\/2021\/wp-json\/wp\/v2\/tags?post=63072"}],"curies":[{"name":"wp","href":"https:\/\/api.w.org\/{rel}","templated":true}]}}