{"id":6306,"date":"2017-01-26T11:32:34","date_gmt":"2017-01-26T14:32:34","guid":{"rendered":"http:\/\/noticiasradioreflejos.com.ar\/noticias\/?p=6306"},"modified":"2017-01-26T11:32:34","modified_gmt":"2017-01-26T14:32:34","slug":"que-mas-nos-van-a-robar","status":"publish","type":"post","link":"https:\/\/www.noticiasradioreflejos.com.ar\/2021\/que-mas-nos-van-a-robar\/","title":{"rendered":"&quot;Qu\u00e9 m\u00e1s nos van a robar&#8230;?&quot;."},"content":{"rendered":"<p>Una vez m\u00e1s, la Capilla de Ntra. Sra. de Lourdes de Villa La Arcadia fue objeto de saqueo por parte de desconocidos. Esta vez se robaron un ventilador de pi\u00e9.<br \/>\nAs\u00ed lo comunica Margarita Marto, integrante de la comunidad parroquial,\u00a0quien con mucho dolor describe el hecho.<br \/>\n\u00abEn los d\u00edas de la semana pasada, alguien se llev\u00f3 un ventilador ATMA de 50 cm. de di\u00e1metro, de color celeste.\u00bb describe Marto.<!--more--><br \/>\nEste hecho no es el primero que sufre la Capilla, ya que Margarita describe los innumerables robos que viene sufriendo la entidad; describiendo que \u00abLas limosnas que deja la gente en la urna, los picaportes de las puertas de acceso, violentaron el sagrario y ahora esto; no s\u00e9 si llamarlo raterismo, vandalismo o c\u00f3mo\u00bb, finaliz\u00f3.<br \/>\nLa capilla se encuentra abierta de forma permanente desde las 9 de la ma\u00f1ana, y a diario es continuamente visitada por el p\u00fablico local y turistas.<br \/>\nSi bien, frente al edificio funciona un camping que en este momento se encuentra lleno de gente por la temporada, nadie puede precisar si vieron algo que pueda dar con los autores del hecho .<br \/>\nCon total indignaci\u00f3n y desaz\u00f3n, Margarita pide que la comunidad avise si ven a alguien ofreciendo el ventilador robado y se pregunta: \u00abQu\u00e9 m\u00e1s nos van a robar&#8230;??\u00bb.<br \/>\nEl Di\u00e1cono Fernando Alcaraz realizar\u00e1 en el d\u00eda de hoy la denuncia del hecho en la Polic\u00eda local.<br \/>\n<iframe loading=\"lazy\" src=\"https:\/\/w.soundcloud.com\/player\/?url=https%3A\/\/api.soundcloud.com\/tracks\/304624611&amp;color=ff5500&amp;auto_play=false&amp;hide_related=false&amp;show_comments=true&amp;show_user=true&amp;show_reposts=false\" width=\"100%\" height=\"166\" frameborder=\"no\" scrolling=\"no\"><\/iframe><\/p>\n","protected":false},"excerpt":{"rendered":"<p>Una vez m\u00e1s, la Capilla de Ntra. Sra. de Lourdes de Villa La Arcadia fue objeto de saqueo por parte de desconocidos. Esta vez se robaron un ventilador de pi\u00e9. As\u00ed lo comunica Margarita Marto, integrante de la comunidad parroquial,\u00a0quien con mucho dolor describe el hecho. \u00abEn los d\u00edas de la semana pasada, alguien se [&hellip;]<\/p>\n","protected":false},"author":3,"featured_media":6307,"comment_status":"closed","ping_status":"open","sticky":false,"template":"","format":"standard","meta":{"footnotes":""},"categories":[29],"tags":[],"class_list":["post-6306","post","type-post","status-publish","format-standard","has-post-thumbnail","hentry","category-policiales"],"yoast_head":"<!-- This site is optimized with the Yoast SEO plugin v25.9 - https:\/\/yoast.com\/wordpress\/plugins\/seo\/ -->\n<title>&quot;Qu\u00e9 m\u00e1s nos van a robar...?&quot;. - Noticias Radio Reflejos<\/title>\n<meta name=\"robots\" content=\"index, follow, max-snippet:-1, max-image-preview:large, max-video-preview:-1\" \/>\n<link rel=\"canonical\" href=\"https:\/\/www.noticiasradioreflejos.com.ar\/2021\/que-mas-nos-van-a-robar\/\" \/>\n<meta property=\"og:locale\" content=\"es_ES\" \/>\n<meta property=\"og:type\" content=\"article\" \/>\n<meta property=\"og:title\" content=\"&quot;Qu\u00e9 m\u00e1s nos van a robar...?&quot;. - Noticias Radio Reflejos\" \/>\n<meta property=\"og:description\" content=\"Una vez m\u00e1s, la Capilla de Ntra. Sra. de Lourdes de Villa La Arcadia fue objeto de saqueo por parte de desconocidos. Esta vez se robaron un ventilador de pi\u00e9. As\u00ed lo comunica Margarita Marto, integrante de la comunidad parroquial,\u00a0quien con mucho dolor describe el hecho. \u00abEn los d\u00edas de la semana pasada, alguien se [&hellip;]\" \/>\n<meta property=\"og:url\" content=\"https:\/\/www.noticiasradioreflejos.com.ar\/2021\/que-mas-nos-van-a-robar\/\" \/>\n<meta property=\"og:site_name\" content=\"Noticias Radio Reflejos\" \/>\n<meta property=\"article:published_time\" content=\"2017-01-26T14:32:34+00:00\" \/>\n<meta property=\"og:image\" content=\"https:\/\/www.noticiasradioreflejos.com.ar\/2021\/wp-content\/uploads\/2017\/01\/Capilla-de-Lourdes-Villa-la-Arcadia.jpg\" \/>\n\t<meta property=\"og:image:width\" content=\"960\" \/>\n\t<meta property=\"og:image:height\" content=\"540\" \/>\n\t<meta property=\"og:image:type\" content=\"image\/jpeg\" \/>\n<meta name=\"author\" content=\"Arnaldo Botto\" \/>\n<meta name=\"twitter:card\" content=\"summary_large_image\" \/>\n<script type=\"application\/ld+json\" class=\"yoast-schema-graph\">{\"@context\":\"https:\/\/schema.org\",\"@graph\":[{\"@type\":\"WebPage\",\"@id\":\"https:\/\/www.noticiasradioreflejos.com.ar\/2021\/que-mas-nos-van-a-robar\/\",\"url\":\"https:\/\/www.noticiasradioreflejos.com.ar\/2021\/que-mas-nos-van-a-robar\/\",\"name\":\"&quot;Qu\u00e9 m\u00e1s nos van a robar...?&quot;. - Noticias Radio Reflejos\",\"isPartOf\":{\"@id\":\"https:\/\/www.noticiasradioreflejos.com.ar\/2021\/#website\"},\"primaryImageOfPage\":{\"@id\":\"https:\/\/www.noticiasradioreflejos.com.ar\/2021\/que-mas-nos-van-a-robar\/#primaryimage\"},\"image\":{\"@id\":\"https:\/\/www.noticiasradioreflejos.com.ar\/2021\/que-mas-nos-van-a-robar\/#primaryimage\"},\"thumbnailUrl\":\"https:\/\/www.noticiasradioreflejos.com.ar\/2021\/wp-content\/uploads\/2017\/01\/Capilla-de-Lourdes-Villa-la-Arcadia.jpg\",\"datePublished\":\"2017-01-26T14:32:34+00:00\",\"author\":{\"@id\":\"https:\/\/www.noticiasradioreflejos.com.ar\/2021\/#\/schema\/person\/ad82545263dcc5ec0996818884fd5fb1\"},\"breadcrumb\":{\"@id\":\"https:\/\/www.noticiasradioreflejos.com.ar\/2021\/que-mas-nos-van-a-robar\/#breadcrumb\"},\"inLanguage\":\"es\",\"potentialAction\":[{\"@type\":\"ReadAction\",\"target\":[\"https:\/\/www.noticiasradioreflejos.com.ar\/2021\/que-mas-nos-van-a-robar\/\"]}]},{\"@type\":\"ImageObject\",\"inLanguage\":\"es\",\"@id\":\"https:\/\/www.noticiasradioreflejos.com.ar\/2021\/que-mas-nos-van-a-robar\/#primaryimage\",\"url\":\"https:\/\/www.noticiasradioreflejos.com.ar\/2021\/wp-content\/uploads\/2017\/01\/Capilla-de-Lourdes-Villa-la-Arcadia.jpg\",\"contentUrl\":\"https:\/\/www.noticiasradioreflejos.com.ar\/2021\/wp-content\/uploads\/2017\/01\/Capilla-de-Lourdes-Villa-la-Arcadia.jpg\",\"width\":960,\"height\":540},{\"@type\":\"BreadcrumbList\",\"@id\":\"https:\/\/www.noticiasradioreflejos.com.ar\/2021\/que-mas-nos-van-a-robar\/#breadcrumb\",\"itemListElement\":[{\"@type\":\"ListItem\",\"position\":1,\"name\":\"Portada\",\"item\":\"https:\/\/www.noticiasradioreflejos.com.ar\/2021\/\"},{\"@type\":\"ListItem\",\"position\":2,\"name\":\"&quot;Qu\u00e9 m\u00e1s nos van a robar&#8230;?&quot;.\"}]},{\"@type\":\"WebSite\",\"@id\":\"https:\/\/www.noticiasradioreflejos.com.ar\/2021\/#website\",\"url\":\"https:\/\/www.noticiasradioreflejos.com.ar\/2021\/\",\"name\":\"Noticias Radio Reflejos\",\"description\":\"Las noticias de mi comarca\",\"potentialAction\":[{\"@type\":\"SearchAction\",\"target\":{\"@type\":\"EntryPoint\",\"urlTemplate\":\"https:\/\/www.noticiasradioreflejos.com.ar\/2021\/?s={search_term_string}\"},\"query-input\":{\"@type\":\"PropertyValueSpecification\",\"valueRequired\":true,\"valueName\":\"search_term_string\"}}],\"inLanguage\":\"es\"},{\"@type\":\"Person\",\"@id\":\"https:\/\/www.noticiasradioreflejos.com.ar\/2021\/#\/schema\/person\/ad82545263dcc5ec0996818884fd5fb1\",\"name\":\"Arnaldo Botto\",\"image\":{\"@type\":\"ImageObject\",\"inLanguage\":\"es\",\"@id\":\"https:\/\/www.noticiasradioreflejos.com.ar\/2021\/#\/schema\/person\/image\/\",\"url\":\"https:\/\/secure.gravatar.com\/avatar\/55cb5e37c1efa326397366e6974cb338056df65cb50e7d64d1cf314e87504837?s=96&d=mm&r=g\",\"contentUrl\":\"https:\/\/secure.gravatar.com\/avatar\/55cb5e37c1efa326397366e6974cb338056df65cb50e7d64d1cf314e87504837?s=96&d=mm&r=g\",\"caption\":\"Arnaldo Botto\"},\"url\":\"https:\/\/www.noticiasradioreflejos.com.ar\/2021\/author\/arnaldo\/\"}]}<\/script>\n<!-- \/ Yoast SEO plugin. -->","yoast_head_json":{"title":"&quot;Qu\u00e9 m\u00e1s nos van a robar...?&quot;. - Noticias Radio Reflejos","robots":{"index":"index","follow":"follow","max-snippet":"max-snippet:-1","max-image-preview":"max-image-preview:large","max-video-preview":"max-video-preview:-1"},"canonical":"https:\/\/www.noticiasradioreflejos.com.ar\/2021\/que-mas-nos-van-a-robar\/","og_locale":"es_ES","og_type":"article","og_title":"&quot;Qu\u00e9 m\u00e1s nos van a robar...?&quot;. - Noticias Radio Reflejos","og_description":"Una vez m\u00e1s, la Capilla de Ntra. Sra. de Lourdes de Villa La Arcadia fue objeto de saqueo por parte de desconocidos. Esta vez se robaron un ventilador de pi\u00e9. As\u00ed lo comunica Margarita Marto, integrante de la comunidad parroquial,\u00a0quien con mucho dolor describe el hecho. \u00abEn los d\u00edas de la semana pasada, alguien se [&hellip;]","og_url":"https:\/\/www.noticiasradioreflejos.com.ar\/2021\/que-mas-nos-van-a-robar\/","og_site_name":"Noticias Radio Reflejos","article_published_time":"2017-01-26T14:32:34+00:00","og_image":[{"width":960,"height":540,"url":"https:\/\/www.noticiasradioreflejos.com.ar\/2021\/wp-content\/uploads\/2017\/01\/Capilla-de-Lourdes-Villa-la-Arcadia.jpg","type":"image\/jpeg"}],"author":"Arnaldo Botto","twitter_card":"summary_large_image","schema":{"@context":"https:\/\/schema.org","@graph":[{"@type":"WebPage","@id":"https:\/\/www.noticiasradioreflejos.com.ar\/2021\/que-mas-nos-van-a-robar\/","url":"https:\/\/www.noticiasradioreflejos.com.ar\/2021\/que-mas-nos-van-a-robar\/","name":"&quot;Qu\u00e9 m\u00e1s nos van a robar...?&quot;. - Noticias Radio Reflejos","isPartOf":{"@id":"https:\/\/www.noticiasradioreflejos.com.ar\/2021\/#website"},"primaryImageOfPage":{"@id":"https:\/\/www.noticiasradioreflejos.com.ar\/2021\/que-mas-nos-van-a-robar\/#primaryimage"},"image":{"@id":"https:\/\/www.noticiasradioreflejos.com.ar\/2021\/que-mas-nos-van-a-robar\/#primaryimage"},"thumbnailUrl":"https:\/\/www.noticiasradioreflejos.com.ar\/2021\/wp-content\/uploads\/2017\/01\/Capilla-de-Lourdes-Villa-la-Arcadia.jpg","datePublished":"2017-01-26T14:32:34+00:00","author":{"@id":"https:\/\/www.noticiasradioreflejos.com.ar\/2021\/#\/schema\/person\/ad82545263dcc5ec0996818884fd5fb1"},"breadcrumb":{"@id":"https:\/\/www.noticiasradioreflejos.com.ar\/2021\/que-mas-nos-van-a-robar\/#breadcrumb"},"inLanguage":"es","potentialAction":[{"@type":"ReadAction","target":["https:\/\/www.noticiasradioreflejos.com.ar\/2021\/que-mas-nos-van-a-robar\/"]}]},{"@type":"ImageObject","inLanguage":"es","@id":"https:\/\/www.noticiasradioreflejos.com.ar\/2021\/que-mas-nos-van-a-robar\/#primaryimage","url":"https:\/\/www.noticiasradioreflejos.com.ar\/2021\/wp-content\/uploads\/2017\/01\/Capilla-de-Lourdes-Villa-la-Arcadia.jpg","contentUrl":"https:\/\/www.noticiasradioreflejos.com.ar\/2021\/wp-content\/uploads\/2017\/01\/Capilla-de-Lourdes-Villa-la-Arcadia.jpg","width":960,"height":540},{"@type":"BreadcrumbList","@id":"https:\/\/www.noticiasradioreflejos.com.ar\/2021\/que-mas-nos-van-a-robar\/#breadcrumb","itemListElement":[{"@type":"ListItem","position":1,"name":"Portada","item":"https:\/\/www.noticiasradioreflejos.com.ar\/2021\/"},{"@type":"ListItem","position":2,"name":"&quot;Qu\u00e9 m\u00e1s nos van a robar&#8230;?&quot;."}]},{"@type":"WebSite","@id":"https:\/\/www.noticiasradioreflejos.com.ar\/2021\/#website","url":"https:\/\/www.noticiasradioreflejos.com.ar\/2021\/","name":"Noticias Radio Reflejos","description":"Las noticias de mi comarca","potentialAction":[{"@type":"SearchAction","target":{"@type":"EntryPoint","urlTemplate":"https:\/\/www.noticiasradioreflejos.com.ar\/2021\/?s={search_term_string}"},"query-input":{"@type":"PropertyValueSpecification","valueRequired":true,"valueName":"search_term_string"}}],"inLanguage":"es"},{"@type":"Person","@id":"https:\/\/www.noticiasradioreflejos.com.ar\/2021\/#\/schema\/person\/ad82545263dcc5ec0996818884fd5fb1","name":"Arnaldo Botto","image":{"@type":"ImageObject","inLanguage":"es","@id":"https:\/\/www.noticiasradioreflejos.com.ar\/2021\/#\/schema\/person\/image\/","url":"https:\/\/secure.gravatar.com\/avatar\/55cb5e37c1efa326397366e6974cb338056df65cb50e7d64d1cf314e87504837?s=96&d=mm&r=g","contentUrl":"https:\/\/secure.gravatar.com\/avatar\/55cb5e37c1efa326397366e6974cb338056df65cb50e7d64d1cf314e87504837?s=96&d=mm&r=g","caption":"Arnaldo Botto"},"url":"https:\/\/www.noticiasradioreflejos.com.ar\/2021\/author\/arnaldo\/"}]}},"_links":{"self":[{"href":"https:\/\/www.noticiasradioreflejos.com.ar\/2021\/wp-json\/wp\/v2\/posts\/6306","targetHints":{"allow":["GET"]}}],"collection":[{"href":"https:\/\/www.noticiasradioreflejos.com.ar\/2021\/wp-json\/wp\/v2\/posts"}],"about":[{"href":"https:\/\/www.noticiasradioreflejos.com.ar\/2021\/wp-json\/wp\/v2\/types\/post"}],"author":[{"embeddable":true,"href":"https:\/\/www.noticiasradioreflejos.com.ar\/2021\/wp-json\/wp\/v2\/users\/3"}],"replies":[{"embeddable":true,"href":"https:\/\/www.noticiasradioreflejos.com.ar\/2021\/wp-json\/wp\/v2\/comments?post=6306"}],"version-history":[{"count":0,"href":"https:\/\/www.noticiasradioreflejos.com.ar\/2021\/wp-json\/wp\/v2\/posts\/6306\/revisions"}],"wp:featuredmedia":[{"embeddable":true,"href":"https:\/\/www.noticiasradioreflejos.com.ar\/2021\/wp-json\/wp\/v2\/media\/6307"}],"wp:attachment":[{"href":"https:\/\/www.noticiasradioreflejos.com.ar\/2021\/wp-json\/wp\/v2\/media?parent=6306"}],"wp:term":[{"taxonomy":"category","embeddable":true,"href":"https:\/\/www.noticiasradioreflejos.com.ar\/2021\/wp-json\/wp\/v2\/categories?post=6306"},{"taxonomy":"post_tag","embeddable":true,"href":"https:\/\/www.noticiasradioreflejos.com.ar\/2021\/wp-json\/wp\/v2\/tags?post=6306"}],"curies":[{"name":"wp","href":"https:\/\/api.w.org\/{rel}","templated":true}]}}