{"id":63057,"date":"2021-09-27T17:32:17","date_gmt":"2021-09-27T17:32:17","guid":{"rendered":"http:\/\/www.noticiasradioreflejos.com.ar\/2021\/?p=63057"},"modified":"2021-09-27T17:32:17","modified_gmt":"2021-09-27T17:32:17","slug":"mas-de-25-000-socios-de-river-ya-reservaron-su-lugar-en-el-superclasico","status":"publish","type":"post","link":"https:\/\/www.noticiasradioreflejos.com.ar\/2021\/mas-de-25-000-socios-de-river-ya-reservaron-su-lugar-en-el-superclasico\/","title":{"rendered":"M\u00e1s de 25.000 socios de River ya reservaron su lugar en el supercl\u00e1sico"},"content":{"rendered":"<div class=\"head-content\">\n<p>Los hinchas millonarios volver\u00e1n a la cancha luego de 582 d\u00edas ya que el \u00faltimo encuentro con p\u00fablico fue el 29 de febrero de 2020, por la ante\u00faltima fecha de la Superliga, en un 1-1 ante Defensa y Justicia.<\/p>\n<div class=\"addthis_custom_sharing\" data-url=\"https:\/\/www.telam.com.ar\/notas\/202109\/569878-futbol-river-liga-profesional-superclasico-reserva-socios.html\" data-title=\"M\u00e1s de 25.000 socios de River ya reservaron su lugar en el supercl\u00e1sico\" data-description=\"Los hinchas millonarios volver\u00e1n a la cancha luego de 582 d\u00edas ya que el \u00faltimo encuentro con p\u00fablico fue el 29 de febrero de 2020, por la ante\u00faltima fecha de la Superliga, en un 1-1 ante Defensa y Justicia.\">\n<div id=\"atstbx\" class=\"at-resp-share-element at-style-responsive addthis-smartlayers addthis-animated at4-show\" role=\"region\" aria-labelledby=\"at-74904d2f-11d1-4f76-abe6-de3a3df067e4\">\n<p>&nbsp;<\/p>\n<div class=\"at-share-btn-elements\"><\/div>\n<\/div>\n<\/div>\n<\/div>\n<p><!--more--><\/p>\n<div class=\"main-content-block\">\n<div class=\"main-box clearfix\">\n<div class=\"wrapper-main-section clearfix\">\n<div class=\"wrapper-editable-content\">\n<div class=\"editable-content clearfix\">\n<div id=\"image\" class=\"image\"><\/div>\n<p>Los socios de River Plate que est\u00e1n habilitados para presenciar el supercl\u00e1sico del pr\u00f3ximo domingo ya reservaron m\u00e1s de 25 mil lugares del aforo del 50 por ciento del estadio Monumental y por la tarde podr\u00edan alcanzarse el cupo permitido por las autoridades nacionales.<\/p>\n<p><strong>El club abri\u00f3 la inscripci\u00f3n el s\u00e1bado pasado v\u00eda internet para los abonados con la cuota al d\u00eda<\/strong>\u00a0o con deudas no mayores a los 2 meses y con el nuevo carnet del River ID. La fecha de cierre ser\u00e1 el martes a las 20.<\/p>\n<p>Durante el fin de semana, la oficina de socios del club estuvo trabajando para el retiro de las nuevas credenciales y para quienes se retrasaron en las cuotas mientras miles de abonados a los distintos sectores realizaron el tr\u00e1mite online.<\/p>\n<p><strong>Desde la dirigencia, aseguraron a T\u00e9lam que todos los abonados que en marzo de este a\u00f1o realizaron el tr\u00e1mite para tener su localidad en el Monumental<\/strong>\u00a0y que est\u00e9n encuadrados entre los requisitos mencionados van a tener alguno de los 36 mil lugares habilitados.<\/p>\n<p>Los hinchas de River volver\u00e1n a la cancha luego de 582 d\u00edas ya que el \u00faltimo partido fue el 29 de febrero de 2020, por la ante\u00faltima fecha de la Superliga, en un 1-1 con gol de Juan Fernando Quintero de penal ante Defensa y Justicia.<\/p>\n<p>En otro orden, el plantel \u00abmillonario\u00bb que el s\u00e1bado venci\u00f3 por 3-1 a Central C\u00f3rdoba de Santiago del Estero y qued\u00f3 como \u00fanico escolta del puntero Talleres de C\u00f3rdoba tendr\u00e1 jornada de descanso y volver\u00e1 al trabajo el martes.<\/p>\n<blockquote class=\"twitter-tweet\" data-width=\"500\" data-dnt=\"true\">\n<p lang=\"es\" dir=\"ltr\">\ud83d\udcc6 El plantel tendr\u00e1 el domingo y lunes de descanso y retomar\u00e1 los entrenamientos este martes a las 10, en River Camp.<a href=\"https:\/\/twitter.com\/hashtag\/VamosRiver?src=hash&amp;ref_src=twsrc%5Etfw\">#VamosRiver<\/a> \u26aa\ufe0f\ud83d\udd34\u26aa\ufe0f <a href=\"https:\/\/t.co\/4ZYv6MIyYq\">pic.twitter.com\/4ZYv6MIyYq<\/a><\/p>\n<p>&mdash; River Plate (@RiverPlate) <a href=\"https:\/\/twitter.com\/RiverPlate\/status\/1441950778474725385?ref_src=twsrc%5Etfw\">September 26, 2021<\/a><\/p><\/blockquote>\n<p><script async src=\"https:\/\/platform.twitter.com\/widgets.js\" charset=\"utf-8\"><\/script><\/p>\n<p><strong>Los jugadores de River que regresaron el s\u00e1bado por la noche desde Santiago tuvieron doble jornada libre<\/strong>\u00a0y desde el martes en el predio de Ezeiza se entrenar\u00e1n todas las ma\u00f1anas hasta quedar concentrados el s\u00e1bado por la tarde.<\/p>\n<p>Los que no tuvieron descanso y vienen haciendo tareas especiales por sus respectivas lesiones son los defensores desgarrados David Mart\u00ednez y Jonatan Maidana y Javier Pinola en la etapa final de la recuperaci\u00f3n por su fractura en el codo.<\/p>\n<p>El zaguero Mart\u00ednez, que se desgarr\u00f3 el cu\u00e1dricep izquierdo el mi\u00e9rcoles 15 de septiembre, va a intentar llegar al partido el domingo con pruebas y tareas kin\u00e9sicas especiales durante toda la semana.<\/p>\n<p>El defensor ven\u00eda siendo titular pero se perdi\u00f3 los \u00faltimos 3 partidos por lesi\u00f3n y los dos anteriores por la convocatoria de eliminatorias de la selecci\u00f3n paraguaya por eso su \u00faltimo partido con River fue ante Aldosivi el 26 de agosto pasado.<\/p>\n<p>En tanto Maidana lleva casi un mes y medio de cuidados especiales por el desgarro que sufri\u00f3 el 18 de agosto pasado y la idea es que esta semana pueda tener el alta y trabajar con pelota para estar en la lista de concentrados.<\/p>\n<p>Por \u00faltimo,\u00a0<strong>el martes al mediod\u00eda el oficialismo de River Plate presentar\u00e1 la f\u00f3rmula electoral para las elecciones del 4 de diciembre con Jorge Brito como presidente<\/strong>\u00a0y Mat\u00edas Patanian e Ignacio Villaroel en las vicepresidencias.<\/p>\n<p>La actual conducci\u00f3n de Rodolfo D\u00b4Onofrio que viene de dos periodos consecutivos realizar\u00e1 el acto de lanzamiento en el Hotel Sheraton con la presentaci\u00f3n de los candidatos y un resumen de los 8 a\u00f1os de gesti\u00f3n.<\/p>\n<p>La semana pasada se produjo el lanzamiento de otro de los precandidatos, Carlos Trillo, gestor de las estatuas de \u00c1ngel Labruna y Marcelo Gallardo y en estos d\u00edas presentar\u00e1n sus propuestas Antonio Caselli junto a David Trezeguet, Luis Belli y Mat\u00edas Barreiro.<\/p>\n<p><strong>Una semana antes de las elecciones se cerrar\u00e1 la posibilidad de presentaci\u00f3n oficial de las listas<\/strong>\u00a0y hasta ese momento habr\u00e1 tiempo para alguna alianza entre los 5 candidatos que anunciaron su participaci\u00f3n en la contienda electoral.<\/p>\n<\/div>\n<\/div>\n<\/div>\n<\/div>\n<\/div>\n","protected":false},"excerpt":{"rendered":"<p>Los hinchas millonarios volver\u00e1n a la cancha luego de 582 d\u00edas ya que el \u00faltimo encuentro con p\u00fablico fue el 29 de febrero de 2020, por la ante\u00faltima fecha de la Superliga, en un 1-1 ante Defensa y Justicia. &nbsp;<\/p>\n","protected":false},"author":3,"featured_media":0,"comment_status":"closed","ping_status":"closed","sticky":false,"template":"","format":"standard","meta":{"footnotes":""},"categories":[27,26],"tags":[],"class_list":["post-63057","post","type-post","status-publish","format-standard","hentry","category-deportes","category-sociedad"],"yoast_head":"<!-- This site is optimized with the Yoast SEO plugin v25.9 - https:\/\/yoast.com\/wordpress\/plugins\/seo\/ -->\n<title>M\u00e1s de 25.000 socios de River ya reservaron su lugar en el supercl\u00e1sico - Noticias Radio Reflejos<\/title>\n<meta name=\"robots\" content=\"index, follow, max-snippet:-1, max-image-preview:large, max-video-preview:-1\" \/>\n<link rel=\"canonical\" href=\"https:\/\/www.noticiasradioreflejos.com.ar\/2021\/mas-de-25-000-socios-de-river-ya-reservaron-su-lugar-en-el-superclasico\/\" \/>\n<meta property=\"og:locale\" content=\"es_ES\" \/>\n<meta property=\"og:type\" content=\"article\" \/>\n<meta property=\"og:title\" content=\"M\u00e1s de 25.000 socios de River ya reservaron su lugar en el supercl\u00e1sico - Noticias Radio Reflejos\" \/>\n<meta property=\"og:description\" content=\"Los hinchas millonarios volver\u00e1n a la cancha luego de 582 d\u00edas ya que el \u00faltimo encuentro con p\u00fablico fue el 29 de febrero de 2020, por la ante\u00faltima fecha de la Superliga, en un 1-1 ante Defensa y Justicia. &nbsp;\" \/>\n<meta property=\"og:url\" content=\"https:\/\/www.noticiasradioreflejos.com.ar\/2021\/mas-de-25-000-socios-de-river-ya-reservaron-su-lugar-en-el-superclasico\/\" \/>\n<meta property=\"og:site_name\" content=\"Noticias Radio Reflejos\" \/>\n<meta property=\"article:published_time\" content=\"2021-09-27T17:32:17+00:00\" \/>\n<meta property=\"og:image\" content=\"https:\/\/www.noticiasradioreflejos.com.ar\/2021\/wp-content\/uploads\/2021\/07\/logosol300x200.png\" \/>\n\t<meta property=\"og:image:width\" content=\"300\" \/>\n\t<meta property=\"og:image:height\" content=\"200\" \/>\n\t<meta property=\"og:image:type\" content=\"image\/png\" \/>\n<meta name=\"author\" content=\"Arnaldo Botto\" \/>\n<meta name=\"twitter:card\" content=\"summary_large_image\" \/>\n<script type=\"application\/ld+json\" class=\"yoast-schema-graph\">{\"@context\":\"https:\/\/schema.org\",\"@graph\":[{\"@type\":\"WebPage\",\"@id\":\"https:\/\/www.noticiasradioreflejos.com.ar\/2021\/mas-de-25-000-socios-de-river-ya-reservaron-su-lugar-en-el-superclasico\/\",\"url\":\"https:\/\/www.noticiasradioreflejos.com.ar\/2021\/mas-de-25-000-socios-de-river-ya-reservaron-su-lugar-en-el-superclasico\/\",\"name\":\"M\u00e1s de 25.000 socios de River ya reservaron su lugar en el supercl\u00e1sico - Noticias Radio Reflejos\",\"isPartOf\":{\"@id\":\"https:\/\/www.noticiasradioreflejos.com.ar\/2021\/#website\"},\"datePublished\":\"2021-09-27T17:32:17+00:00\",\"author\":{\"@id\":\"https:\/\/www.noticiasradioreflejos.com.ar\/2021\/#\/schema\/person\/ad82545263dcc5ec0996818884fd5fb1\"},\"breadcrumb\":{\"@id\":\"https:\/\/www.noticiasradioreflejos.com.ar\/2021\/mas-de-25-000-socios-de-river-ya-reservaron-su-lugar-en-el-superclasico\/#breadcrumb\"},\"inLanguage\":\"es\",\"potentialAction\":[{\"@type\":\"ReadAction\",\"target\":[\"https:\/\/www.noticiasradioreflejos.com.ar\/2021\/mas-de-25-000-socios-de-river-ya-reservaron-su-lugar-en-el-superclasico\/\"]}]},{\"@type\":\"BreadcrumbList\",\"@id\":\"https:\/\/www.noticiasradioreflejos.com.ar\/2021\/mas-de-25-000-socios-de-river-ya-reservaron-su-lugar-en-el-superclasico\/#breadcrumb\",\"itemListElement\":[{\"@type\":\"ListItem\",\"position\":1,\"name\":\"Portada\",\"item\":\"https:\/\/www.noticiasradioreflejos.com.ar\/2021\/\"},{\"@type\":\"ListItem\",\"position\":2,\"name\":\"M\u00e1s de 25.000 socios de River ya reservaron su lugar en el supercl\u00e1sico\"}]},{\"@type\":\"WebSite\",\"@id\":\"https:\/\/www.noticiasradioreflejos.com.ar\/2021\/#website\",\"url\":\"https:\/\/www.noticiasradioreflejos.com.ar\/2021\/\",\"name\":\"Noticias Radio Reflejos\",\"description\":\"Las noticias de mi comarca\",\"potentialAction\":[{\"@type\":\"SearchAction\",\"target\":{\"@type\":\"EntryPoint\",\"urlTemplate\":\"https:\/\/www.noticiasradioreflejos.com.ar\/2021\/?s={search_term_string}\"},\"query-input\":{\"@type\":\"PropertyValueSpecification\",\"valueRequired\":true,\"valueName\":\"search_term_string\"}}],\"inLanguage\":\"es\"},{\"@type\":\"Person\",\"@id\":\"https:\/\/www.noticiasradioreflejos.com.ar\/2021\/#\/schema\/person\/ad82545263dcc5ec0996818884fd5fb1\",\"name\":\"Arnaldo Botto\",\"image\":{\"@type\":\"ImageObject\",\"inLanguage\":\"es\",\"@id\":\"https:\/\/www.noticiasradioreflejos.com.ar\/2021\/#\/schema\/person\/image\/\",\"url\":\"https:\/\/secure.gravatar.com\/avatar\/55cb5e37c1efa326397366e6974cb338056df65cb50e7d64d1cf314e87504837?s=96&d=mm&r=g\",\"contentUrl\":\"https:\/\/secure.gravatar.com\/avatar\/55cb5e37c1efa326397366e6974cb338056df65cb50e7d64d1cf314e87504837?s=96&d=mm&r=g\",\"caption\":\"Arnaldo Botto\"},\"url\":\"https:\/\/www.noticiasradioreflejos.com.ar\/2021\/author\/arnaldo\/\"}]}<\/script>\n<!-- \/ Yoast SEO plugin. -->","yoast_head_json":{"title":"M\u00e1s de 25.000 socios de River ya reservaron su lugar en el supercl\u00e1sico - Noticias Radio Reflejos","robots":{"index":"index","follow":"follow","max-snippet":"max-snippet:-1","max-image-preview":"max-image-preview:large","max-video-preview":"max-video-preview:-1"},"canonical":"https:\/\/www.noticiasradioreflejos.com.ar\/2021\/mas-de-25-000-socios-de-river-ya-reservaron-su-lugar-en-el-superclasico\/","og_locale":"es_ES","og_type":"article","og_title":"M\u00e1s de 25.000 socios de River ya reservaron su lugar en el supercl\u00e1sico - Noticias Radio Reflejos","og_description":"Los hinchas millonarios volver\u00e1n a la cancha luego de 582 d\u00edas ya que el \u00faltimo encuentro con p\u00fablico fue el 29 de febrero de 2020, por la ante\u00faltima fecha de la Superliga, en un 1-1 ante Defensa y Justicia. &nbsp;","og_url":"https:\/\/www.noticiasradioreflejos.com.ar\/2021\/mas-de-25-000-socios-de-river-ya-reservaron-su-lugar-en-el-superclasico\/","og_site_name":"Noticias Radio Reflejos","article_published_time":"2021-09-27T17:32:17+00:00","og_image":[{"width":300,"height":200,"url":"https:\/\/www.noticiasradioreflejos.com.ar\/2021\/wp-content\/uploads\/2021\/07\/logosol300x200.png","type":"image\/png"}],"author":"Arnaldo Botto","twitter_card":"summary_large_image","schema":{"@context":"https:\/\/schema.org","@graph":[{"@type":"WebPage","@id":"https:\/\/www.noticiasradioreflejos.com.ar\/2021\/mas-de-25-000-socios-de-river-ya-reservaron-su-lugar-en-el-superclasico\/","url":"https:\/\/www.noticiasradioreflejos.com.ar\/2021\/mas-de-25-000-socios-de-river-ya-reservaron-su-lugar-en-el-superclasico\/","name":"M\u00e1s de 25.000 socios de River ya reservaron su lugar en el supercl\u00e1sico - Noticias Radio Reflejos","isPartOf":{"@id":"https:\/\/www.noticiasradioreflejos.com.ar\/2021\/#website"},"datePublished":"2021-09-27T17:32:17+00:00","author":{"@id":"https:\/\/www.noticiasradioreflejos.com.ar\/2021\/#\/schema\/person\/ad82545263dcc5ec0996818884fd5fb1"},"breadcrumb":{"@id":"https:\/\/www.noticiasradioreflejos.com.ar\/2021\/mas-de-25-000-socios-de-river-ya-reservaron-su-lugar-en-el-superclasico\/#breadcrumb"},"inLanguage":"es","potentialAction":[{"@type":"ReadAction","target":["https:\/\/www.noticiasradioreflejos.com.ar\/2021\/mas-de-25-000-socios-de-river-ya-reservaron-su-lugar-en-el-superclasico\/"]}]},{"@type":"BreadcrumbList","@id":"https:\/\/www.noticiasradioreflejos.com.ar\/2021\/mas-de-25-000-socios-de-river-ya-reservaron-su-lugar-en-el-superclasico\/#breadcrumb","itemListElement":[{"@type":"ListItem","position":1,"name":"Portada","item":"https:\/\/www.noticiasradioreflejos.com.ar\/2021\/"},{"@type":"ListItem","position":2,"name":"M\u00e1s de 25.000 socios de River ya reservaron su lugar en el supercl\u00e1sico"}]},{"@type":"WebSite","@id":"https:\/\/www.noticiasradioreflejos.com.ar\/2021\/#website","url":"https:\/\/www.noticiasradioreflejos.com.ar\/2021\/","name":"Noticias Radio Reflejos","description":"Las noticias de mi comarca","potentialAction":[{"@type":"SearchAction","target":{"@type":"EntryPoint","urlTemplate":"https:\/\/www.noticiasradioreflejos.com.ar\/2021\/?s={search_term_string}"},"query-input":{"@type":"PropertyValueSpecification","valueRequired":true,"valueName":"search_term_string"}}],"inLanguage":"es"},{"@type":"Person","@id":"https:\/\/www.noticiasradioreflejos.com.ar\/2021\/#\/schema\/person\/ad82545263dcc5ec0996818884fd5fb1","name":"Arnaldo Botto","image":{"@type":"ImageObject","inLanguage":"es","@id":"https:\/\/www.noticiasradioreflejos.com.ar\/2021\/#\/schema\/person\/image\/","url":"https:\/\/secure.gravatar.com\/avatar\/55cb5e37c1efa326397366e6974cb338056df65cb50e7d64d1cf314e87504837?s=96&d=mm&r=g","contentUrl":"https:\/\/secure.gravatar.com\/avatar\/55cb5e37c1efa326397366e6974cb338056df65cb50e7d64d1cf314e87504837?s=96&d=mm&r=g","caption":"Arnaldo Botto"},"url":"https:\/\/www.noticiasradioreflejos.com.ar\/2021\/author\/arnaldo\/"}]}},"_links":{"self":[{"href":"https:\/\/www.noticiasradioreflejos.com.ar\/2021\/wp-json\/wp\/v2\/posts\/63057","targetHints":{"allow":["GET"]}}],"collection":[{"href":"https:\/\/www.noticiasradioreflejos.com.ar\/2021\/wp-json\/wp\/v2\/posts"}],"about":[{"href":"https:\/\/www.noticiasradioreflejos.com.ar\/2021\/wp-json\/wp\/v2\/types\/post"}],"author":[{"embeddable":true,"href":"https:\/\/www.noticiasradioreflejos.com.ar\/2021\/wp-json\/wp\/v2\/users\/3"}],"replies":[{"embeddable":true,"href":"https:\/\/www.noticiasradioreflejos.com.ar\/2021\/wp-json\/wp\/v2\/comments?post=63057"}],"version-history":[{"count":1,"href":"https:\/\/www.noticiasradioreflejos.com.ar\/2021\/wp-json\/wp\/v2\/posts\/63057\/revisions"}],"predecessor-version":[{"id":63059,"href":"https:\/\/www.noticiasradioreflejos.com.ar\/2021\/wp-json\/wp\/v2\/posts\/63057\/revisions\/63059"}],"wp:attachment":[{"href":"https:\/\/www.noticiasradioreflejos.com.ar\/2021\/wp-json\/wp\/v2\/media?parent=63057"}],"wp:term":[{"taxonomy":"category","embeddable":true,"href":"https:\/\/www.noticiasradioreflejos.com.ar\/2021\/wp-json\/wp\/v2\/categories?post=63057"},{"taxonomy":"post_tag","embeddable":true,"href":"https:\/\/www.noticiasradioreflejos.com.ar\/2021\/wp-json\/wp\/v2\/tags?post=63057"}],"curies":[{"name":"wp","href":"https:\/\/api.w.org\/{rel}","templated":true}]}}