{"id":63051,"date":"2021-09-27T14:38:59","date_gmt":"2021-09-27T14:38:59","guid":{"rendered":"http:\/\/www.noticiasradioreflejos.com.ar\/2021\/?p=63051"},"modified":"2021-09-27T14:38:59","modified_gmt":"2021-09-27T14:38:59","slug":"quedo-oficializado-el-aumento-del-salario-minimo-vital-y-movil","status":"publish","type":"post","link":"https:\/\/www.noticiasradioreflejos.com.ar\/2021\/quedo-oficializado-el-aumento-del-salario-minimo-vital-y-movil\/","title":{"rendered":"Qued\u00f3 oficializado el aumento del salario m\u00ednimo, vital y m\u00f3vil"},"content":{"rendered":"<div class=\"head-content\">\n<p>El salario m\u00ednimo tendr\u00e1 un aumento en tres tramos. A partir del 1 de septiembre, alcanzar\u00e1 los $31.104 para todos los trabajadores mensualizados, mientras que el 1 de febrero de 2022 llegar\u00e1 a $33.000.<\/p>\n<\/div>\n<p><!--more--><\/p>\n<div class=\"main-content-block\">\n<div class=\"main-box clearfix\">\n<div class=\"wrapper-main-section clearfix\">\n<div class=\"wrapper-editable-content\">\n<div class=\"editable-content clearfix\">\n<div id=\"image\" class=\"image\"><img decoding=\"async\" title=\"La resoluci\u00f3n tambi\u00e9n incrementa los montos m\u00ednimo y m\u00e1ximo de la prestaci\u00f3n por desempleo.\" src=\"https:\/\/www.telam.com.ar\/advf\/imagenes\/2021\/09\/6151ce1e56fc0_1004x565.jpg\" alt=\"La resoluci\u00f3n tambi\u00e9n incrementa los montos m\u00ednimo y m\u00e1ximo de la prestaci\u00f3n por desempleo.\" \/><\/p>\n<div class=\"epigrafe\">La resoluci\u00f3n tambi\u00e9n incrementa los montos m\u00ednimo y m\u00e1ximo de la prestaci\u00f3n por desempleo.<\/div>\n<\/div>\n<p>La suba del salario m\u00ednimo, vital y m\u00f3vil, que pasar\u00e1 del monto actual de 29.160 pesos a 33.000 pesos en tres tramos, qued\u00f3 oficializada este lunes mediante su publicaci\u00f3n en el Bolet\u00edn Oficial, seg\u00fan lo acordado una semana atr\u00e1s en el Consejo del Salario.<\/p>\n<p>La Resoluci\u00f3n 11\/2021, que lleva la firma del ministro de Trabajo, Claudio Moroni, establece que\u00a0<strong>a partir del 1 de septiembre, el salario m\u00ednimo ser\u00e1 de $31.104 para todos los trabajadores mensualizados que cumplen la jornada legal completa de trabajo<\/strong>, conforme el art\u00edculo 116 del R\u00e9gimen de Contrato de Trabajo aprobado por la Ley N\u00b0 20.744 (t.o. 1976) y sus modificatorias, y de $155,52 por hora para los trabajadores jornalizados.<\/p>\n<p><strong>A partir del 1\u00b0 de octubre de 2021, ese monto subir\u00e1 a $32.000 y $160 por hora para los jornalizados; en tanto desde el 1\u00b0 de febrero de 2022, se pagar\u00e1n $33.000 de salario m\u00ednimo mensual y $165 por hora para los trabajadores jornalizados<\/strong>.<\/p>\n<p><strong>La resoluci\u00f3n tambi\u00e9n incrementa los montos m\u00ednimo y m\u00e1ximo de la prestaci\u00f3n por desempleo<\/strong>, que tambi\u00e9n subir\u00e1 en tres tramos hasta llegar a $9.167 (m\u00ednimo) y $15.278 (m\u00e1ximo) a partir del 1 de febrero del a\u00f1o entrante.<\/p>\n<p>El mi\u00e9rcoles pasado,\u00a0<a href=\"https:\/\/www.telam.com.ar\/notas\/202109\/569322-salario-minimo-gobierno-nacional.html\" target=\"_blank\" rel=\"noopener\">en el marco de la convocatoria al Consejo del Salario M\u00ednimo, Vital y M\u00f3vil realizada por el Gobierno nacional<\/a>, con la participaci\u00f3n de sindicalistas y empresarios, fue acordado un aumento en el piso salarial.<\/p>\n<p>El entendimiento, cuya firma fue encabezada por el presidente Alberto Fern\u00e1ndez, elev\u00f3 el valor del salario m\u00ednimo.<\/p>\n<div class=\"js-code\">\n<p><a title=\"View Resoluci\u00f3n 11\/2021 - MINISTERIO DE TRABAJO, EMPLEO Y SEGURIDAD SOCIAL on Scribd\" href=\"https:\/\/www.scribd.com\/document\/527786810\/Resolucion-11-2021-MINISTERIO-DE-TRABAJO-EMPLEO-Y-SEGURIDAD-SOCIAL#from_embed\">Resoluci\u00f3n 11\/2021 &#8211; MINISTERIO DE TRABAJO, EMPLEO Y SEGURIDAD SOCIAL<\/a>\u00a0by\u00a0<a title=\"View T\u00e9lam's profile on Scribd\" href=\"https:\/\/www.scribd.com\/user\/276843644\/Telam#from_embed\">T\u00e9lam<\/a>\u00a0on Scribd<\/p>\n<p><iframe loading=\"lazy\" id=\"doc_1743\" class=\"scribd_iframe_embed\" title=\"Resoluci\u00f3n 11\/2021 - MINISTERIO DE TRABAJO, EMPLEO Y SEGURIDAD SOCIAL\" src=\"https:\/\/es.scribd.com\/embeds\/527786810\/content?start_page=1&amp;view_mode=scroll&amp;access_key=key-G81uJj7fsDEF5CjiiKcK\" width=\"100%\" height=\"600\" frameborder=\"0\" scrolling=\"no\" data-auto-height=\"false\" data-aspect-ratio=\"0.7080062794348508\" data-mce-fragment=\"1\"><\/iframe><\/div>\n<p>En ese contexto, el mandatario resalt\u00f3 que se trataba de \u00abun primer paso para recuperar el valor que el salario perdi\u00f3 en cuatro a\u00f1os del anterior gobierno\u00bb, en referencia a la gesti\u00f3n macrista, y se\u00f1al\u00f3 que la forma de encarar esa recuperaci\u00f3n era \u00abcon los representantes de los trabajadores y las empresas\u00bb.<\/p>\n<p>As\u00ed lo se\u00f1al\u00f3 luego de reunirse con H\u00e9ctor Daer (CGT), Hugo Yasky (CTA), Ricardo Peidr\u00f3 (CTAA), y Daniel Funes de Rioja (Uni\u00f3n Industrial Argentina),acompa\u00f1ado por el jefe de Gabinete, Juan Manzur; los ministros de Trabajo, Claudio Moroni; de Econom\u00eda, Mart\u00edn Guzm\u00e1n; de Desarrollo Productivo, Mat\u00edas Kulfas, y de Desarrollo Social, Juan Zabaleta, y la secretaria Legal y T\u00e9cnica, Vilma Ibarra.<\/p>\n<p><strong>El incremento salarial alcanza a casi 1.100.000 trabajadores y beneficiarios de programas sociales<\/strong>\u00a0como Potenciar Trabajo y Acompa\u00f1ar, del Ministerio de las Mujeres, G\u00e9nero y Diversidad, la Asignaci\u00f3n Universal por Hijo y otras prestaciones.<\/p>\n<p>\u00abEl salario es hoy un poquito m\u00e1s justo. Luego de tantos desencuentros que gener\u00f3 la pandemia de coronavirus, se pudo volver a trabajar juntos. Creo en el di\u00e1logo y, aunque no todos piensan lo mismo, desde la diversidad y el respeto hay que lograr cada uno desde su lugar y sus responsabilidades acuerdos como estos\u00bb, apunt\u00f3 Fern\u00e1ndez ese d\u00eda.<\/p>\n<p>El anuncio fue formulado en la Casa de Gobierno por Manzur y Moroni luego del encuentro del organismo que encabez\u00f3 Fern\u00e1ndez con representantes de la CGT y de ambas CTA, y de c\u00e1maras empresarias.<\/p><\/div>\n<\/div>\n<\/div>\n<\/div>\n<\/div>\n","protected":false},"excerpt":{"rendered":"<p>El salario m\u00ednimo tendr\u00e1 un aumento en tres tramos. A partir del 1 de septiembre, alcanzar\u00e1 los $31.104 para todos los trabajadores mensualizados, mientras que el 1 de febrero de 2022 llegar\u00e1 a $33.000.<\/p>\n","protected":false},"author":3,"featured_media":0,"comment_status":"closed","ping_status":"closed","sticky":false,"template":"","format":"standard","meta":{"footnotes":""},"categories":[36],"tags":[],"class_list":["post-63051","post","type-post","status-publish","format-standard","hentry","category-economia"],"yoast_head":"<!-- This site is optimized with the Yoast SEO plugin v25.9 - https:\/\/yoast.com\/wordpress\/plugins\/seo\/ -->\n<title>Qued\u00f3 oficializado el aumento del salario m\u00ednimo, vital y m\u00f3vil - Noticias Radio Reflejos<\/title>\n<meta name=\"robots\" content=\"index, follow, max-snippet:-1, max-image-preview:large, max-video-preview:-1\" \/>\n<link rel=\"canonical\" href=\"https:\/\/www.noticiasradioreflejos.com.ar\/2021\/quedo-oficializado-el-aumento-del-salario-minimo-vital-y-movil\/\" \/>\n<meta property=\"og:locale\" content=\"es_ES\" \/>\n<meta property=\"og:type\" content=\"article\" \/>\n<meta property=\"og:title\" content=\"Qued\u00f3 oficializado el aumento del salario m\u00ednimo, vital y m\u00f3vil - Noticias Radio Reflejos\" \/>\n<meta property=\"og:description\" content=\"El salario m\u00ednimo tendr\u00e1 un aumento en tres tramos. A partir del 1 de septiembre, alcanzar\u00e1 los $31.104 para todos los trabajadores mensualizados, mientras que el 1 de febrero de 2022 llegar\u00e1 a $33.000.\" \/>\n<meta property=\"og:url\" content=\"https:\/\/www.noticiasradioreflejos.com.ar\/2021\/quedo-oficializado-el-aumento-del-salario-minimo-vital-y-movil\/\" \/>\n<meta property=\"og:site_name\" content=\"Noticias Radio Reflejos\" \/>\n<meta property=\"article:published_time\" content=\"2021-09-27T14:38:59+00:00\" \/>\n<meta property=\"og:image\" content=\"https:\/\/www.telam.com.ar\/advf\/imagenes\/2021\/09\/6151ce1e56fc0_1004x565.jpg\" \/>\n<meta name=\"author\" content=\"Arnaldo Botto\" \/>\n<meta name=\"twitter:card\" content=\"summary_large_image\" \/>\n<script type=\"application\/ld+json\" class=\"yoast-schema-graph\">{\"@context\":\"https:\/\/schema.org\",\"@graph\":[{\"@type\":\"WebPage\",\"@id\":\"https:\/\/www.noticiasradioreflejos.com.ar\/2021\/quedo-oficializado-el-aumento-del-salario-minimo-vital-y-movil\/\",\"url\":\"https:\/\/www.noticiasradioreflejos.com.ar\/2021\/quedo-oficializado-el-aumento-del-salario-minimo-vital-y-movil\/\",\"name\":\"Qued\u00f3 oficializado el aumento del salario m\u00ednimo, vital y m\u00f3vil - Noticias Radio Reflejos\",\"isPartOf\":{\"@id\":\"https:\/\/www.noticiasradioreflejos.com.ar\/2021\/#website\"},\"primaryImageOfPage\":{\"@id\":\"https:\/\/www.noticiasradioreflejos.com.ar\/2021\/quedo-oficializado-el-aumento-del-salario-minimo-vital-y-movil\/#primaryimage\"},\"image\":{\"@id\":\"https:\/\/www.noticiasradioreflejos.com.ar\/2021\/quedo-oficializado-el-aumento-del-salario-minimo-vital-y-movil\/#primaryimage\"},\"thumbnailUrl\":\"https:\/\/www.telam.com.ar\/advf\/imagenes\/2021\/09\/6151ce1e56fc0_1004x565.jpg\",\"datePublished\":\"2021-09-27T14:38:59+00:00\",\"author\":{\"@id\":\"https:\/\/www.noticiasradioreflejos.com.ar\/2021\/#\/schema\/person\/ad82545263dcc5ec0996818884fd5fb1\"},\"breadcrumb\":{\"@id\":\"https:\/\/www.noticiasradioreflejos.com.ar\/2021\/quedo-oficializado-el-aumento-del-salario-minimo-vital-y-movil\/#breadcrumb\"},\"inLanguage\":\"es\",\"potentialAction\":[{\"@type\":\"ReadAction\",\"target\":[\"https:\/\/www.noticiasradioreflejos.com.ar\/2021\/quedo-oficializado-el-aumento-del-salario-minimo-vital-y-movil\/\"]}]},{\"@type\":\"ImageObject\",\"inLanguage\":\"es\",\"@id\":\"https:\/\/www.noticiasradioreflejos.com.ar\/2021\/quedo-oficializado-el-aumento-del-salario-minimo-vital-y-movil\/#primaryimage\",\"url\":\"https:\/\/www.telam.com.ar\/advf\/imagenes\/2021\/09\/6151ce1e56fc0_1004x565.jpg\",\"contentUrl\":\"https:\/\/www.telam.com.ar\/advf\/imagenes\/2021\/09\/6151ce1e56fc0_1004x565.jpg\"},{\"@type\":\"BreadcrumbList\",\"@id\":\"https:\/\/www.noticiasradioreflejos.com.ar\/2021\/quedo-oficializado-el-aumento-del-salario-minimo-vital-y-movil\/#breadcrumb\",\"itemListElement\":[{\"@type\":\"ListItem\",\"position\":1,\"name\":\"Portada\",\"item\":\"https:\/\/www.noticiasradioreflejos.com.ar\/2021\/\"},{\"@type\":\"ListItem\",\"position\":2,\"name\":\"Qued\u00f3 oficializado el aumento del salario m\u00ednimo, vital y m\u00f3vil\"}]},{\"@type\":\"WebSite\",\"@id\":\"https:\/\/www.noticiasradioreflejos.com.ar\/2021\/#website\",\"url\":\"https:\/\/www.noticiasradioreflejos.com.ar\/2021\/\",\"name\":\"Noticias Radio Reflejos\",\"description\":\"Las noticias de mi comarca\",\"potentialAction\":[{\"@type\":\"SearchAction\",\"target\":{\"@type\":\"EntryPoint\",\"urlTemplate\":\"https:\/\/www.noticiasradioreflejos.com.ar\/2021\/?s={search_term_string}\"},\"query-input\":{\"@type\":\"PropertyValueSpecification\",\"valueRequired\":true,\"valueName\":\"search_term_string\"}}],\"inLanguage\":\"es\"},{\"@type\":\"Person\",\"@id\":\"https:\/\/www.noticiasradioreflejos.com.ar\/2021\/#\/schema\/person\/ad82545263dcc5ec0996818884fd5fb1\",\"name\":\"Arnaldo Botto\",\"image\":{\"@type\":\"ImageObject\",\"inLanguage\":\"es\",\"@id\":\"https:\/\/www.noticiasradioreflejos.com.ar\/2021\/#\/schema\/person\/image\/\",\"url\":\"https:\/\/secure.gravatar.com\/avatar\/55cb5e37c1efa326397366e6974cb338056df65cb50e7d64d1cf314e87504837?s=96&d=mm&r=g\",\"contentUrl\":\"https:\/\/secure.gravatar.com\/avatar\/55cb5e37c1efa326397366e6974cb338056df65cb50e7d64d1cf314e87504837?s=96&d=mm&r=g\",\"caption\":\"Arnaldo Botto\"},\"url\":\"https:\/\/www.noticiasradioreflejos.com.ar\/2021\/author\/arnaldo\/\"}]}<\/script>\n<!-- \/ Yoast SEO plugin. -->","yoast_head_json":{"title":"Qued\u00f3 oficializado el aumento del salario m\u00ednimo, vital y m\u00f3vil - Noticias Radio Reflejos","robots":{"index":"index","follow":"follow","max-snippet":"max-snippet:-1","max-image-preview":"max-image-preview:large","max-video-preview":"max-video-preview:-1"},"canonical":"https:\/\/www.noticiasradioreflejos.com.ar\/2021\/quedo-oficializado-el-aumento-del-salario-minimo-vital-y-movil\/","og_locale":"es_ES","og_type":"article","og_title":"Qued\u00f3 oficializado el aumento del salario m\u00ednimo, vital y m\u00f3vil - Noticias Radio Reflejos","og_description":"El salario m\u00ednimo tendr\u00e1 un aumento en tres tramos. A partir del 1 de septiembre, alcanzar\u00e1 los $31.104 para todos los trabajadores mensualizados, mientras que el 1 de febrero de 2022 llegar\u00e1 a $33.000.","og_url":"https:\/\/www.noticiasradioreflejos.com.ar\/2021\/quedo-oficializado-el-aumento-del-salario-minimo-vital-y-movil\/","og_site_name":"Noticias Radio Reflejos","article_published_time":"2021-09-27T14:38:59+00:00","og_image":[{"url":"https:\/\/www.telam.com.ar\/advf\/imagenes\/2021\/09\/6151ce1e56fc0_1004x565.jpg","type":"","width":"","height":""}],"author":"Arnaldo Botto","twitter_card":"summary_large_image","schema":{"@context":"https:\/\/schema.org","@graph":[{"@type":"WebPage","@id":"https:\/\/www.noticiasradioreflejos.com.ar\/2021\/quedo-oficializado-el-aumento-del-salario-minimo-vital-y-movil\/","url":"https:\/\/www.noticiasradioreflejos.com.ar\/2021\/quedo-oficializado-el-aumento-del-salario-minimo-vital-y-movil\/","name":"Qued\u00f3 oficializado el aumento del salario m\u00ednimo, vital y m\u00f3vil - Noticias Radio Reflejos","isPartOf":{"@id":"https:\/\/www.noticiasradioreflejos.com.ar\/2021\/#website"},"primaryImageOfPage":{"@id":"https:\/\/www.noticiasradioreflejos.com.ar\/2021\/quedo-oficializado-el-aumento-del-salario-minimo-vital-y-movil\/#primaryimage"},"image":{"@id":"https:\/\/www.noticiasradioreflejos.com.ar\/2021\/quedo-oficializado-el-aumento-del-salario-minimo-vital-y-movil\/#primaryimage"},"thumbnailUrl":"https:\/\/www.telam.com.ar\/advf\/imagenes\/2021\/09\/6151ce1e56fc0_1004x565.jpg","datePublished":"2021-09-27T14:38:59+00:00","author":{"@id":"https:\/\/www.noticiasradioreflejos.com.ar\/2021\/#\/schema\/person\/ad82545263dcc5ec0996818884fd5fb1"},"breadcrumb":{"@id":"https:\/\/www.noticiasradioreflejos.com.ar\/2021\/quedo-oficializado-el-aumento-del-salario-minimo-vital-y-movil\/#breadcrumb"},"inLanguage":"es","potentialAction":[{"@type":"ReadAction","target":["https:\/\/www.noticiasradioreflejos.com.ar\/2021\/quedo-oficializado-el-aumento-del-salario-minimo-vital-y-movil\/"]}]},{"@type":"ImageObject","inLanguage":"es","@id":"https:\/\/www.noticiasradioreflejos.com.ar\/2021\/quedo-oficializado-el-aumento-del-salario-minimo-vital-y-movil\/#primaryimage","url":"https:\/\/www.telam.com.ar\/advf\/imagenes\/2021\/09\/6151ce1e56fc0_1004x565.jpg","contentUrl":"https:\/\/www.telam.com.ar\/advf\/imagenes\/2021\/09\/6151ce1e56fc0_1004x565.jpg"},{"@type":"BreadcrumbList","@id":"https:\/\/www.noticiasradioreflejos.com.ar\/2021\/quedo-oficializado-el-aumento-del-salario-minimo-vital-y-movil\/#breadcrumb","itemListElement":[{"@type":"ListItem","position":1,"name":"Portada","item":"https:\/\/www.noticiasradioreflejos.com.ar\/2021\/"},{"@type":"ListItem","position":2,"name":"Qued\u00f3 oficializado el aumento del salario m\u00ednimo, vital y m\u00f3vil"}]},{"@type":"WebSite","@id":"https:\/\/www.noticiasradioreflejos.com.ar\/2021\/#website","url":"https:\/\/www.noticiasradioreflejos.com.ar\/2021\/","name":"Noticias Radio Reflejos","description":"Las noticias de mi comarca","potentialAction":[{"@type":"SearchAction","target":{"@type":"EntryPoint","urlTemplate":"https:\/\/www.noticiasradioreflejos.com.ar\/2021\/?s={search_term_string}"},"query-input":{"@type":"PropertyValueSpecification","valueRequired":true,"valueName":"search_term_string"}}],"inLanguage":"es"},{"@type":"Person","@id":"https:\/\/www.noticiasradioreflejos.com.ar\/2021\/#\/schema\/person\/ad82545263dcc5ec0996818884fd5fb1","name":"Arnaldo Botto","image":{"@type":"ImageObject","inLanguage":"es","@id":"https:\/\/www.noticiasradioreflejos.com.ar\/2021\/#\/schema\/person\/image\/","url":"https:\/\/secure.gravatar.com\/avatar\/55cb5e37c1efa326397366e6974cb338056df65cb50e7d64d1cf314e87504837?s=96&d=mm&r=g","contentUrl":"https:\/\/secure.gravatar.com\/avatar\/55cb5e37c1efa326397366e6974cb338056df65cb50e7d64d1cf314e87504837?s=96&d=mm&r=g","caption":"Arnaldo Botto"},"url":"https:\/\/www.noticiasradioreflejos.com.ar\/2021\/author\/arnaldo\/"}]}},"_links":{"self":[{"href":"https:\/\/www.noticiasradioreflejos.com.ar\/2021\/wp-json\/wp\/v2\/posts\/63051","targetHints":{"allow":["GET"]}}],"collection":[{"href":"https:\/\/www.noticiasradioreflejos.com.ar\/2021\/wp-json\/wp\/v2\/posts"}],"about":[{"href":"https:\/\/www.noticiasradioreflejos.com.ar\/2021\/wp-json\/wp\/v2\/types\/post"}],"author":[{"embeddable":true,"href":"https:\/\/www.noticiasradioreflejos.com.ar\/2021\/wp-json\/wp\/v2\/users\/3"}],"replies":[{"embeddable":true,"href":"https:\/\/www.noticiasradioreflejos.com.ar\/2021\/wp-json\/wp\/v2\/comments?post=63051"}],"version-history":[{"count":1,"href":"https:\/\/www.noticiasradioreflejos.com.ar\/2021\/wp-json\/wp\/v2\/posts\/63051\/revisions"}],"predecessor-version":[{"id":63053,"href":"https:\/\/www.noticiasradioreflejos.com.ar\/2021\/wp-json\/wp\/v2\/posts\/63051\/revisions\/63053"}],"wp:attachment":[{"href":"https:\/\/www.noticiasradioreflejos.com.ar\/2021\/wp-json\/wp\/v2\/media?parent=63051"}],"wp:term":[{"taxonomy":"category","embeddable":true,"href":"https:\/\/www.noticiasradioreflejos.com.ar\/2021\/wp-json\/wp\/v2\/categories?post=63051"},{"taxonomy":"post_tag","embeddable":true,"href":"https:\/\/www.noticiasradioreflejos.com.ar\/2021\/wp-json\/wp\/v2\/tags?post=63051"}],"curies":[{"name":"wp","href":"https:\/\/api.w.org\/{rel}","templated":true}]}}