{"id":63043,"date":"2021-09-27T14:04:32","date_gmt":"2021-09-27T14:04:32","guid":{"rendered":"http:\/\/www.noticiasradioreflejos.com.ar\/2021\/?p=63043"},"modified":"2021-09-27T14:04:32","modified_gmt":"2021-09-27T14:04:32","slug":"el-previaje-facturo-mas-de-10-mil-millones-en-los-primeros-diez-dias","status":"publish","type":"post","link":"https:\/\/www.noticiasradioreflejos.com.ar\/2021\/el-previaje-facturo-mas-de-10-mil-millones-en-los-primeros-diez-dias\/","title":{"rendered":"El PreViaje factur\u00f3 m\u00e1s de $10 mil millones en los primeros diez d\u00edas."},"content":{"rendered":"<div class=\"head-content\">\n<p>\u00abPreViaje es un \u00e9xito tremendo. Esto tiene que ver con la nueva etapa: volver a viajar, a disfrutar y reencontrarnos\u00bb, calific\u00f3 Lammens. En sus primeros 10 d\u00edas de implementaci\u00f3n, la segunda edici\u00f3n del programa tuvo ingresos por el mismo monto que en los tres meses de la primera edici\u00f3n.<\/p>\n<\/div>\n<p><!--more--><\/p>\n<div class=\"main-content-block\">\n<div class=\"main-box clearfix\">\n<div class=\"wrapper-main-section clearfix\">\n<div class=\"wrapper-editable-content\">\n<div class=\"editable-content clearfix\">\n<div id=\"image\" class=\"image\"><img decoding=\"async\" title=\"Matias Lammens sostuvo que el programa &quot;va seguir impulsando la reactivaci\u00f3n que ya estamos viendo en la calle&quot;. Foto archivo Adrian Lugones.\" src=\"https:\/\/www.telam.com.ar\/advf\/imagenes\/2021\/09\/6150a24c1eac2_1004x565.jpg\" alt=\"Matias Lammens sostuvo que el programa &quot;va seguir impulsando la reactivaci\u00f3n que ya estamos viendo en la calle&quot;. Foto archivo Adrian Lugones.\" \/><\/p>\n<div class=\"epigrafe\">Matias Lammens sostuvo que el programa \u00abva seguir impulsando la reactivaci\u00f3n que ya estamos viendo en la calle\u00bb. Foto archivo Adrian Lugones.<\/div>\n<\/div>\n<p>El programa\u00a0<strong>PreViaje<\/strong>\u00a0lleg\u00f3 a \u00abm\u00e1s de $ 10.000 millones de facturaci\u00f3n en los primeros diez d\u00edas\u00bb de su implementaci\u00f3n, destac\u00f3 el ministro de Turismo y Deportes,\u00a0<strong>Mat\u00edas Lammens<\/strong>.<\/p>\n<p>\u00abPreViaje\u00a0<strong>es un \u00e9xito tremendo<\/strong>. Esto tiene que ver con la nueva etapa: volver a viajar, a disfrutar y reencontrarnos\u00bb, sostuvo Lammens sobre la segunda edici\u00f3n de la iniciativa.<\/p>\n<p>Desde la cartera de Turismo se\u00f1alaron que en menos de dos semanas se ingresaron facturas en el\u00a0<a href=\"http:\/\/previaje.gob.ar\/\" target=\"_blank\" rel=\"noopener\">sitio oficial del programa<\/a>\u00a0por el mismo monto total que lo ocurrido en los tres meses que dur\u00f3 el programa en su primera edici\u00f3n.<\/p>\n<p>\u00abCuando con el presidente Alberto Fern\u00e1ndez decidimos lanzar esta segunda etapa de PreViaje fue convencidos de que este programa iba a seguir impulsando la reactivaci\u00f3n que ya estamos viendo en la calle\u00bb, explic\u00f3 el ministro Lammens.<\/p>\n<p>\u00abEstamos dando vuelta la p\u00e1gina y queremos que los argentinos y argentinas puedan volver a viajar y conocer las maravillas que ofrece nuestro pa\u00eds\u00bb, agreg\u00f3.<\/p>\n<blockquote><p>\u00abEstamos dando vuelta la p\u00e1gina y queremos que los argentinos y argentinas puedan volver a viajar y conocer las maravillas que ofrece nuestro pa\u00eds\u00bb.<\/p><\/blockquote>\n<p>Seg\u00fan datos oficiales,\u00a0<strong>del total de facturas cargadas, el 53% corresponde a compras en agencias de viajes, 30% a alojamiento, 14% a transporte a\u00e9reo y un 3% a otros servicios<\/strong>.<\/p>\n<p>Los destinos m\u00e1s elegidos hasta el momento son R\u00edo Negro, Buenos Aires, Santa Cruz, Mendoza y Neuqu\u00e9n.<\/p>\n<p>De cara a la\u00a0<strong>temporada de verano<\/strong>, Lammens afirm\u00f3: \u00abNos llena de entusiasmo los mensajes que recibimos de todo el pa\u00eds: los operadores, ministros y ministras de Turismo de las provincias ya est\u00e1n manejando\u00a0<strong>niveles de reserva alt\u00edsimos<\/strong>\u00a0y nos hablan de la expectativa por el\u00a0<strong>gran \u00e9xito que tendremos durante la temporada<\/strong>\u00ab.<\/p>\n<div id=\"image\" class=\"image\"><img decoding=\"async\" title=\"Unas 600.000 personas ya participan de la segunda etapa del  programa, presentado en Puerto Iguaz\u00fa por el presidente Alberto Fern\u00e1ndez.\" src=\"https:\/\/www.telam.com.ar\/advf\/imagenes\/2021\/09\/6150a1a22bd1a.08.2021%20captura%20565_1004x565.jpg\" alt=\"Unas 600.000 personas ya participan de la segunda etapa del  programa, presentado en Puerto Iguaz\u00fa por el presidente Alberto Fern\u00e1ndez.\" \/><\/p>\n<div class=\"epigrafe\">Unas 600.000 personas ya participan de la segunda etapa del programa, presentado en Puerto Iguaz\u00fa por el presidente Alberto Fern\u00e1ndez.<\/div>\n<\/div>\n<p>Alrededor de\u00a0<strong>600.000 turistas<\/strong>\u00a0ya est\u00e1n participando de la segunda edici\u00f3n de PreViaje, una\u00a0<strong>inversi\u00f3n hist\u00f3rica del Estado nacional para reactivar al sector<\/strong>\u00a0luego de su mayor crisis global.<\/p>\n<p>Seg\u00fan datos oficiales, se trata de una facturaci\u00f3n de\u00a0<strong>$10.368.870.867, una cifra r\u00e9cord<\/strong>\u00a0para los primeros 10 d\u00edas de su implementaci\u00f3n.<\/p>\n<p>El Presidente hab\u00eda sido el encargado de lanzar esta segunda edici\u00f3n del PreViaje el mes \u00faltimo, desde Iguaz\u00fa, en Misiones.<\/p>\n<p>Como en la primera edici\u00f3n, el sistema de compra anticipada de servicios apunta a impulsar la demanda de turismo interno, dinamizar la econom\u00eda a trav\u00e9s de ingresos genuinos al sector gracias a esta operatoria, y fomentar la distribuci\u00f3n de recursos en forma federal hacia los actores de esa cadena.<\/p>\n<div class=\"auth\">El PreViaje para jubilados y afiliados al PAMI<\/div>\n<div id=\"image\" class=\"image\"><img decoding=\"async\" title=\"Jubilados y afiliados al PAMI tedr\u00e1n con el PreVviaje un reintegro del 70% de sus gastos. Foto Nacho Corbalan.\" src=\"https:\/\/www.telam.com.ar\/advf\/imagenes\/2021\/08\/61261e31d6d46_1004x565.jpg\" alt=\"Jubilados y afiliados al PAMI tedr\u00e1n con el PreVviaje un reintegro del 70% de sus gastos. Foto Nacho Corbalan.\" \/><\/p>\n<div class=\"epigrafe\">Jubilados y afiliados al PAMI tedr\u00e1n con el PreVviaje un reintegro del 70% de sus gastos. Foto Nacho Corbalan.<\/div>\n<\/div>\n<p>Como parte de la misma idea, el viernes \u00faltimo se lanz\u00f3 el programa\u00a0<strong>PreViaje para jubilados y afiliados al PAMI<\/strong>, cuyo eje central es\u00a0<strong>un reintegro del 70% sobre los gastos por compra anticipada de viajes tur\u00edsticos por Argentina desde noviembre pr\u00f3ximo y hasta diciembre 2022<\/strong>, y que incluye rubros como alojamiento, alquiler de autom\u00f3viles, atractivos tur\u00edsticos; excursiones y gastronom\u00eda, ente otros \u00edtems.<\/p>\n<p>Desde el PAMI precisaron que \u00abla devoluci\u00f3n del 70 % de los gastos en cr\u00e9dito para usar en toda la cadena tur\u00edstica,\u00a0<strong>tendr\u00e1 una aplicaci\u00f3n autom\u00e1tica y retroactiva a noviembre<\/strong>\u00ab.<\/p>\n<p>\u00abUna vez que un afiliado o afiliada de PAMI se registra en PreViaje, el sistema computa la bonificaci\u00f3n correspondiente\u00bb, se\u00f1alaron.<\/p>\n<p>A la hora de explicar c\u00f3mo funciona este programa, se destacaron seis pasos: Se debe ingresar al sitio PreViaje y registrarse con la cuenta de Mi Argentina, luego se selecciona un prestador tur\u00edstico que debe estar inscripto en el programa.<\/p>\n<div id=\"image\" class=\"image\"><img decoding=\"async\" title=\"Ischigualasto, en San Juan, es un destino para elegir.\" src=\"https:\/\/www.telam.com.ar\/advf\/imagenes\/2018\/02\/5a967f821f6c6_1004x565.jpg\" alt=\"Ischigualasto, en San Juan, es un destino para elegir.\" \/><\/p>\n<div class=\"epigrafe\">Ischigualasto, en San Juan, es un destino para elegir.<\/div>\n<\/div>\n<p>Para efectuar las compras, el beneficiario crea \u00abtu viaje\u00bb, carga los datos de origen, destino, fecha de salida y regreso, entre otros.<\/p>\n<p>Luego,\u00a0<strong>deber\u00e1 cargar los comprobantes<\/strong>, se aceptan\u00a0<strong>facturas y\/o recibos B y C<\/strong>, as\u00ed como tambi\u00e9n\u00a0<strong>boletos de transporte<\/strong>;\u00a0<strong>cr\u00e9dito a favor del beneficiario<\/strong>\u00a0y, una vez\u00a0<strong>validados los comprobantes, recibir\u00e1 el cr\u00e9dito en una tarjeta precargada o a trav\u00e9s de BNA+<\/strong>.<\/p>\n<p><strong>El beneficiario podr\u00e1 utilizar su cr\u00e9dito desde la realizaci\u00f3n del viaje hasta el 31 de diciembre de 2022, en toda la cadena tur\u00edstica.<\/strong><\/p>\n<p>Respecto a las compras que generan cr\u00e9dito, desde el PAMI aclararon que son \u00ablas realizadas a prestadores tur\u00edsticos inscriptos, entre el 12 de agosto y el 31 de diciembre de 2021, para utilizar en territorio nacional desde la fecha de comienzo del viaje y hasta el 31 de diciembre de 2022\u00bb.<\/p><\/div>\n<\/div>\n<\/div>\n<\/div>\n<\/div>\n","protected":false},"excerpt":{"rendered":"<p>\u00abPreViaje es un \u00e9xito tremendo. Esto tiene que ver con la nueva etapa: volver a viajar, a disfrutar y reencontrarnos\u00bb, calific\u00f3 Lammens. En sus primeros 10 d\u00edas de implementaci\u00f3n, la segunda edici\u00f3n del programa tuvo ingresos por el mismo monto que en los tres meses de la primera edici\u00f3n.<\/p>\n","protected":false},"author":3,"featured_media":58423,"comment_status":"closed","ping_status":"closed","sticky":false,"template":"","format":"standard","meta":{"footnotes":""},"categories":[33],"tags":[],"class_list":["post-63043","post","type-post","status-publish","format-standard","has-post-thumbnail","hentry","category-turismo"],"yoast_head":"<!-- This site is optimized with the Yoast SEO plugin v25.9 - https:\/\/yoast.com\/wordpress\/plugins\/seo\/ -->\n<title>El PreViaje factur\u00f3 m\u00e1s de $10 mil millones en los primeros diez d\u00edas. - Noticias Radio Reflejos<\/title>\n<meta name=\"robots\" content=\"index, follow, max-snippet:-1, max-image-preview:large, max-video-preview:-1\" \/>\n<link rel=\"canonical\" href=\"https:\/\/www.noticiasradioreflejos.com.ar\/2021\/el-previaje-facturo-mas-de-10-mil-millones-en-los-primeros-diez-dias\/\" \/>\n<meta property=\"og:locale\" content=\"es_ES\" \/>\n<meta property=\"og:type\" content=\"article\" \/>\n<meta property=\"og:title\" content=\"El PreViaje factur\u00f3 m\u00e1s de $10 mil millones en los primeros diez d\u00edas. - Noticias Radio Reflejos\" \/>\n<meta property=\"og:description\" content=\"\u00abPreViaje es un \u00e9xito tremendo. Esto tiene que ver con la nueva etapa: volver a viajar, a disfrutar y reencontrarnos\u00bb, calific\u00f3 Lammens. En sus primeros 10 d\u00edas de implementaci\u00f3n, la segunda edici\u00f3n del programa tuvo ingresos por el mismo monto que en los tres meses de la primera edici\u00f3n.\" \/>\n<meta property=\"og:url\" content=\"https:\/\/www.noticiasradioreflejos.com.ar\/2021\/el-previaje-facturo-mas-de-10-mil-millones-en-los-primeros-diez-dias\/\" \/>\n<meta property=\"og:site_name\" content=\"Noticias Radio Reflejos\" \/>\n<meta property=\"article:published_time\" content=\"2021-09-27T14:04:32+00:00\" \/>\n<meta property=\"og:image\" content=\"https:\/\/www.noticiasradioreflejos.com.ar\/2021\/wp-content\/uploads\/2021\/06\/previaje.jpg\" \/>\n\t<meta property=\"og:image:width\" content=\"1920\" \/>\n\t<meta property=\"og:image:height\" content=\"674\" \/>\n\t<meta property=\"og:image:type\" content=\"image\/jpeg\" \/>\n<meta name=\"author\" content=\"Arnaldo Botto\" \/>\n<meta name=\"twitter:card\" content=\"summary_large_image\" \/>\n<script type=\"application\/ld+json\" class=\"yoast-schema-graph\">{\"@context\":\"https:\/\/schema.org\",\"@graph\":[{\"@type\":\"WebPage\",\"@id\":\"https:\/\/www.noticiasradioreflejos.com.ar\/2021\/el-previaje-facturo-mas-de-10-mil-millones-en-los-primeros-diez-dias\/\",\"url\":\"https:\/\/www.noticiasradioreflejos.com.ar\/2021\/el-previaje-facturo-mas-de-10-mil-millones-en-los-primeros-diez-dias\/\",\"name\":\"El PreViaje factur\u00f3 m\u00e1s de $10 mil millones en los primeros diez d\u00edas. - Noticias Radio Reflejos\",\"isPartOf\":{\"@id\":\"https:\/\/www.noticiasradioreflejos.com.ar\/2021\/#website\"},\"primaryImageOfPage\":{\"@id\":\"https:\/\/www.noticiasradioreflejos.com.ar\/2021\/el-previaje-facturo-mas-de-10-mil-millones-en-los-primeros-diez-dias\/#primaryimage\"},\"image\":{\"@id\":\"https:\/\/www.noticiasradioreflejos.com.ar\/2021\/el-previaje-facturo-mas-de-10-mil-millones-en-los-primeros-diez-dias\/#primaryimage\"},\"thumbnailUrl\":\"https:\/\/www.noticiasradioreflejos.com.ar\/2021\/wp-content\/uploads\/2021\/06\/previaje.jpg\",\"datePublished\":\"2021-09-27T14:04:32+00:00\",\"author\":{\"@id\":\"https:\/\/www.noticiasradioreflejos.com.ar\/2021\/#\/schema\/person\/ad82545263dcc5ec0996818884fd5fb1\"},\"breadcrumb\":{\"@id\":\"https:\/\/www.noticiasradioreflejos.com.ar\/2021\/el-previaje-facturo-mas-de-10-mil-millones-en-los-primeros-diez-dias\/#breadcrumb\"},\"inLanguage\":\"es\",\"potentialAction\":[{\"@type\":\"ReadAction\",\"target\":[\"https:\/\/www.noticiasradioreflejos.com.ar\/2021\/el-previaje-facturo-mas-de-10-mil-millones-en-los-primeros-diez-dias\/\"]}]},{\"@type\":\"ImageObject\",\"inLanguage\":\"es\",\"@id\":\"https:\/\/www.noticiasradioreflejos.com.ar\/2021\/el-previaje-facturo-mas-de-10-mil-millones-en-los-primeros-diez-dias\/#primaryimage\",\"url\":\"https:\/\/www.noticiasradioreflejos.com.ar\/2021\/wp-content\/uploads\/2021\/06\/previaje.jpg\",\"contentUrl\":\"https:\/\/www.noticiasradioreflejos.com.ar\/2021\/wp-content\/uploads\/2021\/06\/previaje.jpg\",\"width\":1920,\"height\":674},{\"@type\":\"BreadcrumbList\",\"@id\":\"https:\/\/www.noticiasradioreflejos.com.ar\/2021\/el-previaje-facturo-mas-de-10-mil-millones-en-los-primeros-diez-dias\/#breadcrumb\",\"itemListElement\":[{\"@type\":\"ListItem\",\"position\":1,\"name\":\"Portada\",\"item\":\"https:\/\/www.noticiasradioreflejos.com.ar\/2021\/\"},{\"@type\":\"ListItem\",\"position\":2,\"name\":\"El PreViaje factur\u00f3 m\u00e1s de $10 mil millones en los primeros diez d\u00edas.\"}]},{\"@type\":\"WebSite\",\"@id\":\"https:\/\/www.noticiasradioreflejos.com.ar\/2021\/#website\",\"url\":\"https:\/\/www.noticiasradioreflejos.com.ar\/2021\/\",\"name\":\"Noticias Radio Reflejos\",\"description\":\"Las noticias de mi comarca\",\"potentialAction\":[{\"@type\":\"SearchAction\",\"target\":{\"@type\":\"EntryPoint\",\"urlTemplate\":\"https:\/\/www.noticiasradioreflejos.com.ar\/2021\/?s={search_term_string}\"},\"query-input\":{\"@type\":\"PropertyValueSpecification\",\"valueRequired\":true,\"valueName\":\"search_term_string\"}}],\"inLanguage\":\"es\"},{\"@type\":\"Person\",\"@id\":\"https:\/\/www.noticiasradioreflejos.com.ar\/2021\/#\/schema\/person\/ad82545263dcc5ec0996818884fd5fb1\",\"name\":\"Arnaldo Botto\",\"image\":{\"@type\":\"ImageObject\",\"inLanguage\":\"es\",\"@id\":\"https:\/\/www.noticiasradioreflejos.com.ar\/2021\/#\/schema\/person\/image\/\",\"url\":\"https:\/\/secure.gravatar.com\/avatar\/55cb5e37c1efa326397366e6974cb338056df65cb50e7d64d1cf314e87504837?s=96&d=mm&r=g\",\"contentUrl\":\"https:\/\/secure.gravatar.com\/avatar\/55cb5e37c1efa326397366e6974cb338056df65cb50e7d64d1cf314e87504837?s=96&d=mm&r=g\",\"caption\":\"Arnaldo Botto\"},\"url\":\"https:\/\/www.noticiasradioreflejos.com.ar\/2021\/author\/arnaldo\/\"}]}<\/script>\n<!-- \/ Yoast SEO plugin. -->","yoast_head_json":{"title":"El PreViaje factur\u00f3 m\u00e1s de $10 mil millones en los primeros diez d\u00edas. - Noticias Radio Reflejos","robots":{"index":"index","follow":"follow","max-snippet":"max-snippet:-1","max-image-preview":"max-image-preview:large","max-video-preview":"max-video-preview:-1"},"canonical":"https:\/\/www.noticiasradioreflejos.com.ar\/2021\/el-previaje-facturo-mas-de-10-mil-millones-en-los-primeros-diez-dias\/","og_locale":"es_ES","og_type":"article","og_title":"El PreViaje factur\u00f3 m\u00e1s de $10 mil millones en los primeros diez d\u00edas. - Noticias Radio Reflejos","og_description":"\u00abPreViaje es un \u00e9xito tremendo. Esto tiene que ver con la nueva etapa: volver a viajar, a disfrutar y reencontrarnos\u00bb, calific\u00f3 Lammens. En sus primeros 10 d\u00edas de implementaci\u00f3n, la segunda edici\u00f3n del programa tuvo ingresos por el mismo monto que en los tres meses de la primera edici\u00f3n.","og_url":"https:\/\/www.noticiasradioreflejos.com.ar\/2021\/el-previaje-facturo-mas-de-10-mil-millones-en-los-primeros-diez-dias\/","og_site_name":"Noticias Radio Reflejos","article_published_time":"2021-09-27T14:04:32+00:00","og_image":[{"width":1920,"height":674,"url":"https:\/\/www.noticiasradioreflejos.com.ar\/2021\/wp-content\/uploads\/2021\/06\/previaje.jpg","type":"image\/jpeg"}],"author":"Arnaldo Botto","twitter_card":"summary_large_image","schema":{"@context":"https:\/\/schema.org","@graph":[{"@type":"WebPage","@id":"https:\/\/www.noticiasradioreflejos.com.ar\/2021\/el-previaje-facturo-mas-de-10-mil-millones-en-los-primeros-diez-dias\/","url":"https:\/\/www.noticiasradioreflejos.com.ar\/2021\/el-previaje-facturo-mas-de-10-mil-millones-en-los-primeros-diez-dias\/","name":"El PreViaje factur\u00f3 m\u00e1s de $10 mil millones en los primeros diez d\u00edas. - Noticias Radio Reflejos","isPartOf":{"@id":"https:\/\/www.noticiasradioreflejos.com.ar\/2021\/#website"},"primaryImageOfPage":{"@id":"https:\/\/www.noticiasradioreflejos.com.ar\/2021\/el-previaje-facturo-mas-de-10-mil-millones-en-los-primeros-diez-dias\/#primaryimage"},"image":{"@id":"https:\/\/www.noticiasradioreflejos.com.ar\/2021\/el-previaje-facturo-mas-de-10-mil-millones-en-los-primeros-diez-dias\/#primaryimage"},"thumbnailUrl":"https:\/\/www.noticiasradioreflejos.com.ar\/2021\/wp-content\/uploads\/2021\/06\/previaje.jpg","datePublished":"2021-09-27T14:04:32+00:00","author":{"@id":"https:\/\/www.noticiasradioreflejos.com.ar\/2021\/#\/schema\/person\/ad82545263dcc5ec0996818884fd5fb1"},"breadcrumb":{"@id":"https:\/\/www.noticiasradioreflejos.com.ar\/2021\/el-previaje-facturo-mas-de-10-mil-millones-en-los-primeros-diez-dias\/#breadcrumb"},"inLanguage":"es","potentialAction":[{"@type":"ReadAction","target":["https:\/\/www.noticiasradioreflejos.com.ar\/2021\/el-previaje-facturo-mas-de-10-mil-millones-en-los-primeros-diez-dias\/"]}]},{"@type":"ImageObject","inLanguage":"es","@id":"https:\/\/www.noticiasradioreflejos.com.ar\/2021\/el-previaje-facturo-mas-de-10-mil-millones-en-los-primeros-diez-dias\/#primaryimage","url":"https:\/\/www.noticiasradioreflejos.com.ar\/2021\/wp-content\/uploads\/2021\/06\/previaje.jpg","contentUrl":"https:\/\/www.noticiasradioreflejos.com.ar\/2021\/wp-content\/uploads\/2021\/06\/previaje.jpg","width":1920,"height":674},{"@type":"BreadcrumbList","@id":"https:\/\/www.noticiasradioreflejos.com.ar\/2021\/el-previaje-facturo-mas-de-10-mil-millones-en-los-primeros-diez-dias\/#breadcrumb","itemListElement":[{"@type":"ListItem","position":1,"name":"Portada","item":"https:\/\/www.noticiasradioreflejos.com.ar\/2021\/"},{"@type":"ListItem","position":2,"name":"El PreViaje factur\u00f3 m\u00e1s de $10 mil millones en los primeros diez d\u00edas."}]},{"@type":"WebSite","@id":"https:\/\/www.noticiasradioreflejos.com.ar\/2021\/#website","url":"https:\/\/www.noticiasradioreflejos.com.ar\/2021\/","name":"Noticias Radio Reflejos","description":"Las noticias de mi comarca","potentialAction":[{"@type":"SearchAction","target":{"@type":"EntryPoint","urlTemplate":"https:\/\/www.noticiasradioreflejos.com.ar\/2021\/?s={search_term_string}"},"query-input":{"@type":"PropertyValueSpecification","valueRequired":true,"valueName":"search_term_string"}}],"inLanguage":"es"},{"@type":"Person","@id":"https:\/\/www.noticiasradioreflejos.com.ar\/2021\/#\/schema\/person\/ad82545263dcc5ec0996818884fd5fb1","name":"Arnaldo Botto","image":{"@type":"ImageObject","inLanguage":"es","@id":"https:\/\/www.noticiasradioreflejos.com.ar\/2021\/#\/schema\/person\/image\/","url":"https:\/\/secure.gravatar.com\/avatar\/55cb5e37c1efa326397366e6974cb338056df65cb50e7d64d1cf314e87504837?s=96&d=mm&r=g","contentUrl":"https:\/\/secure.gravatar.com\/avatar\/55cb5e37c1efa326397366e6974cb338056df65cb50e7d64d1cf314e87504837?s=96&d=mm&r=g","caption":"Arnaldo Botto"},"url":"https:\/\/www.noticiasradioreflejos.com.ar\/2021\/author\/arnaldo\/"}]}},"_links":{"self":[{"href":"https:\/\/www.noticiasradioreflejos.com.ar\/2021\/wp-json\/wp\/v2\/posts\/63043","targetHints":{"allow":["GET"]}}],"collection":[{"href":"https:\/\/www.noticiasradioreflejos.com.ar\/2021\/wp-json\/wp\/v2\/posts"}],"about":[{"href":"https:\/\/www.noticiasradioreflejos.com.ar\/2021\/wp-json\/wp\/v2\/types\/post"}],"author":[{"embeddable":true,"href":"https:\/\/www.noticiasradioreflejos.com.ar\/2021\/wp-json\/wp\/v2\/users\/3"}],"replies":[{"embeddable":true,"href":"https:\/\/www.noticiasradioreflejos.com.ar\/2021\/wp-json\/wp\/v2\/comments?post=63043"}],"version-history":[{"count":1,"href":"https:\/\/www.noticiasradioreflejos.com.ar\/2021\/wp-json\/wp\/v2\/posts\/63043\/revisions"}],"predecessor-version":[{"id":63044,"href":"https:\/\/www.noticiasradioreflejos.com.ar\/2021\/wp-json\/wp\/v2\/posts\/63043\/revisions\/63044"}],"wp:featuredmedia":[{"embeddable":true,"href":"https:\/\/www.noticiasradioreflejos.com.ar\/2021\/wp-json\/wp\/v2\/media\/58423"}],"wp:attachment":[{"href":"https:\/\/www.noticiasradioreflejos.com.ar\/2021\/wp-json\/wp\/v2\/media?parent=63043"}],"wp:term":[{"taxonomy":"category","embeddable":true,"href":"https:\/\/www.noticiasradioreflejos.com.ar\/2021\/wp-json\/wp\/v2\/categories?post=63043"},{"taxonomy":"post_tag","embeddable":true,"href":"https:\/\/www.noticiasradioreflejos.com.ar\/2021\/wp-json\/wp\/v2\/tags?post=63043"}],"curies":[{"name":"wp","href":"https:\/\/api.w.org\/{rel}","templated":true}]}}