{"id":63033,"date":"2021-09-27T12:05:43","date_gmt":"2021-09-27T12:05:43","guid":{"rendered":"http:\/\/www.noticiasradioreflejos.com.ar\/2021\/?p=63033"},"modified":"2021-09-27T12:05:43","modified_gmt":"2021-09-27T12:05:43","slug":"calendario-especial-por-el-dia-mundial-del-turismo","status":"publish","type":"post","link":"https:\/\/www.noticiasradioreflejos.com.ar\/2021\/calendario-especial-por-el-dia-mundial-del-turismo\/","title":{"rendered":"Calendario especial por el D\u00eda Mundial del Turismo."},"content":{"rendered":"<p>Este lunes los municipios de la provincia de Buenos Aires celebran el D\u00eda Mundial del Turismo, cuyo lema 2021 es \u201cTurismo para el crecimiento inclusivo\u201d, con charlas, concursos, visitas guiadas, bicicleteadas, mateadas y capacitaciones en distintos puntos del territorio bonaerense.<!--more--><\/p>\n<p>&nbsp;<\/p>\n<p><strong>AYACUCHO<br \/>\nCharla para un crecimiento inclusivo<br \/>\n<\/strong><em><u>Fecha, hora y lugar:<\/u><\/em>\u00a0Lunes 27, a las 14.00, en el Sal\u00f3n Libertador de la Municipalidad de Ayacucho.<br \/>\n<em><u>Descripci\u00f3n:<\/u><\/em>\u00a0Charlas sobre\u00a0<em>turismo rural y gastron\u00f3mico<\/em>, a cargo de Trinidad Mujica de Fina Estampa y sobre<em>\u00a0turismo agroecol\u00f3gico<\/em>\u00a0a cargo de Samana Arenaza y Carlos Platz de Ecogranja P\u00e1jaros Libres. Cupos limitados.<br \/>\n<em><u>M\u00e1s informaci\u00f3n:<\/u><\/em>\u00a0Oficina de turismo de Ayacucho &#8211;\u00a0<a href=\"http:\/\/www.facebook.com\/turismoayacuchoargentina\" data-saferedirecturl=\"https:\/\/www.google.com\/url?q=http:\/\/www.facebook.com\/turismoayacuchoargentina&amp;source=gmail&amp;ust=1632830555370000&amp;usg=AFQjCNHBjxwodaGRJEXRHBs0aVz-o0XL9w\">www.facebook.com\/turismoayacuchoargentina<\/a>\u00a0&#8211;\u00a0<a href=\"http:\/\/www.instagram.com\/ayacuchoturismo\" data-saferedirecturl=\"https:\/\/www.google.com\/url?q=http:\/\/www.instagram.com\/ayacuchoturismo&amp;source=gmail&amp;ust=1632830555370000&amp;usg=AFQjCNETFrfOl4ycnPocLtEHKJiD9QZQqA\">www.instagram.com\/ayacuchoturismo<\/a>\u00a0(0229) 60454477\/(0249) 15 4514942<\/p>\n<p>&nbsp;<\/p>\n<p><strong>GENERAL ALVARADO (Miramar)<br \/>\nConcurso por el d\u00eda del turismo<br \/>\n<\/strong><em><u>Fecha, hora y lugar:<\/u><\/em>\u00a0A partir del lunes 27 y durante toda la semana.<br \/>\n<em><u>Descripci\u00f3n:<\/u><\/em>\u00a0La Direcci\u00f3n de Promoci\u00f3n Tur\u00edstica de Gral. Alvarado junto prestadores tur\u00edsticos locales invitan a participar de una trivia para poner a prueba el conocimiento sobre la ciudad de los ni\u00f1os. Se sortear\u00e1 una estad\u00eda para 2 personas y muchos premios m\u00e1s. La participaci\u00f3n ser\u00e1 a trav\u00e9s de las redes sociales\u00a0<a href=\"http:\/\/www.facebook.com\/MiramarARG\" data-saferedirecturl=\"https:\/\/www.google.com\/url?q=http:\/\/www.facebook.com\/MiramarARG&amp;source=gmail&amp;ust=1632830555370000&amp;usg=AFQjCNHuGRBbZoO7asJPg1YQzApWfusscA\">www.facebook.com\/MiramarARG<\/a>\u00a0 &#8211;\u00a0<a href=\"http:\/\/www.instagram.com\/miramararg\" data-saferedirecturl=\"https:\/\/www.google.com\/url?q=http:\/\/www.instagram.com\/miramararg&amp;source=gmail&amp;ust=1632830555370000&amp;usg=AFQjCNGmmvP6IPP6C_6HD1MvOVQS7IgKqQ\">www.instagram.com\/miramararg<\/a><br \/>\n<em><u>M\u00e1s informaci\u00f3n:<\/u><\/em>\u00a0Direcci\u00f3n de Promoci\u00f3n Tur\u00edstica de Gral. Alvarado\u00a0 &#8211;\u00a0<a href=\"http:\/\/miramar.tur.ar\/\" data-saferedirecturl=\"https:\/\/www.google.com\/url?q=http:\/\/miramar.tur.ar&amp;source=gmail&amp;ust=1632830555370000&amp;usg=AFQjCNFvqSpKoA6IqKPe7SRwYzbMQCppRA\">http:\/\/miramar.tur.ar<\/a>\u00a0&#8211;\u00a0<a href=\"mailto:turismo@mga.gov.ar\">turismo@mga.gov.ar<\/a><\/p>\n<p><strong><br \/>\nGENERAL PUEYRRED\u00d3N (Mar del Plata)<br \/>\nCity tour peatonal<\/strong><em><u><br \/>\nFecha, hora y lugar:<\/u><\/em>\u00a0Lunes 27, a las 10:00 y a las 14:00. Punto de partida a confirmar en el momento de la inscripci\u00f3n.<br \/>\n<em><u>Descripci\u00f3n:<\/u><\/em>\u00a0El recorrido incluye la Rambla, Punta Iglesia, el exterior de la Capilla Santa Cecilia, la Plaza San Mart\u00edn, entre otros atractivos de la ciudad. Actividad gratuita. Inscripci\u00f3n previa llamando al (0223) 495-1777, a trav\u00e9s del whatsapp (223) 5364207 o personalmente en Boulevard\u00a0 Mar\u00edtimo P. Peralta Ramos n\u00ba 2276, de 08:00 a 20:00.<br \/>\n<em><u>M\u00e1s informaci\u00f3n:<\/u><\/em>\u00a0<a href=\"http:\/\/www.facebook.com\/turismomardelplata\" data-saferedirecturl=\"https:\/\/www.google.com\/url?q=http:\/\/www.facebook.com\/turismomardelplata&amp;source=gmail&amp;ust=1632830555370000&amp;usg=AFQjCNEYGn0Wka80q44zhzHi2k-5C8aKIA\">www.facebook.com\/turismomardelplata<\/a><\/p>\n<p>&nbsp;<\/p>\n<p><strong>LAPRIDA<br \/>\nMuseo del Agua<br \/>\n<\/strong><em><u>Fecha, hora y lugar:<\/u><\/em>\u00a0Lunes 27, de 18.00 a 20.00, en el Museo del Agua ubicado en Santamarina y Benito Mart\u00ednez.<br \/>\n<em><u>Descripci\u00f3n:<\/u><\/em>\u00a0El tanque de agua, que aloja al Museo, es una de las construcciones m\u00e1s altas de la ciudad. En cada uno de sus pisos se podr\u00e1 conocer todo sobre el recurso del agua a trav\u00e9s de una novedosa propuesta con espacios interactivos y de aprendizaje. Cuenta con cuatro salas: Sala del Agua, Sala L\u00fadica, Sala Pueblos Originarios y Sala Fondo del Mar. Su recorrido propone concientizar en relaci\u00f3n con el uso, manejo, distribuci\u00f3n y aprovechamiento del agua dentro de la ciudad y en el mundo. Acceso gratuito. Organiza la Municipalidad de Laprida.<br \/>\n<em><u>M\u00e1s informaci\u00f3n:<\/u><\/em>\u00a0Direcci\u00f3n de Turismo de Laprida \u2013\u00a0<a href=\"mailto:centrosalamonelaprida@gmail.com\">centrosalamonelaprida@gmail.com<\/a>\u00a0&#8211;\u00a0(02284) 301665<\/p>\n<p>&nbsp;<\/p>\n<p><strong>LOBOS<br \/>\nTurismo para un crecimiento inclusivo<\/strong><\/p>\n<p><em><u>Fecha, hora y lugar:<\/u><\/em>\u00a0Lunes 27, desde las 10:00, en la Plaza 1810.<br \/>\n<em><u>Descripci\u00f3n:<\/u><\/em>\u00a0En el marco por el D\u00eda Internacional del Turismo se llevar\u00e1 a cabo una muestra al aire libre con artistas en vivo y muestras de productos locales. Adem\u00e1s, se brindar\u00e1 informaci\u00f3n tur\u00edstica sobre los atractivos del pago. Organiza la Direcci\u00f3n de Turismo de Lobos.<br \/>\n<em><u>M\u00e1s informaci\u00f3n:<\/u><\/em>\u00a0Direcci\u00f3n de Turismo de Lobos &#8211;\u00a0<a href=\"http:\/\/www.facebook.com\/lobos.turismo\" data-saferedirecturl=\"https:\/\/www.google.com\/url?q=http:\/\/www.facebook.com\/lobos.turismo&amp;source=gmail&amp;ust=1632830555370000&amp;usg=AFQjCNGHaSiZqoCwBVzpIPwsi8WNJptryQ\">www.facebook.com\/lobos.turismo<\/a>\u00a0&#8211;\u00a0<a href=\"mailto:turismo@lobos.gov.ar\">turismo@lobos.gov.ar<\/a>\u00a0&#8211; (02227) 422275<\/p>\n<p><strong><br \/>\nNECOCHEA<br \/>\nCapacitaci\u00f3n tur\u00edstica<br \/>\n<\/strong><em><u>Fecha, hora y lugar:<\/u><\/em>\u00a0Lunes 27, a las 16.00, en el Sal\u00f3n Dorado de la Municipalidad de Necochea ubicada en calle 56 entre 59 y 61.<br \/>\n<em><u>Descripci\u00f3n:<\/u><\/em>\u00a0Durante la charla se abordar\u00e1n las estrategias de comunicaci\u00f3n para posicionar Necochea como destino tur\u00edstico. Acceso gratuito con cupos limitados. Organiza la Secretar\u00eda de Turismo de Necochea.<br \/>\n<em><u>M\u00e1s informaci\u00f3n:\u00a0<\/u><\/em>Secretar\u00eda de Turismo de Necochea \u2013\u00a0<a href=\"http:\/\/www.necochea.tur.ar\/\" data-saferedirecturl=\"https:\/\/www.google.com\/url?q=http:\/\/www.necochea.tur.ar&amp;source=gmail&amp;ust=1632830555370000&amp;usg=AFQjCNHD1oPgX2PHprTeoqvvTFxpoRinww\">www.necochea.tur.ar<\/a>\u00a0&#8211;\u00a0<a href=\"http:\/\/www.facebook.com\/NecocheaTur\" data-saferedirecturl=\"https:\/\/www.google.com\/url?q=http:\/\/www.facebook.com\/NecocheaTur&amp;source=gmail&amp;ust=1632830555370000&amp;usg=AFQjCNGbqG8eI2XEZKLcJ5jTThzwkwKJFA\">www.facebook.com\/NecocheaTur<\/a>\u00a0&#8211; whatsapp (2262) 431153<\/p>\n<p><strong><br \/>\nPATAGONES<br \/>\nSemana del turismo<br \/>\n<\/strong><em><u>Lunes 27:<\/u><\/em><br \/>\n08:00 Inauguraci\u00f3n muestra fotogr\u00e1fica \u201cPartido de Patagones: Paisajes que enamoran\u201d en el Rancho Rial (Mitre n\u00ba 94).<br \/>\n10:00 Lanzamiento APP Patagones Turismo en el Rancho Rial (Mitre n\u00ba 94).<br \/>\n16:00 Workshop tur\u00edstico y charla sobre destinos en el Hotel Austral (Fco. de Viedma y 25 de\u00a0 Mayo, Viedma).<\/p>\n<p><em><u>Martes 28<br \/>\n<\/u><\/em>11:00 Conferencia D\u00eda Internacional del Turismo y lanzamiento 14\u00ba Encuentro de Turismo Religioso en el Concejo Deliberante Viedma, Buenos Aires n\u00ba 320.<\/p>\n<p><em><u>Mi\u00e9rcoles 29<br \/>\n<\/u><\/em>10:00 Presentaci\u00f3n Plan de Turismo en el Auditorio Don Bosco, Boulevard Ituzaing\u00f3 n\u00ba 140, Viedma.<\/p>\n<p><em><u>Viernes 01\/10<br \/>\n<\/u><\/em>16:00 Capacitaci\u00f3n virtual \u201cHerramientas para alcanzar servicios tur\u00edsticos accesibles\u201d, Subsecretar\u00eda de Turismo provincia de Buenos Aires (plataforma ZOOM).<\/p>\n<p>Todas las actividades son gratuitas, abiertas al p\u00fablico en general.<br \/>\n<em><u>M\u00e1s informaci\u00f3n:\u00a0<\/u><\/em>Direcci\u00f3n de Turismo de Patagones &#8211;\u00a0\u00a0<a href=\"http:\/\/www.facebook.com\/Turismo-Municipalidad-de-Patagones-319697678154536\" data-saferedirecturl=\"https:\/\/www.google.com\/url?q=http:\/\/www.facebook.com\/Turismo-Municipalidad-de-Patagones-319697678154536&amp;source=gmail&amp;ust=1632830555370000&amp;usg=AFQjCNGYoHT9peX1w7Swp6iZfYp420s1tw\">www.facebook.com\/Turismo-Municipalidad-de-Patagones-319697678154536<\/a>\u00a0&#8211;\u00a0<a href=\"http:\/\/www.instagram.com\/turismopatagones\" data-saferedirecturl=\"https:\/\/www.google.com\/url?q=http:\/\/www.instagram.com\/turismopatagones&amp;source=gmail&amp;ust=1632830555370000&amp;usg=AFQjCNGUXkP3daEBLETjj-W7MYtJlvATwA\">www.instagram.com\/turismopatagones<\/a>\u00a0&#8211; (02920) 464819\/5406<\/p>\n<p><strong><br \/>\nPILAR<br \/>\nCircuito d\u00eda del turismo<br \/>\n<\/strong><em><u>Fecha, hora y lugar:<\/u><\/em>\u00a0Lunes 27, a las 10.00,\u00a0saliendo desde calle San Mart\u00edn al 600, Pilar Centro. Horario de llegada aproximado: 14.30.<br \/>\n<em><u>Descripci\u00f3n:<\/u><\/em>\u00a0Recorrido\u00a0por los lugares m\u00e1s emblem\u00e1ticos del distrito, durante el cual se realizar\u00e1\u00a0una breve rese\u00f1a sobre la historia de Pilar. Luego se visitar\u00e1 el\u00a0<a href=\"https:\/\/www.facebook.com\/cenotafiodemalvinas\/?__tn__=kK*F\" data-saferedirecturl=\"https:\/\/www.google.com\/url?q=https:\/\/www.facebook.com\/cenotafiodemalvinas\/?__tn__%3DkK*F&amp;source=gmail&amp;ust=1632830555370000&amp;usg=AFQjCNF6CIL2fkO37ukjWckcq8OJh2JWRQ\">Cenotafio de Malvinas<\/a>,\u00a0un complejo museogr\u00e1fico \u00fanico en su tipo en el pa\u00eds. El paseo culminar\u00e1 en la\u00a0<a href=\"https:\/\/www.facebook.com\/reservanatural.delpilar\/?__tn__=kK*F\" data-saferedirecturl=\"https:\/\/www.google.com\/url?q=https:\/\/www.facebook.com\/reservanatural.delpilar\/?__tn__%3DkK*F&amp;source=gmail&amp;ust=1632830555370000&amp;usg=AFQjCNG4Xh1KoMmyaCM-GD_7krYr8avoeg\">Reserva Natural del Pilar<\/a>, donde se podr\u00e1 conocer la flora y fauna de este espacio verde protegido, situado en la planicie de inundaci\u00f3n del r\u00edo Luj\u00e1n. La actividad es gratuita y tiene una duraci\u00f3n aproximada de 4 horas. Recomendaciones: utilizar calzado y ropa c\u00f3moda, gorro, anteojos de sol. Inscripciones a trav\u00e9s de\u00a0<a href=\"http:\/\/www.facebook.com\/turismopilar\" data-saferedirecturl=\"https:\/\/www.google.com\/url?q=http:\/\/www.facebook.com\/turismopilar&amp;source=gmail&amp;ust=1632830555370000&amp;usg=AFQjCNHngh3rT73OUM2hSPSvrr4i_aFTcA\">www.facebook.com\/turismopilar<\/a>\u00a0&#8211;\u00a0<a href=\"http:\/\/www.instagram.com\/pilarturismo\" data-saferedirecturl=\"https:\/\/www.google.com\/url?q=http:\/\/www.instagram.com\/pilarturismo&amp;source=gmail&amp;ust=1632830555370000&amp;usg=AFQjCNE7JKLqjMi8hQHtLqO50WbPnnXWSw\">www.instagram.com\/pilarturismo<\/a>\u00a0o a los siguientes n\u00fameros (230) 4277395, whatsapp (11) 70070808.<br \/>\n<em><u>M\u00e1s informaci\u00f3n:<\/u><\/em>\u00a0Direcci\u00f3n de Turismo de Pilar &#8211;\u00a0<a href=\"http:\/\/www.facebook.com\/turismopilar\" data-saferedirecturl=\"https:\/\/www.google.com\/url?q=http:\/\/www.facebook.com\/turismopilar&amp;source=gmail&amp;ust=1632830555370000&amp;usg=AFQjCNHngh3rT73OUM2hSPSvrr4i_aFTcA\">www.facebook.com\/turismopilar<\/a>\u00a0&#8211;<br \/>\n<a href=\"mailto:turismo@pilar.gov.ar\">turismo@pilar.gov.ar<\/a><\/p>\n<p><strong><br \/>\nTORNQUIST (Saldungaray)<br \/>\nActividades en Saldungaray<br \/>\n<\/strong><em><u>Fecha, hora y lugar:<\/u><\/em>\u00a0Lunes 27, a las 10:00 y a las 12:00, visitas guiadas al Fort\u00edn Pav\u00f3n; a las 14:30, caminata Paseo Costero.<br \/>\n<em><u>Descripci\u00f3n:<\/u><\/em>\u00a0El Pueblo Tur\u00edstico Saldungaray se suma a este d\u00eda tan especial con diversas actividades: visitas guiadas al Fort\u00edn Pav\u00f3n, caminata Paseo Costero, tarde de mateada, juegos y m\u00fasica en la plaza de la oficina de Turismo, y muestra en el Centro de Interpretaci\u00f3n Salamone. Organizan Atucos Saldungaray la Secretar\u00eda de Turismo de Tornquist.<br \/>\n<em><u>M\u00e1s informaci\u00f3n:<\/u><\/em>\u00a0Secretar\u00eda de Turismo de Tornquist &#8211;<a href=\"http:\/\/www.sierrasdelaventana.tur.ar\/\" data-saferedirecturl=\"https:\/\/www.google.com\/url?q=http:\/\/www.sierrasdelaventana.tur.ar&amp;source=gmail&amp;ust=1632830555370000&amp;usg=AFQjCNHFrkFONNUdiGqcrwviwxrdldX6xQ\">www.sierrasdelaventana.tur.ar<\/a>\u00a0\u2013\u00a0<a href=\"mailto:dttornquist@gmail.com\">dttornquist@gmail.com<\/a>\u00a0 &#8211; (0291) 4940811<\/p>\n<p><strong><br \/>\nSAN PEDRO<br \/>\nInauguraci\u00f3n Paseo de los Paraguas<br \/>\n<\/strong><em><u>Fecha, hora y lugar:<\/u><\/em>\u00a0Lunes 27, a las 12.00, en la peatonal de la ciudad.<br \/>\n<em><u>Descripci\u00f3n:<\/u><\/em>\u00a0Inauguraci\u00f3n del paseo de los paraguas. Este a\u00f1o se utilizar\u00e1n paraguas multicolores, celebrando la inclusi\u00f3n y la diversidad. Adem\u00e1s, inauguraci\u00f3n de placa en la Secretar\u00eda de Turismo en t\u00e9cnica de cuerda seca.\u00a0\u00a0<u>M\u00e1s informaci\u00f3n: Secretar\u00eda de Turismo y Cultura de San Pedro &#8211;\u00a0<a href=\"http:\/\/www.facebook.com\/SecretariadeTurismoSP\" data-saferedirecturl=\"https:\/\/www.google.com\/url?q=http:\/\/www.facebook.com\/SecretariadeTurismoSP&amp;source=gmail&amp;ust=1632830555370000&amp;usg=AFQjCNE68_ynwqnRR_PFhd60tjs24fDCrw\">www.facebook.com\/SecretariadeTurismoSP<\/a>\u00a0\u00a0 &#8211; (03329) 422050 &#8211;\u00a0<a href=\"mailto:direcciondeturismosanpedro@hotmail.com\">direcciondeturismosanpedro@hotmail.com<\/a><\/u><\/p>\n<p><strong><br \/>\nVILLA GESELL<br \/>\nClaves econ\u00f3micas para la recuperaci\u00f3n del turismo<br \/>\n<\/strong><em><u>Fecha, hora y lugar:<\/u><\/em>\u00a0Lunes 27, a las 18:00, en el Centro de Reuniones Parque Bonito ubicado en Alameda 208 esquina Buenos Aires. Ser\u00e1 transmitido por Zoom.<br \/>\n<em><u>Descripci\u00f3n:<\/u><\/em>\u00a0Conferencia destinada al sector privado en la que disertar\u00e1 el economista y consultor en turismo Pablo Singerman. Se realizar\u00e1 en formato h\u00edbrido y con acceso gratuito. Inscripci\u00f3n mediante el siguiente formulario:\u00a0<a href=\"https:\/\/forms.gle\/dcvUdWuoynptNhUt8\" data-saferedirecturl=\"https:\/\/www.google.com\/url?q=https:\/\/forms.gle\/dcvUdWuoynptNhUt8&amp;source=gmail&amp;ust=1632830555370000&amp;usg=AFQjCNEffHM0_1CVurC0vtb6SERB0h8RKg\">https:\/\/forms.gle\/dcvUdWuoynptNhUt8<\/a>.\u00a0 Organiza la Secretar\u00eda de Turismo de Villa Gesell.<br \/>\n<em><u>M\u00e1s informaci\u00f3n<\/u>\u00a0<\/em>Secretar\u00eda de Turismo de Villa Gesell\u00a0\u2013<a href=\"mailto:turismo@gesell.gob.ar\">turismo@gesell.gob.ar<\/a>\u00a0-(02255) 458596<\/p>\n<p>&nbsp;<\/p>\n<p>Todas las actividades presenciales se desarrollan bajo los protocolos y el sistema de fases establecidos por el Gobierno de la Provincia de Buenos Aires. Adem\u00e1s, es necesario recordar la importancia de que los asistentes cumplan\u00a0 los protocolos b\u00e1sicos de cuidado que consisten en la frecuente higienizaci\u00f3n de manos, el uso permanente de tapaboca-nariz y el respeto de la distancia social.<\/p>\n<p>En caso de viajar con fines tur\u00edsticos por la Provincia, deber\u00e1s\u00a0 tramitar el Certificado Turismo a trav\u00e9s de la app CuidAR o en el sitio web<a href=\"https:\/\/l.facebook.com\/l.php?u=http%3A%2F%2Fwww.argentina.gob.ar%2Fcircular%3Ffbclid%3DIwAR2hY13qppyLbZTQSca5IWfTw3bFLkz253xb0cICFn9q8kqqPfTJBOG9BB0&amp;h=AT2xjJE0BxK8fHKF0kt9W8kwgKCPfiPYHAm5VVVLjDwb3Idb0dKnQiq83DaYgPWd9anG3TaulUMr-sIigRQT3pOT8LQdYdXDv2S1Nflt2rS8PcK84hvjbL2UzpcSIB3xyDQ&amp;__tn__=-UK-R&amp;c%5b0%5d=AT3AxuNL_V6kLKSdFjezMjPzljtiTT7SXncYyfZKntztvjW34Qy_INTHmLAnANNOV_vLf5KjZpouoGOgdjhEXiFOtvbQJlAdFxl6_MMm-h8uVX301plHSis9l-95_a3SuaHpIiSDbyr45_P7HX5Z1UemQHtkeP8sn1U8sDKZvMtR0NqDT0VTiYIfkg9zwfO-E-chPMY\" data-saferedirecturl=\"https:\/\/www.google.com\/url?q=https:\/\/l.facebook.com\/l.php?u%3Dhttp%253A%252F%252Fwww.argentina.gob.ar%252Fcircular%253Ffbclid%253DIwAR2hY13qppyLbZTQSca5IWfTw3bFLkz253xb0cICFn9q8kqqPfTJBOG9BB0%26h%3DAT2xjJE0BxK8fHKF0kt9W8kwgKCPfiPYHAm5VVVLjDwb3Idb0dKnQiq83DaYgPWd9anG3TaulUMr-sIigRQT3pOT8LQdYdXDv2S1Nflt2rS8PcK84hvjbL2UzpcSIB3xyDQ%26__tn__%3D-UK-R%26c%255b0%255d%3DAT3AxuNL_V6kLKSdFjezMjPzljtiTT7SXncYyfZKntztvjW34Qy_INTHmLAnANNOV_vLf5KjZpouoGOgdjhEXiFOtvbQJlAdFxl6_MMm-h8uVX301plHSis9l-95_a3SuaHpIiSDbyr45_P7HX5Z1UemQHtkeP8sn1U8sDKZvMtR0NqDT0VTiYIfkg9zwfO-E-chPMY&amp;source=gmail&amp;ust=1632830555370000&amp;usg=AFQjCNGMXE6fR1-4tURPFgTvxqvQTZGkFg\">\u00a0www.argentina.gob.ar\/circular<\/a><\/p>\n<p>Para m\u00e1s informaci\u00f3n del calendario de eventos y actividades, visit\u00e1 nuestra p\u00e1gina web:<a href=\"https:\/\/l.facebook.com\/l.php?u=https%3A%2F%2Fbuenosaires.tur.ar%2Fcalendario%3Ffbclid%3DIwAR3nCVOTDo4ftUiUHNCKwsrSFAQM59ihd2jVEC3w5WETB8K2NL2PZa2vwyw&amp;h=AT2kTvEX2bD9JVgnu-fgDrTxm23Rgo7b3t9w1QQfUNB84NJEWDPzYAtX6zxtwVAJ0PZ8YCybt5BgnqG_eu6S5upnULU98jFz0LDMLQqBlZkP1UWtNqsG-DatvA2DIOVTlLo&amp;__tn__=-UK-R&amp;c%5b0%5d=AT3AxuNL_V6kLKSdFjezMjPzljtiTT7SXncYyfZKntztvjW34Qy_INTHmLAnANNOV_vLf5KjZpouoGOgdjhEXiFOtvbQJlAdFxl6_MMm-h8uVX301plHSis9l-95_a3SuaHpIiSDbyr45_P7HX5Z1UemQHtkeP8sn1U8sDKZvMtR0NqDT0VTiYIfkg9zwfO-E-chPMY\" data-saferedirecturl=\"https:\/\/www.google.com\/url?q=https:\/\/l.facebook.com\/l.php?u%3Dhttps%253A%252F%252Fbuenosaires.tur.ar%252Fcalendario%253Ffbclid%253DIwAR3nCVOTDo4ftUiUHNCKwsrSFAQM59ihd2jVEC3w5WETB8K2NL2PZa2vwyw%26h%3DAT2kTvEX2bD9JVgnu-fgDrTxm23Rgo7b3t9w1QQfUNB84NJEWDPzYAtX6zxtwVAJ0PZ8YCybt5BgnqG_eu6S5upnULU98jFz0LDMLQqBlZkP1UWtNqsG-DatvA2DIOVTlLo%26__tn__%3D-UK-R%26c%255b0%255d%3DAT3AxuNL_V6kLKSdFjezMjPzljtiTT7SXncYyfZKntztvjW34Qy_INTHmLAnANNOV_vLf5KjZpouoGOgdjhEXiFOtvbQJlAdFxl6_MMm-h8uVX301plHSis9l-95_a3SuaHpIiSDbyr45_P7HX5Z1UemQHtkeP8sn1U8sDKZvMtR0NqDT0VTiYIfkg9zwfO-E-chPMY&amp;source=gmail&amp;ust=1632830555371000&amp;usg=AFQjCNE3ZmBVJcAJj1IeZMyqN4I9Y2ngKw\">\u00a0https:\/\/buenosaires.tur.ar\/calendario<\/a><\/p>\n<p>&nbsp;<\/p>\n<p>&#8212;<\/p>\n","protected":false},"excerpt":{"rendered":"<p>Este lunes los municipios de la provincia de Buenos Aires celebran el D\u00eda Mundial del Turismo, cuyo lema 2021 es \u201cTurismo para el crecimiento inclusivo\u201d, con charlas, concursos, visitas guiadas, bicicleteadas, mateadas y capacitaciones en distintos puntos del territorio bonaerense.<\/p>\n","protected":false},"author":3,"featured_media":4019,"comment_status":"closed","ping_status":"closed","sticky":false,"template":"","format":"standard","meta":{"footnotes":""},"categories":[33],"tags":[],"class_list":["post-63033","post","type-post","status-publish","format-standard","has-post-thumbnail","hentry","category-turismo"],"yoast_head":"<!-- This site is optimized with the Yoast SEO plugin v25.9 - https:\/\/yoast.com\/wordpress\/plugins\/seo\/ -->\n<title>Calendario especial por el D\u00eda Mundial del Turismo. - Noticias Radio Reflejos<\/title>\n<meta name=\"robots\" content=\"index, follow, max-snippet:-1, max-image-preview:large, max-video-preview:-1\" \/>\n<link rel=\"canonical\" href=\"https:\/\/www.noticiasradioreflejos.com.ar\/2021\/calendario-especial-por-el-dia-mundial-del-turismo\/\" \/>\n<meta property=\"og:locale\" content=\"es_ES\" \/>\n<meta property=\"og:type\" content=\"article\" \/>\n<meta property=\"og:title\" content=\"Calendario especial por el D\u00eda Mundial del Turismo. - Noticias Radio Reflejos\" \/>\n<meta property=\"og:description\" content=\"Este lunes los municipios de la provincia de Buenos Aires celebran el D\u00eda Mundial del Turismo, cuyo lema 2021 es \u201cTurismo para el crecimiento inclusivo\u201d, con charlas, concursos, visitas guiadas, bicicleteadas, mateadas y capacitaciones en distintos puntos del territorio bonaerense.\" \/>\n<meta property=\"og:url\" content=\"https:\/\/www.noticiasradioreflejos.com.ar\/2021\/calendario-especial-por-el-dia-mundial-del-turismo\/\" \/>\n<meta property=\"og:site_name\" content=\"Noticias Radio Reflejos\" \/>\n<meta property=\"article:published_time\" content=\"2021-09-27T12:05:43+00:00\" \/>\n<meta property=\"og:image\" content=\"https:\/\/www.noticiasradioreflejos.com.ar\/2021\/wp-content\/uploads\/2016\/11\/cementerio-Saldungaray-scaled.jpg\" \/>\n\t<meta property=\"og:image:width\" content=\"2560\" \/>\n\t<meta property=\"og:image:height\" content=\"1920\" \/>\n\t<meta property=\"og:image:type\" content=\"image\/jpeg\" \/>\n<meta name=\"author\" content=\"Arnaldo Botto\" \/>\n<meta name=\"twitter:card\" content=\"summary_large_image\" \/>\n<script type=\"application\/ld+json\" class=\"yoast-schema-graph\">{\"@context\":\"https:\/\/schema.org\",\"@graph\":[{\"@type\":\"WebPage\",\"@id\":\"https:\/\/www.noticiasradioreflejos.com.ar\/2021\/calendario-especial-por-el-dia-mundial-del-turismo\/\",\"url\":\"https:\/\/www.noticiasradioreflejos.com.ar\/2021\/calendario-especial-por-el-dia-mundial-del-turismo\/\",\"name\":\"Calendario especial por el D\u00eda Mundial del Turismo. - Noticias Radio Reflejos\",\"isPartOf\":{\"@id\":\"https:\/\/www.noticiasradioreflejos.com.ar\/2021\/#website\"},\"primaryImageOfPage\":{\"@id\":\"https:\/\/www.noticiasradioreflejos.com.ar\/2021\/calendario-especial-por-el-dia-mundial-del-turismo\/#primaryimage\"},\"image\":{\"@id\":\"https:\/\/www.noticiasradioreflejos.com.ar\/2021\/calendario-especial-por-el-dia-mundial-del-turismo\/#primaryimage\"},\"thumbnailUrl\":\"https:\/\/www.noticiasradioreflejos.com.ar\/2021\/wp-content\/uploads\/2016\/11\/cementerio-Saldungaray-scaled.jpg\",\"datePublished\":\"2021-09-27T12:05:43+00:00\",\"author\":{\"@id\":\"https:\/\/www.noticiasradioreflejos.com.ar\/2021\/#\/schema\/person\/ad82545263dcc5ec0996818884fd5fb1\"},\"breadcrumb\":{\"@id\":\"https:\/\/www.noticiasradioreflejos.com.ar\/2021\/calendario-especial-por-el-dia-mundial-del-turismo\/#breadcrumb\"},\"inLanguage\":\"es\",\"potentialAction\":[{\"@type\":\"ReadAction\",\"target\":[\"https:\/\/www.noticiasradioreflejos.com.ar\/2021\/calendario-especial-por-el-dia-mundial-del-turismo\/\"]}]},{\"@type\":\"ImageObject\",\"inLanguage\":\"es\",\"@id\":\"https:\/\/www.noticiasradioreflejos.com.ar\/2021\/calendario-especial-por-el-dia-mundial-del-turismo\/#primaryimage\",\"url\":\"https:\/\/www.noticiasradioreflejos.com.ar\/2021\/wp-content\/uploads\/2016\/11\/cementerio-Saldungaray-scaled.jpg\",\"contentUrl\":\"https:\/\/www.noticiasradioreflejos.com.ar\/2021\/wp-content\/uploads\/2016\/11\/cementerio-Saldungaray-scaled.jpg\",\"width\":2560,\"height\":1920},{\"@type\":\"BreadcrumbList\",\"@id\":\"https:\/\/www.noticiasradioreflejos.com.ar\/2021\/calendario-especial-por-el-dia-mundial-del-turismo\/#breadcrumb\",\"itemListElement\":[{\"@type\":\"ListItem\",\"position\":1,\"name\":\"Portada\",\"item\":\"https:\/\/www.noticiasradioreflejos.com.ar\/2021\/\"},{\"@type\":\"ListItem\",\"position\":2,\"name\":\"Calendario especial por el D\u00eda Mundial del Turismo.\"}]},{\"@type\":\"WebSite\",\"@id\":\"https:\/\/www.noticiasradioreflejos.com.ar\/2021\/#website\",\"url\":\"https:\/\/www.noticiasradioreflejos.com.ar\/2021\/\",\"name\":\"Noticias Radio Reflejos\",\"description\":\"Las noticias de mi comarca\",\"potentialAction\":[{\"@type\":\"SearchAction\",\"target\":{\"@type\":\"EntryPoint\",\"urlTemplate\":\"https:\/\/www.noticiasradioreflejos.com.ar\/2021\/?s={search_term_string}\"},\"query-input\":{\"@type\":\"PropertyValueSpecification\",\"valueRequired\":true,\"valueName\":\"search_term_string\"}}],\"inLanguage\":\"es\"},{\"@type\":\"Person\",\"@id\":\"https:\/\/www.noticiasradioreflejos.com.ar\/2021\/#\/schema\/person\/ad82545263dcc5ec0996818884fd5fb1\",\"name\":\"Arnaldo Botto\",\"image\":{\"@type\":\"ImageObject\",\"inLanguage\":\"es\",\"@id\":\"https:\/\/www.noticiasradioreflejos.com.ar\/2021\/#\/schema\/person\/image\/\",\"url\":\"https:\/\/secure.gravatar.com\/avatar\/55cb5e37c1efa326397366e6974cb338056df65cb50e7d64d1cf314e87504837?s=96&d=mm&r=g\",\"contentUrl\":\"https:\/\/secure.gravatar.com\/avatar\/55cb5e37c1efa326397366e6974cb338056df65cb50e7d64d1cf314e87504837?s=96&d=mm&r=g\",\"caption\":\"Arnaldo Botto\"},\"url\":\"https:\/\/www.noticiasradioreflejos.com.ar\/2021\/author\/arnaldo\/\"}]}<\/script>\n<!-- \/ Yoast SEO plugin. -->","yoast_head_json":{"title":"Calendario especial por el D\u00eda Mundial del Turismo. - Noticias Radio Reflejos","robots":{"index":"index","follow":"follow","max-snippet":"max-snippet:-1","max-image-preview":"max-image-preview:large","max-video-preview":"max-video-preview:-1"},"canonical":"https:\/\/www.noticiasradioreflejos.com.ar\/2021\/calendario-especial-por-el-dia-mundial-del-turismo\/","og_locale":"es_ES","og_type":"article","og_title":"Calendario especial por el D\u00eda Mundial del Turismo. - Noticias Radio Reflejos","og_description":"Este lunes los municipios de la provincia de Buenos Aires celebran el D\u00eda Mundial del Turismo, cuyo lema 2021 es \u201cTurismo para el crecimiento inclusivo\u201d, con charlas, concursos, visitas guiadas, bicicleteadas, mateadas y capacitaciones en distintos puntos del territorio bonaerense.","og_url":"https:\/\/www.noticiasradioreflejos.com.ar\/2021\/calendario-especial-por-el-dia-mundial-del-turismo\/","og_site_name":"Noticias Radio Reflejos","article_published_time":"2021-09-27T12:05:43+00:00","og_image":[{"width":2560,"height":1920,"url":"https:\/\/www.noticiasradioreflejos.com.ar\/2021\/wp-content\/uploads\/2016\/11\/cementerio-Saldungaray-scaled.jpg","type":"image\/jpeg"}],"author":"Arnaldo Botto","twitter_card":"summary_large_image","schema":{"@context":"https:\/\/schema.org","@graph":[{"@type":"WebPage","@id":"https:\/\/www.noticiasradioreflejos.com.ar\/2021\/calendario-especial-por-el-dia-mundial-del-turismo\/","url":"https:\/\/www.noticiasradioreflejos.com.ar\/2021\/calendario-especial-por-el-dia-mundial-del-turismo\/","name":"Calendario especial por el D\u00eda Mundial del Turismo. - Noticias Radio Reflejos","isPartOf":{"@id":"https:\/\/www.noticiasradioreflejos.com.ar\/2021\/#website"},"primaryImageOfPage":{"@id":"https:\/\/www.noticiasradioreflejos.com.ar\/2021\/calendario-especial-por-el-dia-mundial-del-turismo\/#primaryimage"},"image":{"@id":"https:\/\/www.noticiasradioreflejos.com.ar\/2021\/calendario-especial-por-el-dia-mundial-del-turismo\/#primaryimage"},"thumbnailUrl":"https:\/\/www.noticiasradioreflejos.com.ar\/2021\/wp-content\/uploads\/2016\/11\/cementerio-Saldungaray-scaled.jpg","datePublished":"2021-09-27T12:05:43+00:00","author":{"@id":"https:\/\/www.noticiasradioreflejos.com.ar\/2021\/#\/schema\/person\/ad82545263dcc5ec0996818884fd5fb1"},"breadcrumb":{"@id":"https:\/\/www.noticiasradioreflejos.com.ar\/2021\/calendario-especial-por-el-dia-mundial-del-turismo\/#breadcrumb"},"inLanguage":"es","potentialAction":[{"@type":"ReadAction","target":["https:\/\/www.noticiasradioreflejos.com.ar\/2021\/calendario-especial-por-el-dia-mundial-del-turismo\/"]}]},{"@type":"ImageObject","inLanguage":"es","@id":"https:\/\/www.noticiasradioreflejos.com.ar\/2021\/calendario-especial-por-el-dia-mundial-del-turismo\/#primaryimage","url":"https:\/\/www.noticiasradioreflejos.com.ar\/2021\/wp-content\/uploads\/2016\/11\/cementerio-Saldungaray-scaled.jpg","contentUrl":"https:\/\/www.noticiasradioreflejos.com.ar\/2021\/wp-content\/uploads\/2016\/11\/cementerio-Saldungaray-scaled.jpg","width":2560,"height":1920},{"@type":"BreadcrumbList","@id":"https:\/\/www.noticiasradioreflejos.com.ar\/2021\/calendario-especial-por-el-dia-mundial-del-turismo\/#breadcrumb","itemListElement":[{"@type":"ListItem","position":1,"name":"Portada","item":"https:\/\/www.noticiasradioreflejos.com.ar\/2021\/"},{"@type":"ListItem","position":2,"name":"Calendario especial por el D\u00eda Mundial del Turismo."}]},{"@type":"WebSite","@id":"https:\/\/www.noticiasradioreflejos.com.ar\/2021\/#website","url":"https:\/\/www.noticiasradioreflejos.com.ar\/2021\/","name":"Noticias Radio Reflejos","description":"Las noticias de mi comarca","potentialAction":[{"@type":"SearchAction","target":{"@type":"EntryPoint","urlTemplate":"https:\/\/www.noticiasradioreflejos.com.ar\/2021\/?s={search_term_string}"},"query-input":{"@type":"PropertyValueSpecification","valueRequired":true,"valueName":"search_term_string"}}],"inLanguage":"es"},{"@type":"Person","@id":"https:\/\/www.noticiasradioreflejos.com.ar\/2021\/#\/schema\/person\/ad82545263dcc5ec0996818884fd5fb1","name":"Arnaldo Botto","image":{"@type":"ImageObject","inLanguage":"es","@id":"https:\/\/www.noticiasradioreflejos.com.ar\/2021\/#\/schema\/person\/image\/","url":"https:\/\/secure.gravatar.com\/avatar\/55cb5e37c1efa326397366e6974cb338056df65cb50e7d64d1cf314e87504837?s=96&d=mm&r=g","contentUrl":"https:\/\/secure.gravatar.com\/avatar\/55cb5e37c1efa326397366e6974cb338056df65cb50e7d64d1cf314e87504837?s=96&d=mm&r=g","caption":"Arnaldo Botto"},"url":"https:\/\/www.noticiasradioreflejos.com.ar\/2021\/author\/arnaldo\/"}]}},"_links":{"self":[{"href":"https:\/\/www.noticiasradioreflejos.com.ar\/2021\/wp-json\/wp\/v2\/posts\/63033","targetHints":{"allow":["GET"]}}],"collection":[{"href":"https:\/\/www.noticiasradioreflejos.com.ar\/2021\/wp-json\/wp\/v2\/posts"}],"about":[{"href":"https:\/\/www.noticiasradioreflejos.com.ar\/2021\/wp-json\/wp\/v2\/types\/post"}],"author":[{"embeddable":true,"href":"https:\/\/www.noticiasradioreflejos.com.ar\/2021\/wp-json\/wp\/v2\/users\/3"}],"replies":[{"embeddable":true,"href":"https:\/\/www.noticiasradioreflejos.com.ar\/2021\/wp-json\/wp\/v2\/comments?post=63033"}],"version-history":[{"count":1,"href":"https:\/\/www.noticiasradioreflejos.com.ar\/2021\/wp-json\/wp\/v2\/posts\/63033\/revisions"}],"predecessor-version":[{"id":63034,"href":"https:\/\/www.noticiasradioreflejos.com.ar\/2021\/wp-json\/wp\/v2\/posts\/63033\/revisions\/63034"}],"wp:featuredmedia":[{"embeddable":true,"href":"https:\/\/www.noticiasradioreflejos.com.ar\/2021\/wp-json\/wp\/v2\/media\/4019"}],"wp:attachment":[{"href":"https:\/\/www.noticiasradioreflejos.com.ar\/2021\/wp-json\/wp\/v2\/media?parent=63033"}],"wp:term":[{"taxonomy":"category","embeddable":true,"href":"https:\/\/www.noticiasradioreflejos.com.ar\/2021\/wp-json\/wp\/v2\/categories?post=63033"},{"taxonomy":"post_tag","embeddable":true,"href":"https:\/\/www.noticiasradioreflejos.com.ar\/2021\/wp-json\/wp\/v2\/tags?post=63033"}],"curies":[{"name":"wp","href":"https:\/\/api.w.org\/{rel}","templated":true}]}}