{"id":63030,"date":"2021-09-27T11:58:33","date_gmt":"2021-09-27T11:58:33","guid":{"rendered":"http:\/\/www.noticiasradioreflejos.com.ar\/2021\/?p=63030"},"modified":"2021-09-27T11:58:33","modified_gmt":"2021-09-27T11:58:33","slug":"futbol-de-liga-atletico-ventana-goleo-a-alumni-y-es-uno-de-los-punteros-del-certamen","status":"publish","type":"post","link":"https:\/\/www.noticiasradioreflejos.com.ar\/2021\/futbol-de-liga-atletico-ventana-goleo-a-alumni-y-es-uno-de-los-punteros-del-certamen\/","title":{"rendered":"F\u00fatbol de Liga: Atl\u00e9tico Ventana gole\u00f3 a Alumni y es uno de los punteros del certamen"},"content":{"rendered":"<div class=\"post-header post-tp-1-header\">\n<div class=\"post-meta-wrap clearfix\">\n<div class=\"post-meta single-post-meta\">Atl\u00e9tico Ventana debut\u00f3 este fin de semana como local y consigui\u00f3 una importante victoria que le permite ser uno de los lideres del torneo pringlense de f\u00fatbol luego de disputadas dos fechas.<\/div>\n<\/div>\n<\/div>\n<p><!--more--><\/p>\n<div class=\"entry-content clearfix single-post-content\">\n<p>Fue triunfo 3 a 0 ante Alumni gracias a los tantos convertidos por Nicol\u00e1s Mart\u00ednez, Bautista Neudert y Joel S\u00e1nchez (estos \u00faltimos ingresando desde el banco de relevos).<\/p>\n<p>El entrenador Ramiro Neudert form\u00f3 con Javier Rubio, Nahuel Suarez, Martin Welsh, Leonardo Rodr\u00edguez, Mat\u00edas Gonz\u00e1lez, Dar\u00edo Gonz\u00e1lez, Jerem\u00edas Lacasta, Facundo Duelle, Luis G\u00f3mez, Mat\u00edas Juan y Nicol\u00e1s Mart\u00ednez.<\/p>\n<p>Tambi\u00e9n tuvieron minutos en cancha Iv\u00e1n Schwerdt por Rodr\u00edguez (lesionado), Santiago Peluffo por Duelle, Bautista Neudert por G\u00f3mez y Joel S\u00e1nchez por Mart\u00ednez. Quedaron como suplentes Javier Rodas e Isaias Rodr\u00edguez.<\/p>\n<p><strong>La fecha se complet\u00f3 con estos resultados (gentileza Leo Lastre):<\/strong><\/p>\n<p>Almaceneros 1 vs. Independiente 2<br \/>\nGoles: Emanuel Cardoso (A); Mariano Barrios y Gianfranco Romero (I).<\/p>\n<p>Divisorio 1 vs. Club de Pelota 3<br \/>\nGoles: \u00c1ngel Taffetani (D); Agust\u00edn Arga\u00f1a x 2, Laureano Bertolotto (P).<\/p>\n<p><strong>Posiciones:<\/strong>\u00a0Independiente y\u00a0<em><strong>Atl\u00e9tico Ventana 4 puntos,\u00a0<\/strong><\/em>Almacenaros, Alumni y Club de Pelota 3, Divisorio 0.<\/p>\n<p>En reserva tambi\u00e9n fue \u00e9xito del elenco serrano pero 3 a 1. Isaias Rodriguez, en dos ocasiones, y Juan Contreras marcaron para el due\u00f1o de casa; Juli\u00e1n Ciccocioppo descont\u00f3 en Alumni.<\/p>\n<p><strong>El resto:<\/strong><\/p>\n<p>Almaceneros 0 vs. Independiente 2<br \/>\nGoles: Joaqu\u00edn Romero, Tom\u00e1s Barroso (I).<br \/>\nExpulsados: Mat\u00edas Angladette (I); Lucas Bilbao (A).<\/p>\n<p>Divisorio 1 vs. Club de Pelota 1<br \/>\nGoles: Maximiliano Carragal (D); Santiago Rodr\u00edguez (P).<\/p>\n<p><strong>Posiciones:<\/strong>\u00a0Independiente 6 puntos, Divisorio 4, Almaceneros y\u00a0<em><strong>Atl\u00e9tico Ventana 3<\/strong><\/em>, Club de Pelota 1 y Alumni 0.<\/p>\n<p><strong>Pr\u00f3xima fecha (tercera):<\/strong><\/p>\n<ul>\n<li><strong><em>Atl\u00e9tico Ventana vs. Almaceneros<\/em><\/strong><\/li>\n<li>Independiente vs. Divisorio<\/li>\n<li>Club de Pelota vs. Alumni<\/li>\n<\/ul>\n<p><img loading=\"lazy\" decoding=\"async\" class=\"alignnone size-large wp-image-106620\" src=\"https:\/\/deportornquist.com.ar\/wp-content\/uploads\/7c913cab-32dc-487d-b3af-fdee23d95141-1024x952.jpg\" sizes=\"auto, (max-width: 1024px) 100vw, 1024px\" srcset=\"https:\/\/deportornquist.com.ar\/wp-content\/uploads\/7c913cab-32dc-487d-b3af-fdee23d95141-1024x952.jpg 1024w, https:\/\/deportornquist.com.ar\/wp-content\/uploads\/7c913cab-32dc-487d-b3af-fdee23d95141-300x279.jpg 300w, https:\/\/deportornquist.com.ar\/wp-content\/uploads\/7c913cab-32dc-487d-b3af-fdee23d95141-150x140.jpg 150w, https:\/\/deportornquist.com.ar\/wp-content\/uploads\/7c913cab-32dc-487d-b3af-fdee23d95141-768x714.jpg 768w, https:\/\/deportornquist.com.ar\/wp-content\/uploads\/7c913cab-32dc-487d-b3af-fdee23d95141.jpg 1200w\" alt=\"\" width=\"1024\" height=\"952\" \/><\/p>\n<p><img loading=\"lazy\" decoding=\"async\" class=\"alignnone size-large wp-image-106621\" src=\"https:\/\/deportornquist.com.ar\/wp-content\/uploads\/510a2924-83d5-45de-92b0-938bc487bb5c-1024x555.jpg\" sizes=\"auto, (max-width: 1024px) 100vw, 1024px\" srcset=\"https:\/\/deportornquist.com.ar\/wp-content\/uploads\/510a2924-83d5-45de-92b0-938bc487bb5c-1024x555.jpg 1024w, https:\/\/deportornquist.com.ar\/wp-content\/uploads\/510a2924-83d5-45de-92b0-938bc487bb5c-300x163.jpg 300w, https:\/\/deportornquist.com.ar\/wp-content\/uploads\/510a2924-83d5-45de-92b0-938bc487bb5c-150x81.jpg 150w, https:\/\/deportornquist.com.ar\/wp-content\/uploads\/510a2924-83d5-45de-92b0-938bc487bb5c-768x416.jpg 768w, https:\/\/deportornquist.com.ar\/wp-content\/uploads\/510a2924-83d5-45de-92b0-938bc487bb5c.jpg 1068w\" alt=\"\" width=\"1024\" height=\"555\" \/><\/p>\n<p><img loading=\"lazy\" decoding=\"async\" class=\"alignnone size-large wp-image-106622\" src=\"https:\/\/deportornquist.com.ar\/wp-content\/uploads\/2218013a-64c2-4281-9d56-3200e045b591-1024x990.jpg\" sizes=\"auto, (max-width: 1024px) 100vw, 1024px\" srcset=\"https:\/\/deportornquist.com.ar\/wp-content\/uploads\/2218013a-64c2-4281-9d56-3200e045b591-1024x990.jpg 1024w, https:\/\/deportornquist.com.ar\/wp-content\/uploads\/2218013a-64c2-4281-9d56-3200e045b591-300x290.jpg 300w, https:\/\/deportornquist.com.ar\/wp-content\/uploads\/2218013a-64c2-4281-9d56-3200e045b591-150x145.jpg 150w, https:\/\/deportornquist.com.ar\/wp-content\/uploads\/2218013a-64c2-4281-9d56-3200e045b591-768x742.jpg 768w, https:\/\/deportornquist.com.ar\/wp-content\/uploads\/2218013a-64c2-4281-9d56-3200e045b591.jpg 1200w\" alt=\"\" width=\"1024\" height=\"990\" \/><\/p>\n<p>&nbsp;<\/p>\n<p>&nbsp;<\/p>\n<p>Fuente <a class=\"post-author-url\" href=\"https:\/\/deportornquist.com.ar\/author\/claudioadmin\/\"><span class=\"post-author-name\">CLAUDIO SCHAFFNER<\/span><\/a><\/p>\n<p>&nbsp;<\/p>\n<p><img loading=\"lazy\" decoding=\"async\" class=\"alignnone size-large wp-image-106623\" src=\"https:\/\/deportornquist.com.ar\/wp-content\/uploads\/c12ed571-4e47-413a-a10c-1f4d510bfccb-1024x873.jpg\" sizes=\"auto, (max-width: 1024px) 100vw, 1024px\" srcset=\"https:\/\/deportornquist.com.ar\/wp-content\/uploads\/c12ed571-4e47-413a-a10c-1f4d510bfccb-1024x873.jpg 1024w, https:\/\/deportornquist.com.ar\/wp-content\/uploads\/c12ed571-4e47-413a-a10c-1f4d510bfccb-300x256.jpg 300w, https:\/\/deportornquist.com.ar\/wp-content\/uploads\/c12ed571-4e47-413a-a10c-1f4d510bfccb-150x128.jpg 150w, https:\/\/deportornquist.com.ar\/wp-content\/uploads\/c12ed571-4e47-413a-a10c-1f4d510bfccb-768x655.jpg 768w, https:\/\/deportornquist.com.ar\/wp-content\/uploads\/c12ed571-4e47-413a-a10c-1f4d510bfccb.jpg 1200w\" alt=\"\" width=\"1024\" height=\"873\" \/><\/p>\n<\/div>\n","protected":false},"excerpt":{"rendered":"<p>Atl\u00e9tico Ventana debut\u00f3 este fin de semana como local y consigui\u00f3 una importante victoria que le permite ser uno de los lideres del torneo pringlense de f\u00fatbol luego de disputadas dos fechas.<\/p>\n","protected":false},"author":3,"featured_media":0,"comment_status":"closed","ping_status":"closed","sticky":false,"template":"","format":"standard","meta":{"footnotes":""},"categories":[27],"tags":[48],"class_list":["post-63030","post","type-post","status-publish","format-standard","hentry","category-deportes","tag-destacada"],"yoast_head":"<!-- This site is optimized with the Yoast SEO plugin v25.9 - https:\/\/yoast.com\/wordpress\/plugins\/seo\/ -->\n<title>F\u00fatbol de Liga: Atl\u00e9tico Ventana gole\u00f3 a Alumni y es uno de los punteros del certamen - Noticias Radio Reflejos<\/title>\n<meta name=\"robots\" content=\"index, follow, max-snippet:-1, max-image-preview:large, max-video-preview:-1\" \/>\n<link rel=\"canonical\" href=\"https:\/\/www.noticiasradioreflejos.com.ar\/2021\/futbol-de-liga-atletico-ventana-goleo-a-alumni-y-es-uno-de-los-punteros-del-certamen\/\" \/>\n<meta property=\"og:locale\" content=\"es_ES\" \/>\n<meta property=\"og:type\" content=\"article\" \/>\n<meta property=\"og:title\" content=\"F\u00fatbol de Liga: Atl\u00e9tico Ventana gole\u00f3 a Alumni y es uno de los punteros del certamen - Noticias Radio Reflejos\" \/>\n<meta property=\"og:description\" content=\"Atl\u00e9tico Ventana debut\u00f3 este fin de semana como local y consigui\u00f3 una importante victoria que le permite ser uno de los lideres del torneo pringlense de f\u00fatbol luego de disputadas dos fechas.\" \/>\n<meta property=\"og:url\" content=\"https:\/\/www.noticiasradioreflejos.com.ar\/2021\/futbol-de-liga-atletico-ventana-goleo-a-alumni-y-es-uno-de-los-punteros-del-certamen\/\" \/>\n<meta property=\"og:site_name\" content=\"Noticias Radio Reflejos\" \/>\n<meta property=\"article:published_time\" content=\"2021-09-27T11:58:33+00:00\" \/>\n<meta property=\"og:image\" content=\"https:\/\/deportornquist.com.ar\/wp-content\/uploads\/7c913cab-32dc-487d-b3af-fdee23d95141-1024x952.jpg\" \/>\n<meta name=\"author\" content=\"Arnaldo Botto\" \/>\n<meta name=\"twitter:card\" content=\"summary_large_image\" \/>\n<script type=\"application\/ld+json\" class=\"yoast-schema-graph\">{\"@context\":\"https:\/\/schema.org\",\"@graph\":[{\"@type\":\"WebPage\",\"@id\":\"https:\/\/www.noticiasradioreflejos.com.ar\/2021\/futbol-de-liga-atletico-ventana-goleo-a-alumni-y-es-uno-de-los-punteros-del-certamen\/\",\"url\":\"https:\/\/www.noticiasradioreflejos.com.ar\/2021\/futbol-de-liga-atletico-ventana-goleo-a-alumni-y-es-uno-de-los-punteros-del-certamen\/\",\"name\":\"F\u00fatbol de Liga: Atl\u00e9tico Ventana gole\u00f3 a Alumni y es uno de los punteros del certamen - Noticias Radio Reflejos\",\"isPartOf\":{\"@id\":\"https:\/\/www.noticiasradioreflejos.com.ar\/2021\/#website\"},\"primaryImageOfPage\":{\"@id\":\"https:\/\/www.noticiasradioreflejos.com.ar\/2021\/futbol-de-liga-atletico-ventana-goleo-a-alumni-y-es-uno-de-los-punteros-del-certamen\/#primaryimage\"},\"image\":{\"@id\":\"https:\/\/www.noticiasradioreflejos.com.ar\/2021\/futbol-de-liga-atletico-ventana-goleo-a-alumni-y-es-uno-de-los-punteros-del-certamen\/#primaryimage\"},\"thumbnailUrl\":\"https:\/\/deportornquist.com.ar\/wp-content\/uploads\/7c913cab-32dc-487d-b3af-fdee23d95141-1024x952.jpg\",\"datePublished\":\"2021-09-27T11:58:33+00:00\",\"author\":{\"@id\":\"https:\/\/www.noticiasradioreflejos.com.ar\/2021\/#\/schema\/person\/ad82545263dcc5ec0996818884fd5fb1\"},\"breadcrumb\":{\"@id\":\"https:\/\/www.noticiasradioreflejos.com.ar\/2021\/futbol-de-liga-atletico-ventana-goleo-a-alumni-y-es-uno-de-los-punteros-del-certamen\/#breadcrumb\"},\"inLanguage\":\"es\",\"potentialAction\":[{\"@type\":\"ReadAction\",\"target\":[\"https:\/\/www.noticiasradioreflejos.com.ar\/2021\/futbol-de-liga-atletico-ventana-goleo-a-alumni-y-es-uno-de-los-punteros-del-certamen\/\"]}]},{\"@type\":\"ImageObject\",\"inLanguage\":\"es\",\"@id\":\"https:\/\/www.noticiasradioreflejos.com.ar\/2021\/futbol-de-liga-atletico-ventana-goleo-a-alumni-y-es-uno-de-los-punteros-del-certamen\/#primaryimage\",\"url\":\"https:\/\/deportornquist.com.ar\/wp-content\/uploads\/7c913cab-32dc-487d-b3af-fdee23d95141-1024x952.jpg\",\"contentUrl\":\"https:\/\/deportornquist.com.ar\/wp-content\/uploads\/7c913cab-32dc-487d-b3af-fdee23d95141-1024x952.jpg\"},{\"@type\":\"BreadcrumbList\",\"@id\":\"https:\/\/www.noticiasradioreflejos.com.ar\/2021\/futbol-de-liga-atletico-ventana-goleo-a-alumni-y-es-uno-de-los-punteros-del-certamen\/#breadcrumb\",\"itemListElement\":[{\"@type\":\"ListItem\",\"position\":1,\"name\":\"Portada\",\"item\":\"https:\/\/www.noticiasradioreflejos.com.ar\/2021\/\"},{\"@type\":\"ListItem\",\"position\":2,\"name\":\"F\u00fatbol de Liga: Atl\u00e9tico Ventana gole\u00f3 a Alumni y es uno de los punteros del certamen\"}]},{\"@type\":\"WebSite\",\"@id\":\"https:\/\/www.noticiasradioreflejos.com.ar\/2021\/#website\",\"url\":\"https:\/\/www.noticiasradioreflejos.com.ar\/2021\/\",\"name\":\"Noticias Radio Reflejos\",\"description\":\"Las noticias de mi comarca\",\"potentialAction\":[{\"@type\":\"SearchAction\",\"target\":{\"@type\":\"EntryPoint\",\"urlTemplate\":\"https:\/\/www.noticiasradioreflejos.com.ar\/2021\/?s={search_term_string}\"},\"query-input\":{\"@type\":\"PropertyValueSpecification\",\"valueRequired\":true,\"valueName\":\"search_term_string\"}}],\"inLanguage\":\"es\"},{\"@type\":\"Person\",\"@id\":\"https:\/\/www.noticiasradioreflejos.com.ar\/2021\/#\/schema\/person\/ad82545263dcc5ec0996818884fd5fb1\",\"name\":\"Arnaldo Botto\",\"image\":{\"@type\":\"ImageObject\",\"inLanguage\":\"es\",\"@id\":\"https:\/\/www.noticiasradioreflejos.com.ar\/2021\/#\/schema\/person\/image\/\",\"url\":\"https:\/\/secure.gravatar.com\/avatar\/55cb5e37c1efa326397366e6974cb338056df65cb50e7d64d1cf314e87504837?s=96&d=mm&r=g\",\"contentUrl\":\"https:\/\/secure.gravatar.com\/avatar\/55cb5e37c1efa326397366e6974cb338056df65cb50e7d64d1cf314e87504837?s=96&d=mm&r=g\",\"caption\":\"Arnaldo Botto\"},\"url\":\"https:\/\/www.noticiasradioreflejos.com.ar\/2021\/author\/arnaldo\/\"}]}<\/script>\n<!-- \/ Yoast SEO plugin. -->","yoast_head_json":{"title":"F\u00fatbol de Liga: Atl\u00e9tico Ventana gole\u00f3 a Alumni y es uno de los punteros del certamen - Noticias Radio Reflejos","robots":{"index":"index","follow":"follow","max-snippet":"max-snippet:-1","max-image-preview":"max-image-preview:large","max-video-preview":"max-video-preview:-1"},"canonical":"https:\/\/www.noticiasradioreflejos.com.ar\/2021\/futbol-de-liga-atletico-ventana-goleo-a-alumni-y-es-uno-de-los-punteros-del-certamen\/","og_locale":"es_ES","og_type":"article","og_title":"F\u00fatbol de Liga: Atl\u00e9tico Ventana gole\u00f3 a Alumni y es uno de los punteros del certamen - Noticias Radio Reflejos","og_description":"Atl\u00e9tico Ventana debut\u00f3 este fin de semana como local y consigui\u00f3 una importante victoria que le permite ser uno de los lideres del torneo pringlense de f\u00fatbol luego de disputadas dos fechas.","og_url":"https:\/\/www.noticiasradioreflejos.com.ar\/2021\/futbol-de-liga-atletico-ventana-goleo-a-alumni-y-es-uno-de-los-punteros-del-certamen\/","og_site_name":"Noticias Radio Reflejos","article_published_time":"2021-09-27T11:58:33+00:00","og_image":[{"url":"https:\/\/deportornquist.com.ar\/wp-content\/uploads\/7c913cab-32dc-487d-b3af-fdee23d95141-1024x952.jpg","type":"","width":"","height":""}],"author":"Arnaldo Botto","twitter_card":"summary_large_image","schema":{"@context":"https:\/\/schema.org","@graph":[{"@type":"WebPage","@id":"https:\/\/www.noticiasradioreflejos.com.ar\/2021\/futbol-de-liga-atletico-ventana-goleo-a-alumni-y-es-uno-de-los-punteros-del-certamen\/","url":"https:\/\/www.noticiasradioreflejos.com.ar\/2021\/futbol-de-liga-atletico-ventana-goleo-a-alumni-y-es-uno-de-los-punteros-del-certamen\/","name":"F\u00fatbol de Liga: Atl\u00e9tico Ventana gole\u00f3 a Alumni y es uno de los punteros del certamen - Noticias Radio Reflejos","isPartOf":{"@id":"https:\/\/www.noticiasradioreflejos.com.ar\/2021\/#website"},"primaryImageOfPage":{"@id":"https:\/\/www.noticiasradioreflejos.com.ar\/2021\/futbol-de-liga-atletico-ventana-goleo-a-alumni-y-es-uno-de-los-punteros-del-certamen\/#primaryimage"},"image":{"@id":"https:\/\/www.noticiasradioreflejos.com.ar\/2021\/futbol-de-liga-atletico-ventana-goleo-a-alumni-y-es-uno-de-los-punteros-del-certamen\/#primaryimage"},"thumbnailUrl":"https:\/\/deportornquist.com.ar\/wp-content\/uploads\/7c913cab-32dc-487d-b3af-fdee23d95141-1024x952.jpg","datePublished":"2021-09-27T11:58:33+00:00","author":{"@id":"https:\/\/www.noticiasradioreflejos.com.ar\/2021\/#\/schema\/person\/ad82545263dcc5ec0996818884fd5fb1"},"breadcrumb":{"@id":"https:\/\/www.noticiasradioreflejos.com.ar\/2021\/futbol-de-liga-atletico-ventana-goleo-a-alumni-y-es-uno-de-los-punteros-del-certamen\/#breadcrumb"},"inLanguage":"es","potentialAction":[{"@type":"ReadAction","target":["https:\/\/www.noticiasradioreflejos.com.ar\/2021\/futbol-de-liga-atletico-ventana-goleo-a-alumni-y-es-uno-de-los-punteros-del-certamen\/"]}]},{"@type":"ImageObject","inLanguage":"es","@id":"https:\/\/www.noticiasradioreflejos.com.ar\/2021\/futbol-de-liga-atletico-ventana-goleo-a-alumni-y-es-uno-de-los-punteros-del-certamen\/#primaryimage","url":"https:\/\/deportornquist.com.ar\/wp-content\/uploads\/7c913cab-32dc-487d-b3af-fdee23d95141-1024x952.jpg","contentUrl":"https:\/\/deportornquist.com.ar\/wp-content\/uploads\/7c913cab-32dc-487d-b3af-fdee23d95141-1024x952.jpg"},{"@type":"BreadcrumbList","@id":"https:\/\/www.noticiasradioreflejos.com.ar\/2021\/futbol-de-liga-atletico-ventana-goleo-a-alumni-y-es-uno-de-los-punteros-del-certamen\/#breadcrumb","itemListElement":[{"@type":"ListItem","position":1,"name":"Portada","item":"https:\/\/www.noticiasradioreflejos.com.ar\/2021\/"},{"@type":"ListItem","position":2,"name":"F\u00fatbol de Liga: Atl\u00e9tico Ventana gole\u00f3 a Alumni y es uno de los punteros del certamen"}]},{"@type":"WebSite","@id":"https:\/\/www.noticiasradioreflejos.com.ar\/2021\/#website","url":"https:\/\/www.noticiasradioreflejos.com.ar\/2021\/","name":"Noticias Radio Reflejos","description":"Las noticias de mi comarca","potentialAction":[{"@type":"SearchAction","target":{"@type":"EntryPoint","urlTemplate":"https:\/\/www.noticiasradioreflejos.com.ar\/2021\/?s={search_term_string}"},"query-input":{"@type":"PropertyValueSpecification","valueRequired":true,"valueName":"search_term_string"}}],"inLanguage":"es"},{"@type":"Person","@id":"https:\/\/www.noticiasradioreflejos.com.ar\/2021\/#\/schema\/person\/ad82545263dcc5ec0996818884fd5fb1","name":"Arnaldo Botto","image":{"@type":"ImageObject","inLanguage":"es","@id":"https:\/\/www.noticiasradioreflejos.com.ar\/2021\/#\/schema\/person\/image\/","url":"https:\/\/secure.gravatar.com\/avatar\/55cb5e37c1efa326397366e6974cb338056df65cb50e7d64d1cf314e87504837?s=96&d=mm&r=g","contentUrl":"https:\/\/secure.gravatar.com\/avatar\/55cb5e37c1efa326397366e6974cb338056df65cb50e7d64d1cf314e87504837?s=96&d=mm&r=g","caption":"Arnaldo Botto"},"url":"https:\/\/www.noticiasradioreflejos.com.ar\/2021\/author\/arnaldo\/"}]}},"_links":{"self":[{"href":"https:\/\/www.noticiasradioreflejos.com.ar\/2021\/wp-json\/wp\/v2\/posts\/63030","targetHints":{"allow":["GET"]}}],"collection":[{"href":"https:\/\/www.noticiasradioreflejos.com.ar\/2021\/wp-json\/wp\/v2\/posts"}],"about":[{"href":"https:\/\/www.noticiasradioreflejos.com.ar\/2021\/wp-json\/wp\/v2\/types\/post"}],"author":[{"embeddable":true,"href":"https:\/\/www.noticiasradioreflejos.com.ar\/2021\/wp-json\/wp\/v2\/users\/3"}],"replies":[{"embeddable":true,"href":"https:\/\/www.noticiasradioreflejos.com.ar\/2021\/wp-json\/wp\/v2\/comments?post=63030"}],"version-history":[{"count":1,"href":"https:\/\/www.noticiasradioreflejos.com.ar\/2021\/wp-json\/wp\/v2\/posts\/63030\/revisions"}],"predecessor-version":[{"id":63032,"href":"https:\/\/www.noticiasradioreflejos.com.ar\/2021\/wp-json\/wp\/v2\/posts\/63030\/revisions\/63032"}],"wp:attachment":[{"href":"https:\/\/www.noticiasradioreflejos.com.ar\/2021\/wp-json\/wp\/v2\/media?parent=63030"}],"wp:term":[{"taxonomy":"category","embeddable":true,"href":"https:\/\/www.noticiasradioreflejos.com.ar\/2021\/wp-json\/wp\/v2\/categories?post=63030"},{"taxonomy":"post_tag","embeddable":true,"href":"https:\/\/www.noticiasradioreflejos.com.ar\/2021\/wp-json\/wp\/v2\/tags?post=63030"}],"curies":[{"name":"wp","href":"https:\/\/api.w.org\/{rel}","templated":true}]}}