{"id":63027,"date":"2021-09-27T10:59:02","date_gmt":"2021-09-27T10:59:02","guid":{"rendered":"http:\/\/www.noticiasradioreflejos.com.ar\/2021\/?p=63027"},"modified":"2021-09-27T10:59:02","modified_gmt":"2021-09-27T10:59:02","slug":"pese-a-las-lluvias-la-falta-de-agua-condiciona-la-evolucion-de-los-cultivos","status":"publish","type":"post","link":"https:\/\/www.noticiasradioreflejos.com.ar\/2021\/pese-a-las-lluvias-la-falta-de-agua-condiciona-la-evolucion-de-los-cultivos\/","title":{"rendered":"Pese a las lluvias, la falta de agua condiciona la evoluci\u00f3n de los cultivos"},"content":{"rendered":"<div class=\"head-content\">\n<p>La condici\u00f3n h\u00eddrica pone en duda el futuro de la siembra en zonas agr\u00edcolas del centro-norte del pa\u00eds, donde se registran bajas del 15 al 20% de la superficie planificada, que pone en riesgo la producci\u00f3n de itrigo, ma\u00edz, girasol y cebada.<\/p>\n<\/div>\n<p><!--more--><\/p>\n<div class=\"main-content-block\">\n<div class=\"main-box clearfix\">\n<div class=\"wrapper-main-section clearfix\">\n<div class=\"wrapper-editable-content\">\n<div class=\"editable-content clearfix\">\n<div id=\"image\" class=\"image\"><img decoding=\"async\" title=\"La falta de agua condiciona la evoluci\u00f3n de los cultivos de ma\u00edz, con eventuales ca\u00eddas en los rindes.\" src=\"https:\/\/www.telam.com.ar\/advf\/imagenes\/editadas\/605603e795eeb_1004x564.jpg\" alt=\"La falta de agua condiciona la evoluci\u00f3n de los cultivos de ma\u00edz, con eventuales ca\u00eddas en los rindes.\" \/><\/p>\n<div class=\"epigrafe\"><\/div>\n<\/div>\n<p><span style=\"color: #000080;\"><em><strong>Por Carlos Joseph para Telam<\/strong><\/em><\/span><\/p>\n<p>La\u00a0<strong>falta de agua<\/strong>\u00a0condiciona la evoluci\u00f3n de los cultivos de ma\u00edz y trigo, con eventuales ca\u00eddas en los rindes, y\u00a0<strong>pone en dudas el futuro de la siembra en algunas zonas agr\u00edcolas<\/strong>, pese a las lluvias de los \u00faltimos d\u00edas que llevaron alivio en determinadas regiones del pa\u00eds.<\/p>\n<p>\u00abA cada semana\u00a0<strong>se agrava la falta de agua en el centro de la regi\u00f3n n\u00facleo y el norte de C\u00f3rdoba y Santa Fe, junto al norte del pa\u00eds<\/strong>\u00ab, advirti\u00f3 el \u00faltimo informe Gu\u00eda Estrat\u00e9gica para el Agro (GEA) de la Bolsa de Comercio de Rosario (BCR).<\/p>\n<p>Tanto Jos\u00e9 Luis Aiello como Alfredo Elorriaga, especialistas de consulta del GEA, coincidieron en se\u00f1alar que \u00absin aportes extra desde el Pac\u00edfico y el sur de Brasil, ser\u00e1 imperioso que mejoren los mecanismos regionales a fines de septiembre\u00bb para que haya una mejora clim\u00e1tica que favorezca a la producci\u00f3n agr\u00edcola.<\/p>\n<p>Seg\u00fan la BCR, las lluvias de los primeros nueve d\u00edas de septiembre permitieron seguir con la siembra de ma\u00edz en la regi\u00f3n n\u00facleo, si bien advirtieron que\u00a0<strong>\u00abel aumento de la desecaci\u00f3n superficial del suelo pone en riesgo la concreci\u00f3n de los planes de siembra\u00bb<\/strong>\u00a0en el sudeste cordob\u00e9s, norte bonaerense y sur de Santa Fe.<\/p>\n<p>De acuerdo al trabajo,\u00a0<strong>en Marcos Ju\u00e1rez<\/strong>, en el sudeste de la provincia de C\u00f3rdoba,\u00a0<strong>la falta de agua interrumpi\u00f3 las siembras<\/strong>, tras un avance del 75% en la superficie implantada, y \u00abde no tener una lluvia pronto, quedar\u00e1 20% de la superficie planificada sin sembrar\u00bb.<\/p>\n<p>En\u00a0<strong>Rojas<\/strong>, en el noroeste de la provincia de Buenos Aires,\u00a0<strong>se sembr\u00f3 s\u00f3lo el 15% de la superficie prevista<\/strong>\u00a0y la humedad superficial alcanza para pocos d\u00edas m\u00e1s: \u00abS\u00f3lo se seguir\u00e1 sembrando en lotes que tienen cobertura de rastrojos y retienen humedad\u00bb, sostienen los especialistas.<\/p>\n<div id=\"image\" class=\"image\"><img decoding=\"async\" title=\"El trigo, junto a la cebada y el girasol son otros de los principales cultivosafectados por la sequ\u00eda del centro-norte del pa\u00eds.\" src=\"https:\/\/www.telam.com.ar\/advf\/imagenes\/2020\/06\/5ee6413a9cd94_1004x565.jpg\" alt=\"El trigo, junto a la cebada y el girasol son otros de los principales cultivosafectados por la sequ\u00eda del centro-norte del pa\u00eds.\" \/><\/p>\n<div class=\"epigrafe\">El trigo, junto a la cebada y el girasol son otros de los principales cultivosafectados por la sequ\u00eda del centro-norte del pa\u00eds.<\/div>\n<\/div>\n<p>Desde la entidad burs\u00e1til rosarina afirman que el trigo necesita m\u00e1s agua para no perder potencial de rinde: sobre el sudeste cordob\u00e9s se necesitan entre 100 y 120 mm para alcanzar niveles \u00f3ptimos de humedad; mientras que en Santa Fe se necesitar\u00edan alrededor de entre 60 a 80 mm.<\/p>\n<p>Con el avance del trigo hacia las etapas m\u00e1s cr\u00edticas, los t\u00e9cnicos se\u00f1alan que \u00abes esencial una nueva lluvia y que no se produzcan heladas tard\u00edas para que el cultivo exprese todo su potencial de rinde\u00bb.<\/p>\n<p>Por ahora, sostiene la BCR, el trigo sigue desarroll\u00e1ndose muy bien: 5% est\u00e1 en excelentes condiciones, 80% muy bueno y el resto, bueno.<\/p>\n<p>En ese sentido, la Bolsa de Cereales inform\u00f3 que luego de las lluvias de las semanas previas,\u00a0<strong>el 66,8% de los 6,6 millones de hect\u00e1reas<\/strong>\u00a0(MHa)\u00a0<strong>de trigo<\/strong>\u00a0previstos para la actual campa\u00f1a presentan una condici\u00f3n h\u00eddrica Adecuada\/\u00d3ptima, aunque alertaron que en la regi\u00f3n norte del pa\u00eds, en la medida que los lotes van entrando en llenado de grano,\u00a0<strong>las expectativas de rinde son cada vez m\u00e1s bajas<\/strong>.<\/p>\n<p>En el cultivo de\u00a0<strong>girasol<\/strong>, la entidad cerealera se\u00f1al\u00f3 que debido a la falta de humedad sobre el centro-norte del \u00e1rea agr\u00edcola, el progreso intersemanal en la siembra fue de s\u00f3lo 1,2 puntos porcentuales.<\/p>\n<p>En el caso de la\u00a0<strong>cebada<\/strong>, la falta de humedad contin\u00faa afectando al cultivo sobre el Centro-Norte de Santa Fe y C\u00f3rdoba, pero sobre el centro y sur del \u00e1rea agr\u00edcola se verifica una mejora en la condici\u00f3n del cultivo tras las precipitaciones de las \u00faltimas semanas mientras los mismos avanzan con su enca\u00f1az\u00f3n.<\/p>\n<p>La \u00faltima semana \u00abmostr\u00f3 un significativo cambio en el comportamiento de la distribuci\u00f3n territorial de las precipitaciones\u00bb, destac\u00f3 en este sentido Aiello, quien precis\u00f3 que las lluvias fueron solo para el sudoeste de la regi\u00f3n pampeana.<\/p>\n<div id=\"image\" class=\"image\"><img decoding=\"async\" title=\"El aumento de la desecaci\u00f3n superficial pone en riesgo los planes de siembra en el sudeste cordob\u00e9s, norte bonaerense y sur de Santa Fe. \" src=\"https:\/\/www.telam.com.ar\/advf\/imagenes\/2018\/05\/5af5f60356bad_1004x564.jpg\" alt=\"El aumento de la desecaci\u00f3n superficial pone en riesgo los planes de siembra en el sudeste cordob\u00e9s, norte bonaerense y sur de Santa Fe. \" \/><\/p>\n<div class=\"epigrafe\">El aumento de la desecaci\u00f3n superficial pone en riesgo los planes de siembra en el sudeste cordob\u00e9s, norte bonaerense y sur de Santa Fe.<\/div>\n<\/div>\n<p>\u00abLas lluvias abandonaron la tendencia a favorecer la franja este del pa\u00eds y tuvieron una presencia excluyente sobre la franja sudoeste de la regi\u00f3n pampeana\u00bb, ampli\u00f3 Aiello, mientras que Elorriaga indic\u00f3 que fueron beneficiados \u00abLa Pampa, el extremo sudoeste de C\u00f3rdoba y el extremo sur de Buenos Aires\u00bb.<\/p>\n<p>Por otra parte, la Bolsa de Cereales advirti\u00f3 que\u00a0<strong>en los pr\u00f3ximos d\u00edas vientos del tr\u00f3pico provocar\u00e1n temperaturas m\u00e1ximas superiores a lo normal en la mayor parte del \u00e1rea agr\u00edcola<\/strong>, y s\u00f3lo el sudeste de su extensi\u00f3n recibir\u00e1 vientos marinos que mitigar\u00e1n los registros.<\/p>\n<p>Paralelamente, agrega la entidad, el paso del frente de tormenta con actividad muy irregular causa\u00a0<strong>precipitaciones moderadas a abundantes<\/strong>\u00a0sobre el centro-este del \u00e1rea agr\u00edcola, pero\u00a0<strong>sin hacer aportes significativos<\/strong>\u00a0al resto de su extensi\u00f3n.<\/p>\n<p>Junto con el frente, comenzar\u00e1 el avance de una masa de aire polar, ocupando gran parte del Cono Sur, causando heladas locales y generales en todo el oeste, y heladas localizadas en el sur y el centro de su extensi\u00f3n, pero sin alcanzar al norte.<\/p>\n<div class=\"btn_externos\"><\/div>\n<\/div>\n<\/div>\n<div class=\"wrapper-tags\">\n<div class=\"tags-bar clearfix\"><\/div>\n<\/div>\n<\/div>\n<\/div>\n<\/div>\n","protected":false},"excerpt":{"rendered":"<p>La condici\u00f3n h\u00eddrica pone en duda el futuro de la siembra en zonas agr\u00edcolas del centro-norte del pa\u00eds, donde se registran bajas del 15 al 20% de la superficie planificada, que pone en riesgo la producci\u00f3n de itrigo, ma\u00edz, girasol y cebada.<\/p>\n","protected":false},"author":3,"featured_media":0,"comment_status":"closed","ping_status":"closed","sticky":false,"template":"","format":"standard","meta":{"footnotes":""},"categories":[36,26],"tags":[],"class_list":["post-63027","post","type-post","status-publish","format-standard","hentry","category-economia","category-sociedad"],"yoast_head":"<!-- This site is optimized with the Yoast SEO plugin v25.9 - https:\/\/yoast.com\/wordpress\/plugins\/seo\/ -->\n<title>Pese a las lluvias, la falta de agua condiciona la evoluci\u00f3n de los cultivos - Noticias Radio Reflejos<\/title>\n<meta name=\"robots\" content=\"index, follow, max-snippet:-1, max-image-preview:large, max-video-preview:-1\" \/>\n<link rel=\"canonical\" href=\"https:\/\/www.noticiasradioreflejos.com.ar\/2021\/pese-a-las-lluvias-la-falta-de-agua-condiciona-la-evolucion-de-los-cultivos\/\" \/>\n<meta property=\"og:locale\" content=\"es_ES\" \/>\n<meta property=\"og:type\" content=\"article\" \/>\n<meta property=\"og:title\" content=\"Pese a las lluvias, la falta de agua condiciona la evoluci\u00f3n de los cultivos - Noticias Radio Reflejos\" \/>\n<meta property=\"og:description\" content=\"La condici\u00f3n h\u00eddrica pone en duda el futuro de la siembra en zonas agr\u00edcolas del centro-norte del pa\u00eds, donde se registran bajas del 15 al 20% de la superficie planificada, que pone en riesgo la producci\u00f3n de itrigo, ma\u00edz, girasol y cebada.\" \/>\n<meta property=\"og:url\" content=\"https:\/\/www.noticiasradioreflejos.com.ar\/2021\/pese-a-las-lluvias-la-falta-de-agua-condiciona-la-evolucion-de-los-cultivos\/\" \/>\n<meta property=\"og:site_name\" content=\"Noticias Radio Reflejos\" \/>\n<meta property=\"article:published_time\" content=\"2021-09-27T10:59:02+00:00\" \/>\n<meta property=\"og:image\" content=\"https:\/\/www.telam.com.ar\/advf\/imagenes\/editadas\/605603e795eeb_1004x564.jpg\" \/>\n<meta name=\"author\" content=\"Arnaldo Botto\" \/>\n<meta name=\"twitter:card\" content=\"summary_large_image\" \/>\n<script type=\"application\/ld+json\" class=\"yoast-schema-graph\">{\"@context\":\"https:\/\/schema.org\",\"@graph\":[{\"@type\":\"WebPage\",\"@id\":\"https:\/\/www.noticiasradioreflejos.com.ar\/2021\/pese-a-las-lluvias-la-falta-de-agua-condiciona-la-evolucion-de-los-cultivos\/\",\"url\":\"https:\/\/www.noticiasradioreflejos.com.ar\/2021\/pese-a-las-lluvias-la-falta-de-agua-condiciona-la-evolucion-de-los-cultivos\/\",\"name\":\"Pese a las lluvias, la falta de agua condiciona la evoluci\u00f3n de los cultivos - Noticias Radio Reflejos\",\"isPartOf\":{\"@id\":\"https:\/\/www.noticiasradioreflejos.com.ar\/2021\/#website\"},\"primaryImageOfPage\":{\"@id\":\"https:\/\/www.noticiasradioreflejos.com.ar\/2021\/pese-a-las-lluvias-la-falta-de-agua-condiciona-la-evolucion-de-los-cultivos\/#primaryimage\"},\"image\":{\"@id\":\"https:\/\/www.noticiasradioreflejos.com.ar\/2021\/pese-a-las-lluvias-la-falta-de-agua-condiciona-la-evolucion-de-los-cultivos\/#primaryimage\"},\"thumbnailUrl\":\"https:\/\/www.telam.com.ar\/advf\/imagenes\/editadas\/605603e795eeb_1004x564.jpg\",\"datePublished\":\"2021-09-27T10:59:02+00:00\",\"author\":{\"@id\":\"https:\/\/www.noticiasradioreflejos.com.ar\/2021\/#\/schema\/person\/ad82545263dcc5ec0996818884fd5fb1\"},\"breadcrumb\":{\"@id\":\"https:\/\/www.noticiasradioreflejos.com.ar\/2021\/pese-a-las-lluvias-la-falta-de-agua-condiciona-la-evolucion-de-los-cultivos\/#breadcrumb\"},\"inLanguage\":\"es\",\"potentialAction\":[{\"@type\":\"ReadAction\",\"target\":[\"https:\/\/www.noticiasradioreflejos.com.ar\/2021\/pese-a-las-lluvias-la-falta-de-agua-condiciona-la-evolucion-de-los-cultivos\/\"]}]},{\"@type\":\"ImageObject\",\"inLanguage\":\"es\",\"@id\":\"https:\/\/www.noticiasradioreflejos.com.ar\/2021\/pese-a-las-lluvias-la-falta-de-agua-condiciona-la-evolucion-de-los-cultivos\/#primaryimage\",\"url\":\"https:\/\/www.telam.com.ar\/advf\/imagenes\/editadas\/605603e795eeb_1004x564.jpg\",\"contentUrl\":\"https:\/\/www.telam.com.ar\/advf\/imagenes\/editadas\/605603e795eeb_1004x564.jpg\"},{\"@type\":\"BreadcrumbList\",\"@id\":\"https:\/\/www.noticiasradioreflejos.com.ar\/2021\/pese-a-las-lluvias-la-falta-de-agua-condiciona-la-evolucion-de-los-cultivos\/#breadcrumb\",\"itemListElement\":[{\"@type\":\"ListItem\",\"position\":1,\"name\":\"Portada\",\"item\":\"https:\/\/www.noticiasradioreflejos.com.ar\/2021\/\"},{\"@type\":\"ListItem\",\"position\":2,\"name\":\"Pese a las lluvias, la falta de agua condiciona la evoluci\u00f3n de los cultivos\"}]},{\"@type\":\"WebSite\",\"@id\":\"https:\/\/www.noticiasradioreflejos.com.ar\/2021\/#website\",\"url\":\"https:\/\/www.noticiasradioreflejos.com.ar\/2021\/\",\"name\":\"Noticias Radio Reflejos\",\"description\":\"Las noticias de mi comarca\",\"potentialAction\":[{\"@type\":\"SearchAction\",\"target\":{\"@type\":\"EntryPoint\",\"urlTemplate\":\"https:\/\/www.noticiasradioreflejos.com.ar\/2021\/?s={search_term_string}\"},\"query-input\":{\"@type\":\"PropertyValueSpecification\",\"valueRequired\":true,\"valueName\":\"search_term_string\"}}],\"inLanguage\":\"es\"},{\"@type\":\"Person\",\"@id\":\"https:\/\/www.noticiasradioreflejos.com.ar\/2021\/#\/schema\/person\/ad82545263dcc5ec0996818884fd5fb1\",\"name\":\"Arnaldo Botto\",\"image\":{\"@type\":\"ImageObject\",\"inLanguage\":\"es\",\"@id\":\"https:\/\/www.noticiasradioreflejos.com.ar\/2021\/#\/schema\/person\/image\/\",\"url\":\"https:\/\/secure.gravatar.com\/avatar\/55cb5e37c1efa326397366e6974cb338056df65cb50e7d64d1cf314e87504837?s=96&d=mm&r=g\",\"contentUrl\":\"https:\/\/secure.gravatar.com\/avatar\/55cb5e37c1efa326397366e6974cb338056df65cb50e7d64d1cf314e87504837?s=96&d=mm&r=g\",\"caption\":\"Arnaldo Botto\"},\"url\":\"https:\/\/www.noticiasradioreflejos.com.ar\/2021\/author\/arnaldo\/\"}]}<\/script>\n<!-- \/ Yoast SEO plugin. -->","yoast_head_json":{"title":"Pese a las lluvias, la falta de agua condiciona la evoluci\u00f3n de los cultivos - Noticias Radio Reflejos","robots":{"index":"index","follow":"follow","max-snippet":"max-snippet:-1","max-image-preview":"max-image-preview:large","max-video-preview":"max-video-preview:-1"},"canonical":"https:\/\/www.noticiasradioreflejos.com.ar\/2021\/pese-a-las-lluvias-la-falta-de-agua-condiciona-la-evolucion-de-los-cultivos\/","og_locale":"es_ES","og_type":"article","og_title":"Pese a las lluvias, la falta de agua condiciona la evoluci\u00f3n de los cultivos - Noticias Radio Reflejos","og_description":"La condici\u00f3n h\u00eddrica pone en duda el futuro de la siembra en zonas agr\u00edcolas del centro-norte del pa\u00eds, donde se registran bajas del 15 al 20% de la superficie planificada, que pone en riesgo la producci\u00f3n de itrigo, ma\u00edz, girasol y cebada.","og_url":"https:\/\/www.noticiasradioreflejos.com.ar\/2021\/pese-a-las-lluvias-la-falta-de-agua-condiciona-la-evolucion-de-los-cultivos\/","og_site_name":"Noticias Radio Reflejos","article_published_time":"2021-09-27T10:59:02+00:00","og_image":[{"url":"https:\/\/www.telam.com.ar\/advf\/imagenes\/editadas\/605603e795eeb_1004x564.jpg","type":"","width":"","height":""}],"author":"Arnaldo Botto","twitter_card":"summary_large_image","schema":{"@context":"https:\/\/schema.org","@graph":[{"@type":"WebPage","@id":"https:\/\/www.noticiasradioreflejos.com.ar\/2021\/pese-a-las-lluvias-la-falta-de-agua-condiciona-la-evolucion-de-los-cultivos\/","url":"https:\/\/www.noticiasradioreflejos.com.ar\/2021\/pese-a-las-lluvias-la-falta-de-agua-condiciona-la-evolucion-de-los-cultivos\/","name":"Pese a las lluvias, la falta de agua condiciona la evoluci\u00f3n de los cultivos - Noticias Radio Reflejos","isPartOf":{"@id":"https:\/\/www.noticiasradioreflejos.com.ar\/2021\/#website"},"primaryImageOfPage":{"@id":"https:\/\/www.noticiasradioreflejos.com.ar\/2021\/pese-a-las-lluvias-la-falta-de-agua-condiciona-la-evolucion-de-los-cultivos\/#primaryimage"},"image":{"@id":"https:\/\/www.noticiasradioreflejos.com.ar\/2021\/pese-a-las-lluvias-la-falta-de-agua-condiciona-la-evolucion-de-los-cultivos\/#primaryimage"},"thumbnailUrl":"https:\/\/www.telam.com.ar\/advf\/imagenes\/editadas\/605603e795eeb_1004x564.jpg","datePublished":"2021-09-27T10:59:02+00:00","author":{"@id":"https:\/\/www.noticiasradioreflejos.com.ar\/2021\/#\/schema\/person\/ad82545263dcc5ec0996818884fd5fb1"},"breadcrumb":{"@id":"https:\/\/www.noticiasradioreflejos.com.ar\/2021\/pese-a-las-lluvias-la-falta-de-agua-condiciona-la-evolucion-de-los-cultivos\/#breadcrumb"},"inLanguage":"es","potentialAction":[{"@type":"ReadAction","target":["https:\/\/www.noticiasradioreflejos.com.ar\/2021\/pese-a-las-lluvias-la-falta-de-agua-condiciona-la-evolucion-de-los-cultivos\/"]}]},{"@type":"ImageObject","inLanguage":"es","@id":"https:\/\/www.noticiasradioreflejos.com.ar\/2021\/pese-a-las-lluvias-la-falta-de-agua-condiciona-la-evolucion-de-los-cultivos\/#primaryimage","url":"https:\/\/www.telam.com.ar\/advf\/imagenes\/editadas\/605603e795eeb_1004x564.jpg","contentUrl":"https:\/\/www.telam.com.ar\/advf\/imagenes\/editadas\/605603e795eeb_1004x564.jpg"},{"@type":"BreadcrumbList","@id":"https:\/\/www.noticiasradioreflejos.com.ar\/2021\/pese-a-las-lluvias-la-falta-de-agua-condiciona-la-evolucion-de-los-cultivos\/#breadcrumb","itemListElement":[{"@type":"ListItem","position":1,"name":"Portada","item":"https:\/\/www.noticiasradioreflejos.com.ar\/2021\/"},{"@type":"ListItem","position":2,"name":"Pese a las lluvias, la falta de agua condiciona la evoluci\u00f3n de los cultivos"}]},{"@type":"WebSite","@id":"https:\/\/www.noticiasradioreflejos.com.ar\/2021\/#website","url":"https:\/\/www.noticiasradioreflejos.com.ar\/2021\/","name":"Noticias Radio Reflejos","description":"Las noticias de mi comarca","potentialAction":[{"@type":"SearchAction","target":{"@type":"EntryPoint","urlTemplate":"https:\/\/www.noticiasradioreflejos.com.ar\/2021\/?s={search_term_string}"},"query-input":{"@type":"PropertyValueSpecification","valueRequired":true,"valueName":"search_term_string"}}],"inLanguage":"es"},{"@type":"Person","@id":"https:\/\/www.noticiasradioreflejos.com.ar\/2021\/#\/schema\/person\/ad82545263dcc5ec0996818884fd5fb1","name":"Arnaldo Botto","image":{"@type":"ImageObject","inLanguage":"es","@id":"https:\/\/www.noticiasradioreflejos.com.ar\/2021\/#\/schema\/person\/image\/","url":"https:\/\/secure.gravatar.com\/avatar\/55cb5e37c1efa326397366e6974cb338056df65cb50e7d64d1cf314e87504837?s=96&d=mm&r=g","contentUrl":"https:\/\/secure.gravatar.com\/avatar\/55cb5e37c1efa326397366e6974cb338056df65cb50e7d64d1cf314e87504837?s=96&d=mm&r=g","caption":"Arnaldo Botto"},"url":"https:\/\/www.noticiasradioreflejos.com.ar\/2021\/author\/arnaldo\/"}]}},"_links":{"self":[{"href":"https:\/\/www.noticiasradioreflejos.com.ar\/2021\/wp-json\/wp\/v2\/posts\/63027","targetHints":{"allow":["GET"]}}],"collection":[{"href":"https:\/\/www.noticiasradioreflejos.com.ar\/2021\/wp-json\/wp\/v2\/posts"}],"about":[{"href":"https:\/\/www.noticiasradioreflejos.com.ar\/2021\/wp-json\/wp\/v2\/types\/post"}],"author":[{"embeddable":true,"href":"https:\/\/www.noticiasradioreflejos.com.ar\/2021\/wp-json\/wp\/v2\/users\/3"}],"replies":[{"embeddable":true,"href":"https:\/\/www.noticiasradioreflejos.com.ar\/2021\/wp-json\/wp\/v2\/comments?post=63027"}],"version-history":[{"count":1,"href":"https:\/\/www.noticiasradioreflejos.com.ar\/2021\/wp-json\/wp\/v2\/posts\/63027\/revisions"}],"predecessor-version":[{"id":63029,"href":"https:\/\/www.noticiasradioreflejos.com.ar\/2021\/wp-json\/wp\/v2\/posts\/63027\/revisions\/63029"}],"wp:attachment":[{"href":"https:\/\/www.noticiasradioreflejos.com.ar\/2021\/wp-json\/wp\/v2\/media?parent=63027"}],"wp:term":[{"taxonomy":"category","embeddable":true,"href":"https:\/\/www.noticiasradioreflejos.com.ar\/2021\/wp-json\/wp\/v2\/categories?post=63027"},{"taxonomy":"post_tag","embeddable":true,"href":"https:\/\/www.noticiasradioreflejos.com.ar\/2021\/wp-json\/wp\/v2\/tags?post=63027"}],"curies":[{"name":"wp","href":"https:\/\/api.w.org\/{rel}","templated":true}]}}