{"id":6296,"date":"2017-01-26T09:41:49","date_gmt":"2017-01-26T12:41:49","guid":{"rendered":"http:\/\/noticiasradioreflejos.com.ar\/noticias\/?p=6296"},"modified":"2017-01-26T09:41:49","modified_gmt":"2017-01-26T12:41:49","slug":"el-hcd-aprobo-un-incremento-salarial-para-los-empleados-municipales","status":"publish","type":"post","link":"https:\/\/www.noticiasradioreflejos.com.ar\/2021\/el-hcd-aprobo-un-incremento-salarial-para-los-empleados-municipales\/","title":{"rendered":"El HCD aprob\u00f3 un incremento salarial para los empleados municipales"},"content":{"rendered":"<p>Este mi\u00e9rcoles por la ma\u00f1ana se realiz\u00f3 una sesi\u00f3n extraordinaria en el Concejo Deliberante en la que se aprobaron, entre otros expedientes, un aumento a empleados municipales y el valor de la entrada para la 5\u00ba Fiesta Provincial de la Vendimia.<!--more--><br \/>\nPor unanimidad fue votada favorablemente la propuesta subida por el Departamento Ejecutivo de incremento salarial para los trabajadores del municipio: 10% remunerativo pero no al b\u00e1sico, por \u00fanica vez, para los haberes de enero; y 5% en blanco (al b\u00e1sico, lo que aumenta todos los \u00edtems) a partir de febrero.<br \/>\n\u201cSe hizo as\u00ed ya que no lleg\u00e1bamos a liquidar el 5% directo al b\u00e1sico para este mes por la fecha en la que estamos\u201d, explic\u00f3 el propio intendente municipal, Sergio Bordoni, quien estuvo presente en la sesi\u00f3n.<br \/>\nOtro de los puntos aprobados fue el valor de la entrada para la 5\u00ba Fiesta Provincial de la Vendimia, que se realizar\u00e1 los d\u00edas 25 y 26 de febrero en Saldungaray. Los ediles acordaron que el s\u00e1bado se cobre $50 y que el domingo el ingreso sea gratuito.<br \/>\n<strong>SE CRISTALIZA LA COMPRA DE LAS TIERRAS PARA VIVIENDAS SOCIALES<\/strong><br \/>\nEn di\u00e1logo con Miguel Herrada en el aire de FM de la Ciudad 99.5 \u201cNuevo Aire\u201d, el jefe comunal se refiri\u00f3 a la reuni\u00f3n que mantuvo el martes en La Plata para definir la compra de diez hect\u00e1reas para la generaci\u00f3n de nuevas manzanas y la construcci\u00f3n de viviendas sociales en Tornquist.<br \/>\n\u201cFue totalmente positiva la reuni\u00f3n, en una semana se estar\u00eda firmando el convenio definitorio y en 60 d\u00edas estar\u00edan los fondos disponibles. Se va a firmar un boleto de compra y venta y se le va a abonar un adelanto al propietario (Miguel Raising) para empezar a trabajar en las tierras\u201d, explic\u00f3.<br \/>\n\u201cSe va a comenzar con el movimiento de alambrados, vendr\u00e1n agentes de la Direcci\u00f3n de Hidr\u00e1ulica para ver qu\u00e9 se hace con el canal que quedar\u00e1 adelante y se va a empezar con el desarrollo del plano\u201d, a\u00f1adi\u00f3.<br \/>\nBordoni indic\u00f3 que de las nueve manzanas que se har\u00e1n, se utilizar\u00e1n ocho ya que la que quedar\u00e1 contra las v\u00edas no ser\u00e1 usada ya que \u201ces una zona inundable\u201d.<br \/>\n\u201cEs un paso trascendental con la necesidad de viviendas que hay en el distrito\u201d, manifest\u00f3.<br \/>\nEn cuanto a la construcci\u00f3n de las 20 viviendas del Plan Buenos Aires Hogar, el intendente indic\u00f3 que pedir\u00e1n autorizaci\u00f3n en el HCD para la redeterminaci\u00f3n de precios por $3.000.000 habilitada por el Aprofide, para que luego las obran sean reanudadas \u201cpor administraci\u00f3n propia\u201d.<br \/>\nEn ese marco, reiter\u00f3 que \u201cno son viviendas sociales, los aspirantes a adquirirlas tienen que precalificar en el Banco Provincia. Las cuotas ser\u00e1n de entre $6.000 y $6.500, ya que la financia una empresa del grupo Bapro. Igualmente sabemos que hay un mercado de gente que puede acceder\u201d.<br \/>\n<strong>LA SESI\u00d3N, PRESIDIDA POR \u201cTITA\u201d MUSSO<\/strong><br \/>\nDebido a que el presidente del HCD, Gustavo Moroncini, se encuentra de vacaciones, la sesi\u00f3n de este mi\u00e9rcoles fue presidida por Mar\u00eda Graciela Musso (Vicepresidente del cuerpo) del unibloque PJ.<br \/>\n\u201cPese a estar en receso de sesiones ordinarias, hay circunstancias en las que hay que citar a los concejales para sesionar\u201d, explic\u00f3 \u201cTita\u201d y manifest\u00f3 que \u201cno me cambian los sillones ni los lugares, fue una cuesti\u00f3n circunstancial\u201d, respecto a haber ocupado el sill\u00f3n de la presidencia.<br \/>\nEn cuanto a lo que se viene, Musso admiti\u00f3 que \u201cse viene un a\u00f1o movido porque ser\u00e1 de elecciones legislativas, pero movido desde lo pol\u00edtico partidario ya que en el \u00e1mbito del Concejo la movida es constante\u201d.<br \/>\n\u201cDurante el 2016 hubieron situaciones donde se plasmaron diferencias, la oposici\u00f3n ha marcado una postura que es respetable y entiendo el posicionamiento del oficialismo respecto de pedidos del intendente y en apoyar al gobierno provincial y nacional\u201d, sostuvo.<br \/>\n\u201cM\u00e1s de una vez las diferencias tienen que ver con formas de pensar diferente respecto de una situaci\u00f3n\u201d, consider\u00f3 tambi\u00e9n y continu\u00f3: \u201cDe hecho pas\u00f3 con el valor de la entrada a la Fiesta de la Vendimia, ayer no ten\u00edamos acuerdo y hoy lo logramos en funci\u00f3n de la gente de la comunidad\u201d.<br \/>\nSobre la presencia de Sergio Bordoni en la sesi\u00f3n asegur\u00f3 que \u201cno me llam\u00f3 la atenci\u00f3n y subi\u00f3 m\u00e1s que nada por lo de la Fiesta de la Vendimia, \u00e9l estaba de acuerdo en que de alguna manera le hagamos m\u00e1s f\u00e1cil la situaci\u00f3n a la comunidad de Tornquist\u201d.<br \/>\nPor \u00faltimo augur\u00f3 que el 2017 \u201csea con absoluta tranquilidad, con mesura y calma, porque desde la agresividad, la ira y la bronca nunca surge nada bueno. Si nos ponemos a pensar grandes l\u00edderes, casi siempre cuando hablaron lo hicieron para sembrar algo positivo\u201d.<br \/>\n<iframe loading=\"lazy\" src=\"https:\/\/w.soundcloud.com\/player\/?url=https%3A\/\/api.soundcloud.com\/tracks\/304609949&amp;color=ff5500&amp;auto_play=false&amp;hide_related=false&amp;show_comments=true&amp;show_user=true&amp;show_reposts=false\" width=\"100%\" height=\"166\" frameborder=\"no\" scrolling=\"no\"><\/iframe><br \/>\n<iframe loading=\"lazy\" src=\"https:\/\/w.soundcloud.com\/player\/?url=https%3A\/\/api.soundcloud.com\/tracks\/304610405&amp;color=ff5500&amp;auto_play=false&amp;hide_related=false&amp;show_comments=true&amp;show_user=true&amp;show_reposts=false\" width=\"100%\" height=\"166\" frameborder=\"no\" scrolling=\"no\"><\/iframe><\/p>\n","protected":false},"excerpt":{"rendered":"<p>Este mi\u00e9rcoles por la ma\u00f1ana se realiz\u00f3 una sesi\u00f3n extraordinaria en el Concejo Deliberante en la que se aprobaron, entre otros expedientes, un aumento a empleados municipales y el valor de la entrada para la 5\u00ba Fiesta Provincial de la Vendimia.<\/p>\n","protected":false},"author":3,"featured_media":0,"comment_status":"closed","ping_status":"open","sticky":false,"template":"","format":"standard","meta":{"footnotes":""},"categories":[28],"tags":[],"class_list":["post-6296","post","type-post","status-publish","format-standard","hentry","category-municipales"],"yoast_head":"<!-- This site is optimized with the Yoast SEO plugin v25.9 - https:\/\/yoast.com\/wordpress\/plugins\/seo\/ -->\n<title>El HCD aprob\u00f3 un incremento salarial para los empleados municipales - Noticias Radio Reflejos<\/title>\n<meta name=\"robots\" content=\"index, follow, max-snippet:-1, max-image-preview:large, max-video-preview:-1\" \/>\n<link rel=\"canonical\" href=\"https:\/\/www.noticiasradioreflejos.com.ar\/2021\/el-hcd-aprobo-un-incremento-salarial-para-los-empleados-municipales\/\" \/>\n<meta property=\"og:locale\" content=\"es_ES\" \/>\n<meta property=\"og:type\" content=\"article\" \/>\n<meta property=\"og:title\" content=\"El HCD aprob\u00f3 un incremento salarial para los empleados municipales - Noticias Radio Reflejos\" \/>\n<meta property=\"og:description\" content=\"Este mi\u00e9rcoles por la ma\u00f1ana se realiz\u00f3 una sesi\u00f3n extraordinaria en el Concejo Deliberante en la que se aprobaron, entre otros expedientes, un aumento a empleados municipales y el valor de la entrada para la 5\u00ba Fiesta Provincial de la Vendimia.\" \/>\n<meta property=\"og:url\" content=\"https:\/\/www.noticiasradioreflejos.com.ar\/2021\/el-hcd-aprobo-un-incremento-salarial-para-los-empleados-municipales\/\" \/>\n<meta property=\"og:site_name\" content=\"Noticias Radio Reflejos\" \/>\n<meta property=\"article:published_time\" content=\"2017-01-26T12:41:49+00:00\" \/>\n<meta property=\"og:image\" content=\"https:\/\/www.noticiasradioreflejos.com.ar\/2021\/wp-content\/uploads\/2021\/07\/logosol300x200.png\" \/>\n\t<meta property=\"og:image:width\" content=\"300\" \/>\n\t<meta property=\"og:image:height\" content=\"200\" \/>\n\t<meta property=\"og:image:type\" content=\"image\/png\" \/>\n<meta name=\"author\" content=\"Arnaldo Botto\" \/>\n<meta name=\"twitter:card\" content=\"summary_large_image\" \/>\n<script type=\"application\/ld+json\" class=\"yoast-schema-graph\">{\"@context\":\"https:\/\/schema.org\",\"@graph\":[{\"@type\":\"WebPage\",\"@id\":\"https:\/\/www.noticiasradioreflejos.com.ar\/2021\/el-hcd-aprobo-un-incremento-salarial-para-los-empleados-municipales\/\",\"url\":\"https:\/\/www.noticiasradioreflejos.com.ar\/2021\/el-hcd-aprobo-un-incremento-salarial-para-los-empleados-municipales\/\",\"name\":\"El HCD aprob\u00f3 un incremento salarial para los empleados municipales - Noticias Radio Reflejos\",\"isPartOf\":{\"@id\":\"https:\/\/www.noticiasradioreflejos.com.ar\/2021\/#website\"},\"datePublished\":\"2017-01-26T12:41:49+00:00\",\"author\":{\"@id\":\"https:\/\/www.noticiasradioreflejos.com.ar\/2021\/#\/schema\/person\/ad82545263dcc5ec0996818884fd5fb1\"},\"breadcrumb\":{\"@id\":\"https:\/\/www.noticiasradioreflejos.com.ar\/2021\/el-hcd-aprobo-un-incremento-salarial-para-los-empleados-municipales\/#breadcrumb\"},\"inLanguage\":\"es\",\"potentialAction\":[{\"@type\":\"ReadAction\",\"target\":[\"https:\/\/www.noticiasradioreflejos.com.ar\/2021\/el-hcd-aprobo-un-incremento-salarial-para-los-empleados-municipales\/\"]}]},{\"@type\":\"BreadcrumbList\",\"@id\":\"https:\/\/www.noticiasradioreflejos.com.ar\/2021\/el-hcd-aprobo-un-incremento-salarial-para-los-empleados-municipales\/#breadcrumb\",\"itemListElement\":[{\"@type\":\"ListItem\",\"position\":1,\"name\":\"Portada\",\"item\":\"https:\/\/www.noticiasradioreflejos.com.ar\/2021\/\"},{\"@type\":\"ListItem\",\"position\":2,\"name\":\"El HCD aprob\u00f3 un incremento salarial para los empleados municipales\"}]},{\"@type\":\"WebSite\",\"@id\":\"https:\/\/www.noticiasradioreflejos.com.ar\/2021\/#website\",\"url\":\"https:\/\/www.noticiasradioreflejos.com.ar\/2021\/\",\"name\":\"Noticias Radio Reflejos\",\"description\":\"Las noticias de mi comarca\",\"potentialAction\":[{\"@type\":\"SearchAction\",\"target\":{\"@type\":\"EntryPoint\",\"urlTemplate\":\"https:\/\/www.noticiasradioreflejos.com.ar\/2021\/?s={search_term_string}\"},\"query-input\":{\"@type\":\"PropertyValueSpecification\",\"valueRequired\":true,\"valueName\":\"search_term_string\"}}],\"inLanguage\":\"es\"},{\"@type\":\"Person\",\"@id\":\"https:\/\/www.noticiasradioreflejos.com.ar\/2021\/#\/schema\/person\/ad82545263dcc5ec0996818884fd5fb1\",\"name\":\"Arnaldo Botto\",\"image\":{\"@type\":\"ImageObject\",\"inLanguage\":\"es\",\"@id\":\"https:\/\/www.noticiasradioreflejos.com.ar\/2021\/#\/schema\/person\/image\/\",\"url\":\"https:\/\/secure.gravatar.com\/avatar\/55cb5e37c1efa326397366e6974cb338056df65cb50e7d64d1cf314e87504837?s=96&d=mm&r=g\",\"contentUrl\":\"https:\/\/secure.gravatar.com\/avatar\/55cb5e37c1efa326397366e6974cb338056df65cb50e7d64d1cf314e87504837?s=96&d=mm&r=g\",\"caption\":\"Arnaldo Botto\"},\"url\":\"https:\/\/www.noticiasradioreflejos.com.ar\/2021\/author\/arnaldo\/\"}]}<\/script>\n<!-- \/ Yoast SEO plugin. -->","yoast_head_json":{"title":"El HCD aprob\u00f3 un incremento salarial para los empleados municipales - Noticias Radio Reflejos","robots":{"index":"index","follow":"follow","max-snippet":"max-snippet:-1","max-image-preview":"max-image-preview:large","max-video-preview":"max-video-preview:-1"},"canonical":"https:\/\/www.noticiasradioreflejos.com.ar\/2021\/el-hcd-aprobo-un-incremento-salarial-para-los-empleados-municipales\/","og_locale":"es_ES","og_type":"article","og_title":"El HCD aprob\u00f3 un incremento salarial para los empleados municipales - Noticias Radio Reflejos","og_description":"Este mi\u00e9rcoles por la ma\u00f1ana se realiz\u00f3 una sesi\u00f3n extraordinaria en el Concejo Deliberante en la que se aprobaron, entre otros expedientes, un aumento a empleados municipales y el valor de la entrada para la 5\u00ba Fiesta Provincial de la Vendimia.","og_url":"https:\/\/www.noticiasradioreflejos.com.ar\/2021\/el-hcd-aprobo-un-incremento-salarial-para-los-empleados-municipales\/","og_site_name":"Noticias Radio Reflejos","article_published_time":"2017-01-26T12:41:49+00:00","og_image":[{"width":300,"height":200,"url":"https:\/\/www.noticiasradioreflejos.com.ar\/2021\/wp-content\/uploads\/2021\/07\/logosol300x200.png","type":"image\/png"}],"author":"Arnaldo Botto","twitter_card":"summary_large_image","schema":{"@context":"https:\/\/schema.org","@graph":[{"@type":"WebPage","@id":"https:\/\/www.noticiasradioreflejos.com.ar\/2021\/el-hcd-aprobo-un-incremento-salarial-para-los-empleados-municipales\/","url":"https:\/\/www.noticiasradioreflejos.com.ar\/2021\/el-hcd-aprobo-un-incremento-salarial-para-los-empleados-municipales\/","name":"El HCD aprob\u00f3 un incremento salarial para los empleados municipales - Noticias Radio Reflejos","isPartOf":{"@id":"https:\/\/www.noticiasradioreflejos.com.ar\/2021\/#website"},"datePublished":"2017-01-26T12:41:49+00:00","author":{"@id":"https:\/\/www.noticiasradioreflejos.com.ar\/2021\/#\/schema\/person\/ad82545263dcc5ec0996818884fd5fb1"},"breadcrumb":{"@id":"https:\/\/www.noticiasradioreflejos.com.ar\/2021\/el-hcd-aprobo-un-incremento-salarial-para-los-empleados-municipales\/#breadcrumb"},"inLanguage":"es","potentialAction":[{"@type":"ReadAction","target":["https:\/\/www.noticiasradioreflejos.com.ar\/2021\/el-hcd-aprobo-un-incremento-salarial-para-los-empleados-municipales\/"]}]},{"@type":"BreadcrumbList","@id":"https:\/\/www.noticiasradioreflejos.com.ar\/2021\/el-hcd-aprobo-un-incremento-salarial-para-los-empleados-municipales\/#breadcrumb","itemListElement":[{"@type":"ListItem","position":1,"name":"Portada","item":"https:\/\/www.noticiasradioreflejos.com.ar\/2021\/"},{"@type":"ListItem","position":2,"name":"El HCD aprob\u00f3 un incremento salarial para los empleados municipales"}]},{"@type":"WebSite","@id":"https:\/\/www.noticiasradioreflejos.com.ar\/2021\/#website","url":"https:\/\/www.noticiasradioreflejos.com.ar\/2021\/","name":"Noticias Radio Reflejos","description":"Las noticias de mi comarca","potentialAction":[{"@type":"SearchAction","target":{"@type":"EntryPoint","urlTemplate":"https:\/\/www.noticiasradioreflejos.com.ar\/2021\/?s={search_term_string}"},"query-input":{"@type":"PropertyValueSpecification","valueRequired":true,"valueName":"search_term_string"}}],"inLanguage":"es"},{"@type":"Person","@id":"https:\/\/www.noticiasradioreflejos.com.ar\/2021\/#\/schema\/person\/ad82545263dcc5ec0996818884fd5fb1","name":"Arnaldo Botto","image":{"@type":"ImageObject","inLanguage":"es","@id":"https:\/\/www.noticiasradioreflejos.com.ar\/2021\/#\/schema\/person\/image\/","url":"https:\/\/secure.gravatar.com\/avatar\/55cb5e37c1efa326397366e6974cb338056df65cb50e7d64d1cf314e87504837?s=96&d=mm&r=g","contentUrl":"https:\/\/secure.gravatar.com\/avatar\/55cb5e37c1efa326397366e6974cb338056df65cb50e7d64d1cf314e87504837?s=96&d=mm&r=g","caption":"Arnaldo Botto"},"url":"https:\/\/www.noticiasradioreflejos.com.ar\/2021\/author\/arnaldo\/"}]}},"_links":{"self":[{"href":"https:\/\/www.noticiasradioreflejos.com.ar\/2021\/wp-json\/wp\/v2\/posts\/6296","targetHints":{"allow":["GET"]}}],"collection":[{"href":"https:\/\/www.noticiasradioreflejos.com.ar\/2021\/wp-json\/wp\/v2\/posts"}],"about":[{"href":"https:\/\/www.noticiasradioreflejos.com.ar\/2021\/wp-json\/wp\/v2\/types\/post"}],"author":[{"embeddable":true,"href":"https:\/\/www.noticiasradioreflejos.com.ar\/2021\/wp-json\/wp\/v2\/users\/3"}],"replies":[{"embeddable":true,"href":"https:\/\/www.noticiasradioreflejos.com.ar\/2021\/wp-json\/wp\/v2\/comments?post=6296"}],"version-history":[{"count":0,"href":"https:\/\/www.noticiasradioreflejos.com.ar\/2021\/wp-json\/wp\/v2\/posts\/6296\/revisions"}],"wp:attachment":[{"href":"https:\/\/www.noticiasradioreflejos.com.ar\/2021\/wp-json\/wp\/v2\/media?parent=6296"}],"wp:term":[{"taxonomy":"category","embeddable":true,"href":"https:\/\/www.noticiasradioreflejos.com.ar\/2021\/wp-json\/wp\/v2\/categories?post=6296"},{"taxonomy":"post_tag","embeddable":true,"href":"https:\/\/www.noticiasradioreflejos.com.ar\/2021\/wp-json\/wp\/v2\/tags?post=6296"}],"curies":[{"name":"wp","href":"https:\/\/api.w.org\/{rel}","templated":true}]}}