{"id":62738,"date":"2021-09-14T19:19:57","date_gmt":"2021-09-14T19:19:57","guid":{"rendered":"http:\/\/www.noticiasradioreflejos.com.ar\/2021\/?p=62738"},"modified":"2021-09-14T19:19:57","modified_gmt":"2021-09-14T19:19:57","slug":"quedo-constituido-el-comite-ejecutivo-del-ente-mixto-de-turismo-de-tornquist","status":"publish","type":"post","link":"https:\/\/www.noticiasradioreflejos.com.ar\/2021\/quedo-constituido-el-comite-ejecutivo-del-ente-mixto-de-turismo-de-tornquist\/","title":{"rendered":"Qued\u00f3 constituido el Comit\u00e9 Ejecutivo del Ente Mixto de Turismo de Tornquist"},"content":{"rendered":"<p>Este lunes en un encuentro realizado en la localidad cabecera, qued\u00f3 constituido el Comit\u00e9 Ejecutivo del Ente Mixto de Turismo del distrito de Tornquist (EMITT), creado mediante la Ordenanza N\u00b0 3332\/21 del Honorable Concejo Deliberante.<!--more--><br \/>\n<a title=\"CE Enti mixto (1)\" href=\"https:\/\/www.flickr.com\/photos\/182279889@N02\/51476725434\/in\/dateposted-public\/\" data-flickr-embed=\"true\"><img loading=\"lazy\" decoding=\"async\" src=\"https:\/\/live.staticflickr.com\/65535\/51476725434_7fed2afe1b_c.jpg\" alt=\"CE Enti mixto (1)\" width=\"800\" height=\"451\" \/><\/a><script async src=\"\/\/embedr.flickr.com\/assets\/client-code.js\" charset=\"utf-8\"><\/script><\/p>\n<p>El ente funcionar\u00e1 como un \u00fanico espacio de encuentro institucional entre los sectores p\u00fablico y privado vinculados al turismo.<\/p>\n<p>El sector p\u00fablico lo representa el Departamento Ejecutivo, a trav\u00e9s del Secretario de Turismo, Gustavo Sandobal; el Director de Planificaci\u00f3n y Desarrollo Tur\u00edstico, Jerem\u00edas Le\u00f3n; el Secretario de Desarrollo, Dr. Gonzalo Iparraguirre; la Secretaria de Producci\u00f3n, Comercio e Industria, Susana Dos Santos; la Directora Medio Ambiente, Lic. Melisa Herrada; y la Directora de Cultura, Noel\u00ed Kloster; y el HCD, por medio de los concejales Viviana Montibeller (Acci\u00f3n por Tornquist), Laura Rosatelli (Frente Cumplir), y Sebasti\u00e1n Bassi (Juntos por el Cambio).<\/p>\n<p><a title=\"CE Enti mixto (2)\" href=\"https:\/\/www.flickr.com\/photos\/182279889@N02\/51476254003\/in\/dateposted-public\/\" data-flickr-embed=\"true\"><img loading=\"lazy\" decoding=\"async\" src=\"https:\/\/live.staticflickr.com\/65535\/51476254003_4bd4888e8d_c.jpg\" alt=\"CE Enti mixto (2)\" width=\"800\" height=\"533\" \/><\/a><script async src=\"\/\/embedr.flickr.com\/assets\/client-code.js\" charset=\"utf-8\"><\/script><\/p>\n<p>Por el sector privado, en tanto, se encuentran la Asociaci\u00f3n para el Desarrollo Tur\u00edstico de la Comarca de Sierras de la Ventana, C\u00e1mara Regional de Comercio Industria y Turismo Ernesto Tornquist, C\u00e1mara de Comercio Turismo e Industria de Sierra de la Ventana, Villa Arcadia y Saldungaray, C\u00e1mara de Comercio y Turismo de Villa Ventana, Asociaci\u00f3n de Prestadores y Comerciantes de Villa Ventana, Asociaci\u00f3n de Turismo Comunitario Saldungaray, Sociedad de Fomento y Turismo Villa Serrana La Gruta, Club de Pesca de Tornquist y el Colegio de Profesionales en Turismo PBA.<\/p>\n<p>Ya conformado, el ente trabajar\u00e1 sobre los siguientes objetivos estrat\u00e9gicos:<\/p>\n<p>-Oficiar como \u00fanico espacio de encuentro institucional entre los sectores p\u00fablico y privado vinculados al turismo;<\/p>\n<p>-Implementar los programas y estrategias de promoci\u00f3n tur\u00edstica de la \u201cComarca Tur\u00edstica Sierras de la Ventana\u201d, como marca local y la marca regional \u201cVentania Argentina\u201d y \u201cRegi\u00f3n del Sudoeste\u201d;<\/p>\n<p>-Potenciar el impacto econ\u00f3mico que tiene el turismo en el desarrollo del Distrito;<\/p>\n<p>-Participar en la planificaci\u00f3n tur\u00edstica distrital, de acuerdo a un criterio responsable y asegurando la sustentabilidad econ\u00f3mica, sociocultural y ambiental del destino;<\/p>\n<p>Adem\u00e1s, promover\u00e1, implementar\u00e1 y controlar\u00e1 las acciones tendientes al cumplimiento de los objetivos, manteniendo una comunicaci\u00f3n fluida y consensuada entre los sectores intervinientes; y colaborar\u00e1 en el an\u00e1lisis de propuestas de desarrollo, planeamiento, nuevos productos y actividades tur\u00edsticas.<\/p>\n<p><a title=\"CE Enti mixto (4)\" href=\"https:\/\/www.flickr.com\/photos\/182279889@N02\/51476725919\/in\/dateposted-public\/\" data-flickr-embed=\"true\"><img loading=\"lazy\" decoding=\"async\" src=\"https:\/\/live.staticflickr.com\/65535\/51476725919_ac4a2996dc_c.jpg\" alt=\"CE Enti mixto (4)\" width=\"800\" height=\"533\" \/><\/a><script async src=\"\/\/embedr.flickr.com\/assets\/client-code.js\" charset=\"utf-8\"><\/script><\/p>\n<p>Tambi\u00e9n, desde el organismo se buscar\u00e1 propiciar la Investigaci\u00f3n de mercados actuales y potenciales, as\u00ed como tambi\u00e9n la vinculada a los aspectos socioecon\u00f3micos, naturales y culturales; y capacitar a los diferentes actores relacionados para lograr calidad en los servicios y productos a trav\u00e9s de un proceso de mejora continua.<\/p>\n<p>Proponer y realizar campa\u00f1as de sensibilizaci\u00f3n y educaci\u00f3n, formales y no formales, destinadas a la poblaci\u00f3n en general con el objetivo de lograr conciencia tur\u00edstica, es otra de las tareas que llevar\u00e1 el EMITT.<\/p>\n<p>Asimismo, trabajar\u00e1 en la promoci\u00f3n y apoyo de la diversificaci\u00f3n en el uso del destino, generando congresos, convenciones, reuniones, ferias, eventos sociales, culturales y deportivos que permitan la inserci\u00f3n de la Comarca Tur\u00edstica de Sierras de la Ventana como destino tur\u00edstico \u201ctodo el a\u00f1o \u201c; priorizando las fiestas existentes en cada una de las localidades del distrito.<\/p>\n<p><a data-flickr-embed=\"true\" href=\"https:\/\/www.flickr.com\/photos\/182279889@N02\/51476938790\/in\/dateposted-public\/\" title=\"CE Enti mixto (4)\"><img loading=\"lazy\" decoding=\"async\" src=\"https:\/\/live.staticflickr.com\/65535\/51476938790_1e05b66ff3_c.jpg\" width=\"800\" height=\"533\" alt=\"CE Enti mixto (4)\"><\/a><script async src=\"\/\/embedr.flickr.com\/assets\/client-code.js\" charset=\"utf-8\"><\/script><\/p>\n<p><a data-flickr-embed=\"true\" href=\"https:\/\/www.flickr.com\/photos\/182279889@N02\/51476939825\/in\/dateposted-public\/\" title=\"CE Enti mixto (3)\"><img loading=\"lazy\" decoding=\"async\" src=\"https:\/\/live.staticflickr.com\/65535\/51476939825_63a1edf16a_c.jpg\" width=\"800\" height=\"533\" alt=\"CE Enti mixto (3)\"><\/a><script async src=\"\/\/embedr.flickr.com\/assets\/client-code.js\" charset=\"utf-8\"><\/script><\/p>\n<p>Fotos firmas y grupal: Gentileza de Miguel Herrada<\/p>\n","protected":false},"excerpt":{"rendered":"<p>Este lunes en un encuentro realizado en la localidad cabecera, qued\u00f3 constituido el Comit\u00e9 Ejecutivo del Ente Mixto de Turismo del distrito de Tornquist (EMITT), creado mediante la Ordenanza N\u00b0 3332\/21 del Honorable Concejo Deliberante.<\/p>\n","protected":false},"author":3,"featured_media":0,"comment_status":"closed","ping_status":"closed","sticky":false,"template":"","format":"standard","meta":{"footnotes":""},"categories":[28,33],"tags":[48],"class_list":["post-62738","post","type-post","status-publish","format-standard","hentry","category-municipales","category-turismo","tag-destacada"],"yoast_head":"<!-- This site is optimized with the Yoast SEO plugin v25.9 - https:\/\/yoast.com\/wordpress\/plugins\/seo\/ -->\n<title>Qued\u00f3 constituido el Comit\u00e9 Ejecutivo del Ente Mixto de Turismo de Tornquist - Noticias Radio Reflejos<\/title>\n<meta name=\"robots\" content=\"index, follow, max-snippet:-1, max-image-preview:large, max-video-preview:-1\" \/>\n<link rel=\"canonical\" href=\"https:\/\/www.noticiasradioreflejos.com.ar\/2021\/quedo-constituido-el-comite-ejecutivo-del-ente-mixto-de-turismo-de-tornquist\/\" \/>\n<meta property=\"og:locale\" content=\"es_ES\" \/>\n<meta property=\"og:type\" content=\"article\" \/>\n<meta property=\"og:title\" content=\"Qued\u00f3 constituido el Comit\u00e9 Ejecutivo del Ente Mixto de Turismo de Tornquist - Noticias Radio Reflejos\" \/>\n<meta property=\"og:description\" content=\"Este lunes en un encuentro realizado en la localidad cabecera, qued\u00f3 constituido el Comit\u00e9 Ejecutivo del Ente Mixto de Turismo del distrito de Tornquist (EMITT), creado mediante la Ordenanza N\u00b0 3332\/21 del Honorable Concejo Deliberante.\" \/>\n<meta property=\"og:url\" content=\"https:\/\/www.noticiasradioreflejos.com.ar\/2021\/quedo-constituido-el-comite-ejecutivo-del-ente-mixto-de-turismo-de-tornquist\/\" \/>\n<meta property=\"og:site_name\" content=\"Noticias Radio Reflejos\" \/>\n<meta property=\"article:published_time\" content=\"2021-09-14T19:19:57+00:00\" \/>\n<meta property=\"og:image\" content=\"https:\/\/live.staticflickr.com\/65535\/51476725434_7fed2afe1b_c.jpg\" \/>\n<meta name=\"author\" content=\"Arnaldo Botto\" \/>\n<meta name=\"twitter:card\" content=\"summary_large_image\" \/>\n<script type=\"application\/ld+json\" class=\"yoast-schema-graph\">{\"@context\":\"https:\/\/schema.org\",\"@graph\":[{\"@type\":\"WebPage\",\"@id\":\"https:\/\/www.noticiasradioreflejos.com.ar\/2021\/quedo-constituido-el-comite-ejecutivo-del-ente-mixto-de-turismo-de-tornquist\/\",\"url\":\"https:\/\/www.noticiasradioreflejos.com.ar\/2021\/quedo-constituido-el-comite-ejecutivo-del-ente-mixto-de-turismo-de-tornquist\/\",\"name\":\"Qued\u00f3 constituido el Comit\u00e9 Ejecutivo del Ente Mixto de Turismo de Tornquist - Noticias Radio Reflejos\",\"isPartOf\":{\"@id\":\"https:\/\/www.noticiasradioreflejos.com.ar\/2021\/#website\"},\"primaryImageOfPage\":{\"@id\":\"https:\/\/www.noticiasradioreflejos.com.ar\/2021\/quedo-constituido-el-comite-ejecutivo-del-ente-mixto-de-turismo-de-tornquist\/#primaryimage\"},\"image\":{\"@id\":\"https:\/\/www.noticiasradioreflejos.com.ar\/2021\/quedo-constituido-el-comite-ejecutivo-del-ente-mixto-de-turismo-de-tornquist\/#primaryimage\"},\"thumbnailUrl\":\"https:\/\/live.staticflickr.com\/65535\/51476725434_7fed2afe1b_c.jpg\",\"datePublished\":\"2021-09-14T19:19:57+00:00\",\"author\":{\"@id\":\"https:\/\/www.noticiasradioreflejos.com.ar\/2021\/#\/schema\/person\/ad82545263dcc5ec0996818884fd5fb1\"},\"breadcrumb\":{\"@id\":\"https:\/\/www.noticiasradioreflejos.com.ar\/2021\/quedo-constituido-el-comite-ejecutivo-del-ente-mixto-de-turismo-de-tornquist\/#breadcrumb\"},\"inLanguage\":\"es\",\"potentialAction\":[{\"@type\":\"ReadAction\",\"target\":[\"https:\/\/www.noticiasradioreflejos.com.ar\/2021\/quedo-constituido-el-comite-ejecutivo-del-ente-mixto-de-turismo-de-tornquist\/\"]}]},{\"@type\":\"ImageObject\",\"inLanguage\":\"es\",\"@id\":\"https:\/\/www.noticiasradioreflejos.com.ar\/2021\/quedo-constituido-el-comite-ejecutivo-del-ente-mixto-de-turismo-de-tornquist\/#primaryimage\",\"url\":\"https:\/\/live.staticflickr.com\/65535\/51476725434_7fed2afe1b_c.jpg\",\"contentUrl\":\"https:\/\/live.staticflickr.com\/65535\/51476725434_7fed2afe1b_c.jpg\"},{\"@type\":\"BreadcrumbList\",\"@id\":\"https:\/\/www.noticiasradioreflejos.com.ar\/2021\/quedo-constituido-el-comite-ejecutivo-del-ente-mixto-de-turismo-de-tornquist\/#breadcrumb\",\"itemListElement\":[{\"@type\":\"ListItem\",\"position\":1,\"name\":\"Portada\",\"item\":\"https:\/\/www.noticiasradioreflejos.com.ar\/2021\/\"},{\"@type\":\"ListItem\",\"position\":2,\"name\":\"Qued\u00f3 constituido el Comit\u00e9 Ejecutivo del Ente Mixto de Turismo de Tornquist\"}]},{\"@type\":\"WebSite\",\"@id\":\"https:\/\/www.noticiasradioreflejos.com.ar\/2021\/#website\",\"url\":\"https:\/\/www.noticiasradioreflejos.com.ar\/2021\/\",\"name\":\"Noticias Radio Reflejos\",\"description\":\"Las noticias de mi comarca\",\"potentialAction\":[{\"@type\":\"SearchAction\",\"target\":{\"@type\":\"EntryPoint\",\"urlTemplate\":\"https:\/\/www.noticiasradioreflejos.com.ar\/2021\/?s={search_term_string}\"},\"query-input\":{\"@type\":\"PropertyValueSpecification\",\"valueRequired\":true,\"valueName\":\"search_term_string\"}}],\"inLanguage\":\"es\"},{\"@type\":\"Person\",\"@id\":\"https:\/\/www.noticiasradioreflejos.com.ar\/2021\/#\/schema\/person\/ad82545263dcc5ec0996818884fd5fb1\",\"name\":\"Arnaldo Botto\",\"image\":{\"@type\":\"ImageObject\",\"inLanguage\":\"es\",\"@id\":\"https:\/\/www.noticiasradioreflejos.com.ar\/2021\/#\/schema\/person\/image\/\",\"url\":\"https:\/\/secure.gravatar.com\/avatar\/55cb5e37c1efa326397366e6974cb338056df65cb50e7d64d1cf314e87504837?s=96&d=mm&r=g\",\"contentUrl\":\"https:\/\/secure.gravatar.com\/avatar\/55cb5e37c1efa326397366e6974cb338056df65cb50e7d64d1cf314e87504837?s=96&d=mm&r=g\",\"caption\":\"Arnaldo Botto\"},\"url\":\"https:\/\/www.noticiasradioreflejos.com.ar\/2021\/author\/arnaldo\/\"}]}<\/script>\n<!-- \/ Yoast SEO plugin. -->","yoast_head_json":{"title":"Qued\u00f3 constituido el Comit\u00e9 Ejecutivo del Ente Mixto de Turismo de Tornquist - Noticias Radio Reflejos","robots":{"index":"index","follow":"follow","max-snippet":"max-snippet:-1","max-image-preview":"max-image-preview:large","max-video-preview":"max-video-preview:-1"},"canonical":"https:\/\/www.noticiasradioreflejos.com.ar\/2021\/quedo-constituido-el-comite-ejecutivo-del-ente-mixto-de-turismo-de-tornquist\/","og_locale":"es_ES","og_type":"article","og_title":"Qued\u00f3 constituido el Comit\u00e9 Ejecutivo del Ente Mixto de Turismo de Tornquist - Noticias Radio Reflejos","og_description":"Este lunes en un encuentro realizado en la localidad cabecera, qued\u00f3 constituido el Comit\u00e9 Ejecutivo del Ente Mixto de Turismo del distrito de Tornquist (EMITT), creado mediante la Ordenanza N\u00b0 3332\/21 del Honorable Concejo Deliberante.","og_url":"https:\/\/www.noticiasradioreflejos.com.ar\/2021\/quedo-constituido-el-comite-ejecutivo-del-ente-mixto-de-turismo-de-tornquist\/","og_site_name":"Noticias Radio Reflejos","article_published_time":"2021-09-14T19:19:57+00:00","og_image":[{"url":"https:\/\/live.staticflickr.com\/65535\/51476725434_7fed2afe1b_c.jpg","type":"","width":"","height":""}],"author":"Arnaldo Botto","twitter_card":"summary_large_image","schema":{"@context":"https:\/\/schema.org","@graph":[{"@type":"WebPage","@id":"https:\/\/www.noticiasradioreflejos.com.ar\/2021\/quedo-constituido-el-comite-ejecutivo-del-ente-mixto-de-turismo-de-tornquist\/","url":"https:\/\/www.noticiasradioreflejos.com.ar\/2021\/quedo-constituido-el-comite-ejecutivo-del-ente-mixto-de-turismo-de-tornquist\/","name":"Qued\u00f3 constituido el Comit\u00e9 Ejecutivo del Ente Mixto de Turismo de Tornquist - Noticias Radio Reflejos","isPartOf":{"@id":"https:\/\/www.noticiasradioreflejos.com.ar\/2021\/#website"},"primaryImageOfPage":{"@id":"https:\/\/www.noticiasradioreflejos.com.ar\/2021\/quedo-constituido-el-comite-ejecutivo-del-ente-mixto-de-turismo-de-tornquist\/#primaryimage"},"image":{"@id":"https:\/\/www.noticiasradioreflejos.com.ar\/2021\/quedo-constituido-el-comite-ejecutivo-del-ente-mixto-de-turismo-de-tornquist\/#primaryimage"},"thumbnailUrl":"https:\/\/live.staticflickr.com\/65535\/51476725434_7fed2afe1b_c.jpg","datePublished":"2021-09-14T19:19:57+00:00","author":{"@id":"https:\/\/www.noticiasradioreflejos.com.ar\/2021\/#\/schema\/person\/ad82545263dcc5ec0996818884fd5fb1"},"breadcrumb":{"@id":"https:\/\/www.noticiasradioreflejos.com.ar\/2021\/quedo-constituido-el-comite-ejecutivo-del-ente-mixto-de-turismo-de-tornquist\/#breadcrumb"},"inLanguage":"es","potentialAction":[{"@type":"ReadAction","target":["https:\/\/www.noticiasradioreflejos.com.ar\/2021\/quedo-constituido-el-comite-ejecutivo-del-ente-mixto-de-turismo-de-tornquist\/"]}]},{"@type":"ImageObject","inLanguage":"es","@id":"https:\/\/www.noticiasradioreflejos.com.ar\/2021\/quedo-constituido-el-comite-ejecutivo-del-ente-mixto-de-turismo-de-tornquist\/#primaryimage","url":"https:\/\/live.staticflickr.com\/65535\/51476725434_7fed2afe1b_c.jpg","contentUrl":"https:\/\/live.staticflickr.com\/65535\/51476725434_7fed2afe1b_c.jpg"},{"@type":"BreadcrumbList","@id":"https:\/\/www.noticiasradioreflejos.com.ar\/2021\/quedo-constituido-el-comite-ejecutivo-del-ente-mixto-de-turismo-de-tornquist\/#breadcrumb","itemListElement":[{"@type":"ListItem","position":1,"name":"Portada","item":"https:\/\/www.noticiasradioreflejos.com.ar\/2021\/"},{"@type":"ListItem","position":2,"name":"Qued\u00f3 constituido el Comit\u00e9 Ejecutivo del Ente Mixto de Turismo de Tornquist"}]},{"@type":"WebSite","@id":"https:\/\/www.noticiasradioreflejos.com.ar\/2021\/#website","url":"https:\/\/www.noticiasradioreflejos.com.ar\/2021\/","name":"Noticias Radio Reflejos","description":"Las noticias de mi comarca","potentialAction":[{"@type":"SearchAction","target":{"@type":"EntryPoint","urlTemplate":"https:\/\/www.noticiasradioreflejos.com.ar\/2021\/?s={search_term_string}"},"query-input":{"@type":"PropertyValueSpecification","valueRequired":true,"valueName":"search_term_string"}}],"inLanguage":"es"},{"@type":"Person","@id":"https:\/\/www.noticiasradioreflejos.com.ar\/2021\/#\/schema\/person\/ad82545263dcc5ec0996818884fd5fb1","name":"Arnaldo Botto","image":{"@type":"ImageObject","inLanguage":"es","@id":"https:\/\/www.noticiasradioreflejos.com.ar\/2021\/#\/schema\/person\/image\/","url":"https:\/\/secure.gravatar.com\/avatar\/55cb5e37c1efa326397366e6974cb338056df65cb50e7d64d1cf314e87504837?s=96&d=mm&r=g","contentUrl":"https:\/\/secure.gravatar.com\/avatar\/55cb5e37c1efa326397366e6974cb338056df65cb50e7d64d1cf314e87504837?s=96&d=mm&r=g","caption":"Arnaldo Botto"},"url":"https:\/\/www.noticiasradioreflejos.com.ar\/2021\/author\/arnaldo\/"}]}},"_links":{"self":[{"href":"https:\/\/www.noticiasradioreflejos.com.ar\/2021\/wp-json\/wp\/v2\/posts\/62738","targetHints":{"allow":["GET"]}}],"collection":[{"href":"https:\/\/www.noticiasradioreflejos.com.ar\/2021\/wp-json\/wp\/v2\/posts"}],"about":[{"href":"https:\/\/www.noticiasradioreflejos.com.ar\/2021\/wp-json\/wp\/v2\/types\/post"}],"author":[{"embeddable":true,"href":"https:\/\/www.noticiasradioreflejos.com.ar\/2021\/wp-json\/wp\/v2\/users\/3"}],"replies":[{"embeddable":true,"href":"https:\/\/www.noticiasradioreflejos.com.ar\/2021\/wp-json\/wp\/v2\/comments?post=62738"}],"version-history":[{"count":1,"href":"https:\/\/www.noticiasradioreflejos.com.ar\/2021\/wp-json\/wp\/v2\/posts\/62738\/revisions"}],"predecessor-version":[{"id":62740,"href":"https:\/\/www.noticiasradioreflejos.com.ar\/2021\/wp-json\/wp\/v2\/posts\/62738\/revisions\/62740"}],"wp:attachment":[{"href":"https:\/\/www.noticiasradioreflejos.com.ar\/2021\/wp-json\/wp\/v2\/media?parent=62738"}],"wp:term":[{"taxonomy":"category","embeddable":true,"href":"https:\/\/www.noticiasradioreflejos.com.ar\/2021\/wp-json\/wp\/v2\/categories?post=62738"},{"taxonomy":"post_tag","embeddable":true,"href":"https:\/\/www.noticiasradioreflejos.com.ar\/2021\/wp-json\/wp\/v2\/tags?post=62738"}],"curies":[{"name":"wp","href":"https:\/\/api.w.org\/{rel}","templated":true}]}}