{"id":62737,"date":"2021-09-14T21:03:17","date_gmt":"2021-09-14T21:03:17","guid":{"rendered":"http:\/\/www.noticiasradioreflejos.com.ar\/2021\/?p=62737"},"modified":"2021-09-14T21:03:17","modified_gmt":"2021-09-14T21:03:17","slug":"el-futuro-de-accion-por-tornquist-es-para-adelante-la-gente-quiere-un-vecinalismo-hoy-tienen-la-herramienta","status":"publish","type":"post","link":"https:\/\/www.noticiasradioreflejos.com.ar\/2021\/el-futuro-de-accion-por-tornquist-es-para-adelante-la-gente-quiere-un-vecinalismo-hoy-tienen-la-herramienta\/","title":{"rendered":"\u00abEl futuro de Acci\u00f3n por Tornquist es para adelante, la gente quiere un vecinalismo, hoy tienen la herramienta\u00bb"},"content":{"rendered":"<p>El Secretario de Gobierno y Seguridad municipal y Presidente de la agrupaci\u00f3n vecinalista Acci\u00f3n por Tornquist, utiliza el espacio de la radio para hacer un balance sobre las elecciones del pasado domingo 12 de Septiembre.<!--more--><\/p>\n<p>\u00abLo que hubo hasta el resultado eran expectativas. En este caso, toc\u00f3 que la realidad no fue igual que la expectativa creada. Si bien en el fondo sab\u00edamos que no todo iba a ser de color de rosa y que Juntos iba a crear una fuerza muy grande a nivel Nacional y Provincial, pens\u00e1bamos que \u00edbamos a tener un mejor resultado que el que tuvimos\u00bb expres\u00f3 c\u00f3mo vivenci\u00f3 la derrota de su agrupaci\u00f3n en las pasadas elecciones.<\/p>\n<p>Ezequiel resalt\u00f3 que \u00abuno tiene que buscar los culpables de este resultado no favorable puertas adentro, los principales responsables somos nosotros, los de este espacio pol\u00edtico\u00bb, haciendo referencia a los resultados. \u00abEl tema es que a Acci\u00f3n por Tornquist se le pretendi\u00f3 un resultado a veces quiz\u00e1s sin tomar en cuenta que es algo que se arm\u00f3 entero hace muy poco tiempo, y encima con esta manifestaci\u00f3n de la boleta corta\u00bb agreg\u00f3.<\/p>\n<p>\u00abDentro de las reflexiones que nosotros hacemos en este momento, sentimos dolor, no enojo. Porque hay una desaprobaci\u00f3n, probablemente, a la gesti\u00f3n municipal. Y nosotros creemos, que durante la gesti\u00f3n se hab\u00eda apoyado much\u00edsimo a las localidades\u00bb comparti\u00f3 Ezequiel.<\/p>\n<p>Cuando le preguntamos sobre el futuro de Acci\u00f3n por Tornquist, Gabella respondi\u00f3: \u00abLa gente fluct\u00faa de un espacio pol\u00edtico a otro buscando su conveniencia, y no lo digo desde un punto de vista despectivo. Eso es lo que hace con el voto, castiga a quien no le de y va con el que significa la compra. Ac\u00e1 no se premi\u00f3 a Juntos por su labor, est\u00e1n en una situaci\u00f3n mucho m\u00e1s c\u00f3moda. El futuro de Acci\u00f3n por Tornquist es para adelante, la gente quiere un vecinalismo, hoy tienen la herramienta\u00bb.<\/p>\n<p>\u00abAhora con el resultado no vamos a salir a hacer nada loco\u00bb mencion\u00f3 Ezequiel cuando le preguntamos si tienen en cuenta el resultado de las elecciones para las pr\u00f3ximas toma de decisiones municipales. \u00abAjustar lo que se pueda ajustar\u00bb cerr\u00f3.<\/p>\n<p>Nota completa a continuaci\u00f3n:<br \/>\n<iframe loading=\"lazy\" src=\"https:\/\/w.soundcloud.com\/player\/?url=https%3A\/\/api.soundcloud.com\/tracks\/1124554972&amp;color=%23ff5500&amp;auto_play=false&amp;hide_related=false&amp;show_comments=true&amp;show_user=true&amp;show_reposts=false&amp;show_teaser=true\" width=\"100%\" height=\"166\" frameborder=\"no\" scrolling=\"no\"><\/iframe><\/p>\n<div style=\"font-size: 10px; color: #cccccc; line-break: anywhere; word-break: normal; overflow: hidden; white-space: nowrap; text-overflow: ellipsis; font-family: Interstate,Lucida Grande,Lucida Sans Unicode,Lucida Sans,Garuda,Verdana,Tahoma,sans-serif; font-weight: 100;\"><a style=\"color: #cccccc; text-decoration: none;\" title=\"fmreflejos 103.7\" href=\"https:\/\/soundcloud.com\/fmreflejos-103-7\" target=\"_blank\" rel=\"noopener\">fmreflejos 103.7<\/a> \u00b7 <a style=\"color: #cccccc; text-decoration: none;\" title=\"Ezequiel Gabella\" href=\"https:\/\/soundcloud.com\/fmreflejos-103-7\/ezequiel-gabella-70155897\" target=\"_blank\" rel=\"noopener\">Ezequiel Gabella<\/a><\/div>\n","protected":false},"excerpt":{"rendered":"<p>El Secretario de Gobierno y Seguridad municipal y Presidente de la agrupaci\u00f3n vecinalista Acci\u00f3n por Tornquist, utiliza el espacio de la radio para hacer un balance sobre las elecciones del pasado domingo 12 de Septiembre.<\/p>\n","protected":false},"author":3,"featured_media":0,"comment_status":"closed","ping_status":"closed","sticky":false,"template":"","format":"standard","meta":{"footnotes":""},"categories":[24],"tags":[48],"class_list":["post-62737","post","type-post","status-publish","format-standard","hentry","category-politica","tag-destacada"],"yoast_head":"<!-- This site is optimized with the Yoast SEO plugin v25.9 - https:\/\/yoast.com\/wordpress\/plugins\/seo\/ -->\n<title>&quot;El futuro de Acci\u00f3n por Tornquist es para adelante, la gente quiere un vecinalismo, hoy tienen la herramienta&quot; - Noticias Radio Reflejos<\/title>\n<meta name=\"robots\" content=\"index, follow, max-snippet:-1, max-image-preview:large, max-video-preview:-1\" \/>\n<link rel=\"canonical\" href=\"https:\/\/www.noticiasradioreflejos.com.ar\/2021\/el-futuro-de-accion-por-tornquist-es-para-adelante-la-gente-quiere-un-vecinalismo-hoy-tienen-la-herramienta\/\" \/>\n<meta property=\"og:locale\" content=\"es_ES\" \/>\n<meta property=\"og:type\" content=\"article\" \/>\n<meta property=\"og:title\" content=\"&quot;El futuro de Acci\u00f3n por Tornquist es para adelante, la gente quiere un vecinalismo, hoy tienen la herramienta&quot; - Noticias Radio Reflejos\" \/>\n<meta property=\"og:description\" content=\"El Secretario de Gobierno y Seguridad municipal y Presidente de la agrupaci\u00f3n vecinalista Acci\u00f3n por Tornquist, utiliza el espacio de la radio para hacer un balance sobre las elecciones del pasado domingo 12 de Septiembre.\" \/>\n<meta property=\"og:url\" content=\"https:\/\/www.noticiasradioreflejos.com.ar\/2021\/el-futuro-de-accion-por-tornquist-es-para-adelante-la-gente-quiere-un-vecinalismo-hoy-tienen-la-herramienta\/\" \/>\n<meta property=\"og:site_name\" content=\"Noticias Radio Reflejos\" \/>\n<meta property=\"article:published_time\" content=\"2021-09-14T21:03:17+00:00\" \/>\n<meta property=\"og:image\" content=\"https:\/\/www.noticiasradioreflejos.com.ar\/2021\/wp-content\/uploads\/2021\/07\/logosol300x200.png\" \/>\n\t<meta property=\"og:image:width\" content=\"300\" \/>\n\t<meta property=\"og:image:height\" content=\"200\" \/>\n\t<meta property=\"og:image:type\" content=\"image\/png\" \/>\n<meta name=\"author\" content=\"Arnaldo Botto\" \/>\n<meta name=\"twitter:card\" content=\"summary_large_image\" \/>\n<script type=\"application\/ld+json\" class=\"yoast-schema-graph\">{\"@context\":\"https:\/\/schema.org\",\"@graph\":[{\"@type\":\"WebPage\",\"@id\":\"https:\/\/www.noticiasradioreflejos.com.ar\/2021\/el-futuro-de-accion-por-tornquist-es-para-adelante-la-gente-quiere-un-vecinalismo-hoy-tienen-la-herramienta\/\",\"url\":\"https:\/\/www.noticiasradioreflejos.com.ar\/2021\/el-futuro-de-accion-por-tornquist-es-para-adelante-la-gente-quiere-un-vecinalismo-hoy-tienen-la-herramienta\/\",\"name\":\"\\\"El futuro de Acci\u00f3n por Tornquist es para adelante, la gente quiere un vecinalismo, hoy tienen la herramienta\\\" - Noticias Radio Reflejos\",\"isPartOf\":{\"@id\":\"https:\/\/www.noticiasradioreflejos.com.ar\/2021\/#website\"},\"datePublished\":\"2021-09-14T21:03:17+00:00\",\"author\":{\"@id\":\"https:\/\/www.noticiasradioreflejos.com.ar\/2021\/#\/schema\/person\/ad82545263dcc5ec0996818884fd5fb1\"},\"breadcrumb\":{\"@id\":\"https:\/\/www.noticiasradioreflejos.com.ar\/2021\/el-futuro-de-accion-por-tornquist-es-para-adelante-la-gente-quiere-un-vecinalismo-hoy-tienen-la-herramienta\/#breadcrumb\"},\"inLanguage\":\"es\",\"potentialAction\":[{\"@type\":\"ReadAction\",\"target\":[\"https:\/\/www.noticiasradioreflejos.com.ar\/2021\/el-futuro-de-accion-por-tornquist-es-para-adelante-la-gente-quiere-un-vecinalismo-hoy-tienen-la-herramienta\/\"]}]},{\"@type\":\"BreadcrumbList\",\"@id\":\"https:\/\/www.noticiasradioreflejos.com.ar\/2021\/el-futuro-de-accion-por-tornquist-es-para-adelante-la-gente-quiere-un-vecinalismo-hoy-tienen-la-herramienta\/#breadcrumb\",\"itemListElement\":[{\"@type\":\"ListItem\",\"position\":1,\"name\":\"Portada\",\"item\":\"https:\/\/www.noticiasradioreflejos.com.ar\/2021\/\"},{\"@type\":\"ListItem\",\"position\":2,\"name\":\"\u00abEl futuro de Acci\u00f3n por Tornquist es para adelante, la gente quiere un vecinalismo, hoy tienen la herramienta\u00bb\"}]},{\"@type\":\"WebSite\",\"@id\":\"https:\/\/www.noticiasradioreflejos.com.ar\/2021\/#website\",\"url\":\"https:\/\/www.noticiasradioreflejos.com.ar\/2021\/\",\"name\":\"Noticias Radio Reflejos\",\"description\":\"Las noticias de mi comarca\",\"potentialAction\":[{\"@type\":\"SearchAction\",\"target\":{\"@type\":\"EntryPoint\",\"urlTemplate\":\"https:\/\/www.noticiasradioreflejos.com.ar\/2021\/?s={search_term_string}\"},\"query-input\":{\"@type\":\"PropertyValueSpecification\",\"valueRequired\":true,\"valueName\":\"search_term_string\"}}],\"inLanguage\":\"es\"},{\"@type\":\"Person\",\"@id\":\"https:\/\/www.noticiasradioreflejos.com.ar\/2021\/#\/schema\/person\/ad82545263dcc5ec0996818884fd5fb1\",\"name\":\"Arnaldo Botto\",\"image\":{\"@type\":\"ImageObject\",\"inLanguage\":\"es\",\"@id\":\"https:\/\/www.noticiasradioreflejos.com.ar\/2021\/#\/schema\/person\/image\/\",\"url\":\"https:\/\/secure.gravatar.com\/avatar\/55cb5e37c1efa326397366e6974cb338056df65cb50e7d64d1cf314e87504837?s=96&d=mm&r=g\",\"contentUrl\":\"https:\/\/secure.gravatar.com\/avatar\/55cb5e37c1efa326397366e6974cb338056df65cb50e7d64d1cf314e87504837?s=96&d=mm&r=g\",\"caption\":\"Arnaldo Botto\"},\"url\":\"https:\/\/www.noticiasradioreflejos.com.ar\/2021\/author\/arnaldo\/\"}]}<\/script>\n<!-- \/ Yoast SEO plugin. -->","yoast_head_json":{"title":"\"El futuro de Acci\u00f3n por Tornquist es para adelante, la gente quiere un vecinalismo, hoy tienen la herramienta\" - Noticias Radio Reflejos","robots":{"index":"index","follow":"follow","max-snippet":"max-snippet:-1","max-image-preview":"max-image-preview:large","max-video-preview":"max-video-preview:-1"},"canonical":"https:\/\/www.noticiasradioreflejos.com.ar\/2021\/el-futuro-de-accion-por-tornquist-es-para-adelante-la-gente-quiere-un-vecinalismo-hoy-tienen-la-herramienta\/","og_locale":"es_ES","og_type":"article","og_title":"\"El futuro de Acci\u00f3n por Tornquist es para adelante, la gente quiere un vecinalismo, hoy tienen la herramienta\" - Noticias Radio Reflejos","og_description":"El Secretario de Gobierno y Seguridad municipal y Presidente de la agrupaci\u00f3n vecinalista Acci\u00f3n por Tornquist, utiliza el espacio de la radio para hacer un balance sobre las elecciones del pasado domingo 12 de Septiembre.","og_url":"https:\/\/www.noticiasradioreflejos.com.ar\/2021\/el-futuro-de-accion-por-tornquist-es-para-adelante-la-gente-quiere-un-vecinalismo-hoy-tienen-la-herramienta\/","og_site_name":"Noticias Radio Reflejos","article_published_time":"2021-09-14T21:03:17+00:00","og_image":[{"width":300,"height":200,"url":"https:\/\/www.noticiasradioreflejos.com.ar\/2021\/wp-content\/uploads\/2021\/07\/logosol300x200.png","type":"image\/png"}],"author":"Arnaldo Botto","twitter_card":"summary_large_image","schema":{"@context":"https:\/\/schema.org","@graph":[{"@type":"WebPage","@id":"https:\/\/www.noticiasradioreflejos.com.ar\/2021\/el-futuro-de-accion-por-tornquist-es-para-adelante-la-gente-quiere-un-vecinalismo-hoy-tienen-la-herramienta\/","url":"https:\/\/www.noticiasradioreflejos.com.ar\/2021\/el-futuro-de-accion-por-tornquist-es-para-adelante-la-gente-quiere-un-vecinalismo-hoy-tienen-la-herramienta\/","name":"\"El futuro de Acci\u00f3n por Tornquist es para adelante, la gente quiere un vecinalismo, hoy tienen la herramienta\" - Noticias Radio Reflejos","isPartOf":{"@id":"https:\/\/www.noticiasradioreflejos.com.ar\/2021\/#website"},"datePublished":"2021-09-14T21:03:17+00:00","author":{"@id":"https:\/\/www.noticiasradioreflejos.com.ar\/2021\/#\/schema\/person\/ad82545263dcc5ec0996818884fd5fb1"},"breadcrumb":{"@id":"https:\/\/www.noticiasradioreflejos.com.ar\/2021\/el-futuro-de-accion-por-tornquist-es-para-adelante-la-gente-quiere-un-vecinalismo-hoy-tienen-la-herramienta\/#breadcrumb"},"inLanguage":"es","potentialAction":[{"@type":"ReadAction","target":["https:\/\/www.noticiasradioreflejos.com.ar\/2021\/el-futuro-de-accion-por-tornquist-es-para-adelante-la-gente-quiere-un-vecinalismo-hoy-tienen-la-herramienta\/"]}]},{"@type":"BreadcrumbList","@id":"https:\/\/www.noticiasradioreflejos.com.ar\/2021\/el-futuro-de-accion-por-tornquist-es-para-adelante-la-gente-quiere-un-vecinalismo-hoy-tienen-la-herramienta\/#breadcrumb","itemListElement":[{"@type":"ListItem","position":1,"name":"Portada","item":"https:\/\/www.noticiasradioreflejos.com.ar\/2021\/"},{"@type":"ListItem","position":2,"name":"\u00abEl futuro de Acci\u00f3n por Tornquist es para adelante, la gente quiere un vecinalismo, hoy tienen la herramienta\u00bb"}]},{"@type":"WebSite","@id":"https:\/\/www.noticiasradioreflejos.com.ar\/2021\/#website","url":"https:\/\/www.noticiasradioreflejos.com.ar\/2021\/","name":"Noticias Radio Reflejos","description":"Las noticias de mi comarca","potentialAction":[{"@type":"SearchAction","target":{"@type":"EntryPoint","urlTemplate":"https:\/\/www.noticiasradioreflejos.com.ar\/2021\/?s={search_term_string}"},"query-input":{"@type":"PropertyValueSpecification","valueRequired":true,"valueName":"search_term_string"}}],"inLanguage":"es"},{"@type":"Person","@id":"https:\/\/www.noticiasradioreflejos.com.ar\/2021\/#\/schema\/person\/ad82545263dcc5ec0996818884fd5fb1","name":"Arnaldo Botto","image":{"@type":"ImageObject","inLanguage":"es","@id":"https:\/\/www.noticiasradioreflejos.com.ar\/2021\/#\/schema\/person\/image\/","url":"https:\/\/secure.gravatar.com\/avatar\/55cb5e37c1efa326397366e6974cb338056df65cb50e7d64d1cf314e87504837?s=96&d=mm&r=g","contentUrl":"https:\/\/secure.gravatar.com\/avatar\/55cb5e37c1efa326397366e6974cb338056df65cb50e7d64d1cf314e87504837?s=96&d=mm&r=g","caption":"Arnaldo Botto"},"url":"https:\/\/www.noticiasradioreflejos.com.ar\/2021\/author\/arnaldo\/"}]}},"_links":{"self":[{"href":"https:\/\/www.noticiasradioreflejos.com.ar\/2021\/wp-json\/wp\/v2\/posts\/62737","targetHints":{"allow":["GET"]}}],"collection":[{"href":"https:\/\/www.noticiasradioreflejos.com.ar\/2021\/wp-json\/wp\/v2\/posts"}],"about":[{"href":"https:\/\/www.noticiasradioreflejos.com.ar\/2021\/wp-json\/wp\/v2\/types\/post"}],"author":[{"embeddable":true,"href":"https:\/\/www.noticiasradioreflejos.com.ar\/2021\/wp-json\/wp\/v2\/users\/3"}],"replies":[{"embeddable":true,"href":"https:\/\/www.noticiasradioreflejos.com.ar\/2021\/wp-json\/wp\/v2\/comments?post=62737"}],"version-history":[{"count":2,"href":"https:\/\/www.noticiasradioreflejos.com.ar\/2021\/wp-json\/wp\/v2\/posts\/62737\/revisions"}],"predecessor-version":[{"id":62753,"href":"https:\/\/www.noticiasradioreflejos.com.ar\/2021\/wp-json\/wp\/v2\/posts\/62737\/revisions\/62753"}],"wp:attachment":[{"href":"https:\/\/www.noticiasradioreflejos.com.ar\/2021\/wp-json\/wp\/v2\/media?parent=62737"}],"wp:term":[{"taxonomy":"category","embeddable":true,"href":"https:\/\/www.noticiasradioreflejos.com.ar\/2021\/wp-json\/wp\/v2\/categories?post=62737"},{"taxonomy":"post_tag","embeddable":true,"href":"https:\/\/www.noticiasradioreflejos.com.ar\/2021\/wp-json\/wp\/v2\/tags?post=62737"}],"curies":[{"name":"wp","href":"https:\/\/api.w.org\/{rel}","templated":true}]}}