{"id":6268,"date":"2017-01-24T17:19:18","date_gmt":"2017-01-24T20:19:18","guid":{"rendered":"http:\/\/noticiasradioreflejos.com.ar\/noticias\/?p=6268"},"modified":"2017-01-24T17:19:18","modified_gmt":"2017-01-24T20:19:18","slug":"sesiona-este-miercoles-el-concejo-deliberante-2","status":"publish","type":"post","link":"https:\/\/www.noticiasradioreflejos.com.ar\/2021\/sesiona-este-miercoles-el-concejo-deliberante-2\/","title":{"rendered":"Sesiona este mi\u00e9rcoles el Concejo Deliberante"},"content":{"rendered":"<p>Este mi\u00e9rcoles habr\u00e1 sesi\u00f3n Extraordinaria en el Honorable Concejo Deliberante.<!--more--><br \/>\nDECRETO\u00a0 N\u00ba 02\/17 e convoque a Sesi\u00f3n Extraordinaria para el d\u00eda 25 de Enero de 2017, y;<br \/>\nCONSIDERANDO:<br \/>\nQue el Presidente del Honorable Concejo Deliberante, se encuentra num\u00e9ricamente facultado para que tal solicitud proceda, conforme a las disposiciones del Art\u00edculo anteriormente mencionado, Inciso 5\u00ba de la Ley Org\u00e1nica de la Municipalidades y al Art\u00edculo 5\u00ba, Inciso 5\u00ba del Reglamento Interno de este Cuerpo.<br \/>\nPOR ELLO:<br \/>\nEL PRESIDENTE del HONORABLE CONCEJO DELIBERANTE,<br \/>\nen uso de sus facultades,<br \/>\nD E C R E T A<br \/>\nART\u00cdCULO 1\u00ba: Conv\u00f3quese a los miembros del Honorable Concejo Deliberante a Sesi\u00f3n Extraordinaria, para el d\u00eda 25 de Enero de 2017, a la hora 8.30, con el objeto de dar tratamiento a los siguientes temas:<br \/>\nExpte. 014\/17: \u2013 D.E. \u2013 Incremento Salarial \u2013 Ejercicio 2017.<br \/>\nExpte. 021\/17: \u2013 D.E. \u2013 Convalida la firma del Acuerdo de Reposici\u00f3n y Mantenimiento de Alumbrado P\u00fablico e\/la Cooperativa El\u00e9ctrica Ltda. de Tornquist y el Municipio.<br \/>\nExpte. 022\/17: \u2013 D.E. \u2013 Solicita autorizaci\u00f3n p\/cobro de entradas a la 5\u00b0 Fiesta Provincial de la Vendimia.<br \/>\nExpte. 028\/17: \u2013 Secretar\u00eda de Obras y Servicios P\u00fablicos \u2013 \u201cAprobaci\u00f3n Derecho de Arrendamiento de Nichos 3ra Secci\u00f3n. Cementerio de Tornquist.<br \/>\nExpte. 033\/17: D.E. \u2013 Convalida la firma del Convenio de Adhesi\u00f3n celebrado entre la Municipalidad de Tornquist, la U.P.S.O. y la U.N.S. \u2013 Observatorio de estad\u00edsticas regionales.<br \/>\nExpte. 034\/17: D.E. \u2013 Convalida la firma del Contrato de Comodato e\/Daiana Berl\u00edn y la Municipalidad de Tornquist \u2013 Acrobacia A\u00e9rea y Telateatro.<br \/>\nARTICULO 2\u00ba: Comun\u00edquese, reg\u00edstrese y cumplido ARCHIVESE.-<br \/>\nTORNQUIST, 24 DE ENERO DE 2017.<br \/>\nMa. Valentina Nyez\u00a0\u00a0 \u00a0\u00a0\u00a0\u00a0\u00a0\u00a0\u00a0\u00a0\u00a0\u00a0\u00a0\u00a0\u00a0\u00a0\u00a0\u00a0\u00a0\u00a0\u00a0\u00a0\u00a0\u00a0\u00a0\u00a0\u00a0\u00a0\u00a0\u00a0\u00a0\u00a0\u00a0\u00a0\u00a0\u00a0\u00a0\u00a0\u00a0\u00a0\u00a0\u00a0\u00a0\u00a0\u00a0\u00a0\u00a0\u00a0\u00a0Ma. Graciela Musso<br \/>\nSecretaria H.C.D\u00a0\u00a0\u00a0\u00a0\u00a0\u00a0\u00a0\u00a0\u00a0\u00a0\u00a0\u00a0\u00a0\u00a0\u00a0\u00a0\u00a0\u00a0\u00a0\u00a0 \u00a0\u00a0\u00a0\u00a0\u00a0\u00a0\u00a0\u00a0\u00a0\u00a0\u00a0\u00a0\u00a0\u00a0\u00a0\u00a0\u00a0\u00a0\u00a0\u00a0\u00a0\u00a0\u00a0\u00a0\u00a0\u00a0\u00a0\u00a0\u00a0\u00a0Vicepresidente H.C.D.<\/p>\n","protected":false},"excerpt":{"rendered":"<p>Este mi\u00e9rcoles habr\u00e1 sesi\u00f3n Extraordinaria en el Honorable Concejo Deliberante.<\/p>\n","protected":false},"author":3,"featured_media":0,"comment_status":"closed","ping_status":"open","sticky":false,"template":"","format":"standard","meta":{"footnotes":""},"categories":[28],"tags":[],"class_list":["post-6268","post","type-post","status-publish","format-standard","hentry","category-municipales"],"yoast_head":"<!-- This site is optimized with the Yoast SEO plugin v25.9 - https:\/\/yoast.com\/wordpress\/plugins\/seo\/ -->\n<title>Sesiona este mi\u00e9rcoles el Concejo Deliberante - Noticias Radio Reflejos<\/title>\n<meta name=\"robots\" content=\"index, follow, max-snippet:-1, max-image-preview:large, max-video-preview:-1\" \/>\n<link rel=\"canonical\" href=\"https:\/\/www.noticiasradioreflejos.com.ar\/2021\/sesiona-este-miercoles-el-concejo-deliberante-2\/\" \/>\n<meta property=\"og:locale\" content=\"es_ES\" \/>\n<meta property=\"og:type\" content=\"article\" \/>\n<meta property=\"og:title\" content=\"Sesiona este mi\u00e9rcoles el Concejo Deliberante - Noticias Radio Reflejos\" \/>\n<meta property=\"og:description\" content=\"Este mi\u00e9rcoles habr\u00e1 sesi\u00f3n Extraordinaria en el Honorable Concejo Deliberante.\" \/>\n<meta property=\"og:url\" content=\"https:\/\/www.noticiasradioreflejos.com.ar\/2021\/sesiona-este-miercoles-el-concejo-deliberante-2\/\" \/>\n<meta property=\"og:site_name\" content=\"Noticias Radio Reflejos\" \/>\n<meta property=\"article:published_time\" content=\"2017-01-24T20:19:18+00:00\" \/>\n<meta property=\"og:image\" content=\"https:\/\/www.noticiasradioreflejos.com.ar\/2021\/wp-content\/uploads\/2021\/07\/logosol300x200.png\" \/>\n\t<meta property=\"og:image:width\" content=\"300\" \/>\n\t<meta property=\"og:image:height\" content=\"200\" \/>\n\t<meta property=\"og:image:type\" content=\"image\/png\" \/>\n<meta name=\"author\" content=\"Arnaldo Botto\" \/>\n<meta name=\"twitter:card\" content=\"summary_large_image\" \/>\n<script type=\"application\/ld+json\" class=\"yoast-schema-graph\">{\"@context\":\"https:\/\/schema.org\",\"@graph\":[{\"@type\":\"WebPage\",\"@id\":\"https:\/\/www.noticiasradioreflejos.com.ar\/2021\/sesiona-este-miercoles-el-concejo-deliberante-2\/\",\"url\":\"https:\/\/www.noticiasradioreflejos.com.ar\/2021\/sesiona-este-miercoles-el-concejo-deliberante-2\/\",\"name\":\"Sesiona este mi\u00e9rcoles el Concejo Deliberante - Noticias Radio Reflejos\",\"isPartOf\":{\"@id\":\"https:\/\/www.noticiasradioreflejos.com.ar\/2021\/#website\"},\"datePublished\":\"2017-01-24T20:19:18+00:00\",\"author\":{\"@id\":\"https:\/\/www.noticiasradioreflejos.com.ar\/2021\/#\/schema\/person\/ad82545263dcc5ec0996818884fd5fb1\"},\"breadcrumb\":{\"@id\":\"https:\/\/www.noticiasradioreflejos.com.ar\/2021\/sesiona-este-miercoles-el-concejo-deliberante-2\/#breadcrumb\"},\"inLanguage\":\"es\",\"potentialAction\":[{\"@type\":\"ReadAction\",\"target\":[\"https:\/\/www.noticiasradioreflejos.com.ar\/2021\/sesiona-este-miercoles-el-concejo-deliberante-2\/\"]}]},{\"@type\":\"BreadcrumbList\",\"@id\":\"https:\/\/www.noticiasradioreflejos.com.ar\/2021\/sesiona-este-miercoles-el-concejo-deliberante-2\/#breadcrumb\",\"itemListElement\":[{\"@type\":\"ListItem\",\"position\":1,\"name\":\"Portada\",\"item\":\"https:\/\/www.noticiasradioreflejos.com.ar\/2021\/\"},{\"@type\":\"ListItem\",\"position\":2,\"name\":\"Sesiona este mi\u00e9rcoles el Concejo Deliberante\"}]},{\"@type\":\"WebSite\",\"@id\":\"https:\/\/www.noticiasradioreflejos.com.ar\/2021\/#website\",\"url\":\"https:\/\/www.noticiasradioreflejos.com.ar\/2021\/\",\"name\":\"Noticias Radio Reflejos\",\"description\":\"Las noticias de mi comarca\",\"potentialAction\":[{\"@type\":\"SearchAction\",\"target\":{\"@type\":\"EntryPoint\",\"urlTemplate\":\"https:\/\/www.noticiasradioreflejos.com.ar\/2021\/?s={search_term_string}\"},\"query-input\":{\"@type\":\"PropertyValueSpecification\",\"valueRequired\":true,\"valueName\":\"search_term_string\"}}],\"inLanguage\":\"es\"},{\"@type\":\"Person\",\"@id\":\"https:\/\/www.noticiasradioreflejos.com.ar\/2021\/#\/schema\/person\/ad82545263dcc5ec0996818884fd5fb1\",\"name\":\"Arnaldo Botto\",\"image\":{\"@type\":\"ImageObject\",\"inLanguage\":\"es\",\"@id\":\"https:\/\/www.noticiasradioreflejos.com.ar\/2021\/#\/schema\/person\/image\/\",\"url\":\"https:\/\/secure.gravatar.com\/avatar\/55cb5e37c1efa326397366e6974cb338056df65cb50e7d64d1cf314e87504837?s=96&d=mm&r=g\",\"contentUrl\":\"https:\/\/secure.gravatar.com\/avatar\/55cb5e37c1efa326397366e6974cb338056df65cb50e7d64d1cf314e87504837?s=96&d=mm&r=g\",\"caption\":\"Arnaldo Botto\"},\"url\":\"https:\/\/www.noticiasradioreflejos.com.ar\/2021\/author\/arnaldo\/\"}]}<\/script>\n<!-- \/ Yoast SEO plugin. -->","yoast_head_json":{"title":"Sesiona este mi\u00e9rcoles el Concejo Deliberante - Noticias Radio Reflejos","robots":{"index":"index","follow":"follow","max-snippet":"max-snippet:-1","max-image-preview":"max-image-preview:large","max-video-preview":"max-video-preview:-1"},"canonical":"https:\/\/www.noticiasradioreflejos.com.ar\/2021\/sesiona-este-miercoles-el-concejo-deliberante-2\/","og_locale":"es_ES","og_type":"article","og_title":"Sesiona este mi\u00e9rcoles el Concejo Deliberante - Noticias Radio Reflejos","og_description":"Este mi\u00e9rcoles habr\u00e1 sesi\u00f3n Extraordinaria en el Honorable Concejo Deliberante.","og_url":"https:\/\/www.noticiasradioreflejos.com.ar\/2021\/sesiona-este-miercoles-el-concejo-deliberante-2\/","og_site_name":"Noticias Radio Reflejos","article_published_time":"2017-01-24T20:19:18+00:00","og_image":[{"width":300,"height":200,"url":"https:\/\/www.noticiasradioreflejos.com.ar\/2021\/wp-content\/uploads\/2021\/07\/logosol300x200.png","type":"image\/png"}],"author":"Arnaldo Botto","twitter_card":"summary_large_image","schema":{"@context":"https:\/\/schema.org","@graph":[{"@type":"WebPage","@id":"https:\/\/www.noticiasradioreflejos.com.ar\/2021\/sesiona-este-miercoles-el-concejo-deliberante-2\/","url":"https:\/\/www.noticiasradioreflejos.com.ar\/2021\/sesiona-este-miercoles-el-concejo-deliberante-2\/","name":"Sesiona este mi\u00e9rcoles el Concejo Deliberante - Noticias Radio Reflejos","isPartOf":{"@id":"https:\/\/www.noticiasradioreflejos.com.ar\/2021\/#website"},"datePublished":"2017-01-24T20:19:18+00:00","author":{"@id":"https:\/\/www.noticiasradioreflejos.com.ar\/2021\/#\/schema\/person\/ad82545263dcc5ec0996818884fd5fb1"},"breadcrumb":{"@id":"https:\/\/www.noticiasradioreflejos.com.ar\/2021\/sesiona-este-miercoles-el-concejo-deliberante-2\/#breadcrumb"},"inLanguage":"es","potentialAction":[{"@type":"ReadAction","target":["https:\/\/www.noticiasradioreflejos.com.ar\/2021\/sesiona-este-miercoles-el-concejo-deliberante-2\/"]}]},{"@type":"BreadcrumbList","@id":"https:\/\/www.noticiasradioreflejos.com.ar\/2021\/sesiona-este-miercoles-el-concejo-deliberante-2\/#breadcrumb","itemListElement":[{"@type":"ListItem","position":1,"name":"Portada","item":"https:\/\/www.noticiasradioreflejos.com.ar\/2021\/"},{"@type":"ListItem","position":2,"name":"Sesiona este mi\u00e9rcoles el Concejo Deliberante"}]},{"@type":"WebSite","@id":"https:\/\/www.noticiasradioreflejos.com.ar\/2021\/#website","url":"https:\/\/www.noticiasradioreflejos.com.ar\/2021\/","name":"Noticias Radio Reflejos","description":"Las noticias de mi comarca","potentialAction":[{"@type":"SearchAction","target":{"@type":"EntryPoint","urlTemplate":"https:\/\/www.noticiasradioreflejos.com.ar\/2021\/?s={search_term_string}"},"query-input":{"@type":"PropertyValueSpecification","valueRequired":true,"valueName":"search_term_string"}}],"inLanguage":"es"},{"@type":"Person","@id":"https:\/\/www.noticiasradioreflejos.com.ar\/2021\/#\/schema\/person\/ad82545263dcc5ec0996818884fd5fb1","name":"Arnaldo Botto","image":{"@type":"ImageObject","inLanguage":"es","@id":"https:\/\/www.noticiasradioreflejos.com.ar\/2021\/#\/schema\/person\/image\/","url":"https:\/\/secure.gravatar.com\/avatar\/55cb5e37c1efa326397366e6974cb338056df65cb50e7d64d1cf314e87504837?s=96&d=mm&r=g","contentUrl":"https:\/\/secure.gravatar.com\/avatar\/55cb5e37c1efa326397366e6974cb338056df65cb50e7d64d1cf314e87504837?s=96&d=mm&r=g","caption":"Arnaldo Botto"},"url":"https:\/\/www.noticiasradioreflejos.com.ar\/2021\/author\/arnaldo\/"}]}},"_links":{"self":[{"href":"https:\/\/www.noticiasradioreflejos.com.ar\/2021\/wp-json\/wp\/v2\/posts\/6268","targetHints":{"allow":["GET"]}}],"collection":[{"href":"https:\/\/www.noticiasradioreflejos.com.ar\/2021\/wp-json\/wp\/v2\/posts"}],"about":[{"href":"https:\/\/www.noticiasradioreflejos.com.ar\/2021\/wp-json\/wp\/v2\/types\/post"}],"author":[{"embeddable":true,"href":"https:\/\/www.noticiasradioreflejos.com.ar\/2021\/wp-json\/wp\/v2\/users\/3"}],"replies":[{"embeddable":true,"href":"https:\/\/www.noticiasradioreflejos.com.ar\/2021\/wp-json\/wp\/v2\/comments?post=6268"}],"version-history":[{"count":0,"href":"https:\/\/www.noticiasradioreflejos.com.ar\/2021\/wp-json\/wp\/v2\/posts\/6268\/revisions"}],"wp:attachment":[{"href":"https:\/\/www.noticiasradioreflejos.com.ar\/2021\/wp-json\/wp\/v2\/media?parent=6268"}],"wp:term":[{"taxonomy":"category","embeddable":true,"href":"https:\/\/www.noticiasradioreflejos.com.ar\/2021\/wp-json\/wp\/v2\/categories?post=6268"},{"taxonomy":"post_tag","embeddable":true,"href":"https:\/\/www.noticiasradioreflejos.com.ar\/2021\/wp-json\/wp\/v2\/tags?post=6268"}],"curies":[{"name":"wp","href":"https:\/\/api.w.org\/{rel}","templated":true}]}}