{"id":6257,"date":"2017-01-24T16:46:43","date_gmt":"2017-01-24T19:46:43","guid":{"rendered":"http:\/\/noticiasradioreflejos.com.ar\/noticias\/?p=6257"},"modified":"2017-01-24T16:46:43","modified_gmt":"2017-01-24T19:46:43","slug":"mil-hectareas-se-quemaron-hacia-el-oeste-del-distrito","status":"publish","type":"post","link":"https:\/\/www.noticiasradioreflejos.com.ar\/2021\/mil-hectareas-se-quemaron-hacia-el-oeste-del-distrito\/","title":{"rendered":"Mil hect\u00e1reas se quemaron hacia el oeste del distrito"},"content":{"rendered":"<p>En diez horas se quemaron unas mil hect\u00e1reas seg\u00fan la informaci\u00f3n vertida desde el cuartel local de bomberos por el<strong>\u00a02\u00ba Jefe Walter Becker<\/strong>\u00a0qui\u00e9n estuvo al mando de la dotaci\u00f3n de seis hombres que viajaron a la una de la ma\u00f1ana de este martes para trabajar en el incendio de pastos naturales que afect\u00f3 la Estancia \u201cSan Ram\u00f3n\u201d que fuera propiedad de Lopez Lecube y est\u00e1 ubicada a unos 15 kilometros de Chasic\u00f3.<!--more--><br \/>\nEl lugar afectado comprende los partidos de Puan y Tornquist. Es por eso que fueron convocados los servidores de nuestra ciudad. Villa Iris y Felipe Sola.<br \/>\nHcaia media ma\u00f1ana de hoy martes 24 de enero, el fuego fue controlado regresando la dotaci\u00f3n de Tornquist al cuartel local. En el lugar qued\u00f3 una guardia de ceniza de los bomberos de Villa Iris.<br \/>\nEn el lugar esta ma\u00f1ana sobrevol\u00f3 la zona<strong>\u00a0Martin Hagg Jefe del Cuartel de Tornquist y Director General de Operaciones del Sistema de Organizaci\u00f3n Operativo Regional (SOOR).<\/strong><br \/>\nLas im\u00e1genes dan cuenta del avance de las llamas y el sector de campos afectados en el incendio.<br \/>\nLuego del mediodia brind\u00f3 un panorama el 2\u00ba Jefe del Cuerpo que viaj\u00f3 al lugar Walter Becker.<br \/>\n\u201cCalculamos que el incendio se produjo por un rayo. Arrancamos a la una de la ma\u00f1ana. Fue en la estancia \u201cSan Ram\u00f3n\u201d que era de Lopez Lecube. Concurrimos bomberos de Tornquist, Villa Iris y Felipe Sola\u201d<br \/>\n\u201cSe\u00a0<strong>quemaron unas mil hect\u00e1reas<\/strong>. Pas\u00f3 una tormenta y un rayo provoc\u00f3 el incendio en dos lugares. Es campo bruto. Se trabaja con hacienda. Se encuentra al costado del Arroyo Chasic\u00f3 que sale a la laguna de Tornquist y Laguna de Chasic\u00f3\u201d.<br \/>\n\u201cDurante la tarde se encontraba la dotaci\u00f3n de Villa Iris haciendo guardia de ceniza. Nosotros viajamos con el cami\u00f3n forestal y seis bomberos para trabajar contra el arroyo donde hay pajonales y campo bruto. Por el viento debimos hacer contrafuego contra el arroyo para que no pasara el fuego\u201d.<br \/>\n\u201cEsta\u00a0ubicada su entrada frente a Pelicur\u00e1 y dos kil\u00f3metros hacia adentro es partido de Puan. Se pudo controlar. No hubo peligro de fuego en puestos o casco de la estancia\u201d finalizo Becker.<br \/>\n<iframe loading=\"lazy\" src=\"https:\/\/w.soundcloud.com\/player\/?url=https%3A\/\/api.soundcloud.com\/tracks\/304329905&amp;color=ff5500&amp;auto_play=false&amp;hide_related=false&amp;show_comments=true&amp;show_user=true&amp;show_reposts=false\" width=\"100%\" height=\"166\" frameborder=\"no\" scrolling=\"no\"><\/iframe><\/p>\n","protected":false},"excerpt":{"rendered":"<p>En diez horas se quemaron unas mil hect\u00e1reas seg\u00fan la informaci\u00f3n vertida desde el cuartel local de bomberos por el\u00a02\u00ba Jefe Walter Becker\u00a0qui\u00e9n estuvo al mando de la dotaci\u00f3n de seis hombres que viajaron a la una de la ma\u00f1ana de este martes para trabajar en el incendio de pastos naturales que afect\u00f3 la Estancia [&hellip;]<\/p>\n","protected":false},"author":3,"featured_media":0,"comment_status":"closed","ping_status":"open","sticky":false,"template":"","format":"standard","meta":{"footnotes":""},"categories":[26],"tags":[],"class_list":["post-6257","post","type-post","status-publish","format-standard","hentry","category-sociedad"],"yoast_head":"<!-- This site is optimized with the Yoast SEO plugin v25.9 - https:\/\/yoast.com\/wordpress\/plugins\/seo\/ -->\n<title>Mil hect\u00e1reas se quemaron hacia el oeste del distrito - Noticias Radio Reflejos<\/title>\n<meta name=\"robots\" content=\"index, follow, max-snippet:-1, max-image-preview:large, max-video-preview:-1\" \/>\n<link rel=\"canonical\" href=\"https:\/\/www.noticiasradioreflejos.com.ar\/2021\/mil-hectareas-se-quemaron-hacia-el-oeste-del-distrito\/\" \/>\n<meta property=\"og:locale\" content=\"es_ES\" \/>\n<meta property=\"og:type\" content=\"article\" \/>\n<meta property=\"og:title\" content=\"Mil hect\u00e1reas se quemaron hacia el oeste del distrito - Noticias Radio Reflejos\" \/>\n<meta property=\"og:description\" content=\"En diez horas se quemaron unas mil hect\u00e1reas seg\u00fan la informaci\u00f3n vertida desde el cuartel local de bomberos por el\u00a02\u00ba Jefe Walter Becker\u00a0qui\u00e9n estuvo al mando de la dotaci\u00f3n de seis hombres que viajaron a la una de la ma\u00f1ana de este martes para trabajar en el incendio de pastos naturales que afect\u00f3 la Estancia [&hellip;]\" \/>\n<meta property=\"og:url\" content=\"https:\/\/www.noticiasradioreflejos.com.ar\/2021\/mil-hectareas-se-quemaron-hacia-el-oeste-del-distrito\/\" \/>\n<meta property=\"og:site_name\" content=\"Noticias Radio Reflejos\" \/>\n<meta property=\"article:published_time\" content=\"2017-01-24T19:46:43+00:00\" \/>\n<meta property=\"og:image\" content=\"https:\/\/www.noticiasradioreflejos.com.ar\/2021\/wp-content\/uploads\/2021\/07\/logosol300x200.png\" \/>\n\t<meta property=\"og:image:width\" content=\"300\" \/>\n\t<meta property=\"og:image:height\" content=\"200\" \/>\n\t<meta property=\"og:image:type\" content=\"image\/png\" \/>\n<meta name=\"author\" content=\"Arnaldo Botto\" \/>\n<meta name=\"twitter:card\" content=\"summary_large_image\" \/>\n<script type=\"application\/ld+json\" class=\"yoast-schema-graph\">{\"@context\":\"https:\/\/schema.org\",\"@graph\":[{\"@type\":\"WebPage\",\"@id\":\"https:\/\/www.noticiasradioreflejos.com.ar\/2021\/mil-hectareas-se-quemaron-hacia-el-oeste-del-distrito\/\",\"url\":\"https:\/\/www.noticiasradioreflejos.com.ar\/2021\/mil-hectareas-se-quemaron-hacia-el-oeste-del-distrito\/\",\"name\":\"Mil hect\u00e1reas se quemaron hacia el oeste del distrito - Noticias Radio Reflejos\",\"isPartOf\":{\"@id\":\"https:\/\/www.noticiasradioreflejos.com.ar\/2021\/#website\"},\"datePublished\":\"2017-01-24T19:46:43+00:00\",\"author\":{\"@id\":\"https:\/\/www.noticiasradioreflejos.com.ar\/2021\/#\/schema\/person\/ad82545263dcc5ec0996818884fd5fb1\"},\"breadcrumb\":{\"@id\":\"https:\/\/www.noticiasradioreflejos.com.ar\/2021\/mil-hectareas-se-quemaron-hacia-el-oeste-del-distrito\/#breadcrumb\"},\"inLanguage\":\"es\",\"potentialAction\":[{\"@type\":\"ReadAction\",\"target\":[\"https:\/\/www.noticiasradioreflejos.com.ar\/2021\/mil-hectareas-se-quemaron-hacia-el-oeste-del-distrito\/\"]}]},{\"@type\":\"BreadcrumbList\",\"@id\":\"https:\/\/www.noticiasradioreflejos.com.ar\/2021\/mil-hectareas-se-quemaron-hacia-el-oeste-del-distrito\/#breadcrumb\",\"itemListElement\":[{\"@type\":\"ListItem\",\"position\":1,\"name\":\"Portada\",\"item\":\"https:\/\/www.noticiasradioreflejos.com.ar\/2021\/\"},{\"@type\":\"ListItem\",\"position\":2,\"name\":\"Mil hect\u00e1reas se quemaron hacia el oeste del distrito\"}]},{\"@type\":\"WebSite\",\"@id\":\"https:\/\/www.noticiasradioreflejos.com.ar\/2021\/#website\",\"url\":\"https:\/\/www.noticiasradioreflejos.com.ar\/2021\/\",\"name\":\"Noticias Radio Reflejos\",\"description\":\"Las noticias de mi comarca\",\"potentialAction\":[{\"@type\":\"SearchAction\",\"target\":{\"@type\":\"EntryPoint\",\"urlTemplate\":\"https:\/\/www.noticiasradioreflejos.com.ar\/2021\/?s={search_term_string}\"},\"query-input\":{\"@type\":\"PropertyValueSpecification\",\"valueRequired\":true,\"valueName\":\"search_term_string\"}}],\"inLanguage\":\"es\"},{\"@type\":\"Person\",\"@id\":\"https:\/\/www.noticiasradioreflejos.com.ar\/2021\/#\/schema\/person\/ad82545263dcc5ec0996818884fd5fb1\",\"name\":\"Arnaldo Botto\",\"image\":{\"@type\":\"ImageObject\",\"inLanguage\":\"es\",\"@id\":\"https:\/\/www.noticiasradioreflejos.com.ar\/2021\/#\/schema\/person\/image\/\",\"url\":\"https:\/\/secure.gravatar.com\/avatar\/55cb5e37c1efa326397366e6974cb338056df65cb50e7d64d1cf314e87504837?s=96&d=mm&r=g\",\"contentUrl\":\"https:\/\/secure.gravatar.com\/avatar\/55cb5e37c1efa326397366e6974cb338056df65cb50e7d64d1cf314e87504837?s=96&d=mm&r=g\",\"caption\":\"Arnaldo Botto\"},\"url\":\"https:\/\/www.noticiasradioreflejos.com.ar\/2021\/author\/arnaldo\/\"}]}<\/script>\n<!-- \/ Yoast SEO plugin. -->","yoast_head_json":{"title":"Mil hect\u00e1reas se quemaron hacia el oeste del distrito - Noticias Radio Reflejos","robots":{"index":"index","follow":"follow","max-snippet":"max-snippet:-1","max-image-preview":"max-image-preview:large","max-video-preview":"max-video-preview:-1"},"canonical":"https:\/\/www.noticiasradioreflejos.com.ar\/2021\/mil-hectareas-se-quemaron-hacia-el-oeste-del-distrito\/","og_locale":"es_ES","og_type":"article","og_title":"Mil hect\u00e1reas se quemaron hacia el oeste del distrito - Noticias Radio Reflejos","og_description":"En diez horas se quemaron unas mil hect\u00e1reas seg\u00fan la informaci\u00f3n vertida desde el cuartel local de bomberos por el\u00a02\u00ba Jefe Walter Becker\u00a0qui\u00e9n estuvo al mando de la dotaci\u00f3n de seis hombres que viajaron a la una de la ma\u00f1ana de este martes para trabajar en el incendio de pastos naturales que afect\u00f3 la Estancia [&hellip;]","og_url":"https:\/\/www.noticiasradioreflejos.com.ar\/2021\/mil-hectareas-se-quemaron-hacia-el-oeste-del-distrito\/","og_site_name":"Noticias Radio Reflejos","article_published_time":"2017-01-24T19:46:43+00:00","og_image":[{"width":300,"height":200,"url":"https:\/\/www.noticiasradioreflejos.com.ar\/2021\/wp-content\/uploads\/2021\/07\/logosol300x200.png","type":"image\/png"}],"author":"Arnaldo Botto","twitter_card":"summary_large_image","schema":{"@context":"https:\/\/schema.org","@graph":[{"@type":"WebPage","@id":"https:\/\/www.noticiasradioreflejos.com.ar\/2021\/mil-hectareas-se-quemaron-hacia-el-oeste-del-distrito\/","url":"https:\/\/www.noticiasradioreflejos.com.ar\/2021\/mil-hectareas-se-quemaron-hacia-el-oeste-del-distrito\/","name":"Mil hect\u00e1reas se quemaron hacia el oeste del distrito - Noticias Radio Reflejos","isPartOf":{"@id":"https:\/\/www.noticiasradioreflejos.com.ar\/2021\/#website"},"datePublished":"2017-01-24T19:46:43+00:00","author":{"@id":"https:\/\/www.noticiasradioreflejos.com.ar\/2021\/#\/schema\/person\/ad82545263dcc5ec0996818884fd5fb1"},"breadcrumb":{"@id":"https:\/\/www.noticiasradioreflejos.com.ar\/2021\/mil-hectareas-se-quemaron-hacia-el-oeste-del-distrito\/#breadcrumb"},"inLanguage":"es","potentialAction":[{"@type":"ReadAction","target":["https:\/\/www.noticiasradioreflejos.com.ar\/2021\/mil-hectareas-se-quemaron-hacia-el-oeste-del-distrito\/"]}]},{"@type":"BreadcrumbList","@id":"https:\/\/www.noticiasradioreflejos.com.ar\/2021\/mil-hectareas-se-quemaron-hacia-el-oeste-del-distrito\/#breadcrumb","itemListElement":[{"@type":"ListItem","position":1,"name":"Portada","item":"https:\/\/www.noticiasradioreflejos.com.ar\/2021\/"},{"@type":"ListItem","position":2,"name":"Mil hect\u00e1reas se quemaron hacia el oeste del distrito"}]},{"@type":"WebSite","@id":"https:\/\/www.noticiasradioreflejos.com.ar\/2021\/#website","url":"https:\/\/www.noticiasradioreflejos.com.ar\/2021\/","name":"Noticias Radio Reflejos","description":"Las noticias de mi comarca","potentialAction":[{"@type":"SearchAction","target":{"@type":"EntryPoint","urlTemplate":"https:\/\/www.noticiasradioreflejos.com.ar\/2021\/?s={search_term_string}"},"query-input":{"@type":"PropertyValueSpecification","valueRequired":true,"valueName":"search_term_string"}}],"inLanguage":"es"},{"@type":"Person","@id":"https:\/\/www.noticiasradioreflejos.com.ar\/2021\/#\/schema\/person\/ad82545263dcc5ec0996818884fd5fb1","name":"Arnaldo Botto","image":{"@type":"ImageObject","inLanguage":"es","@id":"https:\/\/www.noticiasradioreflejos.com.ar\/2021\/#\/schema\/person\/image\/","url":"https:\/\/secure.gravatar.com\/avatar\/55cb5e37c1efa326397366e6974cb338056df65cb50e7d64d1cf314e87504837?s=96&d=mm&r=g","contentUrl":"https:\/\/secure.gravatar.com\/avatar\/55cb5e37c1efa326397366e6974cb338056df65cb50e7d64d1cf314e87504837?s=96&d=mm&r=g","caption":"Arnaldo Botto"},"url":"https:\/\/www.noticiasradioreflejos.com.ar\/2021\/author\/arnaldo\/"}]}},"_links":{"self":[{"href":"https:\/\/www.noticiasradioreflejos.com.ar\/2021\/wp-json\/wp\/v2\/posts\/6257","targetHints":{"allow":["GET"]}}],"collection":[{"href":"https:\/\/www.noticiasradioreflejos.com.ar\/2021\/wp-json\/wp\/v2\/posts"}],"about":[{"href":"https:\/\/www.noticiasradioreflejos.com.ar\/2021\/wp-json\/wp\/v2\/types\/post"}],"author":[{"embeddable":true,"href":"https:\/\/www.noticiasradioreflejos.com.ar\/2021\/wp-json\/wp\/v2\/users\/3"}],"replies":[{"embeddable":true,"href":"https:\/\/www.noticiasradioreflejos.com.ar\/2021\/wp-json\/wp\/v2\/comments?post=6257"}],"version-history":[{"count":0,"href":"https:\/\/www.noticiasradioreflejos.com.ar\/2021\/wp-json\/wp\/v2\/posts\/6257\/revisions"}],"wp:attachment":[{"href":"https:\/\/www.noticiasradioreflejos.com.ar\/2021\/wp-json\/wp\/v2\/media?parent=6257"}],"wp:term":[{"taxonomy":"category","embeddable":true,"href":"https:\/\/www.noticiasradioreflejos.com.ar\/2021\/wp-json\/wp\/v2\/categories?post=6257"},{"taxonomy":"post_tag","embeddable":true,"href":"https:\/\/www.noticiasradioreflejos.com.ar\/2021\/wp-json\/wp\/v2\/tags?post=6257"}],"curies":[{"name":"wp","href":"https:\/\/api.w.org\/{rel}","templated":true}]}}