{"id":62533,"date":"2021-09-08T22:17:58","date_gmt":"2021-09-08T22:17:58","guid":{"rendered":"http:\/\/www.noticiasradioreflejos.com.ar\/2021\/?p=62533"},"modified":"2021-09-08T22:19:09","modified_gmt":"2021-09-08T22:19:09","slug":"llegamos-al-domingo-de-la-mejor-manera-con-un-mensaje-claro-y-escuchando-a-los-vecinos","status":"publish","type":"post","link":"https:\/\/www.noticiasradioreflejos.com.ar\/2021\/llegamos-al-domingo-de-la-mejor-manera-con-un-mensaje-claro-y-escuchando-a-los-vecinos\/","title":{"rendered":"\u00abLlegamos al domingo de la mejor manera, con un mensaje claro y escuchando a los vecinos\u00bb"},"content":{"rendered":"<p>En el d\u00eda de cierre de campa\u00f1a para Juntos por Tornquist, esta ma\u00f1ana conversamos con Luis Castro, pre candidato a concejal de la alianza.<!--more--><\/p>\n<p>Al comenzar la nota, le preguntamos a Luis si percibe desgano en los vecinos para ir a votar. \u00abEn todas las elecciones vemos que la gente est\u00e1 enojada con los pol\u00edticos\u00bb, expres\u00f3, aunque refut\u00f3 \u00abyo creo que al contrario, la gente va a ir a votar para expresarse a trav\u00e9s de las urnas\u00bb.<\/p>\n<p>\u00abCreo que hay sectores que alientan eso porque justamente en su espacio pol\u00edtico no tienen un n\u00facleo duro, les conviene que el ciudadano no se acerque a votar\u00bb se refiri\u00f3 a aquellos sectores que sostienen que en estas elecciones va a haber pocos votantes.<\/p>\n<p>\u00abLa verdad que es un da\u00f1o a la democracia y da\u00f1a a la credibilidad de la pol\u00edtica\u00bb expres\u00f3 haciendo referencia a la cuarta lista que se dio a la luz con candidatos postulados sin su consentimiento y hasta otros fallecidos. \u00abLos partidos pol\u00edticos tenemos que estar atentos para tratar de impugnarlo r\u00e1pido\u00bb.<\/p>\n<p>Luis cont\u00f3 que estuvieron recorriendo las localidades del distrito, pasando por \u00faltimo lugar por Villa Serrana La Gruta. \u00abLa verdad que necesidades la gente tiene muchas. Muchas tienen que ver con la cuesti\u00f3n ejecutiva, y otras m\u00e1s con lo legislativo y tendremos que ponernos a trabajar\u00bb. Agreg\u00f3 que en La Gruta los vecinos ten\u00edan un listado enorme de necesidades, sugerencias y reclamos.<\/p>\n<p>Esta noche, se transmitir\u00e1 en vivo el cierre de campa\u00f1a desde el Comit\u00e9 de la UCR en Tornquist. \u00abVa a ir gente al comit\u00e9 pero va a ser acotado por tema de protocolos. Daremos unas palabras cada pre candidato y vamos a transmitirlo en las redes sociales y van a estar Marcelo y Miguel\u00bb inform\u00f3 Luis.<\/p>\n<p>\u00abEstamos tranquilos, m\u00e1s all\u00e1 del resultado que se de, porque llegamos al Domingo de la mejor manera, con un mensaje claro y escuchando a los vecinos\u00bb expres\u00f3 finalmente. Adem\u00e1s, le pidi\u00f3 a la gente que vayan a votar y, en caso de estar enojados con la pol\u00edtica, canalizarlo a trav\u00e9s de las urnas.<\/p>\n<p>Nota completa a continuaci\u00f3n:<br \/>\n<iframe loading=\"lazy\" src=\"https:\/\/w.soundcloud.com\/player\/?url=https%3A\/\/api.soundcloud.com\/tracks\/1121036326&amp;color=%23ff5500&amp;auto_play=false&amp;hide_related=false&amp;show_comments=true&amp;show_user=true&amp;show_reposts=false&amp;show_teaser=true\" width=\"100%\" height=\"166\" frameborder=\"no\" scrolling=\"no\"><\/iframe><\/p>\n<div style=\"font-size: 10px; color: #cccccc; line-break: anywhere; word-break: normal; overflow: hidden; white-space: nowrap; text-overflow: ellipsis; font-family: Interstate,Lucida Grande,Lucida Sans Unicode,Lucida Sans,Garuda,Verdana,Tahoma,sans-serif; font-weight: 100;\"><a style=\"color: #cccccc; text-decoration: none;\" title=\"fmreflejos 103.7\" href=\"https:\/\/soundcloud.com\/fmreflejos-103-7\" target=\"_blank\" rel=\"noopener\">fmreflejos 103.7<\/a> \u00b7 <a style=\"color: #cccccc; text-decoration: none;\" title=\"Nota Luis Castro\" href=\"https:\/\/soundcloud.com\/fmreflejos-103-7\/nota-luis-castro-1\" target=\"_blank\" rel=\"noopener\">Nota Luis Castro<\/a><\/div>\n","protected":false},"excerpt":{"rendered":"<p>En el d\u00eda de cierre de campa\u00f1a para Juntos por Tornquist, esta ma\u00f1ana conversamos con Luis Castro, pre candidato a concejal de la alianza.<\/p>\n","protected":false},"author":3,"featured_media":0,"comment_status":"closed","ping_status":"closed","sticky":false,"template":"","format":"standard","meta":{"footnotes":""},"categories":[24],"tags":[48],"class_list":["post-62533","post","type-post","status-publish","format-standard","hentry","category-politica","tag-destacada"],"yoast_head":"<!-- This site is optimized with the Yoast SEO plugin v25.9 - https:\/\/yoast.com\/wordpress\/plugins\/seo\/ -->\n<title>&quot;Llegamos al domingo de la mejor manera, con un mensaje claro y escuchando a los vecinos&quot; - Noticias Radio Reflejos<\/title>\n<meta name=\"robots\" content=\"index, follow, max-snippet:-1, max-image-preview:large, max-video-preview:-1\" \/>\n<link rel=\"canonical\" href=\"https:\/\/www.noticiasradioreflejos.com.ar\/2021\/llegamos-al-domingo-de-la-mejor-manera-con-un-mensaje-claro-y-escuchando-a-los-vecinos\/\" \/>\n<meta property=\"og:locale\" content=\"es_ES\" \/>\n<meta property=\"og:type\" content=\"article\" \/>\n<meta property=\"og:title\" content=\"&quot;Llegamos al domingo de la mejor manera, con un mensaje claro y escuchando a los vecinos&quot; - Noticias Radio Reflejos\" \/>\n<meta property=\"og:description\" content=\"En el d\u00eda de cierre de campa\u00f1a para Juntos por Tornquist, esta ma\u00f1ana conversamos con Luis Castro, pre candidato a concejal de la alianza.\" \/>\n<meta property=\"og:url\" content=\"https:\/\/www.noticiasradioreflejos.com.ar\/2021\/llegamos-al-domingo-de-la-mejor-manera-con-un-mensaje-claro-y-escuchando-a-los-vecinos\/\" \/>\n<meta property=\"og:site_name\" content=\"Noticias Radio Reflejos\" \/>\n<meta property=\"article:published_time\" content=\"2021-09-08T22:17:58+00:00\" \/>\n<meta property=\"article:modified_time\" content=\"2021-09-08T22:19:09+00:00\" \/>\n<meta property=\"og:image\" content=\"https:\/\/www.noticiasradioreflejos.com.ar\/2021\/wp-content\/uploads\/2021\/09\/Luis-Castro.jpeg\" \/>\n\t<meta property=\"og:image:width\" content=\"1110\" \/>\n\t<meta property=\"og:image:height\" content=\"756\" \/>\n\t<meta property=\"og:image:type\" content=\"image\/jpeg\" \/>\n<meta name=\"author\" content=\"Arnaldo Botto\" \/>\n<meta name=\"twitter:card\" content=\"summary_large_image\" \/>\n<script type=\"application\/ld+json\" class=\"yoast-schema-graph\">{\"@context\":\"https:\/\/schema.org\",\"@graph\":[{\"@type\":\"WebPage\",\"@id\":\"https:\/\/www.noticiasradioreflejos.com.ar\/2021\/llegamos-al-domingo-de-la-mejor-manera-con-un-mensaje-claro-y-escuchando-a-los-vecinos\/\",\"url\":\"https:\/\/www.noticiasradioreflejos.com.ar\/2021\/llegamos-al-domingo-de-la-mejor-manera-con-un-mensaje-claro-y-escuchando-a-los-vecinos\/\",\"name\":\"\\\"Llegamos al domingo de la mejor manera, con un mensaje claro y escuchando a los vecinos\\\" - Noticias Radio Reflejos\",\"isPartOf\":{\"@id\":\"https:\/\/www.noticiasradioreflejos.com.ar\/2021\/#website\"},\"datePublished\":\"2021-09-08T22:17:58+00:00\",\"dateModified\":\"2021-09-08T22:19:09+00:00\",\"author\":{\"@id\":\"https:\/\/www.noticiasradioreflejos.com.ar\/2021\/#\/schema\/person\/ad82545263dcc5ec0996818884fd5fb1\"},\"breadcrumb\":{\"@id\":\"https:\/\/www.noticiasradioreflejos.com.ar\/2021\/llegamos-al-domingo-de-la-mejor-manera-con-un-mensaje-claro-y-escuchando-a-los-vecinos\/#breadcrumb\"},\"inLanguage\":\"es\",\"potentialAction\":[{\"@type\":\"ReadAction\",\"target\":[\"https:\/\/www.noticiasradioreflejos.com.ar\/2021\/llegamos-al-domingo-de-la-mejor-manera-con-un-mensaje-claro-y-escuchando-a-los-vecinos\/\"]}]},{\"@type\":\"BreadcrumbList\",\"@id\":\"https:\/\/www.noticiasradioreflejos.com.ar\/2021\/llegamos-al-domingo-de-la-mejor-manera-con-un-mensaje-claro-y-escuchando-a-los-vecinos\/#breadcrumb\",\"itemListElement\":[{\"@type\":\"ListItem\",\"position\":1,\"name\":\"Portada\",\"item\":\"https:\/\/www.noticiasradioreflejos.com.ar\/2021\/\"},{\"@type\":\"ListItem\",\"position\":2,\"name\":\"\u00abLlegamos al domingo de la mejor manera, con un mensaje claro y escuchando a los vecinos\u00bb\"}]},{\"@type\":\"WebSite\",\"@id\":\"https:\/\/www.noticiasradioreflejos.com.ar\/2021\/#website\",\"url\":\"https:\/\/www.noticiasradioreflejos.com.ar\/2021\/\",\"name\":\"Noticias Radio Reflejos\",\"description\":\"Las noticias de mi comarca\",\"potentialAction\":[{\"@type\":\"SearchAction\",\"target\":{\"@type\":\"EntryPoint\",\"urlTemplate\":\"https:\/\/www.noticiasradioreflejos.com.ar\/2021\/?s={search_term_string}\"},\"query-input\":{\"@type\":\"PropertyValueSpecification\",\"valueRequired\":true,\"valueName\":\"search_term_string\"}}],\"inLanguage\":\"es\"},{\"@type\":\"Person\",\"@id\":\"https:\/\/www.noticiasradioreflejos.com.ar\/2021\/#\/schema\/person\/ad82545263dcc5ec0996818884fd5fb1\",\"name\":\"Arnaldo Botto\",\"image\":{\"@type\":\"ImageObject\",\"inLanguage\":\"es\",\"@id\":\"https:\/\/www.noticiasradioreflejos.com.ar\/2021\/#\/schema\/person\/image\/\",\"url\":\"https:\/\/secure.gravatar.com\/avatar\/55cb5e37c1efa326397366e6974cb338056df65cb50e7d64d1cf314e87504837?s=96&d=mm&r=g\",\"contentUrl\":\"https:\/\/secure.gravatar.com\/avatar\/55cb5e37c1efa326397366e6974cb338056df65cb50e7d64d1cf314e87504837?s=96&d=mm&r=g\",\"caption\":\"Arnaldo Botto\"},\"url\":\"https:\/\/www.noticiasradioreflejos.com.ar\/2021\/author\/arnaldo\/\"}]}<\/script>\n<!-- \/ Yoast SEO plugin. -->","yoast_head_json":{"title":"\"Llegamos al domingo de la mejor manera, con un mensaje claro y escuchando a los vecinos\" - Noticias Radio Reflejos","robots":{"index":"index","follow":"follow","max-snippet":"max-snippet:-1","max-image-preview":"max-image-preview:large","max-video-preview":"max-video-preview:-1"},"canonical":"https:\/\/www.noticiasradioreflejos.com.ar\/2021\/llegamos-al-domingo-de-la-mejor-manera-con-un-mensaje-claro-y-escuchando-a-los-vecinos\/","og_locale":"es_ES","og_type":"article","og_title":"\"Llegamos al domingo de la mejor manera, con un mensaje claro y escuchando a los vecinos\" - Noticias Radio Reflejos","og_description":"En el d\u00eda de cierre de campa\u00f1a para Juntos por Tornquist, esta ma\u00f1ana conversamos con Luis Castro, pre candidato a concejal de la alianza.","og_url":"https:\/\/www.noticiasradioreflejos.com.ar\/2021\/llegamos-al-domingo-de-la-mejor-manera-con-un-mensaje-claro-y-escuchando-a-los-vecinos\/","og_site_name":"Noticias Radio Reflejos","article_published_time":"2021-09-08T22:17:58+00:00","article_modified_time":"2021-09-08T22:19:09+00:00","og_image":[{"width":1110,"height":756,"url":"https:\/\/www.noticiasradioreflejos.com.ar\/2021\/wp-content\/uploads\/2021\/09\/Luis-Castro.jpeg","type":"image\/jpeg"}],"author":"Arnaldo Botto","twitter_card":"summary_large_image","schema":{"@context":"https:\/\/schema.org","@graph":[{"@type":"WebPage","@id":"https:\/\/www.noticiasradioreflejos.com.ar\/2021\/llegamos-al-domingo-de-la-mejor-manera-con-un-mensaje-claro-y-escuchando-a-los-vecinos\/","url":"https:\/\/www.noticiasradioreflejos.com.ar\/2021\/llegamos-al-domingo-de-la-mejor-manera-con-un-mensaje-claro-y-escuchando-a-los-vecinos\/","name":"\"Llegamos al domingo de la mejor manera, con un mensaje claro y escuchando a los vecinos\" - Noticias Radio Reflejos","isPartOf":{"@id":"https:\/\/www.noticiasradioreflejos.com.ar\/2021\/#website"},"datePublished":"2021-09-08T22:17:58+00:00","dateModified":"2021-09-08T22:19:09+00:00","author":{"@id":"https:\/\/www.noticiasradioreflejos.com.ar\/2021\/#\/schema\/person\/ad82545263dcc5ec0996818884fd5fb1"},"breadcrumb":{"@id":"https:\/\/www.noticiasradioreflejos.com.ar\/2021\/llegamos-al-domingo-de-la-mejor-manera-con-un-mensaje-claro-y-escuchando-a-los-vecinos\/#breadcrumb"},"inLanguage":"es","potentialAction":[{"@type":"ReadAction","target":["https:\/\/www.noticiasradioreflejos.com.ar\/2021\/llegamos-al-domingo-de-la-mejor-manera-con-un-mensaje-claro-y-escuchando-a-los-vecinos\/"]}]},{"@type":"BreadcrumbList","@id":"https:\/\/www.noticiasradioreflejos.com.ar\/2021\/llegamos-al-domingo-de-la-mejor-manera-con-un-mensaje-claro-y-escuchando-a-los-vecinos\/#breadcrumb","itemListElement":[{"@type":"ListItem","position":1,"name":"Portada","item":"https:\/\/www.noticiasradioreflejos.com.ar\/2021\/"},{"@type":"ListItem","position":2,"name":"\u00abLlegamos al domingo de la mejor manera, con un mensaje claro y escuchando a los vecinos\u00bb"}]},{"@type":"WebSite","@id":"https:\/\/www.noticiasradioreflejos.com.ar\/2021\/#website","url":"https:\/\/www.noticiasradioreflejos.com.ar\/2021\/","name":"Noticias Radio Reflejos","description":"Las noticias de mi comarca","potentialAction":[{"@type":"SearchAction","target":{"@type":"EntryPoint","urlTemplate":"https:\/\/www.noticiasradioreflejos.com.ar\/2021\/?s={search_term_string}"},"query-input":{"@type":"PropertyValueSpecification","valueRequired":true,"valueName":"search_term_string"}}],"inLanguage":"es"},{"@type":"Person","@id":"https:\/\/www.noticiasradioreflejos.com.ar\/2021\/#\/schema\/person\/ad82545263dcc5ec0996818884fd5fb1","name":"Arnaldo Botto","image":{"@type":"ImageObject","inLanguage":"es","@id":"https:\/\/www.noticiasradioreflejos.com.ar\/2021\/#\/schema\/person\/image\/","url":"https:\/\/secure.gravatar.com\/avatar\/55cb5e37c1efa326397366e6974cb338056df65cb50e7d64d1cf314e87504837?s=96&d=mm&r=g","contentUrl":"https:\/\/secure.gravatar.com\/avatar\/55cb5e37c1efa326397366e6974cb338056df65cb50e7d64d1cf314e87504837?s=96&d=mm&r=g","caption":"Arnaldo Botto"},"url":"https:\/\/www.noticiasradioreflejos.com.ar\/2021\/author\/arnaldo\/"}]}},"_links":{"self":[{"href":"https:\/\/www.noticiasradioreflejos.com.ar\/2021\/wp-json\/wp\/v2\/posts\/62533","targetHints":{"allow":["GET"]}}],"collection":[{"href":"https:\/\/www.noticiasradioreflejos.com.ar\/2021\/wp-json\/wp\/v2\/posts"}],"about":[{"href":"https:\/\/www.noticiasradioreflejos.com.ar\/2021\/wp-json\/wp\/v2\/types\/post"}],"author":[{"embeddable":true,"href":"https:\/\/www.noticiasradioreflejos.com.ar\/2021\/wp-json\/wp\/v2\/users\/3"}],"replies":[{"embeddable":true,"href":"https:\/\/www.noticiasradioreflejos.com.ar\/2021\/wp-json\/wp\/v2\/comments?post=62533"}],"version-history":[{"count":2,"href":"https:\/\/www.noticiasradioreflejos.com.ar\/2021\/wp-json\/wp\/v2\/posts\/62533\/revisions"}],"predecessor-version":[{"id":62540,"href":"https:\/\/www.noticiasradioreflejos.com.ar\/2021\/wp-json\/wp\/v2\/posts\/62533\/revisions\/62540"}],"wp:attachment":[{"href":"https:\/\/www.noticiasradioreflejos.com.ar\/2021\/wp-json\/wp\/v2\/media?parent=62533"}],"wp:term":[{"taxonomy":"category","embeddable":true,"href":"https:\/\/www.noticiasradioreflejos.com.ar\/2021\/wp-json\/wp\/v2\/categories?post=62533"},{"taxonomy":"post_tag","embeddable":true,"href":"https:\/\/www.noticiasradioreflejos.com.ar\/2021\/wp-json\/wp\/v2\/tags?post=62533"}],"curies":[{"name":"wp","href":"https:\/\/api.w.org\/{rel}","templated":true}]}}