{"id":62504,"date":"2021-09-08T11:16:12","date_gmt":"2021-09-08T11:16:12","guid":{"rendered":"http:\/\/www.noticiasradioreflejos.com.ar\/2021\/?p=62504"},"modified":"2021-09-08T11:16:12","modified_gmt":"2021-09-08T11:16:12","slug":"vialidad-nacional-ejecuto-tareas-de-reemplazo-de-carteleria-en-un-tramo-de-la-ruta-nacional-n-3","status":"publish","type":"post","link":"https:\/\/www.noticiasradioreflejos.com.ar\/2021\/vialidad-nacional-ejecuto-tareas-de-reemplazo-de-carteleria-en-un-tramo-de-la-ruta-nacional-n-3\/","title":{"rendered":"Vialidad Nacional ejecut\u00f3 tareas de reemplazo de carteler\u00eda en un tramo de LA RUTA NACIONAL N\u00b0 3"},"content":{"rendered":"<p>El Ministerio de Obras P\u00fablicas, a trav\u00e9s de Vialidad Nacional, informa que se llev\u00f3 a cabo un operativo de <strong>recambio de carteler\u00eda informativa <\/strong>entre las ciudades de Bah\u00eda Blanca y el acceso a la ciudad de Monte Hermoso.<!--more--><\/p>\n<p><a title=\"WhatsApp Image 2021-09-08 at 08.10.33\" href=\"https:\/\/www.flickr.com\/photos\/182279889@N02\/51436078121\/in\/dateposted-public\/\" data-flickr-embed=\"true\"><img loading=\"lazy\" decoding=\"async\" src=\"https:\/\/live.staticflickr.com\/65535\/51436078121_f6d8ec06d7_c.jpg\" alt=\"WhatsApp Image 2021-09-08 at 08.10.33\" width=\"800\" height=\"574\" \/><\/a><script async src=\"\/\/embedr.flickr.com\/assets\/client-code.js\" charset=\"utf-8\"><\/script><\/p>\n<p>La acci\u00f3n se llev\u00f3 a cabo sobre la Ruta Nacional N\u00b0 3 donde se <strong>reemplazaron las placas de las se\u00f1ales que informan las distancias hacia las ciudades m\u00e1s destacadas de partido<\/strong>. La mayor\u00eda de ellas se encontraban en mal estado y con p\u00e9rdida de reflectividad, producto del tiempo y el clima.<\/p>\n<p>Las tareas se llevaron a cabo con agentes de las cuadrillas de se\u00f1alamiento de la Divisi\u00f3n Conservaci\u00f3n del 19\u00ba Distrito Bah\u00eda Blanca y con <strong>personal propio y equipos del patrimonio <\/strong>de la repartici\u00f3n.<\/p>\n<p>Cabe aclarar que se lleva a cabo un control peri\u00f3dico de se\u00f1alamiento vertical a partir de la limpieza de carteles y la reposici\u00f3n de aquellas se\u00f1ales hurtadas o da\u00f1adas. Todas las mejoras relacionadas a la carteler\u00eda benefician a las personas que circulan por los caminos siendo las se\u00f1ales viales sumamente importantes para informar acerca de cualquier situaci\u00f3n en la ruta. Por todo esto, se recomienda a los y las usuarias, circular con suma precauci\u00f3n, disminuir la velocidad, llevar las luces bajas encendidas y utilizar el cintur\u00f3n de seguridad.<\/p>\n","protected":false},"excerpt":{"rendered":"<p>El Ministerio de Obras P\u00fablicas, a trav\u00e9s de Vialidad Nacional, informa que se llev\u00f3 a cabo un operativo de recambio de carteler\u00eda informativa entre las ciudades de Bah\u00eda Blanca y el acceso a la ciudad de Monte Hermoso.<\/p>\n","protected":false},"author":3,"featured_media":0,"comment_status":"closed","ping_status":"closed","sticky":false,"template":"","format":"standard","meta":{"footnotes":""},"categories":[24,26],"tags":[],"class_list":["post-62504","post","type-post","status-publish","format-standard","hentry","category-politica","category-sociedad"],"yoast_head":"<!-- This site is optimized with the Yoast SEO plugin v25.9 - https:\/\/yoast.com\/wordpress\/plugins\/seo\/ -->\n<title>Vialidad Nacional ejecut\u00f3 tareas de reemplazo de carteler\u00eda en un tramo de LA RUTA NACIONAL N\u00b0 3 - Noticias Radio Reflejos<\/title>\n<meta name=\"robots\" content=\"index, follow, max-snippet:-1, max-image-preview:large, max-video-preview:-1\" \/>\n<link rel=\"canonical\" href=\"https:\/\/www.noticiasradioreflejos.com.ar\/2021\/vialidad-nacional-ejecuto-tareas-de-reemplazo-de-carteleria-en-un-tramo-de-la-ruta-nacional-n-3\/\" \/>\n<meta property=\"og:locale\" content=\"es_ES\" \/>\n<meta property=\"og:type\" content=\"article\" \/>\n<meta property=\"og:title\" content=\"Vialidad Nacional ejecut\u00f3 tareas de reemplazo de carteler\u00eda en un tramo de LA RUTA NACIONAL N\u00b0 3 - Noticias Radio Reflejos\" \/>\n<meta property=\"og:description\" content=\"El Ministerio de Obras P\u00fablicas, a trav\u00e9s de Vialidad Nacional, informa que se llev\u00f3 a cabo un operativo de recambio de carteler\u00eda informativa entre las ciudades de Bah\u00eda Blanca y el acceso a la ciudad de Monte Hermoso.\" \/>\n<meta property=\"og:url\" content=\"https:\/\/www.noticiasradioreflejos.com.ar\/2021\/vialidad-nacional-ejecuto-tareas-de-reemplazo-de-carteleria-en-un-tramo-de-la-ruta-nacional-n-3\/\" \/>\n<meta property=\"og:site_name\" content=\"Noticias Radio Reflejos\" \/>\n<meta property=\"article:published_time\" content=\"2021-09-08T11:16:12+00:00\" \/>\n<meta property=\"og:image\" content=\"https:\/\/live.staticflickr.com\/65535\/51436078121_f6d8ec06d7_c.jpg\" \/>\n<meta name=\"author\" content=\"Arnaldo Botto\" \/>\n<meta name=\"twitter:card\" content=\"summary_large_image\" \/>\n<script type=\"application\/ld+json\" class=\"yoast-schema-graph\">{\"@context\":\"https:\/\/schema.org\",\"@graph\":[{\"@type\":\"WebPage\",\"@id\":\"https:\/\/www.noticiasradioreflejos.com.ar\/2021\/vialidad-nacional-ejecuto-tareas-de-reemplazo-de-carteleria-en-un-tramo-de-la-ruta-nacional-n-3\/\",\"url\":\"https:\/\/www.noticiasradioreflejos.com.ar\/2021\/vialidad-nacional-ejecuto-tareas-de-reemplazo-de-carteleria-en-un-tramo-de-la-ruta-nacional-n-3\/\",\"name\":\"Vialidad Nacional ejecut\u00f3 tareas de reemplazo de carteler\u00eda en un tramo de LA RUTA NACIONAL N\u00b0 3 - Noticias Radio Reflejos\",\"isPartOf\":{\"@id\":\"https:\/\/www.noticiasradioreflejos.com.ar\/2021\/#website\"},\"primaryImageOfPage\":{\"@id\":\"https:\/\/www.noticiasradioreflejos.com.ar\/2021\/vialidad-nacional-ejecuto-tareas-de-reemplazo-de-carteleria-en-un-tramo-de-la-ruta-nacional-n-3\/#primaryimage\"},\"image\":{\"@id\":\"https:\/\/www.noticiasradioreflejos.com.ar\/2021\/vialidad-nacional-ejecuto-tareas-de-reemplazo-de-carteleria-en-un-tramo-de-la-ruta-nacional-n-3\/#primaryimage\"},\"thumbnailUrl\":\"https:\/\/live.staticflickr.com\/65535\/51436078121_f6d8ec06d7_c.jpg\",\"datePublished\":\"2021-09-08T11:16:12+00:00\",\"author\":{\"@id\":\"https:\/\/www.noticiasradioreflejos.com.ar\/2021\/#\/schema\/person\/ad82545263dcc5ec0996818884fd5fb1\"},\"breadcrumb\":{\"@id\":\"https:\/\/www.noticiasradioreflejos.com.ar\/2021\/vialidad-nacional-ejecuto-tareas-de-reemplazo-de-carteleria-en-un-tramo-de-la-ruta-nacional-n-3\/#breadcrumb\"},\"inLanguage\":\"es\",\"potentialAction\":[{\"@type\":\"ReadAction\",\"target\":[\"https:\/\/www.noticiasradioreflejos.com.ar\/2021\/vialidad-nacional-ejecuto-tareas-de-reemplazo-de-carteleria-en-un-tramo-de-la-ruta-nacional-n-3\/\"]}]},{\"@type\":\"ImageObject\",\"inLanguage\":\"es\",\"@id\":\"https:\/\/www.noticiasradioreflejos.com.ar\/2021\/vialidad-nacional-ejecuto-tareas-de-reemplazo-de-carteleria-en-un-tramo-de-la-ruta-nacional-n-3\/#primaryimage\",\"url\":\"https:\/\/live.staticflickr.com\/65535\/51436078121_f6d8ec06d7_c.jpg\",\"contentUrl\":\"https:\/\/live.staticflickr.com\/65535\/51436078121_f6d8ec06d7_c.jpg\"},{\"@type\":\"BreadcrumbList\",\"@id\":\"https:\/\/www.noticiasradioreflejos.com.ar\/2021\/vialidad-nacional-ejecuto-tareas-de-reemplazo-de-carteleria-en-un-tramo-de-la-ruta-nacional-n-3\/#breadcrumb\",\"itemListElement\":[{\"@type\":\"ListItem\",\"position\":1,\"name\":\"Portada\",\"item\":\"https:\/\/www.noticiasradioreflejos.com.ar\/2021\/\"},{\"@type\":\"ListItem\",\"position\":2,\"name\":\"Vialidad Nacional ejecut\u00f3 tareas de reemplazo de carteler\u00eda en un tramo de LA RUTA NACIONAL N\u00b0 3\"}]},{\"@type\":\"WebSite\",\"@id\":\"https:\/\/www.noticiasradioreflejos.com.ar\/2021\/#website\",\"url\":\"https:\/\/www.noticiasradioreflejos.com.ar\/2021\/\",\"name\":\"Noticias Radio Reflejos\",\"description\":\"Las noticias de mi comarca\",\"potentialAction\":[{\"@type\":\"SearchAction\",\"target\":{\"@type\":\"EntryPoint\",\"urlTemplate\":\"https:\/\/www.noticiasradioreflejos.com.ar\/2021\/?s={search_term_string}\"},\"query-input\":{\"@type\":\"PropertyValueSpecification\",\"valueRequired\":true,\"valueName\":\"search_term_string\"}}],\"inLanguage\":\"es\"},{\"@type\":\"Person\",\"@id\":\"https:\/\/www.noticiasradioreflejos.com.ar\/2021\/#\/schema\/person\/ad82545263dcc5ec0996818884fd5fb1\",\"name\":\"Arnaldo Botto\",\"image\":{\"@type\":\"ImageObject\",\"inLanguage\":\"es\",\"@id\":\"https:\/\/www.noticiasradioreflejos.com.ar\/2021\/#\/schema\/person\/image\/\",\"url\":\"https:\/\/secure.gravatar.com\/avatar\/55cb5e37c1efa326397366e6974cb338056df65cb50e7d64d1cf314e87504837?s=96&d=mm&r=g\",\"contentUrl\":\"https:\/\/secure.gravatar.com\/avatar\/55cb5e37c1efa326397366e6974cb338056df65cb50e7d64d1cf314e87504837?s=96&d=mm&r=g\",\"caption\":\"Arnaldo Botto\"},\"url\":\"https:\/\/www.noticiasradioreflejos.com.ar\/2021\/author\/arnaldo\/\"}]}<\/script>\n<!-- \/ Yoast SEO plugin. -->","yoast_head_json":{"title":"Vialidad Nacional ejecut\u00f3 tareas de reemplazo de carteler\u00eda en un tramo de LA RUTA NACIONAL N\u00b0 3 - Noticias Radio Reflejos","robots":{"index":"index","follow":"follow","max-snippet":"max-snippet:-1","max-image-preview":"max-image-preview:large","max-video-preview":"max-video-preview:-1"},"canonical":"https:\/\/www.noticiasradioreflejos.com.ar\/2021\/vialidad-nacional-ejecuto-tareas-de-reemplazo-de-carteleria-en-un-tramo-de-la-ruta-nacional-n-3\/","og_locale":"es_ES","og_type":"article","og_title":"Vialidad Nacional ejecut\u00f3 tareas de reemplazo de carteler\u00eda en un tramo de LA RUTA NACIONAL N\u00b0 3 - Noticias Radio Reflejos","og_description":"El Ministerio de Obras P\u00fablicas, a trav\u00e9s de Vialidad Nacional, informa que se llev\u00f3 a cabo un operativo de recambio de carteler\u00eda informativa entre las ciudades de Bah\u00eda Blanca y el acceso a la ciudad de Monte Hermoso.","og_url":"https:\/\/www.noticiasradioreflejos.com.ar\/2021\/vialidad-nacional-ejecuto-tareas-de-reemplazo-de-carteleria-en-un-tramo-de-la-ruta-nacional-n-3\/","og_site_name":"Noticias Radio Reflejos","article_published_time":"2021-09-08T11:16:12+00:00","og_image":[{"url":"https:\/\/live.staticflickr.com\/65535\/51436078121_f6d8ec06d7_c.jpg","type":"","width":"","height":""}],"author":"Arnaldo Botto","twitter_card":"summary_large_image","schema":{"@context":"https:\/\/schema.org","@graph":[{"@type":"WebPage","@id":"https:\/\/www.noticiasradioreflejos.com.ar\/2021\/vialidad-nacional-ejecuto-tareas-de-reemplazo-de-carteleria-en-un-tramo-de-la-ruta-nacional-n-3\/","url":"https:\/\/www.noticiasradioreflejos.com.ar\/2021\/vialidad-nacional-ejecuto-tareas-de-reemplazo-de-carteleria-en-un-tramo-de-la-ruta-nacional-n-3\/","name":"Vialidad Nacional ejecut\u00f3 tareas de reemplazo de carteler\u00eda en un tramo de LA RUTA NACIONAL N\u00b0 3 - Noticias Radio Reflejos","isPartOf":{"@id":"https:\/\/www.noticiasradioreflejos.com.ar\/2021\/#website"},"primaryImageOfPage":{"@id":"https:\/\/www.noticiasradioreflejos.com.ar\/2021\/vialidad-nacional-ejecuto-tareas-de-reemplazo-de-carteleria-en-un-tramo-de-la-ruta-nacional-n-3\/#primaryimage"},"image":{"@id":"https:\/\/www.noticiasradioreflejos.com.ar\/2021\/vialidad-nacional-ejecuto-tareas-de-reemplazo-de-carteleria-en-un-tramo-de-la-ruta-nacional-n-3\/#primaryimage"},"thumbnailUrl":"https:\/\/live.staticflickr.com\/65535\/51436078121_f6d8ec06d7_c.jpg","datePublished":"2021-09-08T11:16:12+00:00","author":{"@id":"https:\/\/www.noticiasradioreflejos.com.ar\/2021\/#\/schema\/person\/ad82545263dcc5ec0996818884fd5fb1"},"breadcrumb":{"@id":"https:\/\/www.noticiasradioreflejos.com.ar\/2021\/vialidad-nacional-ejecuto-tareas-de-reemplazo-de-carteleria-en-un-tramo-de-la-ruta-nacional-n-3\/#breadcrumb"},"inLanguage":"es","potentialAction":[{"@type":"ReadAction","target":["https:\/\/www.noticiasradioreflejos.com.ar\/2021\/vialidad-nacional-ejecuto-tareas-de-reemplazo-de-carteleria-en-un-tramo-de-la-ruta-nacional-n-3\/"]}]},{"@type":"ImageObject","inLanguage":"es","@id":"https:\/\/www.noticiasradioreflejos.com.ar\/2021\/vialidad-nacional-ejecuto-tareas-de-reemplazo-de-carteleria-en-un-tramo-de-la-ruta-nacional-n-3\/#primaryimage","url":"https:\/\/live.staticflickr.com\/65535\/51436078121_f6d8ec06d7_c.jpg","contentUrl":"https:\/\/live.staticflickr.com\/65535\/51436078121_f6d8ec06d7_c.jpg"},{"@type":"BreadcrumbList","@id":"https:\/\/www.noticiasradioreflejos.com.ar\/2021\/vialidad-nacional-ejecuto-tareas-de-reemplazo-de-carteleria-en-un-tramo-de-la-ruta-nacional-n-3\/#breadcrumb","itemListElement":[{"@type":"ListItem","position":1,"name":"Portada","item":"https:\/\/www.noticiasradioreflejos.com.ar\/2021\/"},{"@type":"ListItem","position":2,"name":"Vialidad Nacional ejecut\u00f3 tareas de reemplazo de carteler\u00eda en un tramo de LA RUTA NACIONAL N\u00b0 3"}]},{"@type":"WebSite","@id":"https:\/\/www.noticiasradioreflejos.com.ar\/2021\/#website","url":"https:\/\/www.noticiasradioreflejos.com.ar\/2021\/","name":"Noticias Radio Reflejos","description":"Las noticias de mi comarca","potentialAction":[{"@type":"SearchAction","target":{"@type":"EntryPoint","urlTemplate":"https:\/\/www.noticiasradioreflejos.com.ar\/2021\/?s={search_term_string}"},"query-input":{"@type":"PropertyValueSpecification","valueRequired":true,"valueName":"search_term_string"}}],"inLanguage":"es"},{"@type":"Person","@id":"https:\/\/www.noticiasradioreflejos.com.ar\/2021\/#\/schema\/person\/ad82545263dcc5ec0996818884fd5fb1","name":"Arnaldo Botto","image":{"@type":"ImageObject","inLanguage":"es","@id":"https:\/\/www.noticiasradioreflejos.com.ar\/2021\/#\/schema\/person\/image\/","url":"https:\/\/secure.gravatar.com\/avatar\/55cb5e37c1efa326397366e6974cb338056df65cb50e7d64d1cf314e87504837?s=96&d=mm&r=g","contentUrl":"https:\/\/secure.gravatar.com\/avatar\/55cb5e37c1efa326397366e6974cb338056df65cb50e7d64d1cf314e87504837?s=96&d=mm&r=g","caption":"Arnaldo Botto"},"url":"https:\/\/www.noticiasradioreflejos.com.ar\/2021\/author\/arnaldo\/"}]}},"_links":{"self":[{"href":"https:\/\/www.noticiasradioreflejos.com.ar\/2021\/wp-json\/wp\/v2\/posts\/62504","targetHints":{"allow":["GET"]}}],"collection":[{"href":"https:\/\/www.noticiasradioreflejos.com.ar\/2021\/wp-json\/wp\/v2\/posts"}],"about":[{"href":"https:\/\/www.noticiasradioreflejos.com.ar\/2021\/wp-json\/wp\/v2\/types\/post"}],"author":[{"embeddable":true,"href":"https:\/\/www.noticiasradioreflejos.com.ar\/2021\/wp-json\/wp\/v2\/users\/3"}],"replies":[{"embeddable":true,"href":"https:\/\/www.noticiasradioreflejos.com.ar\/2021\/wp-json\/wp\/v2\/comments?post=62504"}],"version-history":[{"count":1,"href":"https:\/\/www.noticiasradioreflejos.com.ar\/2021\/wp-json\/wp\/v2\/posts\/62504\/revisions"}],"predecessor-version":[{"id":62506,"href":"https:\/\/www.noticiasradioreflejos.com.ar\/2021\/wp-json\/wp\/v2\/posts\/62504\/revisions\/62506"}],"wp:attachment":[{"href":"https:\/\/www.noticiasradioreflejos.com.ar\/2021\/wp-json\/wp\/v2\/media?parent=62504"}],"wp:term":[{"taxonomy":"category","embeddable":true,"href":"https:\/\/www.noticiasradioreflejos.com.ar\/2021\/wp-json\/wp\/v2\/categories?post=62504"},{"taxonomy":"post_tag","embeddable":true,"href":"https:\/\/www.noticiasradioreflejos.com.ar\/2021\/wp-json\/wp\/v2\/tags?post=62504"}],"curies":[{"name":"wp","href":"https:\/\/api.w.org\/{rel}","templated":true}]}}