{"id":62434,"date":"2021-09-06T20:31:28","date_gmt":"2021-09-06T20:31:28","guid":{"rendered":"http:\/\/www.noticiasradioreflejos.com.ar\/2021\/?p=62434"},"modified":"2021-09-06T20:31:28","modified_gmt":"2021-09-06T20:31:28","slug":"la-credencial-mi-argentina-sera-el-documento-internacional-de-vacunacion-contra-el-coronavirus","status":"publish","type":"post","link":"https:\/\/www.noticiasradioreflejos.com.ar\/2021\/la-credencial-mi-argentina-sera-el-documento-internacional-de-vacunacion-contra-el-coronavirus\/","title":{"rendered":"La credencial Mi Argentina ser\u00e1 el documento internacional de vacunaci\u00f3n contra el coronavirus"},"content":{"rendered":"<div class=\"head-content\">\n<p>El Gobierno nacional inform\u00f3 que comunicar\u00e1 la decisi\u00f3n a las canciller\u00edas de los otros pa\u00edses, direcciones de migraciones y autoridades de frontera, report\u00f3 el Ministerio de Salud.<\/p>\n<\/div>\n<p><!--more--><\/p>\n<div class=\"main-content-block\">\n<div class=\"main-box clearfix\">\n<div class=\"wrapper-main-section clearfix\">\n<div class=\"wrapper-editable-content\">\n<div class=\"editable-content clearfix\">\n<div id=\"image\" class=\"image\">\n<div class=\"epigrafe\">La <strong>credencial digital de vacunaci\u00f3n Mi Argentina funcionar\u00e1 desde este lunes como documento oficial de acreditaci\u00f3n internacional<\/strong>\u00a0de la aplicaci\u00f3n de la vacuna contra el coronavirus, medida que est\u00e1 siendo comunicada a las canciller\u00edas de los otros pa\u00edses, direcciones de migraciones y autoridades de frontera, report\u00f3 el Ministerio de Salud.<\/div>\n<\/div>\n<p>El carnet digital est\u00e1 disponible tanto en espa\u00f1ol como en ingl\u00e9s con el objetivo de ser presentado en el exterior por aquellas personas que deban desplazarse entre pa\u00edses.<\/p>\n<p>Adem\u00e1s,<strong>\u00a0las autoridades nacionales solicitaron que los pa\u00edses env\u00eden sus modelos de credencial para verificar la documentaci\u00f3n de las personas que deseen ingresar al pa\u00eds.<\/strong><\/p>\n<p>Mi Argentina es la aplicaci\u00f3n (app) que acredita que la persona recibi\u00f3 el esquema de vacunaci\u00f3n contra el coronavirus y a partir de hoy ser\u00e1 el documento oficial de acreditaci\u00f3n internacional.<\/p>\n<p><strong>La aplicaci\u00f3n est\u00e1 disponible para todas aquellas personas que se hayan vacunado<\/strong>, dado que se genera a partir de los datos cargados en el Registro Federal de Vacunaci\u00f3n Nominalizado (Nomivac).<\/p>\n<p>Con el perfil digital de Mi Argentina es posible gestionar tr\u00e1mites, sacar turnos, acceder a credenciales y recibir informaci\u00f3n personalizada.<\/p>\n<p>Actualmente cuenta con m\u00e1s de 10 millones de personas usuarias y adem\u00e1s de la credencial de vacunaci\u00f3n -que se encuentra en la secci\u00f3n Mis documentos-, la ciudadan\u00eda puede vincular a la aplicaci\u00f3n su DNI digital, registro de conducir, seguro automotor, c\u00e9dula verde y azul, y credencial de ART.<\/p>\n<p>Tambi\u00e9n constancia de CUIL, el s\u00edmbolo internacional de acceso para personas con discapacidad, el Certificado Turismo y la credencial del Registro del Programa de Cannabis (Reprocann), entre otros documentos oficiales.<\/p>\n<p>Pueden acceder tod<strong>os aquellos que recibieron la inoculaci\u00f3n y en Mi Argentina pueden ver el certificado.<\/strong><\/p>\n<div id=\"image\" class=\"image\"><img decoding=\"async\" title=\"\" src=\"https:\/\/www.telam.com.ar\/advf\/imagenes\/2021\/09\/613675c01583d_1004x1751.jpg\" alt=\"\" \/><\/div>\n<p>Para ello se debe descargar la aplicaci\u00f3n desde el sitio web https:\/\/www.argentina.gob.ar\/aplicaciones\/mi-argentina, crear la cuenta en https:\/\/id.argentina.gob.ar\/registro\/ y validar la identidad en https:\/\/www.argentina.gob.ar\/miargentina\/validar-identidad.<\/p>\n<p>La credencial contiene nombre, apellido, n\u00famero de DNI, datos de la vacuna, nombre, lote y cantidad de dosis, el lugar y fecha donde te fue aplicada.<\/p>\n<p>Tambi\u00e9n se inform\u00f3 que cada jurisdicci\u00f3n es la responsable de la carga de informaci\u00f3n de cada persona que se vacuna y que luego aparece en la credencial.<\/p>\n<p>En caso de errores en la credencial, en los datos o de la vacuna, la persona puede reportarlo al sistema nacional de salud para que lo analice y -junto a la jurisdicci\u00f3n correspondiente- realicen la rectificaci\u00f3n que sea necesaria.<\/p>\n<p>La implementaci\u00f3n de la credencial digital internacional fue informada por el Ministerio de Relaciones Exteriores, Comercio Internacional y Culto mediante una circular enviada a consulados y embajadas argentinas en el exterior.<\/p>\n<p>La decisi\u00f3n est\u00e1 siendo comunicada a canciller\u00edas, direcciones de migraciones y autoridades de sanidad de fronteras de todo el mundo para comenzar el proceso de aprobaci\u00f3n de esta credencial en los distintos pa\u00edses.<\/p>\n<p>En simult\u00e1neo, se requiri\u00f3 que los dem\u00e1s pa\u00edses informen cu\u00e1les son sus modelos de credencial de vacunaci\u00f3n en pos de avanzar en la verificaci\u00f3n de la documentaci\u00f3n de las y los viajeros que deseen ingresar a la Argentina.<\/p>\n<p>La Canciller\u00eda aclar\u00f3 que, ante la variabilidad de exigencias de los pa\u00edses para viajes internacionales, y considerando que la Organizaci\u00f3n Mundial de la Salud (OMS) a\u00fan no se pronunci\u00f3 sobre una certificaci\u00f3n de alcance global, se recomienda a las personas que viajen al exterior consultar las medidas sanitarias vigentes.<\/p>\n<p>Tambi\u00e9n, las personas deber\u00e1n informarse sobre la documentaci\u00f3n de viaje requerida por el pa\u00eds de destino al momento de realizar el viaje, y conservar la documentaci\u00f3n f\u00edsica entregada por las autoridades de Salud al momento de recibir las dosis de vacunas \u00abpara poder complementar y\/o acreditar su vacunaci\u00f3n contra el SARS-CoV-2 si les fuera solicitado\u00bb.<\/p>\n<p>La app fue desarrollada por la Secretar\u00eda de Innovaci\u00f3n P\u00fablica de la Jefatura de Gabinete de Ministros y presentada en julio pasado.<\/p>\n<p>Tras un trabajo conjunto con el Ministerio de Salud de la Naci\u00f3n, la Direcci\u00f3n de Migraciones; la Administraci\u00f3n Nacional de Aviaci\u00f3n Civil (ANAC); y el Ministerio de Relaciones Exteriores, Comercio Internacional y Culto, sobre su implementaci\u00f3n como documento oficial, se desarroll\u00f3 el carnet digital biling\u00fce con un c\u00f3digo QR que remite al sitio oficial de la cartera sanitaria nacional, donde se accede a la informaci\u00f3n respaldatoria de la vacunaci\u00f3n contra el coronavirus.<\/p><\/div>\n<\/div>\n<\/div>\n<\/div>\n<\/div>\n","protected":false},"excerpt":{"rendered":"<p>El Gobierno nacional inform\u00f3 que comunicar\u00e1 la decisi\u00f3n a las canciller\u00edas de los otros pa\u00edses, direcciones de migraciones y autoridades de frontera, report\u00f3 el Ministerio de Salud.<\/p>\n","protected":false},"author":3,"featured_media":0,"comment_status":"closed","ping_status":"closed","sticky":false,"template":"","format":"standard","meta":{"footnotes":""},"categories":[24,30,26],"tags":[48],"class_list":["post-62434","post","type-post","status-publish","format-standard","hentry","category-politica","category-salud","category-sociedad","tag-destacada"],"yoast_head":"<!-- This site is optimized with the Yoast SEO plugin v25.9 - https:\/\/yoast.com\/wordpress\/plugins\/seo\/ -->\n<title>La credencial Mi Argentina ser\u00e1 el documento internacional de vacunaci\u00f3n contra el coronavirus - Noticias Radio Reflejos<\/title>\n<meta name=\"robots\" content=\"index, follow, max-snippet:-1, max-image-preview:large, max-video-preview:-1\" \/>\n<link rel=\"canonical\" href=\"https:\/\/www.noticiasradioreflejos.com.ar\/2021\/la-credencial-mi-argentina-sera-el-documento-internacional-de-vacunacion-contra-el-coronavirus\/\" \/>\n<meta property=\"og:locale\" content=\"es_ES\" \/>\n<meta property=\"og:type\" content=\"article\" \/>\n<meta property=\"og:title\" content=\"La credencial Mi Argentina ser\u00e1 el documento internacional de vacunaci\u00f3n contra el coronavirus - Noticias Radio Reflejos\" \/>\n<meta property=\"og:description\" content=\"El Gobierno nacional inform\u00f3 que comunicar\u00e1 la decisi\u00f3n a las canciller\u00edas de los otros pa\u00edses, direcciones de migraciones y autoridades de frontera, report\u00f3 el Ministerio de Salud.\" \/>\n<meta property=\"og:url\" content=\"https:\/\/www.noticiasradioreflejos.com.ar\/2021\/la-credencial-mi-argentina-sera-el-documento-internacional-de-vacunacion-contra-el-coronavirus\/\" \/>\n<meta property=\"og:site_name\" content=\"Noticias Radio Reflejos\" \/>\n<meta property=\"article:published_time\" content=\"2021-09-06T20:31:28+00:00\" \/>\n<meta property=\"og:image\" content=\"https:\/\/www.telam.com.ar\/advf\/imagenes\/2021\/09\/613675c01583d_1004x1751.jpg\" \/>\n<meta name=\"author\" content=\"Arnaldo Botto\" \/>\n<meta name=\"twitter:card\" content=\"summary_large_image\" \/>\n<script type=\"application\/ld+json\" class=\"yoast-schema-graph\">{\"@context\":\"https:\/\/schema.org\",\"@graph\":[{\"@type\":\"WebPage\",\"@id\":\"https:\/\/www.noticiasradioreflejos.com.ar\/2021\/la-credencial-mi-argentina-sera-el-documento-internacional-de-vacunacion-contra-el-coronavirus\/\",\"url\":\"https:\/\/www.noticiasradioreflejos.com.ar\/2021\/la-credencial-mi-argentina-sera-el-documento-internacional-de-vacunacion-contra-el-coronavirus\/\",\"name\":\"La credencial Mi Argentina ser\u00e1 el documento internacional de vacunaci\u00f3n contra el coronavirus - Noticias Radio Reflejos\",\"isPartOf\":{\"@id\":\"https:\/\/www.noticiasradioreflejos.com.ar\/2021\/#website\"},\"primaryImageOfPage\":{\"@id\":\"https:\/\/www.noticiasradioreflejos.com.ar\/2021\/la-credencial-mi-argentina-sera-el-documento-internacional-de-vacunacion-contra-el-coronavirus\/#primaryimage\"},\"image\":{\"@id\":\"https:\/\/www.noticiasradioreflejos.com.ar\/2021\/la-credencial-mi-argentina-sera-el-documento-internacional-de-vacunacion-contra-el-coronavirus\/#primaryimage\"},\"thumbnailUrl\":\"https:\/\/www.telam.com.ar\/advf\/imagenes\/2021\/09\/613675c01583d_1004x1751.jpg\",\"datePublished\":\"2021-09-06T20:31:28+00:00\",\"author\":{\"@id\":\"https:\/\/www.noticiasradioreflejos.com.ar\/2021\/#\/schema\/person\/ad82545263dcc5ec0996818884fd5fb1\"},\"breadcrumb\":{\"@id\":\"https:\/\/www.noticiasradioreflejos.com.ar\/2021\/la-credencial-mi-argentina-sera-el-documento-internacional-de-vacunacion-contra-el-coronavirus\/#breadcrumb\"},\"inLanguage\":\"es\",\"potentialAction\":[{\"@type\":\"ReadAction\",\"target\":[\"https:\/\/www.noticiasradioreflejos.com.ar\/2021\/la-credencial-mi-argentina-sera-el-documento-internacional-de-vacunacion-contra-el-coronavirus\/\"]}]},{\"@type\":\"ImageObject\",\"inLanguage\":\"es\",\"@id\":\"https:\/\/www.noticiasradioreflejos.com.ar\/2021\/la-credencial-mi-argentina-sera-el-documento-internacional-de-vacunacion-contra-el-coronavirus\/#primaryimage\",\"url\":\"https:\/\/www.telam.com.ar\/advf\/imagenes\/2021\/09\/613675c01583d_1004x1751.jpg\",\"contentUrl\":\"https:\/\/www.telam.com.ar\/advf\/imagenes\/2021\/09\/613675c01583d_1004x1751.jpg\"},{\"@type\":\"BreadcrumbList\",\"@id\":\"https:\/\/www.noticiasradioreflejos.com.ar\/2021\/la-credencial-mi-argentina-sera-el-documento-internacional-de-vacunacion-contra-el-coronavirus\/#breadcrumb\",\"itemListElement\":[{\"@type\":\"ListItem\",\"position\":1,\"name\":\"Portada\",\"item\":\"https:\/\/www.noticiasradioreflejos.com.ar\/2021\/\"},{\"@type\":\"ListItem\",\"position\":2,\"name\":\"La credencial Mi Argentina ser\u00e1 el documento internacional de vacunaci\u00f3n contra el coronavirus\"}]},{\"@type\":\"WebSite\",\"@id\":\"https:\/\/www.noticiasradioreflejos.com.ar\/2021\/#website\",\"url\":\"https:\/\/www.noticiasradioreflejos.com.ar\/2021\/\",\"name\":\"Noticias Radio Reflejos\",\"description\":\"Las noticias de mi comarca\",\"potentialAction\":[{\"@type\":\"SearchAction\",\"target\":{\"@type\":\"EntryPoint\",\"urlTemplate\":\"https:\/\/www.noticiasradioreflejos.com.ar\/2021\/?s={search_term_string}\"},\"query-input\":{\"@type\":\"PropertyValueSpecification\",\"valueRequired\":true,\"valueName\":\"search_term_string\"}}],\"inLanguage\":\"es\"},{\"@type\":\"Person\",\"@id\":\"https:\/\/www.noticiasradioreflejos.com.ar\/2021\/#\/schema\/person\/ad82545263dcc5ec0996818884fd5fb1\",\"name\":\"Arnaldo Botto\",\"image\":{\"@type\":\"ImageObject\",\"inLanguage\":\"es\",\"@id\":\"https:\/\/www.noticiasradioreflejos.com.ar\/2021\/#\/schema\/person\/image\/\",\"url\":\"https:\/\/secure.gravatar.com\/avatar\/55cb5e37c1efa326397366e6974cb338056df65cb50e7d64d1cf314e87504837?s=96&d=mm&r=g\",\"contentUrl\":\"https:\/\/secure.gravatar.com\/avatar\/55cb5e37c1efa326397366e6974cb338056df65cb50e7d64d1cf314e87504837?s=96&d=mm&r=g\",\"caption\":\"Arnaldo Botto\"},\"url\":\"https:\/\/www.noticiasradioreflejos.com.ar\/2021\/author\/arnaldo\/\"}]}<\/script>\n<!-- \/ Yoast SEO plugin. -->","yoast_head_json":{"title":"La credencial Mi Argentina ser\u00e1 el documento internacional de vacunaci\u00f3n contra el coronavirus - Noticias Radio Reflejos","robots":{"index":"index","follow":"follow","max-snippet":"max-snippet:-1","max-image-preview":"max-image-preview:large","max-video-preview":"max-video-preview:-1"},"canonical":"https:\/\/www.noticiasradioreflejos.com.ar\/2021\/la-credencial-mi-argentina-sera-el-documento-internacional-de-vacunacion-contra-el-coronavirus\/","og_locale":"es_ES","og_type":"article","og_title":"La credencial Mi Argentina ser\u00e1 el documento internacional de vacunaci\u00f3n contra el coronavirus - Noticias Radio Reflejos","og_description":"El Gobierno nacional inform\u00f3 que comunicar\u00e1 la decisi\u00f3n a las canciller\u00edas de los otros pa\u00edses, direcciones de migraciones y autoridades de frontera, report\u00f3 el Ministerio de Salud.","og_url":"https:\/\/www.noticiasradioreflejos.com.ar\/2021\/la-credencial-mi-argentina-sera-el-documento-internacional-de-vacunacion-contra-el-coronavirus\/","og_site_name":"Noticias Radio Reflejos","article_published_time":"2021-09-06T20:31:28+00:00","og_image":[{"url":"https:\/\/www.telam.com.ar\/advf\/imagenes\/2021\/09\/613675c01583d_1004x1751.jpg","type":"","width":"","height":""}],"author":"Arnaldo Botto","twitter_card":"summary_large_image","schema":{"@context":"https:\/\/schema.org","@graph":[{"@type":"WebPage","@id":"https:\/\/www.noticiasradioreflejos.com.ar\/2021\/la-credencial-mi-argentina-sera-el-documento-internacional-de-vacunacion-contra-el-coronavirus\/","url":"https:\/\/www.noticiasradioreflejos.com.ar\/2021\/la-credencial-mi-argentina-sera-el-documento-internacional-de-vacunacion-contra-el-coronavirus\/","name":"La credencial Mi Argentina ser\u00e1 el documento internacional de vacunaci\u00f3n contra el coronavirus - Noticias Radio Reflejos","isPartOf":{"@id":"https:\/\/www.noticiasradioreflejos.com.ar\/2021\/#website"},"primaryImageOfPage":{"@id":"https:\/\/www.noticiasradioreflejos.com.ar\/2021\/la-credencial-mi-argentina-sera-el-documento-internacional-de-vacunacion-contra-el-coronavirus\/#primaryimage"},"image":{"@id":"https:\/\/www.noticiasradioreflejos.com.ar\/2021\/la-credencial-mi-argentina-sera-el-documento-internacional-de-vacunacion-contra-el-coronavirus\/#primaryimage"},"thumbnailUrl":"https:\/\/www.telam.com.ar\/advf\/imagenes\/2021\/09\/613675c01583d_1004x1751.jpg","datePublished":"2021-09-06T20:31:28+00:00","author":{"@id":"https:\/\/www.noticiasradioreflejos.com.ar\/2021\/#\/schema\/person\/ad82545263dcc5ec0996818884fd5fb1"},"breadcrumb":{"@id":"https:\/\/www.noticiasradioreflejos.com.ar\/2021\/la-credencial-mi-argentina-sera-el-documento-internacional-de-vacunacion-contra-el-coronavirus\/#breadcrumb"},"inLanguage":"es","potentialAction":[{"@type":"ReadAction","target":["https:\/\/www.noticiasradioreflejos.com.ar\/2021\/la-credencial-mi-argentina-sera-el-documento-internacional-de-vacunacion-contra-el-coronavirus\/"]}]},{"@type":"ImageObject","inLanguage":"es","@id":"https:\/\/www.noticiasradioreflejos.com.ar\/2021\/la-credencial-mi-argentina-sera-el-documento-internacional-de-vacunacion-contra-el-coronavirus\/#primaryimage","url":"https:\/\/www.telam.com.ar\/advf\/imagenes\/2021\/09\/613675c01583d_1004x1751.jpg","contentUrl":"https:\/\/www.telam.com.ar\/advf\/imagenes\/2021\/09\/613675c01583d_1004x1751.jpg"},{"@type":"BreadcrumbList","@id":"https:\/\/www.noticiasradioreflejos.com.ar\/2021\/la-credencial-mi-argentina-sera-el-documento-internacional-de-vacunacion-contra-el-coronavirus\/#breadcrumb","itemListElement":[{"@type":"ListItem","position":1,"name":"Portada","item":"https:\/\/www.noticiasradioreflejos.com.ar\/2021\/"},{"@type":"ListItem","position":2,"name":"La credencial Mi Argentina ser\u00e1 el documento internacional de vacunaci\u00f3n contra el coronavirus"}]},{"@type":"WebSite","@id":"https:\/\/www.noticiasradioreflejos.com.ar\/2021\/#website","url":"https:\/\/www.noticiasradioreflejos.com.ar\/2021\/","name":"Noticias Radio Reflejos","description":"Las noticias de mi comarca","potentialAction":[{"@type":"SearchAction","target":{"@type":"EntryPoint","urlTemplate":"https:\/\/www.noticiasradioreflejos.com.ar\/2021\/?s={search_term_string}"},"query-input":{"@type":"PropertyValueSpecification","valueRequired":true,"valueName":"search_term_string"}}],"inLanguage":"es"},{"@type":"Person","@id":"https:\/\/www.noticiasradioreflejos.com.ar\/2021\/#\/schema\/person\/ad82545263dcc5ec0996818884fd5fb1","name":"Arnaldo Botto","image":{"@type":"ImageObject","inLanguage":"es","@id":"https:\/\/www.noticiasradioreflejos.com.ar\/2021\/#\/schema\/person\/image\/","url":"https:\/\/secure.gravatar.com\/avatar\/55cb5e37c1efa326397366e6974cb338056df65cb50e7d64d1cf314e87504837?s=96&d=mm&r=g","contentUrl":"https:\/\/secure.gravatar.com\/avatar\/55cb5e37c1efa326397366e6974cb338056df65cb50e7d64d1cf314e87504837?s=96&d=mm&r=g","caption":"Arnaldo Botto"},"url":"https:\/\/www.noticiasradioreflejos.com.ar\/2021\/author\/arnaldo\/"}]}},"_links":{"self":[{"href":"https:\/\/www.noticiasradioreflejos.com.ar\/2021\/wp-json\/wp\/v2\/posts\/62434","targetHints":{"allow":["GET"]}}],"collection":[{"href":"https:\/\/www.noticiasradioreflejos.com.ar\/2021\/wp-json\/wp\/v2\/posts"}],"about":[{"href":"https:\/\/www.noticiasradioreflejos.com.ar\/2021\/wp-json\/wp\/v2\/types\/post"}],"author":[{"embeddable":true,"href":"https:\/\/www.noticiasradioreflejos.com.ar\/2021\/wp-json\/wp\/v2\/users\/3"}],"replies":[{"embeddable":true,"href":"https:\/\/www.noticiasradioreflejos.com.ar\/2021\/wp-json\/wp\/v2\/comments?post=62434"}],"version-history":[{"count":2,"href":"https:\/\/www.noticiasradioreflejos.com.ar\/2021\/wp-json\/wp\/v2\/posts\/62434\/revisions"}],"predecessor-version":[{"id":62437,"href":"https:\/\/www.noticiasradioreflejos.com.ar\/2021\/wp-json\/wp\/v2\/posts\/62434\/revisions\/62437"}],"wp:attachment":[{"href":"https:\/\/www.noticiasradioreflejos.com.ar\/2021\/wp-json\/wp\/v2\/media?parent=62434"}],"wp:term":[{"taxonomy":"category","embeddable":true,"href":"https:\/\/www.noticiasradioreflejos.com.ar\/2021\/wp-json\/wp\/v2\/categories?post=62434"},{"taxonomy":"post_tag","embeddable":true,"href":"https:\/\/www.noticiasradioreflejos.com.ar\/2021\/wp-json\/wp\/v2\/tags?post=62434"}],"curies":[{"name":"wp","href":"https:\/\/api.w.org\/{rel}","templated":true}]}}