{"id":62353,"date":"2021-09-02T21:16:21","date_gmt":"2021-09-02T21:16:21","guid":{"rendered":"http:\/\/www.noticiasradioreflejos.com.ar\/2021\/?p=62353"},"modified":"2021-09-02T21:20:17","modified_gmt":"2021-09-02T21:20:17","slug":"yo-creo-que-la-politica-no-es-mala-palabra-la-politica-es-propiciar-el-cambio-y-ayudar-a-la-gente-y-uno-como-docente-hace-eso","status":"publish","type":"post","link":"https:\/\/www.noticiasradioreflejos.com.ar\/2021\/yo-creo-que-la-politica-no-es-mala-palabra-la-politica-es-propiciar-el-cambio-y-ayudar-a-la-gente-y-uno-como-docente-hace-eso\/","title":{"rendered":"\u00abYo creo que la pol\u00edtica no es mala palabra, la pol\u00edtica es propiciar el cambio y ayudar a la gente. Y uno, como docente, hace eso\u00bb"},"content":{"rendered":"<p>El Director de la Escuela Media T\u00e9cnica N\u00b0 1 de Tornquist y pre candidato a consejero escolar por el Frente de Todos, nos comparte su propuesta y proyectos para el Consejo Escolar mediante nuestro programa radial.<!--more--><\/p>\n<p>\u00abSiempre tuve la idea de que se refleje la posibilidad de tener una escuela t\u00e9cnica distrital. Al tener nosotros un 30 % de la matr\u00edcula proveniente de Saldungaray, Sierra de la Ventana y dem\u00e1s, dijimos por qu\u00e9 no tratar de presentar esto\u00bb present\u00f3 Luis su propuesta m\u00e1s significativa. Tambi\u00e9n mencion\u00f3 que tratar\u00e1n de impulsar las residencias para las escuela t\u00e9cnica.<\/p>\n<p>Luis coment\u00f3 que aproximadamente 36 alumnos son los que deben trasladarse para poder asistir a la instituci\u00f3n de Tornquist. \u00abTen\u00edamos aproximadamente 46 alumnos para inscribirse en la t\u00e9cnica, pero, por cuestiones de traslado, varios eligieron no inscribirse\u00bb.<\/p>\n<p>\u00abSaldungaray me parece ideal pero tenemos que estar abiertos a un estudio preciso\u00bb respondi\u00f3 cuando le preguntamos d\u00f3nde les gustar\u00eda instalar la sede de la Escuela T\u00e9cnica.<\/p>\n<p>Luis tambi\u00e9n estuvo desarrollando su lado pol\u00edtico. \u00abYo creo que la pol\u00edtica no es mala palabra, la pol\u00edtica es propiciar el cambio y ayudar a la gente. Y uno, como docente, hace eso\u00bb explic\u00f3 la raz\u00f3n de por qu\u00e9 acept\u00f3 la propuesta de Gustavo Trankels. \u00abMe gusta impulsar cambios que coloquen al ni\u00f1o en la escuela\u00bb.<\/p>\n<p>\u00abMe parece importante la coordinaci\u00f3n\u00bb hizo referencia a la importancia del trabajo en red del Consejo con el resto de las instituciones. \u00abHay que juntar voluntad, eso es lo primordial. No solamente administrar bien los presupuestos\u00bb expres\u00f3.<\/p>\n<p>&nbsp;<\/p>\n<p><strong>Nota completa a continuaci\u00f3n:<\/strong><br \/>\n<iframe loading=\"lazy\" src=\"https:\/\/w.soundcloud.com\/player\/?url=https%3A\/\/api.soundcloud.com\/tracks\/1117559764&amp;color=%23ff5500&amp;auto_play=false&amp;hide_related=false&amp;show_comments=true&amp;show_user=true&amp;show_reposts=false&amp;show_teaser=true\" width=\"100%\" height=\"166\" frameborder=\"no\" scrolling=\"no\"><\/iframe><\/p>\n<div style=\"font-size: 10px; color: #cccccc; line-break: anywhere; word-break: normal; overflow: hidden; white-space: nowrap; text-overflow: ellipsis; font-family: Interstate,Lucida Grande,Lucida Sans Unicode,Lucida Sans,Garuda,Verdana,Tahoma,sans-serif; font-weight: 100;\"><a style=\"color: #cccccc; text-decoration: none;\" title=\"fmreflejos 103.7\" href=\"https:\/\/soundcloud.com\/fmreflejos-103-7\" target=\"_blank\" rel=\"noopener\">fmreflejos 103.7<\/a> \u00b7 <a style=\"color: #cccccc; text-decoration: none;\" title=\"Luis Quintana\" href=\"https:\/\/soundcloud.com\/fmreflejos-103-7\/luis-quintana-2\" target=\"_blank\" rel=\"noopener\">Luis Quintana<\/a><\/div>\n","protected":false},"excerpt":{"rendered":"<p>El Director de la Escuela Media T\u00e9cnica N\u00b0 1 de Tornquist y pre candidato a consejero escolar por el Frente de Todos, nos comparte su propuesta y proyectos para el Consejo Escolar mediante nuestro programa radial.<\/p>\n","protected":false},"author":3,"featured_media":0,"comment_status":"closed","ping_status":"closed","sticky":false,"template":"","format":"standard","meta":{"footnotes":""},"categories":[34,24],"tags":[48],"class_list":["post-62353","post","type-post","status-publish","format-standard","hentry","category-educacion","category-politica","tag-destacada"],"yoast_head":"<!-- This site is optimized with the Yoast SEO plugin v25.9 - https:\/\/yoast.com\/wordpress\/plugins\/seo\/ -->\n<title>&quot;Yo creo que la pol\u00edtica no es mala palabra, la pol\u00edtica es propiciar el cambio y ayudar a la gente. Y uno, como docente, hace eso&quot; - Noticias Radio Reflejos<\/title>\n<meta name=\"robots\" content=\"index, follow, max-snippet:-1, max-image-preview:large, max-video-preview:-1\" \/>\n<link rel=\"canonical\" href=\"https:\/\/www.noticiasradioreflejos.com.ar\/2021\/yo-creo-que-la-politica-no-es-mala-palabra-la-politica-es-propiciar-el-cambio-y-ayudar-a-la-gente-y-uno-como-docente-hace-eso\/\" \/>\n<meta property=\"og:locale\" content=\"es_ES\" \/>\n<meta property=\"og:type\" content=\"article\" \/>\n<meta property=\"og:title\" content=\"&quot;Yo creo que la pol\u00edtica no es mala palabra, la pol\u00edtica es propiciar el cambio y ayudar a la gente. Y uno, como docente, hace eso&quot; - Noticias Radio Reflejos\" \/>\n<meta property=\"og:description\" content=\"El Director de la Escuela Media T\u00e9cnica N\u00b0 1 de Tornquist y pre candidato a consejero escolar por el Frente de Todos, nos comparte su propuesta y proyectos para el Consejo Escolar mediante nuestro programa radial.\" \/>\n<meta property=\"og:url\" content=\"https:\/\/www.noticiasradioreflejos.com.ar\/2021\/yo-creo-que-la-politica-no-es-mala-palabra-la-politica-es-propiciar-el-cambio-y-ayudar-a-la-gente-y-uno-como-docente-hace-eso\/\" \/>\n<meta property=\"og:site_name\" content=\"Noticias Radio Reflejos\" \/>\n<meta property=\"article:published_time\" content=\"2021-09-02T21:16:21+00:00\" \/>\n<meta property=\"article:modified_time\" content=\"2021-09-02T21:20:17+00:00\" \/>\n<meta property=\"og:image\" content=\"https:\/\/www.noticiasradioreflejos.com.ar\/2021\/wp-content\/uploads\/2021\/07\/logosol300x200.png\" \/>\n\t<meta property=\"og:image:width\" content=\"300\" \/>\n\t<meta property=\"og:image:height\" content=\"200\" \/>\n\t<meta property=\"og:image:type\" content=\"image\/png\" \/>\n<meta name=\"author\" content=\"Arnaldo Botto\" \/>\n<meta name=\"twitter:card\" content=\"summary_large_image\" \/>\n<script type=\"application\/ld+json\" class=\"yoast-schema-graph\">{\"@context\":\"https:\/\/schema.org\",\"@graph\":[{\"@type\":\"WebPage\",\"@id\":\"https:\/\/www.noticiasradioreflejos.com.ar\/2021\/yo-creo-que-la-politica-no-es-mala-palabra-la-politica-es-propiciar-el-cambio-y-ayudar-a-la-gente-y-uno-como-docente-hace-eso\/\",\"url\":\"https:\/\/www.noticiasradioreflejos.com.ar\/2021\/yo-creo-que-la-politica-no-es-mala-palabra-la-politica-es-propiciar-el-cambio-y-ayudar-a-la-gente-y-uno-como-docente-hace-eso\/\",\"name\":\"\\\"Yo creo que la pol\u00edtica no es mala palabra, la pol\u00edtica es propiciar el cambio y ayudar a la gente. Y uno, como docente, hace eso\\\" - Noticias Radio Reflejos\",\"isPartOf\":{\"@id\":\"https:\/\/www.noticiasradioreflejos.com.ar\/2021\/#website\"},\"datePublished\":\"2021-09-02T21:16:21+00:00\",\"dateModified\":\"2021-09-02T21:20:17+00:00\",\"author\":{\"@id\":\"https:\/\/www.noticiasradioreflejos.com.ar\/2021\/#\/schema\/person\/ad82545263dcc5ec0996818884fd5fb1\"},\"breadcrumb\":{\"@id\":\"https:\/\/www.noticiasradioreflejos.com.ar\/2021\/yo-creo-que-la-politica-no-es-mala-palabra-la-politica-es-propiciar-el-cambio-y-ayudar-a-la-gente-y-uno-como-docente-hace-eso\/#breadcrumb\"},\"inLanguage\":\"es\",\"potentialAction\":[{\"@type\":\"ReadAction\",\"target\":[\"https:\/\/www.noticiasradioreflejos.com.ar\/2021\/yo-creo-que-la-politica-no-es-mala-palabra-la-politica-es-propiciar-el-cambio-y-ayudar-a-la-gente-y-uno-como-docente-hace-eso\/\"]}]},{\"@type\":\"BreadcrumbList\",\"@id\":\"https:\/\/www.noticiasradioreflejos.com.ar\/2021\/yo-creo-que-la-politica-no-es-mala-palabra-la-politica-es-propiciar-el-cambio-y-ayudar-a-la-gente-y-uno-como-docente-hace-eso\/#breadcrumb\",\"itemListElement\":[{\"@type\":\"ListItem\",\"position\":1,\"name\":\"Portada\",\"item\":\"https:\/\/www.noticiasradioreflejos.com.ar\/2021\/\"},{\"@type\":\"ListItem\",\"position\":2,\"name\":\"\u00abYo creo que la pol\u00edtica no es mala palabra, la pol\u00edtica es propiciar el cambio y ayudar a la gente. Y uno, como docente, hace eso\u00bb\"}]},{\"@type\":\"WebSite\",\"@id\":\"https:\/\/www.noticiasradioreflejos.com.ar\/2021\/#website\",\"url\":\"https:\/\/www.noticiasradioreflejos.com.ar\/2021\/\",\"name\":\"Noticias Radio Reflejos\",\"description\":\"Las noticias de mi comarca\",\"potentialAction\":[{\"@type\":\"SearchAction\",\"target\":{\"@type\":\"EntryPoint\",\"urlTemplate\":\"https:\/\/www.noticiasradioreflejos.com.ar\/2021\/?s={search_term_string}\"},\"query-input\":{\"@type\":\"PropertyValueSpecification\",\"valueRequired\":true,\"valueName\":\"search_term_string\"}}],\"inLanguage\":\"es\"},{\"@type\":\"Person\",\"@id\":\"https:\/\/www.noticiasradioreflejos.com.ar\/2021\/#\/schema\/person\/ad82545263dcc5ec0996818884fd5fb1\",\"name\":\"Arnaldo Botto\",\"image\":{\"@type\":\"ImageObject\",\"inLanguage\":\"es\",\"@id\":\"https:\/\/www.noticiasradioreflejos.com.ar\/2021\/#\/schema\/person\/image\/\",\"url\":\"https:\/\/secure.gravatar.com\/avatar\/55cb5e37c1efa326397366e6974cb338056df65cb50e7d64d1cf314e87504837?s=96&d=mm&r=g\",\"contentUrl\":\"https:\/\/secure.gravatar.com\/avatar\/55cb5e37c1efa326397366e6974cb338056df65cb50e7d64d1cf314e87504837?s=96&d=mm&r=g\",\"caption\":\"Arnaldo Botto\"},\"url\":\"https:\/\/www.noticiasradioreflejos.com.ar\/2021\/author\/arnaldo\/\"}]}<\/script>\n<!-- \/ Yoast SEO plugin. -->","yoast_head_json":{"title":"\"Yo creo que la pol\u00edtica no es mala palabra, la pol\u00edtica es propiciar el cambio y ayudar a la gente. Y uno, como docente, hace eso\" - Noticias Radio Reflejos","robots":{"index":"index","follow":"follow","max-snippet":"max-snippet:-1","max-image-preview":"max-image-preview:large","max-video-preview":"max-video-preview:-1"},"canonical":"https:\/\/www.noticiasradioreflejos.com.ar\/2021\/yo-creo-que-la-politica-no-es-mala-palabra-la-politica-es-propiciar-el-cambio-y-ayudar-a-la-gente-y-uno-como-docente-hace-eso\/","og_locale":"es_ES","og_type":"article","og_title":"\"Yo creo que la pol\u00edtica no es mala palabra, la pol\u00edtica es propiciar el cambio y ayudar a la gente. Y uno, como docente, hace eso\" - Noticias Radio Reflejos","og_description":"El Director de la Escuela Media T\u00e9cnica N\u00b0 1 de Tornquist y pre candidato a consejero escolar por el Frente de Todos, nos comparte su propuesta y proyectos para el Consejo Escolar mediante nuestro programa radial.","og_url":"https:\/\/www.noticiasradioreflejos.com.ar\/2021\/yo-creo-que-la-politica-no-es-mala-palabra-la-politica-es-propiciar-el-cambio-y-ayudar-a-la-gente-y-uno-como-docente-hace-eso\/","og_site_name":"Noticias Radio Reflejos","article_published_time":"2021-09-02T21:16:21+00:00","article_modified_time":"2021-09-02T21:20:17+00:00","og_image":[{"width":300,"height":200,"url":"https:\/\/www.noticiasradioreflejos.com.ar\/2021\/wp-content\/uploads\/2021\/07\/logosol300x200.png","type":"image\/png"}],"author":"Arnaldo Botto","twitter_card":"summary_large_image","schema":{"@context":"https:\/\/schema.org","@graph":[{"@type":"WebPage","@id":"https:\/\/www.noticiasradioreflejos.com.ar\/2021\/yo-creo-que-la-politica-no-es-mala-palabra-la-politica-es-propiciar-el-cambio-y-ayudar-a-la-gente-y-uno-como-docente-hace-eso\/","url":"https:\/\/www.noticiasradioreflejos.com.ar\/2021\/yo-creo-que-la-politica-no-es-mala-palabra-la-politica-es-propiciar-el-cambio-y-ayudar-a-la-gente-y-uno-como-docente-hace-eso\/","name":"\"Yo creo que la pol\u00edtica no es mala palabra, la pol\u00edtica es propiciar el cambio y ayudar a la gente. Y uno, como docente, hace eso\" - Noticias Radio Reflejos","isPartOf":{"@id":"https:\/\/www.noticiasradioreflejos.com.ar\/2021\/#website"},"datePublished":"2021-09-02T21:16:21+00:00","dateModified":"2021-09-02T21:20:17+00:00","author":{"@id":"https:\/\/www.noticiasradioreflejos.com.ar\/2021\/#\/schema\/person\/ad82545263dcc5ec0996818884fd5fb1"},"breadcrumb":{"@id":"https:\/\/www.noticiasradioreflejos.com.ar\/2021\/yo-creo-que-la-politica-no-es-mala-palabra-la-politica-es-propiciar-el-cambio-y-ayudar-a-la-gente-y-uno-como-docente-hace-eso\/#breadcrumb"},"inLanguage":"es","potentialAction":[{"@type":"ReadAction","target":["https:\/\/www.noticiasradioreflejos.com.ar\/2021\/yo-creo-que-la-politica-no-es-mala-palabra-la-politica-es-propiciar-el-cambio-y-ayudar-a-la-gente-y-uno-como-docente-hace-eso\/"]}]},{"@type":"BreadcrumbList","@id":"https:\/\/www.noticiasradioreflejos.com.ar\/2021\/yo-creo-que-la-politica-no-es-mala-palabra-la-politica-es-propiciar-el-cambio-y-ayudar-a-la-gente-y-uno-como-docente-hace-eso\/#breadcrumb","itemListElement":[{"@type":"ListItem","position":1,"name":"Portada","item":"https:\/\/www.noticiasradioreflejos.com.ar\/2021\/"},{"@type":"ListItem","position":2,"name":"\u00abYo creo que la pol\u00edtica no es mala palabra, la pol\u00edtica es propiciar el cambio y ayudar a la gente. Y uno, como docente, hace eso\u00bb"}]},{"@type":"WebSite","@id":"https:\/\/www.noticiasradioreflejos.com.ar\/2021\/#website","url":"https:\/\/www.noticiasradioreflejos.com.ar\/2021\/","name":"Noticias Radio Reflejos","description":"Las noticias de mi comarca","potentialAction":[{"@type":"SearchAction","target":{"@type":"EntryPoint","urlTemplate":"https:\/\/www.noticiasradioreflejos.com.ar\/2021\/?s={search_term_string}"},"query-input":{"@type":"PropertyValueSpecification","valueRequired":true,"valueName":"search_term_string"}}],"inLanguage":"es"},{"@type":"Person","@id":"https:\/\/www.noticiasradioreflejos.com.ar\/2021\/#\/schema\/person\/ad82545263dcc5ec0996818884fd5fb1","name":"Arnaldo Botto","image":{"@type":"ImageObject","inLanguage":"es","@id":"https:\/\/www.noticiasradioreflejos.com.ar\/2021\/#\/schema\/person\/image\/","url":"https:\/\/secure.gravatar.com\/avatar\/55cb5e37c1efa326397366e6974cb338056df65cb50e7d64d1cf314e87504837?s=96&d=mm&r=g","contentUrl":"https:\/\/secure.gravatar.com\/avatar\/55cb5e37c1efa326397366e6974cb338056df65cb50e7d64d1cf314e87504837?s=96&d=mm&r=g","caption":"Arnaldo Botto"},"url":"https:\/\/www.noticiasradioreflejos.com.ar\/2021\/author\/arnaldo\/"}]}},"_links":{"self":[{"href":"https:\/\/www.noticiasradioreflejos.com.ar\/2021\/wp-json\/wp\/v2\/posts\/62353","targetHints":{"allow":["GET"]}}],"collection":[{"href":"https:\/\/www.noticiasradioreflejos.com.ar\/2021\/wp-json\/wp\/v2\/posts"}],"about":[{"href":"https:\/\/www.noticiasradioreflejos.com.ar\/2021\/wp-json\/wp\/v2\/types\/post"}],"author":[{"embeddable":true,"href":"https:\/\/www.noticiasradioreflejos.com.ar\/2021\/wp-json\/wp\/v2\/users\/3"}],"replies":[{"embeddable":true,"href":"https:\/\/www.noticiasradioreflejos.com.ar\/2021\/wp-json\/wp\/v2\/comments?post=62353"}],"version-history":[{"count":2,"href":"https:\/\/www.noticiasradioreflejos.com.ar\/2021\/wp-json\/wp\/v2\/posts\/62353\/revisions"}],"predecessor-version":[{"id":62357,"href":"https:\/\/www.noticiasradioreflejos.com.ar\/2021\/wp-json\/wp\/v2\/posts\/62353\/revisions\/62357"}],"wp:attachment":[{"href":"https:\/\/www.noticiasradioreflejos.com.ar\/2021\/wp-json\/wp\/v2\/media?parent=62353"}],"wp:term":[{"taxonomy":"category","embeddable":true,"href":"https:\/\/www.noticiasradioreflejos.com.ar\/2021\/wp-json\/wp\/v2\/categories?post=62353"},{"taxonomy":"post_tag","embeddable":true,"href":"https:\/\/www.noticiasradioreflejos.com.ar\/2021\/wp-json\/wp\/v2\/tags?post=62353"}],"curies":[{"name":"wp","href":"https:\/\/api.w.org\/{rel}","templated":true}]}}