{"id":623,"date":"2016-09-08T13:14:43","date_gmt":"2016-09-08T13:14:43","guid":{"rendered":"http:\/\/noticiasradioreflejos.com.ar\/noticias\/?p=623"},"modified":"2016-09-08T13:14:43","modified_gmt":"2016-09-08T13:14:43","slug":"v-jornadas-bahienses-y-ii-encuentro-internacional-de-seguridad-alimentaria","status":"publish","type":"post","link":"https:\/\/www.noticiasradioreflejos.com.ar\/2021\/v-jornadas-bahienses-y-ii-encuentro-internacional-de-seguridad-alimentaria\/","title":{"rendered":"V Jornadas Bahienses y II Encuentro Internacional de Seguridad Alimentaria"},"content":{"rendered":"<p>Entre los d\u00edas 8 y 10 de setiembre se llevar\u00e1n a cabo las V Jornadas Bahienses y II Encuentro Internacional de Seguridad Alimentaria, organizadas por el Departamento de Agronom\u00eda de la Universidad Nacional del Sur (UNS), Colegio de Veterinarios de la Pcia. De Bs. As. Y C\u00edrculo M\u00e9dico Veterinario del Sur.<!--more--><br \/>\nLas mismas se realizan cada 2 a\u00f1os y est\u00e1n dirigidas a alumnos avanzados de carreras afines y profesionales que trabajan en temas relacionados a la calidad e inocuidad alimentaria.<br \/>\nEste a\u00f1o se desarrollar\u00e1n en el Auditorio de la C\u00e1mara Arbitral de Cereales (8\/9) y el Aula Magna de la UNS, Av. Col\u00f3n 80 (9 y 10\/9) Entre los disertantes m\u00e1s destacados se encuentran Dr. Abel Albino, presidente de la Fundaci\u00f3n Conin qui\u00e9 disertar\u00e1 con el t\u00edtulos \u00abLos cinco pasos para un fran pa\u00eds\u00bb.<br \/>\nEn tanto el Dr. Eduardo Cueto Rua, de la Asociaci\u00f3n Cel\u00edaca Argentina abordar\u00e1 el tema: \u00abLa nueva enfermedad cel\u00edaca\u00bb<br \/>\nDisertar\u00e1n tambien, Pedro Steffan de UNICEN y Ricardo Veneroni, de SENASA.<br \/>\nLa entrada ser\u00e1 un alimento no perecedero destinado al \u00abHogar Mam\u00e1 Margarita\u00bb<br \/>\nPor mayor informaci\u00f3n contactarse con el Dpto. de Agronom\u00eda, UNS (0291) 4595101\/2, internos 4344; 4367 \u00f3 4336 o por mail a hfernan@criba.edu.ar, ceamela@criba.edu.ar o salerno@criba.edu.ar<\/p>\n","protected":false},"excerpt":{"rendered":"<p>Entre los d\u00edas 8 y 10 de setiembre se llevar\u00e1n a cabo las V Jornadas Bahienses y II Encuentro Internacional de Seguridad Alimentaria, organizadas por el Departamento de Agronom\u00eda de la Universidad Nacional del Sur (UNS), Colegio de Veterinarios de la Pcia. De Bs. As. Y C\u00edrculo M\u00e9dico Veterinario del Sur.<\/p>\n","protected":false},"author":3,"featured_media":0,"comment_status":"closed","ping_status":"open","sticky":false,"template":"","format":"standard","meta":{"footnotes":""},"categories":[30],"tags":[],"class_list":["post-623","post","type-post","status-publish","format-standard","hentry","category-salud"],"yoast_head":"<!-- This site is optimized with the Yoast SEO plugin v25.9 - https:\/\/yoast.com\/wordpress\/plugins\/seo\/ -->\n<title>V Jornadas Bahienses y II Encuentro Internacional de Seguridad Alimentaria - Noticias Radio Reflejos<\/title>\n<meta name=\"robots\" content=\"index, follow, max-snippet:-1, max-image-preview:large, max-video-preview:-1\" \/>\n<link rel=\"canonical\" href=\"https:\/\/www.noticiasradioreflejos.com.ar\/2021\/v-jornadas-bahienses-y-ii-encuentro-internacional-de-seguridad-alimentaria\/\" \/>\n<meta property=\"og:locale\" content=\"es_ES\" \/>\n<meta property=\"og:type\" content=\"article\" \/>\n<meta property=\"og:title\" content=\"V Jornadas Bahienses y II Encuentro Internacional de Seguridad Alimentaria - Noticias Radio Reflejos\" \/>\n<meta property=\"og:description\" content=\"Entre los d\u00edas 8 y 10 de setiembre se llevar\u00e1n a cabo las V Jornadas Bahienses y II Encuentro Internacional de Seguridad Alimentaria, organizadas por el Departamento de Agronom\u00eda de la Universidad Nacional del Sur (UNS), Colegio de Veterinarios de la Pcia. De Bs. As. Y C\u00edrculo M\u00e9dico Veterinario del Sur.\" \/>\n<meta property=\"og:url\" content=\"https:\/\/www.noticiasradioreflejos.com.ar\/2021\/v-jornadas-bahienses-y-ii-encuentro-internacional-de-seguridad-alimentaria\/\" \/>\n<meta property=\"og:site_name\" content=\"Noticias Radio Reflejos\" \/>\n<meta property=\"article:published_time\" content=\"2016-09-08T13:14:43+00:00\" \/>\n<meta property=\"og:image\" content=\"https:\/\/www.noticiasradioreflejos.com.ar\/2021\/wp-content\/uploads\/2021\/07\/logosol300x200.png\" \/>\n\t<meta property=\"og:image:width\" content=\"300\" \/>\n\t<meta property=\"og:image:height\" content=\"200\" \/>\n\t<meta property=\"og:image:type\" content=\"image\/png\" \/>\n<meta name=\"author\" content=\"Arnaldo Botto\" \/>\n<meta name=\"twitter:card\" content=\"summary_large_image\" \/>\n<script type=\"application\/ld+json\" class=\"yoast-schema-graph\">{\"@context\":\"https:\/\/schema.org\",\"@graph\":[{\"@type\":\"WebPage\",\"@id\":\"https:\/\/www.noticiasradioreflejos.com.ar\/2021\/v-jornadas-bahienses-y-ii-encuentro-internacional-de-seguridad-alimentaria\/\",\"url\":\"https:\/\/www.noticiasradioreflejos.com.ar\/2021\/v-jornadas-bahienses-y-ii-encuentro-internacional-de-seguridad-alimentaria\/\",\"name\":\"V Jornadas Bahienses y II Encuentro Internacional de Seguridad Alimentaria - Noticias Radio Reflejos\",\"isPartOf\":{\"@id\":\"https:\/\/www.noticiasradioreflejos.com.ar\/2021\/#website\"},\"datePublished\":\"2016-09-08T13:14:43+00:00\",\"author\":{\"@id\":\"https:\/\/www.noticiasradioreflejos.com.ar\/2021\/#\/schema\/person\/ad82545263dcc5ec0996818884fd5fb1\"},\"breadcrumb\":{\"@id\":\"https:\/\/www.noticiasradioreflejos.com.ar\/2021\/v-jornadas-bahienses-y-ii-encuentro-internacional-de-seguridad-alimentaria\/#breadcrumb\"},\"inLanguage\":\"es\",\"potentialAction\":[{\"@type\":\"ReadAction\",\"target\":[\"https:\/\/www.noticiasradioreflejos.com.ar\/2021\/v-jornadas-bahienses-y-ii-encuentro-internacional-de-seguridad-alimentaria\/\"]}]},{\"@type\":\"BreadcrumbList\",\"@id\":\"https:\/\/www.noticiasradioreflejos.com.ar\/2021\/v-jornadas-bahienses-y-ii-encuentro-internacional-de-seguridad-alimentaria\/#breadcrumb\",\"itemListElement\":[{\"@type\":\"ListItem\",\"position\":1,\"name\":\"Portada\",\"item\":\"https:\/\/www.noticiasradioreflejos.com.ar\/2021\/\"},{\"@type\":\"ListItem\",\"position\":2,\"name\":\"V Jornadas Bahienses y II Encuentro Internacional de Seguridad Alimentaria\"}]},{\"@type\":\"WebSite\",\"@id\":\"https:\/\/www.noticiasradioreflejos.com.ar\/2021\/#website\",\"url\":\"https:\/\/www.noticiasradioreflejos.com.ar\/2021\/\",\"name\":\"Noticias Radio Reflejos\",\"description\":\"Las noticias de mi comarca\",\"potentialAction\":[{\"@type\":\"SearchAction\",\"target\":{\"@type\":\"EntryPoint\",\"urlTemplate\":\"https:\/\/www.noticiasradioreflejos.com.ar\/2021\/?s={search_term_string}\"},\"query-input\":{\"@type\":\"PropertyValueSpecification\",\"valueRequired\":true,\"valueName\":\"search_term_string\"}}],\"inLanguage\":\"es\"},{\"@type\":\"Person\",\"@id\":\"https:\/\/www.noticiasradioreflejos.com.ar\/2021\/#\/schema\/person\/ad82545263dcc5ec0996818884fd5fb1\",\"name\":\"Arnaldo Botto\",\"image\":{\"@type\":\"ImageObject\",\"inLanguage\":\"es\",\"@id\":\"https:\/\/www.noticiasradioreflejos.com.ar\/2021\/#\/schema\/person\/image\/\",\"url\":\"https:\/\/secure.gravatar.com\/avatar\/55cb5e37c1efa326397366e6974cb338056df65cb50e7d64d1cf314e87504837?s=96&d=mm&r=g\",\"contentUrl\":\"https:\/\/secure.gravatar.com\/avatar\/55cb5e37c1efa326397366e6974cb338056df65cb50e7d64d1cf314e87504837?s=96&d=mm&r=g\",\"caption\":\"Arnaldo Botto\"},\"url\":\"https:\/\/www.noticiasradioreflejos.com.ar\/2021\/author\/arnaldo\/\"}]}<\/script>\n<!-- \/ Yoast SEO plugin. -->","yoast_head_json":{"title":"V Jornadas Bahienses y II Encuentro Internacional de Seguridad Alimentaria - Noticias Radio Reflejos","robots":{"index":"index","follow":"follow","max-snippet":"max-snippet:-1","max-image-preview":"max-image-preview:large","max-video-preview":"max-video-preview:-1"},"canonical":"https:\/\/www.noticiasradioreflejos.com.ar\/2021\/v-jornadas-bahienses-y-ii-encuentro-internacional-de-seguridad-alimentaria\/","og_locale":"es_ES","og_type":"article","og_title":"V Jornadas Bahienses y II Encuentro Internacional de Seguridad Alimentaria - Noticias Radio Reflejos","og_description":"Entre los d\u00edas 8 y 10 de setiembre se llevar\u00e1n a cabo las V Jornadas Bahienses y II Encuentro Internacional de Seguridad Alimentaria, organizadas por el Departamento de Agronom\u00eda de la Universidad Nacional del Sur (UNS), Colegio de Veterinarios de la Pcia. De Bs. As. Y C\u00edrculo M\u00e9dico Veterinario del Sur.","og_url":"https:\/\/www.noticiasradioreflejos.com.ar\/2021\/v-jornadas-bahienses-y-ii-encuentro-internacional-de-seguridad-alimentaria\/","og_site_name":"Noticias Radio Reflejos","article_published_time":"2016-09-08T13:14:43+00:00","og_image":[{"width":300,"height":200,"url":"https:\/\/www.noticiasradioreflejos.com.ar\/2021\/wp-content\/uploads\/2021\/07\/logosol300x200.png","type":"image\/png"}],"author":"Arnaldo Botto","twitter_card":"summary_large_image","schema":{"@context":"https:\/\/schema.org","@graph":[{"@type":"WebPage","@id":"https:\/\/www.noticiasradioreflejos.com.ar\/2021\/v-jornadas-bahienses-y-ii-encuentro-internacional-de-seguridad-alimentaria\/","url":"https:\/\/www.noticiasradioreflejos.com.ar\/2021\/v-jornadas-bahienses-y-ii-encuentro-internacional-de-seguridad-alimentaria\/","name":"V Jornadas Bahienses y II Encuentro Internacional de Seguridad Alimentaria - Noticias Radio Reflejos","isPartOf":{"@id":"https:\/\/www.noticiasradioreflejos.com.ar\/2021\/#website"},"datePublished":"2016-09-08T13:14:43+00:00","author":{"@id":"https:\/\/www.noticiasradioreflejos.com.ar\/2021\/#\/schema\/person\/ad82545263dcc5ec0996818884fd5fb1"},"breadcrumb":{"@id":"https:\/\/www.noticiasradioreflejos.com.ar\/2021\/v-jornadas-bahienses-y-ii-encuentro-internacional-de-seguridad-alimentaria\/#breadcrumb"},"inLanguage":"es","potentialAction":[{"@type":"ReadAction","target":["https:\/\/www.noticiasradioreflejos.com.ar\/2021\/v-jornadas-bahienses-y-ii-encuentro-internacional-de-seguridad-alimentaria\/"]}]},{"@type":"BreadcrumbList","@id":"https:\/\/www.noticiasradioreflejos.com.ar\/2021\/v-jornadas-bahienses-y-ii-encuentro-internacional-de-seguridad-alimentaria\/#breadcrumb","itemListElement":[{"@type":"ListItem","position":1,"name":"Portada","item":"https:\/\/www.noticiasradioreflejos.com.ar\/2021\/"},{"@type":"ListItem","position":2,"name":"V Jornadas Bahienses y II Encuentro Internacional de Seguridad Alimentaria"}]},{"@type":"WebSite","@id":"https:\/\/www.noticiasradioreflejos.com.ar\/2021\/#website","url":"https:\/\/www.noticiasradioreflejos.com.ar\/2021\/","name":"Noticias Radio Reflejos","description":"Las noticias de mi comarca","potentialAction":[{"@type":"SearchAction","target":{"@type":"EntryPoint","urlTemplate":"https:\/\/www.noticiasradioreflejos.com.ar\/2021\/?s={search_term_string}"},"query-input":{"@type":"PropertyValueSpecification","valueRequired":true,"valueName":"search_term_string"}}],"inLanguage":"es"},{"@type":"Person","@id":"https:\/\/www.noticiasradioreflejos.com.ar\/2021\/#\/schema\/person\/ad82545263dcc5ec0996818884fd5fb1","name":"Arnaldo Botto","image":{"@type":"ImageObject","inLanguage":"es","@id":"https:\/\/www.noticiasradioreflejos.com.ar\/2021\/#\/schema\/person\/image\/","url":"https:\/\/secure.gravatar.com\/avatar\/55cb5e37c1efa326397366e6974cb338056df65cb50e7d64d1cf314e87504837?s=96&d=mm&r=g","contentUrl":"https:\/\/secure.gravatar.com\/avatar\/55cb5e37c1efa326397366e6974cb338056df65cb50e7d64d1cf314e87504837?s=96&d=mm&r=g","caption":"Arnaldo Botto"},"url":"https:\/\/www.noticiasradioreflejos.com.ar\/2021\/author\/arnaldo\/"}]}},"_links":{"self":[{"href":"https:\/\/www.noticiasradioreflejos.com.ar\/2021\/wp-json\/wp\/v2\/posts\/623","targetHints":{"allow":["GET"]}}],"collection":[{"href":"https:\/\/www.noticiasradioreflejos.com.ar\/2021\/wp-json\/wp\/v2\/posts"}],"about":[{"href":"https:\/\/www.noticiasradioreflejos.com.ar\/2021\/wp-json\/wp\/v2\/types\/post"}],"author":[{"embeddable":true,"href":"https:\/\/www.noticiasradioreflejos.com.ar\/2021\/wp-json\/wp\/v2\/users\/3"}],"replies":[{"embeddable":true,"href":"https:\/\/www.noticiasradioreflejos.com.ar\/2021\/wp-json\/wp\/v2\/comments?post=623"}],"version-history":[{"count":0,"href":"https:\/\/www.noticiasradioreflejos.com.ar\/2021\/wp-json\/wp\/v2\/posts\/623\/revisions"}],"wp:attachment":[{"href":"https:\/\/www.noticiasradioreflejos.com.ar\/2021\/wp-json\/wp\/v2\/media?parent=623"}],"wp:term":[{"taxonomy":"category","embeddable":true,"href":"https:\/\/www.noticiasradioreflejos.com.ar\/2021\/wp-json\/wp\/v2\/categories?post=623"},{"taxonomy":"post_tag","embeddable":true,"href":"https:\/\/www.noticiasradioreflejos.com.ar\/2021\/wp-json\/wp\/v2\/tags?post=623"}],"curies":[{"name":"wp","href":"https:\/\/api.w.org\/{rel}","templated":true}]}}