{"id":62285,"date":"2021-09-01T21:35:41","date_gmt":"2021-09-01T21:35:41","guid":{"rendered":"http:\/\/www.noticiasradioreflejos.com.ar\/2021\/?p=62285"},"modified":"2021-09-01T21:35:41","modified_gmt":"2021-09-01T21:35:41","slug":"aca-hay-que-trabajar-para-la-comunidad-y-tratar-de-brindar-nuevas-propuestas-para-que-el-pueblo-salga-adelante","status":"publish","type":"post","link":"https:\/\/www.noticiasradioreflejos.com.ar\/2021\/aca-hay-que-trabajar-para-la-comunidad-y-tratar-de-brindar-nuevas-propuestas-para-que-el-pueblo-salga-adelante\/","title":{"rendered":"\u00abAc\u00e1 hay que trabajar para la comunidad y tratar de brindar nuevas propuestas para que el pueblo salga adelante.\u00bb"},"content":{"rendered":"<p><strong>Leandro Guerrero,<\/strong> pre candidato a concejal en segundo lugar por el <strong>Frente de Todos Tornquist<\/strong>, nos comparte la propuesta del frente y nos cuenta c\u00f3mo experimenta este momento de campa\u00f1a.<!--more--><\/p>\n<p>\u00abLa campa\u00f1a, bien. Muy contento. Es una campa\u00f1a rara con todos los protocolos y la situaci\u00f3n epidemiol\u00f3gica no podemos hacer lo que nos gusta a nosotros que es juntarnos en la Unidad B\u00e1sica\u00bb mencion\u00f3 c\u00f3mo est\u00e1 transitando la campa\u00f1a en \u00e9poca de pandemia. \u00abAdem\u00e1s tenemos mucho menos tiempo que antes\u00bb agreg\u00f3 Leandro.<\/p>\n<p>El pre candidato a concejal vio oportuno compartir en qu\u00e9 cuestiones se est\u00e1n trabajando en el frente. \u00abTenemos un proyecto sobre tasas municipales. Lo que proponemos nosotros es que el promedio porcentual de aumento de las tasas no supere el aumento paritario municipal para no generar mayor presi\u00f3n impositiva sobre los vecinos. Tenemos que tratar de cuidar el bolsillo de todos\u00bb explic\u00f3.<\/p>\n<p>Otro de los proyectos se trata de la nueva generaci\u00f3n de empleo, una cuesti\u00f3n que se est\u00e1 trabajando desde el frente con el Ministerio de Desarrollo de la Naci\u00f3n. Impulsar\u00e1n el plan Argentina Programa, un programa que promueve la capacitaci\u00f3n y la generaci\u00f3n de puestos de trabajo para programadores de software. Adem\u00e1s, est\u00e1n trabajando con un proyecto que tiene que ver con ecommerce, \u00abpara que nuestros productores puedan tener un mayor mercado, no s\u00f3lo el f\u00edsico\u00bb. Leandro explica que estas ideas ir\u00e1n acompa\u00f1adas del proyecto de re activaci\u00f3n del parque industrial en Tornquist, el proyecto de G\u00f3ndola Local, entre otros.<\/p>\n<p>\u00abAc\u00e1 hay que trabajar para la comunidad y tratar de brindar nuevas propuestas para que el pueblo salga adelante. Entendemos que vamos a tener una muy buena elecci\u00f3n porque mantenemos el caudal de votos y porque la gente responde muy bien. Tenemos una muy buena perspectiva\u00bb opin\u00f3 sobre c\u00f3mo le ir\u00e1 al partido en estas pr\u00f3ximas elecciones.<\/p>\n<h4>Nota completa a continuaci\u00f3n:<br \/>\n<iframe loading=\"lazy\" src=\"https:\/\/w.soundcloud.com\/player\/?url=https%3A\/\/api.soundcloud.com\/tracks\/1116929377&amp;color=%23ff5500&amp;auto_play=false&amp;hide_related=false&amp;show_comments=true&amp;show_user=true&amp;show_reposts=false&amp;show_teaser=true\" width=\"100%\" height=\"166\" frameborder=\"no\" scrolling=\"no\"><\/iframe><\/h4>\n<div style=\"font-size: 10px; color: #cccccc; line-break: anywhere; word-break: normal; overflow: hidden; white-space: nowrap; text-overflow: ellipsis; font-family: Interstate,Lucida Grande,Lucida Sans Unicode,Lucida Sans,Garuda,Verdana,Tahoma,sans-serif; font-weight: 100;\"><a style=\"color: #cccccc; text-decoration: none;\" title=\"fmreflejos 103.7\" href=\"https:\/\/soundcloud.com\/fmreflejos-103-7\" target=\"_blank\" rel=\"noopener\">fmreflejos 103.7<\/a> \u00b7 <a style=\"color: #cccccc; text-decoration: none;\" title=\"Leandro Guerrero\" href=\"https:\/\/soundcloud.com\/fmreflejos-103-7\/leandro-guerrero-2\" target=\"_blank\" rel=\"noopener\">Leandro Guerrero<\/a><\/div>\n","protected":false},"excerpt":{"rendered":"<p>Leandro Guerrero, pre candidato a concejal en segundo lugar por el Frente de Todos Tornquist, nos comparte la propuesta del frente y nos cuenta c\u00f3mo experimenta este momento de campa\u00f1a.<\/p>\n","protected":false},"author":3,"featured_media":0,"comment_status":"closed","ping_status":"closed","sticky":false,"template":"","format":"standard","meta":{"footnotes":""},"categories":[24],"tags":[48],"class_list":["post-62285","post","type-post","status-publish","format-standard","hentry","category-politica","tag-destacada"],"yoast_head":"<!-- This site is optimized with the Yoast SEO plugin v25.9 - https:\/\/yoast.com\/wordpress\/plugins\/seo\/ -->\n<title>&quot;Ac\u00e1 hay que trabajar para la comunidad y tratar de brindar nuevas propuestas para que el pueblo salga adelante.&quot; - Noticias Radio Reflejos<\/title>\n<meta name=\"robots\" content=\"index, follow, max-snippet:-1, max-image-preview:large, max-video-preview:-1\" \/>\n<link rel=\"canonical\" href=\"https:\/\/www.noticiasradioreflejos.com.ar\/2021\/aca-hay-que-trabajar-para-la-comunidad-y-tratar-de-brindar-nuevas-propuestas-para-que-el-pueblo-salga-adelante\/\" \/>\n<meta property=\"og:locale\" content=\"es_ES\" \/>\n<meta property=\"og:type\" content=\"article\" \/>\n<meta property=\"og:title\" content=\"&quot;Ac\u00e1 hay que trabajar para la comunidad y tratar de brindar nuevas propuestas para que el pueblo salga adelante.&quot; - Noticias Radio Reflejos\" \/>\n<meta property=\"og:description\" content=\"Leandro Guerrero, pre candidato a concejal en segundo lugar por el Frente de Todos Tornquist, nos comparte la propuesta del frente y nos cuenta c\u00f3mo experimenta este momento de campa\u00f1a.\" \/>\n<meta property=\"og:url\" content=\"https:\/\/www.noticiasradioreflejos.com.ar\/2021\/aca-hay-que-trabajar-para-la-comunidad-y-tratar-de-brindar-nuevas-propuestas-para-que-el-pueblo-salga-adelante\/\" \/>\n<meta property=\"og:site_name\" content=\"Noticias Radio Reflejos\" \/>\n<meta property=\"article:published_time\" content=\"2021-09-01T21:35:41+00:00\" \/>\n<meta property=\"og:image\" content=\"https:\/\/www.noticiasradioreflejos.com.ar\/2021\/wp-content\/uploads\/2021\/07\/logosol300x200.png\" \/>\n\t<meta property=\"og:image:width\" content=\"300\" \/>\n\t<meta property=\"og:image:height\" content=\"200\" \/>\n\t<meta property=\"og:image:type\" content=\"image\/png\" \/>\n<meta name=\"author\" content=\"Arnaldo Botto\" \/>\n<meta name=\"twitter:card\" content=\"summary_large_image\" \/>\n<script type=\"application\/ld+json\" class=\"yoast-schema-graph\">{\"@context\":\"https:\/\/schema.org\",\"@graph\":[{\"@type\":\"WebPage\",\"@id\":\"https:\/\/www.noticiasradioreflejos.com.ar\/2021\/aca-hay-que-trabajar-para-la-comunidad-y-tratar-de-brindar-nuevas-propuestas-para-que-el-pueblo-salga-adelante\/\",\"url\":\"https:\/\/www.noticiasradioreflejos.com.ar\/2021\/aca-hay-que-trabajar-para-la-comunidad-y-tratar-de-brindar-nuevas-propuestas-para-que-el-pueblo-salga-adelante\/\",\"name\":\"\\\"Ac\u00e1 hay que trabajar para la comunidad y tratar de brindar nuevas propuestas para que el pueblo salga adelante.\\\" - Noticias Radio Reflejos\",\"isPartOf\":{\"@id\":\"https:\/\/www.noticiasradioreflejos.com.ar\/2021\/#website\"},\"datePublished\":\"2021-09-01T21:35:41+00:00\",\"author\":{\"@id\":\"https:\/\/www.noticiasradioreflejos.com.ar\/2021\/#\/schema\/person\/ad82545263dcc5ec0996818884fd5fb1\"},\"breadcrumb\":{\"@id\":\"https:\/\/www.noticiasradioreflejos.com.ar\/2021\/aca-hay-que-trabajar-para-la-comunidad-y-tratar-de-brindar-nuevas-propuestas-para-que-el-pueblo-salga-adelante\/#breadcrumb\"},\"inLanguage\":\"es\",\"potentialAction\":[{\"@type\":\"ReadAction\",\"target\":[\"https:\/\/www.noticiasradioreflejos.com.ar\/2021\/aca-hay-que-trabajar-para-la-comunidad-y-tratar-de-brindar-nuevas-propuestas-para-que-el-pueblo-salga-adelante\/\"]}]},{\"@type\":\"BreadcrumbList\",\"@id\":\"https:\/\/www.noticiasradioreflejos.com.ar\/2021\/aca-hay-que-trabajar-para-la-comunidad-y-tratar-de-brindar-nuevas-propuestas-para-que-el-pueblo-salga-adelante\/#breadcrumb\",\"itemListElement\":[{\"@type\":\"ListItem\",\"position\":1,\"name\":\"Portada\",\"item\":\"https:\/\/www.noticiasradioreflejos.com.ar\/2021\/\"},{\"@type\":\"ListItem\",\"position\":2,\"name\":\"\u00abAc\u00e1 hay que trabajar para la comunidad y tratar de brindar nuevas propuestas para que el pueblo salga adelante.\u00bb\"}]},{\"@type\":\"WebSite\",\"@id\":\"https:\/\/www.noticiasradioreflejos.com.ar\/2021\/#website\",\"url\":\"https:\/\/www.noticiasradioreflejos.com.ar\/2021\/\",\"name\":\"Noticias Radio Reflejos\",\"description\":\"Las noticias de mi comarca\",\"potentialAction\":[{\"@type\":\"SearchAction\",\"target\":{\"@type\":\"EntryPoint\",\"urlTemplate\":\"https:\/\/www.noticiasradioreflejos.com.ar\/2021\/?s={search_term_string}\"},\"query-input\":{\"@type\":\"PropertyValueSpecification\",\"valueRequired\":true,\"valueName\":\"search_term_string\"}}],\"inLanguage\":\"es\"},{\"@type\":\"Person\",\"@id\":\"https:\/\/www.noticiasradioreflejos.com.ar\/2021\/#\/schema\/person\/ad82545263dcc5ec0996818884fd5fb1\",\"name\":\"Arnaldo Botto\",\"image\":{\"@type\":\"ImageObject\",\"inLanguage\":\"es\",\"@id\":\"https:\/\/www.noticiasradioreflejos.com.ar\/2021\/#\/schema\/person\/image\/\",\"url\":\"https:\/\/secure.gravatar.com\/avatar\/55cb5e37c1efa326397366e6974cb338056df65cb50e7d64d1cf314e87504837?s=96&d=mm&r=g\",\"contentUrl\":\"https:\/\/secure.gravatar.com\/avatar\/55cb5e37c1efa326397366e6974cb338056df65cb50e7d64d1cf314e87504837?s=96&d=mm&r=g\",\"caption\":\"Arnaldo Botto\"},\"url\":\"https:\/\/www.noticiasradioreflejos.com.ar\/2021\/author\/arnaldo\/\"}]}<\/script>\n<!-- \/ Yoast SEO plugin. -->","yoast_head_json":{"title":"\"Ac\u00e1 hay que trabajar para la comunidad y tratar de brindar nuevas propuestas para que el pueblo salga adelante.\" - Noticias Radio Reflejos","robots":{"index":"index","follow":"follow","max-snippet":"max-snippet:-1","max-image-preview":"max-image-preview:large","max-video-preview":"max-video-preview:-1"},"canonical":"https:\/\/www.noticiasradioreflejos.com.ar\/2021\/aca-hay-que-trabajar-para-la-comunidad-y-tratar-de-brindar-nuevas-propuestas-para-que-el-pueblo-salga-adelante\/","og_locale":"es_ES","og_type":"article","og_title":"\"Ac\u00e1 hay que trabajar para la comunidad y tratar de brindar nuevas propuestas para que el pueblo salga adelante.\" - Noticias Radio Reflejos","og_description":"Leandro Guerrero, pre candidato a concejal en segundo lugar por el Frente de Todos Tornquist, nos comparte la propuesta del frente y nos cuenta c\u00f3mo experimenta este momento de campa\u00f1a.","og_url":"https:\/\/www.noticiasradioreflejos.com.ar\/2021\/aca-hay-que-trabajar-para-la-comunidad-y-tratar-de-brindar-nuevas-propuestas-para-que-el-pueblo-salga-adelante\/","og_site_name":"Noticias Radio Reflejos","article_published_time":"2021-09-01T21:35:41+00:00","og_image":[{"width":300,"height":200,"url":"https:\/\/www.noticiasradioreflejos.com.ar\/2021\/wp-content\/uploads\/2021\/07\/logosol300x200.png","type":"image\/png"}],"author":"Arnaldo Botto","twitter_card":"summary_large_image","schema":{"@context":"https:\/\/schema.org","@graph":[{"@type":"WebPage","@id":"https:\/\/www.noticiasradioreflejos.com.ar\/2021\/aca-hay-que-trabajar-para-la-comunidad-y-tratar-de-brindar-nuevas-propuestas-para-que-el-pueblo-salga-adelante\/","url":"https:\/\/www.noticiasradioreflejos.com.ar\/2021\/aca-hay-que-trabajar-para-la-comunidad-y-tratar-de-brindar-nuevas-propuestas-para-que-el-pueblo-salga-adelante\/","name":"\"Ac\u00e1 hay que trabajar para la comunidad y tratar de brindar nuevas propuestas para que el pueblo salga adelante.\" - Noticias Radio Reflejos","isPartOf":{"@id":"https:\/\/www.noticiasradioreflejos.com.ar\/2021\/#website"},"datePublished":"2021-09-01T21:35:41+00:00","author":{"@id":"https:\/\/www.noticiasradioreflejos.com.ar\/2021\/#\/schema\/person\/ad82545263dcc5ec0996818884fd5fb1"},"breadcrumb":{"@id":"https:\/\/www.noticiasradioreflejos.com.ar\/2021\/aca-hay-que-trabajar-para-la-comunidad-y-tratar-de-brindar-nuevas-propuestas-para-que-el-pueblo-salga-adelante\/#breadcrumb"},"inLanguage":"es","potentialAction":[{"@type":"ReadAction","target":["https:\/\/www.noticiasradioreflejos.com.ar\/2021\/aca-hay-que-trabajar-para-la-comunidad-y-tratar-de-brindar-nuevas-propuestas-para-que-el-pueblo-salga-adelante\/"]}]},{"@type":"BreadcrumbList","@id":"https:\/\/www.noticiasradioreflejos.com.ar\/2021\/aca-hay-que-trabajar-para-la-comunidad-y-tratar-de-brindar-nuevas-propuestas-para-que-el-pueblo-salga-adelante\/#breadcrumb","itemListElement":[{"@type":"ListItem","position":1,"name":"Portada","item":"https:\/\/www.noticiasradioreflejos.com.ar\/2021\/"},{"@type":"ListItem","position":2,"name":"\u00abAc\u00e1 hay que trabajar para la comunidad y tratar de brindar nuevas propuestas para que el pueblo salga adelante.\u00bb"}]},{"@type":"WebSite","@id":"https:\/\/www.noticiasradioreflejos.com.ar\/2021\/#website","url":"https:\/\/www.noticiasradioreflejos.com.ar\/2021\/","name":"Noticias Radio Reflejos","description":"Las noticias de mi comarca","potentialAction":[{"@type":"SearchAction","target":{"@type":"EntryPoint","urlTemplate":"https:\/\/www.noticiasradioreflejos.com.ar\/2021\/?s={search_term_string}"},"query-input":{"@type":"PropertyValueSpecification","valueRequired":true,"valueName":"search_term_string"}}],"inLanguage":"es"},{"@type":"Person","@id":"https:\/\/www.noticiasradioreflejos.com.ar\/2021\/#\/schema\/person\/ad82545263dcc5ec0996818884fd5fb1","name":"Arnaldo Botto","image":{"@type":"ImageObject","inLanguage":"es","@id":"https:\/\/www.noticiasradioreflejos.com.ar\/2021\/#\/schema\/person\/image\/","url":"https:\/\/secure.gravatar.com\/avatar\/55cb5e37c1efa326397366e6974cb338056df65cb50e7d64d1cf314e87504837?s=96&d=mm&r=g","contentUrl":"https:\/\/secure.gravatar.com\/avatar\/55cb5e37c1efa326397366e6974cb338056df65cb50e7d64d1cf314e87504837?s=96&d=mm&r=g","caption":"Arnaldo Botto"},"url":"https:\/\/www.noticiasradioreflejos.com.ar\/2021\/author\/arnaldo\/"}]}},"_links":{"self":[{"href":"https:\/\/www.noticiasradioreflejos.com.ar\/2021\/wp-json\/wp\/v2\/posts\/62285","targetHints":{"allow":["GET"]}}],"collection":[{"href":"https:\/\/www.noticiasradioreflejos.com.ar\/2021\/wp-json\/wp\/v2\/posts"}],"about":[{"href":"https:\/\/www.noticiasradioreflejos.com.ar\/2021\/wp-json\/wp\/v2\/types\/post"}],"author":[{"embeddable":true,"href":"https:\/\/www.noticiasradioreflejos.com.ar\/2021\/wp-json\/wp\/v2\/users\/3"}],"replies":[{"embeddable":true,"href":"https:\/\/www.noticiasradioreflejos.com.ar\/2021\/wp-json\/wp\/v2\/comments?post=62285"}],"version-history":[{"count":2,"href":"https:\/\/www.noticiasradioreflejos.com.ar\/2021\/wp-json\/wp\/v2\/posts\/62285\/revisions"}],"predecessor-version":[{"id":62294,"href":"https:\/\/www.noticiasradioreflejos.com.ar\/2021\/wp-json\/wp\/v2\/posts\/62285\/revisions\/62294"}],"wp:attachment":[{"href":"https:\/\/www.noticiasradioreflejos.com.ar\/2021\/wp-json\/wp\/v2\/media?parent=62285"}],"wp:term":[{"taxonomy":"category","embeddable":true,"href":"https:\/\/www.noticiasradioreflejos.com.ar\/2021\/wp-json\/wp\/v2\/categories?post=62285"},{"taxonomy":"post_tag","embeddable":true,"href":"https:\/\/www.noticiasradioreflejos.com.ar\/2021\/wp-json\/wp\/v2\/tags?post=62285"}],"curies":[{"name":"wp","href":"https:\/\/api.w.org\/{rel}","templated":true}]}}