{"id":62264,"date":"2021-09-01T17:08:17","date_gmt":"2021-09-01T17:08:17","guid":{"rendered":"http:\/\/www.noticiasradioreflejos.com.ar\/2021\/?p=62264"},"modified":"2021-09-01T17:08:17","modified_gmt":"2021-09-01T17:08:17","slug":"informe-asamblea-de-concejales-y-mayores-contribuyentes-y-sesion-extraordinaria-del-31-de-agosto-de-2021","status":"publish","type":"post","link":"https:\/\/www.noticiasradioreflejos.com.ar\/2021\/informe-asamblea-de-concejales-y-mayores-contribuyentes-y-sesion-extraordinaria-del-31-de-agosto-de-2021\/","title":{"rendered":"Informe asamblea de concejales y mayores contribuyentes, y sesi\u00f3n extraordinaria del \u00a031 de agosto de 2021"},"content":{"rendered":"<p>Convocados por Decreto N\u00ba 18\/21 el d\u00eda 31 de agosto se realiza la Asamblea de Concejales y Mayores Contribuyentes para dar tratamiento al siguiente tema:<!--more--><\/p>\n<p><a title=\"Extra. con MC (2)\" href=\"https:\/\/www.flickr.com\/photos\/182279889@N02\/51417770043\/in\/dateposted-public\/\" data-flickr-embed=\"true\"><img loading=\"lazy\" decoding=\"async\" src=\"https:\/\/live.staticflickr.com\/65535\/51417770043_970b29375c_c.jpg\" alt=\"Extra. con MC (2)\" width=\"601\" height=\"800\" \/><\/a><script async src=\"\/\/embedr.flickr.com\/assets\/client-code.js\" charset=\"utf-8\"><\/script><\/p>\n<p><strong><u>Expte. N\u00ba 195\/20:<\/u><\/strong> &#8211; D.E. &#8211; Autoriza reprogramaci\u00f3n de las deudas municipales ref. \u201cFondo especial de emergencia sanitaria para la Contenci\u00f3n Fiscal Municipal\u201d.<\/p>\n<p>Se aprueba por unanimidad la Ordenanza Definitiva N\u00ba 3377\/21 por la que\u00a0 se autoriza la reprogramaci\u00f3n de las deudas municipales generadas en el\u00a0 marco del \u201cFondo Especial de Emergencia Sanitaria para la Contenci\u00f3n Fiscal Municipal\u201d creado por el Decreto N\u00ba 264\/20 (ratificado por la Ley N\u00ba 15.174), complementado por el art\u00edculo 48 de la Ley N\u00b0 15.225 y la Resoluci\u00f3n N\u00b0 4\/21 del Ministerio de Hacienda y Finanzas de la Provincia, por la suma de PESOS CATORCE MILLONES OCHOCIENTOS MIL ($ 14.800.000).<\/p>\n<p><a title=\"Extra. con MC (3)\" href=\"https:\/\/www.flickr.com\/photos\/182279889@N02\/51417510576\/in\/dateposted-public\/\" data-flickr-embed=\"true\"><img loading=\"lazy\" decoding=\"async\" src=\"https:\/\/live.staticflickr.com\/65535\/51417510576_9aef1ec8d0_c.jpg\" alt=\"Extra. con MC (3)\" width=\"800\" height=\"601\" \/><\/a><script async src=\"\/\/embedr.flickr.com\/assets\/client-code.js\" charset=\"utf-8\"><\/script><\/p>\n<p>La reprogramaci\u00f3n autorizada tendr\u00e1 las siguientes condiciones financieras:<\/p>\n<ol start=\"14\">\n<li>TOTAL DE LA DEUDA MUNICIPAL ALCANZADA: suma de pesos CATORCE MILLONES OCHOCIENTOS MIL ($14.800.000).<\/li>\n<li>PLAZO DE GRACIA: hasta el 31 de diciembre de 2021.<\/li>\n<li>PLAZO DE DEVOLUCI\u00d3N, VALOR Y PERIODICIDAD DE LAS CUOTAS: 18 pagos de PESOS OCHOCIENTOS VEINTIDOS MIL DOSCIENTOS VEINTIDOS CON VEINTIDOS ($ 822.222,22) cuotas mensuales, iguales y consecutivas desde el mes de enero de 2021.<\/li>\n<li>MEDIO DE PAGO Y GARANT\u00cdA: los recursos que le corresponda percibir a este municipio en virtud del R\u00e9gimen de Coparticipaci\u00f3n Municipal de Impuestos establecido por la Ley N\u00ba 10.559, sus modificatorias y complementarias, o el r\u00e9gimen que en el futuro lo sustituya o reemplace.<\/li>\n<\/ol>\n<p><strong>\u00a0<\/strong><\/p>\n<p><a title=\"Extra. con MC (4)\" href=\"https:\/\/www.flickr.com\/photos\/182279889@N02\/51417510646\/in\/dateposted-public\/\" data-flickr-embed=\"true\"><img loading=\"lazy\" decoding=\"async\" src=\"https:\/\/live.staticflickr.com\/65535\/51417510646_0fe78e7cbb_c.jpg\" alt=\"Extra. con MC (4)\" width=\"800\" height=\"794\" \/><\/a><script async src=\"\/\/embedr.flickr.com\/assets\/client-code.js\" charset=\"utf-8\"><\/script><\/p>\n<h4>Alocuciones de los Concejales:<\/h4>\n<p>&nbsp;<\/p>\n<p><strong>Concejal Elisabet Nori:<\/strong><\/p>\n<p>\u201cYo quer\u00eda agradecer la presencia de todos los Mayores Contribuyentes que hoy han sido convocados y valorar el compromiso que sostienen en el tiempo al estar presentes cada vez que se los cita. Es importante, ya que esto es un espacio de participaci\u00f3n ciudadana que tiene el Concejo Deliberante, y donde este tipo de decisiones y otras m\u00e1s que se han tomado dentro de las Asambleas de Mayores Contribuyentes, implican una transparencia en la din\u00e1mica del Concejo Deliberante, y tambi\u00e9n del Ejecutivo Municipal. Me parece importante resaltarlo y bueno, y muy agradecida por la presencia de todos\u201d.<\/p>\n<p>&nbsp;<\/p>\n<p>Concejal Roc\u00edo V\u00e1zquez:<\/p>\n<p>\u201cBueno, me sumo al agradecimiento de la Concejal Elisabet Nori, a todos los Mayores Contribuyentes por hacerse presentes, por acompa\u00f1ar, y como mencion\u00f3 anteriormente es de suma importancia la participaci\u00f3n de los ciudadanos en este aspecto. Y por otro lado resaltar que hay un ida y vuelta que desde el Concejo Deliberante siempre hacemos propicio para que estas cosas salgan en tiempo y forma, y me parece que tambi\u00e9n es bueno aclarar que necesitamos como Concejo Deliberante hacer un pedido al Ejecutivo para que los Pedidos de Informes sean contestados en un tiempo prudencial y que este ida y vuelta se pueda dar de forma continua, no solo desde el lado del Poder Legislativo sino tambi\u00e9n que se haga desde el lado del Poder Ejecutivo. Nada m\u00e1s se\u00f1or Presidente\u201d.<\/p>\n<p>&nbsp;<\/p>\n<p>Posteriormente, y convocados por Decreto N\u00ba 20\/21 se realiza la Sesi\u00f3n Extraordinaria a pedido del Departamento Ejecutivo a trav\u00e9s de la nota N\u00ba 121\/21 para tratar el Expediente N\u00ba 219\/21, caratulado: &#8211; N.P.- Socio-Gerente de Bio-Organic Argentina solicita predio de 8 Has. en la Localidad de Saldungaray, para el desarrollo de producci\u00f3n de alimento org\u00e1nico.-<\/p>\n<p>Se aprueba por unanimidad el dictamen de los Concejales que aconseja solicitar al Departamento Ejecutivo:<\/p>\n<p>&nbsp;<\/p>\n<p>* Una evaluaci\u00f3n a trav\u00e9s de la Agencia de Desarrollo la factibilidad y viabilidad del proyecto a desarrollar por la Empresa Minera Bio-Organic en el predio municipal del ex matadero de Saldungaray y su impacto en el desarrollo del Distrito.<\/p>\n<p>* Dada la problem\u00e1tica de la conservaci\u00f3n de humedales, y en particular de las turberas solicitar un informe de viabilidad ambiental al OPDS y al Ministerio de Ambiente de la Naci\u00f3n, del proyecto presentado al Municipio de Tornquist por la Empresa Minera Bio-Organic Argentina. Basado en producci\u00f3n hort\u00edcola, sobre sustrato a base de turba, producido por dicha empresa en su propia explotaci\u00f3n turbera (Tolhuin-Tierra del Fuego). Si es compatible con la legislaci\u00f3n vigente, que protege los humedales y en particular las turberas. Y con el Proyecto de Ley R\u00c9GIMEN DE PRESUPUESTOS M\u00cdNIMOS PARA LA PROTECCI\u00d3N AMBIENTAL DE LOS HUMEDALES, que est\u00e1 en tratamiento parlamentario en la C\u00e1mara de Diputados de la Naci\u00f3n bajo Expte. 3819-D-2020.-<\/p>\n<p>* Solicitar informaci\u00f3n respecto a la responsabilidad de la sociedad y la presentaci\u00f3n de un proyecto formal de plan de obra.<\/p>\n<p><a title=\"Extra. con MC (5)\" href=\"https:\/\/www.flickr.com\/photos\/182279889@N02\/51418270129\/in\/dateposted-public\/\" data-flickr-embed=\"true\"><img loading=\"lazy\" decoding=\"async\" src=\"https:\/\/live.staticflickr.com\/65535\/51418270129_f1a6aa4967_c.jpg\" alt=\"Extra. con MC (5)\" width=\"800\" height=\"601\" \/><\/a><script async src=\"\/\/embedr.flickr.com\/assets\/client-code.js\" charset=\"utf-8\"><\/script><\/p>\n<h4>Alocuciones de los Concejales:<\/h4>\n<p><strong>Concejal Viviana Montibeller:<\/strong><\/p>\n<p>\u201cBueno con respecto a este Expediente, no s\u00e9 si se ley\u00f3 la nota anexada al mismo, desde la Secretar\u00eda de Desarrollo, donde se contestan todos estos pedidos. Primero, el Contrato fue analizado, tambi\u00e9n se pidi\u00f3 en personer\u00eda jur\u00eddica una de las cuestiones era el formato de esta sociedad, y el formato es viable para este tipo de sociedades de estas caracter\u00edsticas. Tambi\u00e9n en el Expediente consta que el Ministerio de Agricultura, y Ganader\u00eda, Servicio Nacional de Sanidad y\u00a0 Calidad Agroalimentaria certifica la inscripci\u00f3n y autoriza la firma como elaboradora, fraccionadora y distribuidora y a comercializar el producto. Tambi\u00e9n la constancia de AFIP, y todas sus actividades est\u00e1n registradas. Lo mismo est\u00e1 inscripto en el Registro de Inversiones. Lo que se pide es un desarrollo de producci\u00f3n de alimento org\u00e1nico, nada m\u00e1s y nada menos que una huerta org\u00e1nica, y generaci\u00f3n de semillas org\u00e1nicas.\u00a0 A todo esto es tambi\u00e9n la construcci\u00f3n edilicia, lo que mejorar\u00eda notablemente el lugar, y tambi\u00e9n contrataci\u00f3n de recurso humano local, trabajo para familias de nuestra localidad. Como dec\u00eda anteriormente hay una nota, no s\u00e9 si la va a leer el Secretario desde la Secretar\u00eda de Desarrollo donde tambi\u00e9n se expiden al respecto reconociendo los puntos antes mencionados y tambi\u00e9n reconociendo la importancia de promover inversiones en el Distrito, entendiendo que desde el sector privado se generan medios eficientes para el desarrollo en conjunto de todo nuestro Distrito, la importancia de aprobar este Expediente. Muchas gracias se\u00f1or Presidente\u201d.<\/p>\n<p>&nbsp;<\/p>\n<p>HONORABLE CONCEJO DELIBERANTE<\/p>\n<p>&nbsp;<\/p>\n<p>&nbsp;<\/p>\n<p>&nbsp;<\/p>\n<p>&nbsp;<\/p>\n<p>&nbsp;<\/p>\n<p>&nbsp;<\/p>\n<p><strong><u>\u00a0<\/u><\/strong><\/p>\n","protected":false},"excerpt":{"rendered":"<p>Convocados por Decreto N\u00ba 18\/21 el d\u00eda 31 de agosto se realiza la Asamblea de Concejales y Mayores Contribuyentes para dar tratamiento al siguiente tema:<\/p>\n","protected":false},"author":3,"featured_media":0,"comment_status":"closed","ping_status":"closed","sticky":false,"template":"","format":"standard","meta":{"footnotes":""},"categories":[28],"tags":[],"class_list":["post-62264","post","type-post","status-publish","format-standard","hentry","category-municipales"],"yoast_head":"<!-- This site is optimized with the Yoast SEO plugin v25.9 - https:\/\/yoast.com\/wordpress\/plugins\/seo\/ -->\n<title>Informe asamblea de concejales y mayores contribuyentes, y sesi\u00f3n extraordinaria del \u00a031 de agosto de 2021 - Noticias Radio Reflejos<\/title>\n<meta name=\"robots\" content=\"index, follow, max-snippet:-1, max-image-preview:large, max-video-preview:-1\" \/>\n<link rel=\"canonical\" href=\"https:\/\/www.noticiasradioreflejos.com.ar\/2021\/informe-asamblea-de-concejales-y-mayores-contribuyentes-y-sesion-extraordinaria-del-31-de-agosto-de-2021\/\" \/>\n<meta property=\"og:locale\" content=\"es_ES\" \/>\n<meta property=\"og:type\" content=\"article\" \/>\n<meta property=\"og:title\" content=\"Informe asamblea de concejales y mayores contribuyentes, y sesi\u00f3n extraordinaria del \u00a031 de agosto de 2021 - Noticias Radio Reflejos\" \/>\n<meta property=\"og:description\" content=\"Convocados por Decreto N\u00ba 18\/21 el d\u00eda 31 de agosto se realiza la Asamblea de Concejales y Mayores Contribuyentes para dar tratamiento al siguiente tema:\" \/>\n<meta property=\"og:url\" content=\"https:\/\/www.noticiasradioreflejos.com.ar\/2021\/informe-asamblea-de-concejales-y-mayores-contribuyentes-y-sesion-extraordinaria-del-31-de-agosto-de-2021\/\" \/>\n<meta property=\"og:site_name\" content=\"Noticias Radio Reflejos\" \/>\n<meta property=\"article:published_time\" content=\"2021-09-01T17:08:17+00:00\" \/>\n<meta property=\"og:image\" content=\"https:\/\/live.staticflickr.com\/65535\/51417770043_970b29375c_c.jpg\" \/>\n<meta name=\"author\" content=\"Arnaldo Botto\" \/>\n<meta name=\"twitter:card\" content=\"summary_large_image\" \/>\n<script type=\"application\/ld+json\" class=\"yoast-schema-graph\">{\"@context\":\"https:\/\/schema.org\",\"@graph\":[{\"@type\":\"WebPage\",\"@id\":\"https:\/\/www.noticiasradioreflejos.com.ar\/2021\/informe-asamblea-de-concejales-y-mayores-contribuyentes-y-sesion-extraordinaria-del-31-de-agosto-de-2021\/\",\"url\":\"https:\/\/www.noticiasradioreflejos.com.ar\/2021\/informe-asamblea-de-concejales-y-mayores-contribuyentes-y-sesion-extraordinaria-del-31-de-agosto-de-2021\/\",\"name\":\"Informe asamblea de concejales y mayores contribuyentes, y sesi\u00f3n extraordinaria del \u00a031 de agosto de 2021 - Noticias Radio Reflejos\",\"isPartOf\":{\"@id\":\"https:\/\/www.noticiasradioreflejos.com.ar\/2021\/#website\"},\"primaryImageOfPage\":{\"@id\":\"https:\/\/www.noticiasradioreflejos.com.ar\/2021\/informe-asamblea-de-concejales-y-mayores-contribuyentes-y-sesion-extraordinaria-del-31-de-agosto-de-2021\/#primaryimage\"},\"image\":{\"@id\":\"https:\/\/www.noticiasradioreflejos.com.ar\/2021\/informe-asamblea-de-concejales-y-mayores-contribuyentes-y-sesion-extraordinaria-del-31-de-agosto-de-2021\/#primaryimage\"},\"thumbnailUrl\":\"https:\/\/live.staticflickr.com\/65535\/51417770043_970b29375c_c.jpg\",\"datePublished\":\"2021-09-01T17:08:17+00:00\",\"author\":{\"@id\":\"https:\/\/www.noticiasradioreflejos.com.ar\/2021\/#\/schema\/person\/ad82545263dcc5ec0996818884fd5fb1\"},\"breadcrumb\":{\"@id\":\"https:\/\/www.noticiasradioreflejos.com.ar\/2021\/informe-asamblea-de-concejales-y-mayores-contribuyentes-y-sesion-extraordinaria-del-31-de-agosto-de-2021\/#breadcrumb\"},\"inLanguage\":\"es\",\"potentialAction\":[{\"@type\":\"ReadAction\",\"target\":[\"https:\/\/www.noticiasradioreflejos.com.ar\/2021\/informe-asamblea-de-concejales-y-mayores-contribuyentes-y-sesion-extraordinaria-del-31-de-agosto-de-2021\/\"]}]},{\"@type\":\"ImageObject\",\"inLanguage\":\"es\",\"@id\":\"https:\/\/www.noticiasradioreflejos.com.ar\/2021\/informe-asamblea-de-concejales-y-mayores-contribuyentes-y-sesion-extraordinaria-del-31-de-agosto-de-2021\/#primaryimage\",\"url\":\"https:\/\/live.staticflickr.com\/65535\/51417770043_970b29375c_c.jpg\",\"contentUrl\":\"https:\/\/live.staticflickr.com\/65535\/51417770043_970b29375c_c.jpg\"},{\"@type\":\"BreadcrumbList\",\"@id\":\"https:\/\/www.noticiasradioreflejos.com.ar\/2021\/informe-asamblea-de-concejales-y-mayores-contribuyentes-y-sesion-extraordinaria-del-31-de-agosto-de-2021\/#breadcrumb\",\"itemListElement\":[{\"@type\":\"ListItem\",\"position\":1,\"name\":\"Portada\",\"item\":\"https:\/\/www.noticiasradioreflejos.com.ar\/2021\/\"},{\"@type\":\"ListItem\",\"position\":2,\"name\":\"Informe asamblea de concejales y mayores contribuyentes, y sesi\u00f3n extraordinaria del \u00a031 de agosto de 2021\"}]},{\"@type\":\"WebSite\",\"@id\":\"https:\/\/www.noticiasradioreflejos.com.ar\/2021\/#website\",\"url\":\"https:\/\/www.noticiasradioreflejos.com.ar\/2021\/\",\"name\":\"Noticias Radio Reflejos\",\"description\":\"Las noticias de mi comarca\",\"potentialAction\":[{\"@type\":\"SearchAction\",\"target\":{\"@type\":\"EntryPoint\",\"urlTemplate\":\"https:\/\/www.noticiasradioreflejos.com.ar\/2021\/?s={search_term_string}\"},\"query-input\":{\"@type\":\"PropertyValueSpecification\",\"valueRequired\":true,\"valueName\":\"search_term_string\"}}],\"inLanguage\":\"es\"},{\"@type\":\"Person\",\"@id\":\"https:\/\/www.noticiasradioreflejos.com.ar\/2021\/#\/schema\/person\/ad82545263dcc5ec0996818884fd5fb1\",\"name\":\"Arnaldo Botto\",\"image\":{\"@type\":\"ImageObject\",\"inLanguage\":\"es\",\"@id\":\"https:\/\/www.noticiasradioreflejos.com.ar\/2021\/#\/schema\/person\/image\/\",\"url\":\"https:\/\/secure.gravatar.com\/avatar\/55cb5e37c1efa326397366e6974cb338056df65cb50e7d64d1cf314e87504837?s=96&d=mm&r=g\",\"contentUrl\":\"https:\/\/secure.gravatar.com\/avatar\/55cb5e37c1efa326397366e6974cb338056df65cb50e7d64d1cf314e87504837?s=96&d=mm&r=g\",\"caption\":\"Arnaldo Botto\"},\"url\":\"https:\/\/www.noticiasradioreflejos.com.ar\/2021\/author\/arnaldo\/\"}]}<\/script>\n<!-- \/ Yoast SEO plugin. -->","yoast_head_json":{"title":"Informe asamblea de concejales y mayores contribuyentes, y sesi\u00f3n extraordinaria del \u00a031 de agosto de 2021 - Noticias Radio Reflejos","robots":{"index":"index","follow":"follow","max-snippet":"max-snippet:-1","max-image-preview":"max-image-preview:large","max-video-preview":"max-video-preview:-1"},"canonical":"https:\/\/www.noticiasradioreflejos.com.ar\/2021\/informe-asamblea-de-concejales-y-mayores-contribuyentes-y-sesion-extraordinaria-del-31-de-agosto-de-2021\/","og_locale":"es_ES","og_type":"article","og_title":"Informe asamblea de concejales y mayores contribuyentes, y sesi\u00f3n extraordinaria del \u00a031 de agosto de 2021 - Noticias Radio Reflejos","og_description":"Convocados por Decreto N\u00ba 18\/21 el d\u00eda 31 de agosto se realiza la Asamblea de Concejales y Mayores Contribuyentes para dar tratamiento al siguiente tema:","og_url":"https:\/\/www.noticiasradioreflejos.com.ar\/2021\/informe-asamblea-de-concejales-y-mayores-contribuyentes-y-sesion-extraordinaria-del-31-de-agosto-de-2021\/","og_site_name":"Noticias Radio Reflejos","article_published_time":"2021-09-01T17:08:17+00:00","og_image":[{"url":"https:\/\/live.staticflickr.com\/65535\/51417770043_970b29375c_c.jpg","type":"","width":"","height":""}],"author":"Arnaldo Botto","twitter_card":"summary_large_image","schema":{"@context":"https:\/\/schema.org","@graph":[{"@type":"WebPage","@id":"https:\/\/www.noticiasradioreflejos.com.ar\/2021\/informe-asamblea-de-concejales-y-mayores-contribuyentes-y-sesion-extraordinaria-del-31-de-agosto-de-2021\/","url":"https:\/\/www.noticiasradioreflejos.com.ar\/2021\/informe-asamblea-de-concejales-y-mayores-contribuyentes-y-sesion-extraordinaria-del-31-de-agosto-de-2021\/","name":"Informe asamblea de concejales y mayores contribuyentes, y sesi\u00f3n extraordinaria del \u00a031 de agosto de 2021 - Noticias Radio Reflejos","isPartOf":{"@id":"https:\/\/www.noticiasradioreflejos.com.ar\/2021\/#website"},"primaryImageOfPage":{"@id":"https:\/\/www.noticiasradioreflejos.com.ar\/2021\/informe-asamblea-de-concejales-y-mayores-contribuyentes-y-sesion-extraordinaria-del-31-de-agosto-de-2021\/#primaryimage"},"image":{"@id":"https:\/\/www.noticiasradioreflejos.com.ar\/2021\/informe-asamblea-de-concejales-y-mayores-contribuyentes-y-sesion-extraordinaria-del-31-de-agosto-de-2021\/#primaryimage"},"thumbnailUrl":"https:\/\/live.staticflickr.com\/65535\/51417770043_970b29375c_c.jpg","datePublished":"2021-09-01T17:08:17+00:00","author":{"@id":"https:\/\/www.noticiasradioreflejos.com.ar\/2021\/#\/schema\/person\/ad82545263dcc5ec0996818884fd5fb1"},"breadcrumb":{"@id":"https:\/\/www.noticiasradioreflejos.com.ar\/2021\/informe-asamblea-de-concejales-y-mayores-contribuyentes-y-sesion-extraordinaria-del-31-de-agosto-de-2021\/#breadcrumb"},"inLanguage":"es","potentialAction":[{"@type":"ReadAction","target":["https:\/\/www.noticiasradioreflejos.com.ar\/2021\/informe-asamblea-de-concejales-y-mayores-contribuyentes-y-sesion-extraordinaria-del-31-de-agosto-de-2021\/"]}]},{"@type":"ImageObject","inLanguage":"es","@id":"https:\/\/www.noticiasradioreflejos.com.ar\/2021\/informe-asamblea-de-concejales-y-mayores-contribuyentes-y-sesion-extraordinaria-del-31-de-agosto-de-2021\/#primaryimage","url":"https:\/\/live.staticflickr.com\/65535\/51417770043_970b29375c_c.jpg","contentUrl":"https:\/\/live.staticflickr.com\/65535\/51417770043_970b29375c_c.jpg"},{"@type":"BreadcrumbList","@id":"https:\/\/www.noticiasradioreflejos.com.ar\/2021\/informe-asamblea-de-concejales-y-mayores-contribuyentes-y-sesion-extraordinaria-del-31-de-agosto-de-2021\/#breadcrumb","itemListElement":[{"@type":"ListItem","position":1,"name":"Portada","item":"https:\/\/www.noticiasradioreflejos.com.ar\/2021\/"},{"@type":"ListItem","position":2,"name":"Informe asamblea de concejales y mayores contribuyentes, y sesi\u00f3n extraordinaria del \u00a031 de agosto de 2021"}]},{"@type":"WebSite","@id":"https:\/\/www.noticiasradioreflejos.com.ar\/2021\/#website","url":"https:\/\/www.noticiasradioreflejos.com.ar\/2021\/","name":"Noticias Radio Reflejos","description":"Las noticias de mi comarca","potentialAction":[{"@type":"SearchAction","target":{"@type":"EntryPoint","urlTemplate":"https:\/\/www.noticiasradioreflejos.com.ar\/2021\/?s={search_term_string}"},"query-input":{"@type":"PropertyValueSpecification","valueRequired":true,"valueName":"search_term_string"}}],"inLanguage":"es"},{"@type":"Person","@id":"https:\/\/www.noticiasradioreflejos.com.ar\/2021\/#\/schema\/person\/ad82545263dcc5ec0996818884fd5fb1","name":"Arnaldo Botto","image":{"@type":"ImageObject","inLanguage":"es","@id":"https:\/\/www.noticiasradioreflejos.com.ar\/2021\/#\/schema\/person\/image\/","url":"https:\/\/secure.gravatar.com\/avatar\/55cb5e37c1efa326397366e6974cb338056df65cb50e7d64d1cf314e87504837?s=96&d=mm&r=g","contentUrl":"https:\/\/secure.gravatar.com\/avatar\/55cb5e37c1efa326397366e6974cb338056df65cb50e7d64d1cf314e87504837?s=96&d=mm&r=g","caption":"Arnaldo Botto"},"url":"https:\/\/www.noticiasradioreflejos.com.ar\/2021\/author\/arnaldo\/"}]}},"_links":{"self":[{"href":"https:\/\/www.noticiasradioreflejos.com.ar\/2021\/wp-json\/wp\/v2\/posts\/62264","targetHints":{"allow":["GET"]}}],"collection":[{"href":"https:\/\/www.noticiasradioreflejos.com.ar\/2021\/wp-json\/wp\/v2\/posts"}],"about":[{"href":"https:\/\/www.noticiasradioreflejos.com.ar\/2021\/wp-json\/wp\/v2\/types\/post"}],"author":[{"embeddable":true,"href":"https:\/\/www.noticiasradioreflejos.com.ar\/2021\/wp-json\/wp\/v2\/users\/3"}],"replies":[{"embeddable":true,"href":"https:\/\/www.noticiasradioreflejos.com.ar\/2021\/wp-json\/wp\/v2\/comments?post=62264"}],"version-history":[{"count":1,"href":"https:\/\/www.noticiasradioreflejos.com.ar\/2021\/wp-json\/wp\/v2\/posts\/62264\/revisions"}],"predecessor-version":[{"id":62266,"href":"https:\/\/www.noticiasradioreflejos.com.ar\/2021\/wp-json\/wp\/v2\/posts\/62264\/revisions\/62266"}],"wp:attachment":[{"href":"https:\/\/www.noticiasradioreflejos.com.ar\/2021\/wp-json\/wp\/v2\/media?parent=62264"}],"wp:term":[{"taxonomy":"category","embeddable":true,"href":"https:\/\/www.noticiasradioreflejos.com.ar\/2021\/wp-json\/wp\/v2\/categories?post=62264"},{"taxonomy":"post_tag","embeddable":true,"href":"https:\/\/www.noticiasradioreflejos.com.ar\/2021\/wp-json\/wp\/v2\/tags?post=62264"}],"curies":[{"name":"wp","href":"https:\/\/api.w.org\/{rel}","templated":true}]}}