{"id":62226,"date":"2021-08-31T23:21:59","date_gmt":"2021-08-31T23:21:59","guid":{"rendered":"http:\/\/www.noticiasradioreflejos.com.ar\/2021\/?p=62226"},"modified":"2021-08-31T23:21:59","modified_gmt":"2021-08-31T23:21:59","slug":"estatales-bonaerenses-aceptaron-suba-salarial-del-45-hasta-noviembre","status":"publish","type":"post","link":"https:\/\/www.noticiasradioreflejos.com.ar\/2021\/estatales-bonaerenses-aceptaron-suba-salarial-del-45-hasta-noviembre\/","title":{"rendered":"Estatales bonaerenses aceptaron suba salarial del 45% hasta noviembre"},"content":{"rendered":"<div class=\"head-content\">\n<p>La propuesta salarial realizada por la provincia consiste en un incremento en dos etapas, en octubre y noviembre, m\u00e1s una nueva revisi\u00f3n salarial el \u00faltimo mes del a\u00f1o.<\/p>\n<\/div>\n<p><!--more--><\/p>\n<div class=\"main-content-block\">\n<div class=\"main-box clearfix\">\n<div class=\"wrapper-main-section clearfix\">\n<div class=\"wrapper-editable-content\">\n<div class=\"editable-content clearfix\">\n<div id=\"image\" class=\"image\">\n<p><img decoding=\"async\" title=\"El acuerdo original firmado a principios de a\u00f1o contemplaba una suba en tres tramos y reabrir paritarias en noviembre. Foto: Prensa PBA.\" src=\"https:\/\/www.telam.com.ar\/advf\/imagenes\/2021\/07\/60ee12bbf1c43_1004x565.jpg\" alt=\"El acuerdo original firmado a principios de a\u00f1o contemplaba una suba en tres tramos y reabrir paritarias en noviembre. Foto: Prensa PBA.\" \/><\/p>\n<div class=\"epigrafe\">El acuerdo original firmado a principios de a\u00f1o contemplaba una suba en tres tramos y reabrir paritarias en noviembre. Foto: Prensa PBA.<\/div>\n<\/div>\n<p>Los gremios de los trabajadores estatales bonaerenses aceptaron este martes por unanimidad la nueva propuesta de aumento salarial que elev\u00f3 el Gobierno provincial para llegar a un 45% de incremento en noviembre y revisar la paritaria en diciembre, inform\u00f3 el Ministerio de Hacienda y Finanzas provincial.<\/p>\n<p>La propuesta salarial realizada por la provincia consiste en un incremento del 45% en dos etapas, en octubre y noviembre, m\u00e1s una nueva revisi\u00f3n salarial el \u00faltimo mes del a\u00f1o.<\/p>\n<p>Con esta nueva propuesta, el salario estatal tendr\u00e1 41,5% de aumento en octubre y en noviembre se completar\u00e1 el incremento para alcanzar el 45% en total.<\/p>\n<p>Adem\u00e1s, la propuesta, que fue planteada durante una reuni\u00f3n que encabezaron los ministros de Hacienda, Pablo L\u00f3pez, y de Trabajo, Mara Ruiz Malec, incluye un aumento de los tramos de las asignaciones familiares en l\u00ednea con la suba salarial ofrecida y de 45% de los montos a partir de diciembre.<\/p>\n<blockquote class=\"twitter-tweet\" data-width=\"500\" data-dnt=\"true\">\n<p lang=\"es\" dir=\"ltr\">Adem\u00e1s, la propuesta incluye un aumento de los tramos de las asignaciones familiares en l\u00ednea con la suba salarial ofrecida y de 45% de los montos a partir de diciembre.<\/p>\n<p>Comunicado completo \ud83d\udc49 <a href=\"https:\/\/t.co\/GXLOAn7YSm\">https:\/\/t.co\/GXLOAn7YSm<\/a><\/p>\n<p>&mdash; Ministerio de Econom\u00eda PBA (@EconomiaPBA) <a href=\"https:\/\/twitter.com\/EconomiaPBA\/status\/1432826925894995969?ref_src=twsrc%5Etfw\">August 31, 2021<\/a><\/p><\/blockquote>\n<p><script async src=\"https:\/\/platform.twitter.com\/widgets.js\" charset=\"utf-8\"><\/script><\/p>\n<p>\u00abSeguimos reafirmando nuestro compromiso con la mejora en las condiciones laborales de las y los trabajadores de la Provincia, que es imprescindible para cumplir con un Estado provincial presente, que pueda atender las necesidades de los bonaerenses\u00bb, asegur\u00f3 L\u00f3pez.<\/p>\n<p>\u00abEs por eso que es una enorme satisfacci\u00f3n continuar dialogando de manera constructiva, como lo venimos, haciendo con las y los representantes de todos los sectores y alcanzar este acuerdo que refuerza nuestro objetivo de mantener el poder adquisitivo de las y los trabajadores estatales, condici\u00f3n fundamental para apuntalar la incipiente reactivaci\u00f3n de la econom\u00eda\u00bb, grafic\u00f3.<\/p>\n<p>Ruiz Malec asegur\u00f3 que \u00abla propuesta fue aceptada gracias a que seguimos trabajando en conjunto. La provincia present\u00f3 una oferta similar a la docente pero adaptada a las demandas de los representantes de la ley 10.430 (administraci\u00f3n p\u00fablica). Tambi\u00e9n empezamos a trabajar en las demandas que vienen a futuro\u00bb.<\/p>\n<p>Del encuentro, participaron las y los representantes de los gremios Ate, Upcn, Fegeppba, Aemopba, Amc, Cicop, Amra y Apla.<\/p>\n<div class=\"btn_externos\"><\/div>\n<\/div>\n<\/div>\n<\/div>\n<\/div>\n<\/div>\n","protected":false},"excerpt":{"rendered":"<p>La propuesta salarial realizada por la provincia consiste en un incremento en dos etapas, en octubre y noviembre, m\u00e1s una nueva revisi\u00f3n salarial el \u00faltimo mes del a\u00f1o.<\/p>\n","protected":false},"author":3,"featured_media":0,"comment_status":"closed","ping_status":"closed","sticky":false,"template":"","format":"standard","meta":{"footnotes":""},"categories":[36,24,26],"tags":[],"class_list":["post-62226","post","type-post","status-publish","format-standard","hentry","category-economia","category-politica","category-sociedad"],"yoast_head":"<!-- This site is optimized with the Yoast SEO plugin v25.9 - https:\/\/yoast.com\/wordpress\/plugins\/seo\/ -->\n<title>Estatales bonaerenses aceptaron suba salarial del 45% hasta noviembre - Noticias Radio Reflejos<\/title>\n<meta name=\"robots\" content=\"index, follow, max-snippet:-1, max-image-preview:large, max-video-preview:-1\" \/>\n<link rel=\"canonical\" href=\"https:\/\/www.noticiasradioreflejos.com.ar\/2021\/estatales-bonaerenses-aceptaron-suba-salarial-del-45-hasta-noviembre\/\" \/>\n<meta property=\"og:locale\" content=\"es_ES\" \/>\n<meta property=\"og:type\" content=\"article\" \/>\n<meta property=\"og:title\" content=\"Estatales bonaerenses aceptaron suba salarial del 45% hasta noviembre - Noticias Radio Reflejos\" \/>\n<meta property=\"og:description\" content=\"La propuesta salarial realizada por la provincia consiste en un incremento en dos etapas, en octubre y noviembre, m\u00e1s una nueva revisi\u00f3n salarial el \u00faltimo mes del a\u00f1o.\" \/>\n<meta property=\"og:url\" content=\"https:\/\/www.noticiasradioreflejos.com.ar\/2021\/estatales-bonaerenses-aceptaron-suba-salarial-del-45-hasta-noviembre\/\" \/>\n<meta property=\"og:site_name\" content=\"Noticias Radio Reflejos\" \/>\n<meta property=\"article:published_time\" content=\"2021-08-31T23:21:59+00:00\" \/>\n<meta property=\"og:image\" content=\"https:\/\/www.telam.com.ar\/advf\/imagenes\/2021\/07\/60ee12bbf1c43_1004x565.jpg\" \/>\n<meta name=\"author\" content=\"Arnaldo Botto\" \/>\n<meta name=\"twitter:card\" content=\"summary_large_image\" \/>\n<script type=\"application\/ld+json\" class=\"yoast-schema-graph\">{\"@context\":\"https:\/\/schema.org\",\"@graph\":[{\"@type\":\"WebPage\",\"@id\":\"https:\/\/www.noticiasradioreflejos.com.ar\/2021\/estatales-bonaerenses-aceptaron-suba-salarial-del-45-hasta-noviembre\/\",\"url\":\"https:\/\/www.noticiasradioreflejos.com.ar\/2021\/estatales-bonaerenses-aceptaron-suba-salarial-del-45-hasta-noviembre\/\",\"name\":\"Estatales bonaerenses aceptaron suba salarial del 45% hasta noviembre - Noticias Radio Reflejos\",\"isPartOf\":{\"@id\":\"https:\/\/www.noticiasradioreflejos.com.ar\/2021\/#website\"},\"primaryImageOfPage\":{\"@id\":\"https:\/\/www.noticiasradioreflejos.com.ar\/2021\/estatales-bonaerenses-aceptaron-suba-salarial-del-45-hasta-noviembre\/#primaryimage\"},\"image\":{\"@id\":\"https:\/\/www.noticiasradioreflejos.com.ar\/2021\/estatales-bonaerenses-aceptaron-suba-salarial-del-45-hasta-noviembre\/#primaryimage\"},\"thumbnailUrl\":\"https:\/\/www.telam.com.ar\/advf\/imagenes\/2021\/07\/60ee12bbf1c43_1004x565.jpg\",\"datePublished\":\"2021-08-31T23:21:59+00:00\",\"author\":{\"@id\":\"https:\/\/www.noticiasradioreflejos.com.ar\/2021\/#\/schema\/person\/ad82545263dcc5ec0996818884fd5fb1\"},\"breadcrumb\":{\"@id\":\"https:\/\/www.noticiasradioreflejos.com.ar\/2021\/estatales-bonaerenses-aceptaron-suba-salarial-del-45-hasta-noviembre\/#breadcrumb\"},\"inLanguage\":\"es\",\"potentialAction\":[{\"@type\":\"ReadAction\",\"target\":[\"https:\/\/www.noticiasradioreflejos.com.ar\/2021\/estatales-bonaerenses-aceptaron-suba-salarial-del-45-hasta-noviembre\/\"]}]},{\"@type\":\"ImageObject\",\"inLanguage\":\"es\",\"@id\":\"https:\/\/www.noticiasradioreflejos.com.ar\/2021\/estatales-bonaerenses-aceptaron-suba-salarial-del-45-hasta-noviembre\/#primaryimage\",\"url\":\"https:\/\/www.telam.com.ar\/advf\/imagenes\/2021\/07\/60ee12bbf1c43_1004x565.jpg\",\"contentUrl\":\"https:\/\/www.telam.com.ar\/advf\/imagenes\/2021\/07\/60ee12bbf1c43_1004x565.jpg\"},{\"@type\":\"BreadcrumbList\",\"@id\":\"https:\/\/www.noticiasradioreflejos.com.ar\/2021\/estatales-bonaerenses-aceptaron-suba-salarial-del-45-hasta-noviembre\/#breadcrumb\",\"itemListElement\":[{\"@type\":\"ListItem\",\"position\":1,\"name\":\"Portada\",\"item\":\"https:\/\/www.noticiasradioreflejos.com.ar\/2021\/\"},{\"@type\":\"ListItem\",\"position\":2,\"name\":\"Estatales bonaerenses aceptaron suba salarial del 45% hasta noviembre\"}]},{\"@type\":\"WebSite\",\"@id\":\"https:\/\/www.noticiasradioreflejos.com.ar\/2021\/#website\",\"url\":\"https:\/\/www.noticiasradioreflejos.com.ar\/2021\/\",\"name\":\"Noticias Radio Reflejos\",\"description\":\"Las noticias de mi comarca\",\"potentialAction\":[{\"@type\":\"SearchAction\",\"target\":{\"@type\":\"EntryPoint\",\"urlTemplate\":\"https:\/\/www.noticiasradioreflejos.com.ar\/2021\/?s={search_term_string}\"},\"query-input\":{\"@type\":\"PropertyValueSpecification\",\"valueRequired\":true,\"valueName\":\"search_term_string\"}}],\"inLanguage\":\"es\"},{\"@type\":\"Person\",\"@id\":\"https:\/\/www.noticiasradioreflejos.com.ar\/2021\/#\/schema\/person\/ad82545263dcc5ec0996818884fd5fb1\",\"name\":\"Arnaldo Botto\",\"image\":{\"@type\":\"ImageObject\",\"inLanguage\":\"es\",\"@id\":\"https:\/\/www.noticiasradioreflejos.com.ar\/2021\/#\/schema\/person\/image\/\",\"url\":\"https:\/\/secure.gravatar.com\/avatar\/55cb5e37c1efa326397366e6974cb338056df65cb50e7d64d1cf314e87504837?s=96&d=mm&r=g\",\"contentUrl\":\"https:\/\/secure.gravatar.com\/avatar\/55cb5e37c1efa326397366e6974cb338056df65cb50e7d64d1cf314e87504837?s=96&d=mm&r=g\",\"caption\":\"Arnaldo Botto\"},\"url\":\"https:\/\/www.noticiasradioreflejos.com.ar\/2021\/author\/arnaldo\/\"}]}<\/script>\n<!-- \/ Yoast SEO plugin. -->","yoast_head_json":{"title":"Estatales bonaerenses aceptaron suba salarial del 45% hasta noviembre - Noticias Radio Reflejos","robots":{"index":"index","follow":"follow","max-snippet":"max-snippet:-1","max-image-preview":"max-image-preview:large","max-video-preview":"max-video-preview:-1"},"canonical":"https:\/\/www.noticiasradioreflejos.com.ar\/2021\/estatales-bonaerenses-aceptaron-suba-salarial-del-45-hasta-noviembre\/","og_locale":"es_ES","og_type":"article","og_title":"Estatales bonaerenses aceptaron suba salarial del 45% hasta noviembre - Noticias Radio Reflejos","og_description":"La propuesta salarial realizada por la provincia consiste en un incremento en dos etapas, en octubre y noviembre, m\u00e1s una nueva revisi\u00f3n salarial el \u00faltimo mes del a\u00f1o.","og_url":"https:\/\/www.noticiasradioreflejos.com.ar\/2021\/estatales-bonaerenses-aceptaron-suba-salarial-del-45-hasta-noviembre\/","og_site_name":"Noticias Radio Reflejos","article_published_time":"2021-08-31T23:21:59+00:00","og_image":[{"url":"https:\/\/www.telam.com.ar\/advf\/imagenes\/2021\/07\/60ee12bbf1c43_1004x565.jpg","type":"","width":"","height":""}],"author":"Arnaldo Botto","twitter_card":"summary_large_image","schema":{"@context":"https:\/\/schema.org","@graph":[{"@type":"WebPage","@id":"https:\/\/www.noticiasradioreflejos.com.ar\/2021\/estatales-bonaerenses-aceptaron-suba-salarial-del-45-hasta-noviembre\/","url":"https:\/\/www.noticiasradioreflejos.com.ar\/2021\/estatales-bonaerenses-aceptaron-suba-salarial-del-45-hasta-noviembre\/","name":"Estatales bonaerenses aceptaron suba salarial del 45% hasta noviembre - Noticias Radio Reflejos","isPartOf":{"@id":"https:\/\/www.noticiasradioreflejos.com.ar\/2021\/#website"},"primaryImageOfPage":{"@id":"https:\/\/www.noticiasradioreflejos.com.ar\/2021\/estatales-bonaerenses-aceptaron-suba-salarial-del-45-hasta-noviembre\/#primaryimage"},"image":{"@id":"https:\/\/www.noticiasradioreflejos.com.ar\/2021\/estatales-bonaerenses-aceptaron-suba-salarial-del-45-hasta-noviembre\/#primaryimage"},"thumbnailUrl":"https:\/\/www.telam.com.ar\/advf\/imagenes\/2021\/07\/60ee12bbf1c43_1004x565.jpg","datePublished":"2021-08-31T23:21:59+00:00","author":{"@id":"https:\/\/www.noticiasradioreflejos.com.ar\/2021\/#\/schema\/person\/ad82545263dcc5ec0996818884fd5fb1"},"breadcrumb":{"@id":"https:\/\/www.noticiasradioreflejos.com.ar\/2021\/estatales-bonaerenses-aceptaron-suba-salarial-del-45-hasta-noviembre\/#breadcrumb"},"inLanguage":"es","potentialAction":[{"@type":"ReadAction","target":["https:\/\/www.noticiasradioreflejos.com.ar\/2021\/estatales-bonaerenses-aceptaron-suba-salarial-del-45-hasta-noviembre\/"]}]},{"@type":"ImageObject","inLanguage":"es","@id":"https:\/\/www.noticiasradioreflejos.com.ar\/2021\/estatales-bonaerenses-aceptaron-suba-salarial-del-45-hasta-noviembre\/#primaryimage","url":"https:\/\/www.telam.com.ar\/advf\/imagenes\/2021\/07\/60ee12bbf1c43_1004x565.jpg","contentUrl":"https:\/\/www.telam.com.ar\/advf\/imagenes\/2021\/07\/60ee12bbf1c43_1004x565.jpg"},{"@type":"BreadcrumbList","@id":"https:\/\/www.noticiasradioreflejos.com.ar\/2021\/estatales-bonaerenses-aceptaron-suba-salarial-del-45-hasta-noviembre\/#breadcrumb","itemListElement":[{"@type":"ListItem","position":1,"name":"Portada","item":"https:\/\/www.noticiasradioreflejos.com.ar\/2021\/"},{"@type":"ListItem","position":2,"name":"Estatales bonaerenses aceptaron suba salarial del 45% hasta noviembre"}]},{"@type":"WebSite","@id":"https:\/\/www.noticiasradioreflejos.com.ar\/2021\/#website","url":"https:\/\/www.noticiasradioreflejos.com.ar\/2021\/","name":"Noticias Radio Reflejos","description":"Las noticias de mi comarca","potentialAction":[{"@type":"SearchAction","target":{"@type":"EntryPoint","urlTemplate":"https:\/\/www.noticiasradioreflejos.com.ar\/2021\/?s={search_term_string}"},"query-input":{"@type":"PropertyValueSpecification","valueRequired":true,"valueName":"search_term_string"}}],"inLanguage":"es"},{"@type":"Person","@id":"https:\/\/www.noticiasradioreflejos.com.ar\/2021\/#\/schema\/person\/ad82545263dcc5ec0996818884fd5fb1","name":"Arnaldo Botto","image":{"@type":"ImageObject","inLanguage":"es","@id":"https:\/\/www.noticiasradioreflejos.com.ar\/2021\/#\/schema\/person\/image\/","url":"https:\/\/secure.gravatar.com\/avatar\/55cb5e37c1efa326397366e6974cb338056df65cb50e7d64d1cf314e87504837?s=96&d=mm&r=g","contentUrl":"https:\/\/secure.gravatar.com\/avatar\/55cb5e37c1efa326397366e6974cb338056df65cb50e7d64d1cf314e87504837?s=96&d=mm&r=g","caption":"Arnaldo Botto"},"url":"https:\/\/www.noticiasradioreflejos.com.ar\/2021\/author\/arnaldo\/"}]}},"_links":{"self":[{"href":"https:\/\/www.noticiasradioreflejos.com.ar\/2021\/wp-json\/wp\/v2\/posts\/62226","targetHints":{"allow":["GET"]}}],"collection":[{"href":"https:\/\/www.noticiasradioreflejos.com.ar\/2021\/wp-json\/wp\/v2\/posts"}],"about":[{"href":"https:\/\/www.noticiasradioreflejos.com.ar\/2021\/wp-json\/wp\/v2\/types\/post"}],"author":[{"embeddable":true,"href":"https:\/\/www.noticiasradioreflejos.com.ar\/2021\/wp-json\/wp\/v2\/users\/3"}],"replies":[{"embeddable":true,"href":"https:\/\/www.noticiasradioreflejos.com.ar\/2021\/wp-json\/wp\/v2\/comments?post=62226"}],"version-history":[{"count":1,"href":"https:\/\/www.noticiasradioreflejos.com.ar\/2021\/wp-json\/wp\/v2\/posts\/62226\/revisions"}],"predecessor-version":[{"id":62228,"href":"https:\/\/www.noticiasradioreflejos.com.ar\/2021\/wp-json\/wp\/v2\/posts\/62226\/revisions\/62228"}],"wp:attachment":[{"href":"https:\/\/www.noticiasradioreflejos.com.ar\/2021\/wp-json\/wp\/v2\/media?parent=62226"}],"wp:term":[{"taxonomy":"category","embeddable":true,"href":"https:\/\/www.noticiasradioreflejos.com.ar\/2021\/wp-json\/wp\/v2\/categories?post=62226"},{"taxonomy":"post_tag","embeddable":true,"href":"https:\/\/www.noticiasradioreflejos.com.ar\/2021\/wp-json\/wp\/v2\/tags?post=62226"}],"curies":[{"name":"wp","href":"https:\/\/api.w.org\/{rel}","templated":true}]}}