{"id":62223,"date":"2021-08-31T23:10:03","date_gmt":"2021-08-31T23:10:03","guid":{"rendered":"http:\/\/www.noticiasradioreflejos.com.ar\/2021\/?p=62223"},"modified":"2021-08-31T23:10:03","modified_gmt":"2021-08-31T23:10:03","slug":"caso-garcia-gurrea-bomberos-de-tornquist-y-chasico-participan-del-rastrillaje","status":"publish","type":"post","link":"https:\/\/www.noticiasradioreflejos.com.ar\/2021\/caso-garcia-gurrea-bomberos-de-tornquist-y-chasico-participan-del-rastrillaje\/","title":{"rendered":"Caso Garc\u00eda Gurrea: Bomberos de Tornquist y Chasic\u00f3 participan del rastrillaje"},"content":{"rendered":"<p>A pedido del Fiscal Rodolfo De Luc\u00eda, titular de la UFIJ N \u00ba 20, el Juzgado de Garant\u00edas N.\u00ba 4 a cargo de la Dra. Marisa Prom\u00e9 orden\u00f3 la realizaci\u00f3n de un procedimiento, con el apoyo de distintas fuerzas, a fin de concretar un profundo rastrillaje en un campo ubicado en el acceso a Chasic\u00f3, Partido de Tornquist.<!--more--><\/p>\n<p>Durante los rastrillajes que personal de distintas fuerzas de seguridad, con canes adiestrados y un drone realizaron hoy en un campo que est\u00e1 en el acceso a la localidad de Chasic\u00f3, Partido de Tornquist, no surgieron novedades en torno de la misteriosa desaparici\u00f3n de Gabriel Garc\u00eda Gurrea, cuyo paradero se desconoce desde el 20 de mayo pasado. Hasta en un pozo de m\u00e1s de 30 metros de profundidad estuvieron buscando indicios los bomberos voluntarios de Tornquist y Chasic\u00f3.<\/p>\n<figure class=\"wp-block-image size-large\"><img loading=\"lazy\" decoding=\"async\" class=\"wp-image-154465\" src=\"https:\/\/www.labrujula24.com\/wp-content\/uploads\/2021\/08\/garcia-gurrea-4.jpg\" sizes=\"auto, (max-width: 1200px) 100vw, 1200px\" srcset=\"https:\/\/www.labrujula24.com\/wp-content\/uploads\/2021\/08\/garcia-gurrea-4.jpg 1200w, https:\/\/www.labrujula24.com\/wp-content\/uploads\/2021\/08\/garcia-gurrea-4-768x414.jpg 768w\" alt=\"\" width=\"1200\" height=\"647\" \/><\/figure>\n<p>La inspecci\u00f3n se llev\u00f3 adelante a pedido del Fiscal Rodolfo De Luc\u00eda, titular de la UFIJ N \u00ba 20, por disposici\u00f3n del Juzgado de Garant\u00edas N\u00ba 4, de la doctora Marisa Prom\u00e9.<\/p>\n<div class=\"code-block code-block-11\"><\/div>\n<figure class=\"wp-block-image size-large\"><img loading=\"lazy\" decoding=\"async\" class=\"wp-image-154466\" src=\"https:\/\/www.labrujula24.com\/wp-content\/uploads\/2021\/08\/garcia-gurrea-3.jpg\" sizes=\"auto, (max-width: 1200px) 100vw, 1200px\" srcset=\"https:\/\/www.labrujula24.com\/wp-content\/uploads\/2021\/08\/garcia-gurrea-3.jpg 1200w, https:\/\/www.labrujula24.com\/wp-content\/uploads\/2021\/08\/garcia-gurrea-3-768x760.jpg 768w, https:\/\/www.labrujula24.com\/wp-content\/uploads\/2021\/08\/garcia-gurrea-3-80x80.jpg 80w\" alt=\"\" width=\"1200\" height=\"1187\" \/><\/figure>\n<p>El operativo fue dise\u00f1ado por el Comisario Jos\u00e9 Luis Obechaka, titular de la Comisar\u00eda Primera, y participaron del mismo efectivos de la DDI local, Caballer\u00eda, Infanter\u00eda, personal de todas las comisar\u00edas locales, Polic\u00eda Cient\u00edfica La Plata, Comando de Prevenci\u00f3n Rural Tornquist, Bomberos, Estaci\u00f3n de Seguridad Policial de Puan, Tornquist y Pig\u00fc\u00e9.<\/p>\n<figure class=\"wp-block-image size-large\"><img loading=\"lazy\" decoding=\"async\" class=\"wp-image-154467\" src=\"https:\/\/www.labrujula24.com\/wp-content\/uploads\/2021\/08\/garcia-gurrea-2.jpg\" sizes=\"auto, (max-width: 1200px) 100vw, 1200px\" srcset=\"https:\/\/www.labrujula24.com\/wp-content\/uploads\/2021\/08\/garcia-gurrea-2.jpg 1200w, https:\/\/www.labrujula24.com\/wp-content\/uploads\/2021\/08\/garcia-gurrea-2-768x377.jpg 768w\" alt=\"\" width=\"1200\" height=\"589\" \/><\/figure>\n<p>Adem\u00e1s, toman parte el SIFEBU de la Polic\u00eda Federal Argentina; canes de la Provincia de Buenos Aires y de la PFA, divisi\u00f3n Video y Comunicaciones, aeron\u00e1utica de la PFA; Unidad de Apoyo Rescate y Socorrismo (UARS) y la Brigada de B\u00fasqueda, Rescate, Apoyo y Socorrismo (BBRAS).<\/p>\n<div class=\"code-block code-block-1\"><\/div>\n<p><strong>INSPECCI\u00d3N EN UN POZO DE 35 METROS DE PROFUNDIDAD<\/strong><\/p>\n<p>Una de las inspecciones tuvo lugar en dos viejos molinos y en un pozo de unos 35 metros de profundidad.<\/p>\n<p>Esa labor la realizaron bomberos voluntarios de Tornquist y Chasic\u00f3.<\/p>\n<figure class=\"wp-block-image size-large\"><img loading=\"lazy\" decoding=\"async\" class=\"wp-image-154490\" src=\"https:\/\/www.labrujula24.com\/wp-content\/uploads\/2021\/08\/garcia-gurrea-6.jpg\" sizes=\"auto, (max-width: 1200px) 100vw, 1200px\" srcset=\"https:\/\/www.labrujula24.com\/wp-content\/uploads\/2021\/08\/garcia-gurrea-6.jpg 1200w, https:\/\/www.labrujula24.com\/wp-content\/uploads\/2021\/08\/garcia-gurrea-6-768x557.jpg 768w\" alt=\"\" width=\"1200\" height=\"870\" \/><\/figure>\n<p>Uno de los servidores p\u00fablicos descendi\u00f3 con un arn\u00e9s hacia las profundidades de la construcci\u00f3n.<\/p>\n<div class=\"code-block code-block-6\"><\/div>\n<figure class=\"wp-block-image size-large\"><img loading=\"lazy\" decoding=\"async\" class=\"wp-image-154489\" src=\"https:\/\/www.labrujula24.com\/wp-content\/uploads\/2021\/08\/garcia-gurrea-5.jpg\" sizes=\"auto, (max-width: 1200px) 100vw, 1200px\" srcset=\"https:\/\/www.labrujula24.com\/wp-content\/uploads\/2021\/08\/garcia-gurrea-5.jpg 1200w, https:\/\/www.labrujula24.com\/wp-content\/uploads\/2021\/08\/garcia-gurrea-5-768x996.jpg 768w, https:\/\/www.labrujula24.com\/wp-content\/uploads\/2021\/08\/garcia-gurrea-5-1185x1536.jpg 1185w\" alt=\"\" width=\"1200\" height=\"1556\" \/><\/figure>\n<p>Voceros del amplio procedimiento dijeron que ma\u00f1ana estar\u00e1n retomando los rastrillajes, en procura de poder avanzar con la b\u00fasqueda de Garc\u00eda Gurrea.<\/p>\n<p><strong><em>Fuente La Br\u00fajula y fotos de Fiscal\u00eda General Bah\u00eda Blanca<\/em><\/strong><\/p>\n","protected":false},"excerpt":{"rendered":"<p>A pedido del Fiscal Rodolfo De Luc\u00eda, titular de la UFIJ N \u00ba 20, el Juzgado de Garant\u00edas N.\u00ba 4 a cargo de la Dra. Marisa Prom\u00e9 orden\u00f3 la realizaci\u00f3n de un procedimiento, con el apoyo de distintas fuerzas, a fin de concretar un profundo rastrillaje en un campo ubicado en el acceso a Chasic\u00f3, [&hellip;]<\/p>\n","protected":false},"author":3,"featured_media":0,"comment_status":"closed","ping_status":"closed","sticky":false,"template":"","format":"standard","meta":{"footnotes":""},"categories":[29],"tags":[],"class_list":["post-62223","post","type-post","status-publish","format-standard","hentry","category-policiales"],"yoast_head":"<!-- This site is optimized with the Yoast SEO plugin v25.9 - https:\/\/yoast.com\/wordpress\/plugins\/seo\/ -->\n<title>Caso Garc\u00eda Gurrea: Bomberos de Tornquist y Chasic\u00f3 participan del rastrillaje - Noticias Radio Reflejos<\/title>\n<meta name=\"robots\" content=\"index, follow, max-snippet:-1, max-image-preview:large, max-video-preview:-1\" \/>\n<link rel=\"canonical\" href=\"https:\/\/www.noticiasradioreflejos.com.ar\/2021\/caso-garcia-gurrea-bomberos-de-tornquist-y-chasico-participan-del-rastrillaje\/\" \/>\n<meta property=\"og:locale\" content=\"es_ES\" \/>\n<meta property=\"og:type\" content=\"article\" \/>\n<meta property=\"og:title\" content=\"Caso Garc\u00eda Gurrea: Bomberos de Tornquist y Chasic\u00f3 participan del rastrillaje - Noticias Radio Reflejos\" \/>\n<meta property=\"og:description\" content=\"A pedido del Fiscal Rodolfo De Luc\u00eda, titular de la UFIJ N \u00ba 20, el Juzgado de Garant\u00edas N.\u00ba 4 a cargo de la Dra. Marisa Prom\u00e9 orden\u00f3 la realizaci\u00f3n de un procedimiento, con el apoyo de distintas fuerzas, a fin de concretar un profundo rastrillaje en un campo ubicado en el acceso a Chasic\u00f3, [&hellip;]\" \/>\n<meta property=\"og:url\" content=\"https:\/\/www.noticiasradioreflejos.com.ar\/2021\/caso-garcia-gurrea-bomberos-de-tornquist-y-chasico-participan-del-rastrillaje\/\" \/>\n<meta property=\"og:site_name\" content=\"Noticias Radio Reflejos\" \/>\n<meta property=\"article:published_time\" content=\"2021-08-31T23:10:03+00:00\" \/>\n<meta property=\"og:image\" content=\"https:\/\/www.labrujula24.com\/wp-content\/uploads\/2021\/08\/garcia-gurrea-4.jpg\" \/>\n<meta name=\"author\" content=\"Arnaldo Botto\" \/>\n<meta name=\"twitter:card\" content=\"summary_large_image\" \/>\n<script type=\"application\/ld+json\" class=\"yoast-schema-graph\">{\"@context\":\"https:\/\/schema.org\",\"@graph\":[{\"@type\":\"WebPage\",\"@id\":\"https:\/\/www.noticiasradioreflejos.com.ar\/2021\/caso-garcia-gurrea-bomberos-de-tornquist-y-chasico-participan-del-rastrillaje\/\",\"url\":\"https:\/\/www.noticiasradioreflejos.com.ar\/2021\/caso-garcia-gurrea-bomberos-de-tornquist-y-chasico-participan-del-rastrillaje\/\",\"name\":\"Caso Garc\u00eda Gurrea: Bomberos de Tornquist y Chasic\u00f3 participan del rastrillaje - Noticias Radio Reflejos\",\"isPartOf\":{\"@id\":\"https:\/\/www.noticiasradioreflejos.com.ar\/2021\/#website\"},\"primaryImageOfPage\":{\"@id\":\"https:\/\/www.noticiasradioreflejos.com.ar\/2021\/caso-garcia-gurrea-bomberos-de-tornquist-y-chasico-participan-del-rastrillaje\/#primaryimage\"},\"image\":{\"@id\":\"https:\/\/www.noticiasradioreflejos.com.ar\/2021\/caso-garcia-gurrea-bomberos-de-tornquist-y-chasico-participan-del-rastrillaje\/#primaryimage\"},\"thumbnailUrl\":\"https:\/\/www.labrujula24.com\/wp-content\/uploads\/2021\/08\/garcia-gurrea-4.jpg\",\"datePublished\":\"2021-08-31T23:10:03+00:00\",\"author\":{\"@id\":\"https:\/\/www.noticiasradioreflejos.com.ar\/2021\/#\/schema\/person\/ad82545263dcc5ec0996818884fd5fb1\"},\"breadcrumb\":{\"@id\":\"https:\/\/www.noticiasradioreflejos.com.ar\/2021\/caso-garcia-gurrea-bomberos-de-tornquist-y-chasico-participan-del-rastrillaje\/#breadcrumb\"},\"inLanguage\":\"es\",\"potentialAction\":[{\"@type\":\"ReadAction\",\"target\":[\"https:\/\/www.noticiasradioreflejos.com.ar\/2021\/caso-garcia-gurrea-bomberos-de-tornquist-y-chasico-participan-del-rastrillaje\/\"]}]},{\"@type\":\"ImageObject\",\"inLanguage\":\"es\",\"@id\":\"https:\/\/www.noticiasradioreflejos.com.ar\/2021\/caso-garcia-gurrea-bomberos-de-tornquist-y-chasico-participan-del-rastrillaje\/#primaryimage\",\"url\":\"https:\/\/www.labrujula24.com\/wp-content\/uploads\/2021\/08\/garcia-gurrea-4.jpg\",\"contentUrl\":\"https:\/\/www.labrujula24.com\/wp-content\/uploads\/2021\/08\/garcia-gurrea-4.jpg\"},{\"@type\":\"BreadcrumbList\",\"@id\":\"https:\/\/www.noticiasradioreflejos.com.ar\/2021\/caso-garcia-gurrea-bomberos-de-tornquist-y-chasico-participan-del-rastrillaje\/#breadcrumb\",\"itemListElement\":[{\"@type\":\"ListItem\",\"position\":1,\"name\":\"Portada\",\"item\":\"https:\/\/www.noticiasradioreflejos.com.ar\/2021\/\"},{\"@type\":\"ListItem\",\"position\":2,\"name\":\"Caso Garc\u00eda Gurrea: Bomberos de Tornquist y Chasic\u00f3 participan del rastrillaje\"}]},{\"@type\":\"WebSite\",\"@id\":\"https:\/\/www.noticiasradioreflejos.com.ar\/2021\/#website\",\"url\":\"https:\/\/www.noticiasradioreflejos.com.ar\/2021\/\",\"name\":\"Noticias Radio Reflejos\",\"description\":\"Las noticias de mi comarca\",\"potentialAction\":[{\"@type\":\"SearchAction\",\"target\":{\"@type\":\"EntryPoint\",\"urlTemplate\":\"https:\/\/www.noticiasradioreflejos.com.ar\/2021\/?s={search_term_string}\"},\"query-input\":{\"@type\":\"PropertyValueSpecification\",\"valueRequired\":true,\"valueName\":\"search_term_string\"}}],\"inLanguage\":\"es\"},{\"@type\":\"Person\",\"@id\":\"https:\/\/www.noticiasradioreflejos.com.ar\/2021\/#\/schema\/person\/ad82545263dcc5ec0996818884fd5fb1\",\"name\":\"Arnaldo Botto\",\"image\":{\"@type\":\"ImageObject\",\"inLanguage\":\"es\",\"@id\":\"https:\/\/www.noticiasradioreflejos.com.ar\/2021\/#\/schema\/person\/image\/\",\"url\":\"https:\/\/secure.gravatar.com\/avatar\/55cb5e37c1efa326397366e6974cb338056df65cb50e7d64d1cf314e87504837?s=96&d=mm&r=g\",\"contentUrl\":\"https:\/\/secure.gravatar.com\/avatar\/55cb5e37c1efa326397366e6974cb338056df65cb50e7d64d1cf314e87504837?s=96&d=mm&r=g\",\"caption\":\"Arnaldo Botto\"},\"url\":\"https:\/\/www.noticiasradioreflejos.com.ar\/2021\/author\/arnaldo\/\"}]}<\/script>\n<!-- \/ Yoast SEO plugin. -->","yoast_head_json":{"title":"Caso Garc\u00eda Gurrea: Bomberos de Tornquist y Chasic\u00f3 participan del rastrillaje - Noticias Radio Reflejos","robots":{"index":"index","follow":"follow","max-snippet":"max-snippet:-1","max-image-preview":"max-image-preview:large","max-video-preview":"max-video-preview:-1"},"canonical":"https:\/\/www.noticiasradioreflejos.com.ar\/2021\/caso-garcia-gurrea-bomberos-de-tornquist-y-chasico-participan-del-rastrillaje\/","og_locale":"es_ES","og_type":"article","og_title":"Caso Garc\u00eda Gurrea: Bomberos de Tornquist y Chasic\u00f3 participan del rastrillaje - Noticias Radio Reflejos","og_description":"A pedido del Fiscal Rodolfo De Luc\u00eda, titular de la UFIJ N \u00ba 20, el Juzgado de Garant\u00edas N.\u00ba 4 a cargo de la Dra. Marisa Prom\u00e9 orden\u00f3 la realizaci\u00f3n de un procedimiento, con el apoyo de distintas fuerzas, a fin de concretar un profundo rastrillaje en un campo ubicado en el acceso a Chasic\u00f3, [&hellip;]","og_url":"https:\/\/www.noticiasradioreflejos.com.ar\/2021\/caso-garcia-gurrea-bomberos-de-tornquist-y-chasico-participan-del-rastrillaje\/","og_site_name":"Noticias Radio Reflejos","article_published_time":"2021-08-31T23:10:03+00:00","og_image":[{"url":"https:\/\/www.labrujula24.com\/wp-content\/uploads\/2021\/08\/garcia-gurrea-4.jpg","type":"","width":"","height":""}],"author":"Arnaldo Botto","twitter_card":"summary_large_image","schema":{"@context":"https:\/\/schema.org","@graph":[{"@type":"WebPage","@id":"https:\/\/www.noticiasradioreflejos.com.ar\/2021\/caso-garcia-gurrea-bomberos-de-tornquist-y-chasico-participan-del-rastrillaje\/","url":"https:\/\/www.noticiasradioreflejos.com.ar\/2021\/caso-garcia-gurrea-bomberos-de-tornquist-y-chasico-participan-del-rastrillaje\/","name":"Caso Garc\u00eda Gurrea: Bomberos de Tornquist y Chasic\u00f3 participan del rastrillaje - Noticias Radio Reflejos","isPartOf":{"@id":"https:\/\/www.noticiasradioreflejos.com.ar\/2021\/#website"},"primaryImageOfPage":{"@id":"https:\/\/www.noticiasradioreflejos.com.ar\/2021\/caso-garcia-gurrea-bomberos-de-tornquist-y-chasico-participan-del-rastrillaje\/#primaryimage"},"image":{"@id":"https:\/\/www.noticiasradioreflejos.com.ar\/2021\/caso-garcia-gurrea-bomberos-de-tornquist-y-chasico-participan-del-rastrillaje\/#primaryimage"},"thumbnailUrl":"https:\/\/www.labrujula24.com\/wp-content\/uploads\/2021\/08\/garcia-gurrea-4.jpg","datePublished":"2021-08-31T23:10:03+00:00","author":{"@id":"https:\/\/www.noticiasradioreflejos.com.ar\/2021\/#\/schema\/person\/ad82545263dcc5ec0996818884fd5fb1"},"breadcrumb":{"@id":"https:\/\/www.noticiasradioreflejos.com.ar\/2021\/caso-garcia-gurrea-bomberos-de-tornquist-y-chasico-participan-del-rastrillaje\/#breadcrumb"},"inLanguage":"es","potentialAction":[{"@type":"ReadAction","target":["https:\/\/www.noticiasradioreflejos.com.ar\/2021\/caso-garcia-gurrea-bomberos-de-tornquist-y-chasico-participan-del-rastrillaje\/"]}]},{"@type":"ImageObject","inLanguage":"es","@id":"https:\/\/www.noticiasradioreflejos.com.ar\/2021\/caso-garcia-gurrea-bomberos-de-tornquist-y-chasico-participan-del-rastrillaje\/#primaryimage","url":"https:\/\/www.labrujula24.com\/wp-content\/uploads\/2021\/08\/garcia-gurrea-4.jpg","contentUrl":"https:\/\/www.labrujula24.com\/wp-content\/uploads\/2021\/08\/garcia-gurrea-4.jpg"},{"@type":"BreadcrumbList","@id":"https:\/\/www.noticiasradioreflejos.com.ar\/2021\/caso-garcia-gurrea-bomberos-de-tornquist-y-chasico-participan-del-rastrillaje\/#breadcrumb","itemListElement":[{"@type":"ListItem","position":1,"name":"Portada","item":"https:\/\/www.noticiasradioreflejos.com.ar\/2021\/"},{"@type":"ListItem","position":2,"name":"Caso Garc\u00eda Gurrea: Bomberos de Tornquist y Chasic\u00f3 participan del rastrillaje"}]},{"@type":"WebSite","@id":"https:\/\/www.noticiasradioreflejos.com.ar\/2021\/#website","url":"https:\/\/www.noticiasradioreflejos.com.ar\/2021\/","name":"Noticias Radio Reflejos","description":"Las noticias de mi comarca","potentialAction":[{"@type":"SearchAction","target":{"@type":"EntryPoint","urlTemplate":"https:\/\/www.noticiasradioreflejos.com.ar\/2021\/?s={search_term_string}"},"query-input":{"@type":"PropertyValueSpecification","valueRequired":true,"valueName":"search_term_string"}}],"inLanguage":"es"},{"@type":"Person","@id":"https:\/\/www.noticiasradioreflejos.com.ar\/2021\/#\/schema\/person\/ad82545263dcc5ec0996818884fd5fb1","name":"Arnaldo Botto","image":{"@type":"ImageObject","inLanguage":"es","@id":"https:\/\/www.noticiasradioreflejos.com.ar\/2021\/#\/schema\/person\/image\/","url":"https:\/\/secure.gravatar.com\/avatar\/55cb5e37c1efa326397366e6974cb338056df65cb50e7d64d1cf314e87504837?s=96&d=mm&r=g","contentUrl":"https:\/\/secure.gravatar.com\/avatar\/55cb5e37c1efa326397366e6974cb338056df65cb50e7d64d1cf314e87504837?s=96&d=mm&r=g","caption":"Arnaldo Botto"},"url":"https:\/\/www.noticiasradioreflejos.com.ar\/2021\/author\/arnaldo\/"}]}},"_links":{"self":[{"href":"https:\/\/www.noticiasradioreflejos.com.ar\/2021\/wp-json\/wp\/v2\/posts\/62223","targetHints":{"allow":["GET"]}}],"collection":[{"href":"https:\/\/www.noticiasradioreflejos.com.ar\/2021\/wp-json\/wp\/v2\/posts"}],"about":[{"href":"https:\/\/www.noticiasradioreflejos.com.ar\/2021\/wp-json\/wp\/v2\/types\/post"}],"author":[{"embeddable":true,"href":"https:\/\/www.noticiasradioreflejos.com.ar\/2021\/wp-json\/wp\/v2\/users\/3"}],"replies":[{"embeddable":true,"href":"https:\/\/www.noticiasradioreflejos.com.ar\/2021\/wp-json\/wp\/v2\/comments?post=62223"}],"version-history":[{"count":1,"href":"https:\/\/www.noticiasradioreflejos.com.ar\/2021\/wp-json\/wp\/v2\/posts\/62223\/revisions"}],"predecessor-version":[{"id":62225,"href":"https:\/\/www.noticiasradioreflejos.com.ar\/2021\/wp-json\/wp\/v2\/posts\/62223\/revisions\/62225"}],"wp:attachment":[{"href":"https:\/\/www.noticiasradioreflejos.com.ar\/2021\/wp-json\/wp\/v2\/media?parent=62223"}],"wp:term":[{"taxonomy":"category","embeddable":true,"href":"https:\/\/www.noticiasradioreflejos.com.ar\/2021\/wp-json\/wp\/v2\/categories?post=62223"},{"taxonomy":"post_tag","embeddable":true,"href":"https:\/\/www.noticiasradioreflejos.com.ar\/2021\/wp-json\/wp\/v2\/tags?post=62223"}],"curies":[{"name":"wp","href":"https:\/\/api.w.org\/{rel}","templated":true}]}}