{"id":62205,"date":"2021-08-31T19:31:09","date_gmt":"2021-08-31T19:31:09","guid":{"rendered":"http:\/\/www.noticiasradioreflejos.com.ar\/2021\/?p=62205"},"modified":"2021-08-31T19:31:10","modified_gmt":"2021-08-31T19:31:10","slug":"argentina-supero-la-meta-de-los-siete-millones-de-segundas-dosis-aplicadas-en-agosto","status":"publish","type":"post","link":"https:\/\/www.noticiasradioreflejos.com.ar\/2021\/argentina-supero-la-meta-de-los-siete-millones-de-segundas-dosis-aplicadas-en-agosto\/","title":{"rendered":"Argentina super\u00f3 la meta de los siete millones de segundas dosis aplicadas en agosto"},"content":{"rendered":"<div class=\"head-content\">\n<p>\u00abEl objetivo de agosto se cumpli\u00f3 con creces\u00bb, afirm\u00f3 la ministra Carla Vizzotti en la reuni\u00f3n del Consejo Federal de Salud, en San Luis, a la vez que agreg\u00f3 que \u00abel 70% de las personas mayores de 50 a\u00f1os ya complet\u00f3 su esquema de vacunaci\u00f3n\u00bb.<\/p>\n<div class=\"addthis_custom_sharing\" data-url=\"https:\/\/www.telam.com.ar\/notas\/202108\/566961-argentina-siete-millones-vacunas-aplicadas-vizzotti-san-luis-coronavirus.html\" data-title=\"Argentina super\u00f3 la meta de los siete millones de segundas dosis aplicadas en agosto\" data-description=\"&quot;El objetivo de agosto se cumpli\u00f3 con creces&quot;, afirm\u00f3 la ministra Carla Vizzotti en la reuni\u00f3n del Consejo Federal de Salud, en San Luis, a la vez que agreg\u00f3 que\u00a0&quot;el 70% de las personas mayores de 50 a\u00f1os ya complet\u00f3 su esquema de vacunaci\u00f3n&quot;.\">\n<div id=\"atstbx\" class=\"at-resp-share-element at-style-responsive addthis-smartlayers addthis-animated at4-show\" role=\"region\" aria-labelledby=\"at-55871834-30bd-4b19-a25f-56c2dafac571\"><\/div>\n<\/div>\n<\/div>\n<p><!--more--><\/p>\n<div class=\"main-content-block\">\n<div class=\"main-box clearfix\">\n<div class=\"wrapper-main-section clearfix\">\n<div class=\"wrapper-editable-content\">\n<div class=\"editable-content clearfix\">\n<div id=\"image\" class=\"image\"><img decoding=\"async\" title=\"En la Argentina ya completaron su esquema de inmunizaci\u00f3n 14.448.181 personas. Foto: Julian Varela.\" src=\"https:\/\/www.telam.com.ar\/advf\/imagenes\/2021\/08\/611bc3d41ec18_1004x565.jpg\" alt=\"En la Argentina ya completaron su esquema de inmunizaci\u00f3n 14.448.181 personas. Foto: Julian Varela.\" \/><\/p>\n<div class=\"epigrafe\">En la Argentina ya completaron su esquema de inmunizaci\u00f3n 14.448.181 personas. Foto: Julian Varela.<\/div>\n<\/div>\n<p>La ministra de Salud, Carla Vizzotti, afirm\u00f3 este martes que se super\u00f3 el objetivo de aplicar 7 millones de segundas dosis de vacunas contra el coronavirus en el mes de agosto y dijo que en noviembre se evaluar\u00e1 la posibilidad de un \u00abrefuerzo\u00bb con una tercera a personas de riesgo, en el marco de la segunda jornada de la reuni\u00f3n del Consejo Federal de Salud (Cofesa), en San Luis.<\/p>\n<p><strong>\u00abEl objetivo de agosto se cumpli\u00f3 con creces,<\/strong>\u00a0gracias al esfuerzo de todos los trabajadores de la salud y a la confianza de la poblaci\u00f3n, por eso es clave en septiembre, seguir completando esquemas de vacunaci\u00f3n y sostener los cuidados, de esta forma vamos a poder sostener las actividades autorizadas y evaluar nuevas habilitaciones\u00bb, dijo Vizzotti durante la apertura del encuentro, del que participan los ministros de Salud de las 23 provincias y la Ciudad de Buenos Aires.<\/p>\n<blockquote><p>\u00abEs clave en septiembre seguir completando esquemas de vacunaci\u00f3n y sostener los cuidados, de esta forma vamos a poder sostener las actividades autorizadas y evaluar nuevas habilitaciones\u00bb<\/p>\n<div class=\"sign\">CARLA VIZZOTTI<\/div>\n<\/blockquote>\n<p>En ese marco, la funcionaria precis\u00f3 que\u00a0<strong>en agosto se aplicaron \u00ab7.214.275 de segundas dosis\u00bb\u00a0<\/strong>de la vacuna contra el coronavirus, lo que se traduce en que\u00a0<strong>\u00abel 70% de las personas mayores de 50 a\u00f1os complet\u00f3 su esquema de vacunaci\u00f3n\u00bb.<\/strong><\/p>\n<p>La ministra sostuvo que la meta del gobierno nacional es \u00abcontinuar en septiembre con las segundas dosis, en octubre con adolescentes y a partir de noviembre evaluar si estamos en condiciones de hacer un refuerzo en personas que tienen determinadas condiciones de salud e inmunodeprimidas\u00bb.<\/p>\n<p>Con estos datos, Vizzotti dio inicio al\u00a0<strong>primer encuentro que realiza el Consejo Federal de Salud (Cofesa) en forma presencial en una provincia, desde febrero de 2020.<\/strong>Con esta meta lograda, agreg\u00f3 la ministra, se garantiza un buen nivel de inmunizaci\u00f3n \u00abante un eventual aumento del n\u00famero de casos\u00bb, para que \u00abno se traduzca en un incremento de las hospitalizaciones y la mortalidad\u00bb.<\/p>\n<div id=\"image\" class=\"image\"><img decoding=\"async\" title=\"Foto: Carlos Brigo.\" src=\"https:\/\/www.telam.com.ar\/advf\/imagenes\/2021\/08\/6128fe6f11347_1004x565.jpg\" alt=\"Foto: Carlos Brigo.\" \/><\/p>\n<div class=\"epigrafe\">Foto: Carlos Brigo.<\/div>\n<\/div>\n<p>Con el 70% de personas mayores de 50 a\u00f1os con su esquema de vacunaci\u00f3n completo, Argentina super\u00f3 la meta de agosto, que hab\u00eda sido fijada en 60%, y\u00a0<strong>completaron su esquema de inmunizaci\u00f3n 14.448.181 personas.<\/strong><\/p>\n<p>\u00abDe esta manera, mientras el promedio diario de aplicaci\u00f3n de segundas dosis en julio fue de 96.467, en agosto lleg\u00f3 a 230.127, pasando del 27% al 73% del total del n\u00famero de dosis aplicadas en julio y agosto respectivamente\u00bb, precis\u00f3 al realizar su balance.<\/p>\n<p>En la reuni\u00f3n se consensu\u00f3 en forma un\u00e1nime la prioridad de acelerar la estrategia para completar esquemas de vacunaci\u00f3n y se estipul\u00f3 que \u00abseptiembre estar\u00e1 dedicado a las segundas dosis\u00bb.<\/p>\n<p>Para ello, el Gobierno nacional continuar\u00e1 con sus gestiones y estrategias, como\u00a0<strong>la adquisici\u00f3n de vacunas de diferentes laboratorios extranjeros, la producci\u00f3n nacional -Sputnik V en el laboratorio Richmond- y la intercambiabilidad de dosis de distintas plataformas,<\/strong>\u00a0dijo Vizzotti y ratific\u00f3 que en las pr\u00f3ximas dos semanas, llegar\u00e1n las primeras 260 mil dosis del total de 580.000 vacunas Pfizer que est\u00e1 previsto que arriben al pa\u00eds durante septiembre.<\/p>\n<p>Las autoridades sanitarias acordaron que, en funci\u00f3n de cada plan estrat\u00e9gico provincial, esas vacunas se destinar\u00e1n a completar esquemas heter\u00f3logos y a avanzar en la vacunaci\u00f3n de adolescentes no priorizados de 17 a\u00f1os.<\/p>\n<div id=\"image\" class=\"image\"><img decoding=\"async\" title=\"Foto: Carlos Brigo.\" src=\"https:\/\/www.telam.com.ar\/advf\/imagenes\/2021\/08\/6128fe6f19346_1004x565.jpg\" alt=\"Foto: Carlos Brigo.\" \/><\/p>\n<div class=\"epigrafe\">Foto: Carlos Brigo.<\/div>\n<\/div>\n<p><strong>Seg\u00fan el cronograma de entrega enviado por Pfizer, se espera la llegada de 19,5 millones de dosis para el \u00faltimo trimestre del a\u00f1o.<\/strong><\/p>\n<p>Esas dosis se destinar\u00e1n a escalar\u00a0<strong>la vacunaci\u00f3n de los y las adolescentes entre 12 y 17 a\u00f1os<\/strong>, con lo que se cumplir\u00e1 otro hito, que es la vacunaci\u00f3n universal de menores de 18 a\u00f1os, superando las expectativas de avance antes de fin de a\u00f1o.<\/p>\n<p>Adem\u00e1s, se prev\u00e9 que\u00a0<strong>entre el 5 y 16 de septiembre arribar\u00e1n 400.000 monodosis de CanSino<\/strong>\u00a0para aplicar a la poblaci\u00f3n de dif\u00edcil acceso: personas en situaci\u00f3n de calle, migrantes, refugiados y otras poblaciones dispersas.<\/p>\n<p>En lo que hace a vacunas de otros laboratorios, Vizzotti\u00a0<strong>confirm\u00f3 la llegada al pa\u00eds, \u00abentre hoy y el viernes de 3.248.000 dosis de Sinopharm distribuidas en tres vuelos y 1.654.500 de AstraZeneca\u00bb.<\/strong><\/p>\n<blockquote><p>Argentina recibe vacunas de AstraZeneca, CanSino, Sinopharm, Moderna, Sputnik V y pr\u00f3ximamente Pfizer, mientras contin\u00faa trabajando para conseguir la mayor cantidad de dosis posibles<\/p><\/blockquote>\n<p>En cuanto a la situaci\u00f3n epidemiol\u00f3gica en el pa\u00eds, Vizzotti detall\u00f3 que\u00a0<strong>van \u00ab14 semanas consecutivas de descenso del n\u00famero de casos\u00bb<\/strong>, tendencia que se \u00abevidencia tambi\u00e9n en las internaciones en terapia intensiva por SARS-CoV-2 y en las muertes\u00bb por este virus.<\/p>\n<p>Vizzotti destac\u00f3 el hecho de que se haya logrado disminuir la cantidad de contagios y de muertes durante los meses m\u00e1s dif\u00edciles, que son los de invierno, y tambi\u00e9n que se haya conseguido \u00abretrasar la circulaci\u00f3n predominante de la variante Delta\u00bb,\u00a0<strong>mientras se avanza en la campa\u00f1a de vacunaci\u00f3n, a la que calific\u00f3 como \u00abla m\u00e1s grande de la historia argentina\u00bb.<\/strong><\/p>\n<p>En lo que va del mes, seg\u00fan los datos del Registro Federal de Vacunaci\u00f3n Nominalizado (NOMIVAC), hasta el corte de las 6 horas del d\u00eda 31 de agosto,\u00a0<strong>se aplicaron 9.693.271 dosis de vacunas contra la Covid-19, de las cuales 7.214.275 fueron utilizadas para completar esquemas.<\/strong><\/p>\n<div id=\"image\" class=\"image\"><img decoding=\"async\" title=\"Foto: Germ\u00e1n Pomar.\" src=\"https:\/\/www.telam.com.ar\/advf\/imagenes\/2021\/08\/61268ee5224da_1004x669.jpg\" alt=\"Foto: Germ\u00e1n Pomar.\" \/><\/p>\n<div class=\"epigrafe\">Foto: Germ\u00e1n Pomar.<\/div>\n<\/div>\n<p>Otro dato a destacar es que<strong>\u00a0\u00abel 84,4% de las personas a partir de los 18 a\u00f1os cuenta con una dosis<\/strong>, mientras que el 44,3 % ya complet\u00f3 el esquema y en total se aplicaron ya un total de 42.355.780 de dosis.<\/p>\n<p>Durante la apertura del Cofesa, Vizzotti destac\u00f3 la estrategia argentina de \u00abpriorizar la aplicaci\u00f3n de la primera dosis para proteger a la mayor cantidad de personas lo antes posible y ahora, seg\u00fan lo planificado, acelerar la aplicaci\u00f3n de las segundas dosis para prolongar la duraci\u00f3n de la inmunidad\u00bb.Con los resultados obtenidos, dijo Vizzotti, qued\u00f3 demostrado que \u00abse tom\u00f3 el camino correcto\u00bb.<\/p>\n<p>La ministra destac\u00f3 tambi\u00e9n a modo de balance que \u00abning\u00fan aglomerado urbano est\u00e1 en situaci\u00f3n de alarma\u00bb y que se avanz\u00f3 \u00aba paso muy firme con las metas\u00bb de inoculaci\u00f3n.<\/p>\n<p>Record\u00f3 que casi el 80% de las personas que estuvieron internadas y fallecieron eran mayores de 50 a\u00f1os y que por ese motivo\u00a0<strong>es \u00abun logro muy grande haber inmunizado al 70% de esa poblaci\u00f3n\u00bb, porque \u00abse minimizan hospitalizaciones y muertes\u00bb.<\/strong><\/p>\n<p>La ministra remarc\u00f3 tambi\u00e9n el hecho de que el sistema de salud \u00abnunca estuvo en tensi\u00f3n\u00bb desde el inicio de la pandemia y que \u00absiempre se pudo dar respuesta\u00bb a las demandas.<\/p>\n<div id=\"image\" class=\"image\"><img decoding=\"async\" title=\"Foto: Marcelo Ochoa.\" src=\"https:\/\/www.telam.com.ar\/advf\/imagenes\/2021\/08\/611d2c077ea6a_1004x566.jpg\" alt=\"Foto: Marcelo Ochoa.\" \/><\/p>\n<div class=\"epigrafe\">Foto: Marcelo Ochoa.<\/div>\n<\/div>\n<p>A futuro, dijo que apoyado en el avance de la vacunaci\u00f3n,\u00a0<strong>el 9 de setiembre tendr\u00e1 lugar una \u00abprueba piloto\u00bb que podr\u00eda dar lugar a mayores \u00abaperturas\u00bb, en eventos masivos, con el partido Argentina-Bolivia.<\/strong><\/p>\n<p>La idea, dijo, es de \u00abapertura sostenida, cuidada y monitoreada para ver el impacto epidemiol\u00f3gico, apelando a la comunidad y a los cuidados para poder sostenerlas y ampliarlas\u00bb.<\/p>\n<p>Agreg\u00f3 que se eval\u00faa la posible apertura al \u00abturismo extranjero\u00bb, en base a los avances de los procesos de vacunaci\u00f3n y, en lo que se refiere a menores, destac\u00f3 que\u00a0<strong>Argentina est\u00e1 entre los pocos pa\u00edses que vacunan entre 12 y 17 a\u00f1os con condiciones de salud priorizada.<\/strong><\/p>\n<p>Vizzotti agradeci\u00f3 la cordialidad puntana representada por el gobernador Alberto Rodr\u00edguez Sa\u00e1 y la ministra de Salud de San Luis, Silvia Sosa Araujo, y la organizaci\u00f3n de la reuni\u00f3n del Cofesa que se desarrolla desde el lunes y hasta este martes en Terrazas del Portezuelo, en la capital de la provincia.<\/p><\/div>\n<\/div>\n<\/div>\n<\/div>\n<\/div>\n","protected":false},"excerpt":{"rendered":"<p>\u00abEl objetivo de agosto se cumpli\u00f3 con creces\u00bb, afirm\u00f3 la ministra Carla Vizzotti en la reuni\u00f3n del Consejo Federal de Salud, en San Luis, a la vez que agreg\u00f3 que \u00abel 70% de las personas mayores de 50 a\u00f1os ya complet\u00f3 su esquema de vacunaci\u00f3n\u00bb.<\/p>\n","protected":false},"author":3,"featured_media":0,"comment_status":"closed","ping_status":"closed","sticky":false,"template":"","format":"standard","meta":{"footnotes":""},"categories":[30],"tags":[],"class_list":["post-62205","post","type-post","status-publish","format-standard","hentry","category-salud"],"yoast_head":"<!-- This site is optimized with the Yoast SEO plugin v25.9 - https:\/\/yoast.com\/wordpress\/plugins\/seo\/ -->\n<title>Argentina super\u00f3 la meta de los siete millones de segundas dosis aplicadas en agosto - Noticias Radio Reflejos<\/title>\n<meta name=\"robots\" content=\"index, follow, max-snippet:-1, max-image-preview:large, max-video-preview:-1\" \/>\n<link rel=\"canonical\" href=\"https:\/\/www.noticiasradioreflejos.com.ar\/2021\/argentina-supero-la-meta-de-los-siete-millones-de-segundas-dosis-aplicadas-en-agosto\/\" \/>\n<meta property=\"og:locale\" content=\"es_ES\" \/>\n<meta property=\"og:type\" content=\"article\" \/>\n<meta property=\"og:title\" content=\"Argentina super\u00f3 la meta de los siete millones de segundas dosis aplicadas en agosto - Noticias Radio Reflejos\" \/>\n<meta property=\"og:description\" content=\"\u00abEl objetivo de agosto se cumpli\u00f3 con creces\u00bb, afirm\u00f3 la ministra Carla Vizzotti en la reuni\u00f3n del Consejo Federal de Salud, en San Luis, a la vez que agreg\u00f3 que \u00abel 70% de las personas mayores de 50 a\u00f1os ya complet\u00f3 su esquema de vacunaci\u00f3n\u00bb.\" \/>\n<meta property=\"og:url\" content=\"https:\/\/www.noticiasradioreflejos.com.ar\/2021\/argentina-supero-la-meta-de-los-siete-millones-de-segundas-dosis-aplicadas-en-agosto\/\" \/>\n<meta property=\"og:site_name\" content=\"Noticias Radio Reflejos\" \/>\n<meta property=\"article:published_time\" content=\"2021-08-31T19:31:09+00:00\" \/>\n<meta property=\"article:modified_time\" content=\"2021-08-31T19:31:10+00:00\" \/>\n<meta property=\"og:image\" content=\"https:\/\/www.telam.com.ar\/advf\/imagenes\/2021\/08\/611bc3d41ec18_1004x565.jpg\" \/>\n<meta name=\"author\" content=\"Arnaldo Botto\" \/>\n<meta name=\"twitter:card\" content=\"summary_large_image\" \/>\n<script type=\"application\/ld+json\" class=\"yoast-schema-graph\">{\"@context\":\"https:\/\/schema.org\",\"@graph\":[{\"@type\":\"WebPage\",\"@id\":\"https:\/\/www.noticiasradioreflejos.com.ar\/2021\/argentina-supero-la-meta-de-los-siete-millones-de-segundas-dosis-aplicadas-en-agosto\/\",\"url\":\"https:\/\/www.noticiasradioreflejos.com.ar\/2021\/argentina-supero-la-meta-de-los-siete-millones-de-segundas-dosis-aplicadas-en-agosto\/\",\"name\":\"Argentina super\u00f3 la meta de los siete millones de segundas dosis aplicadas en agosto - Noticias Radio Reflejos\",\"isPartOf\":{\"@id\":\"https:\/\/www.noticiasradioreflejos.com.ar\/2021\/#website\"},\"primaryImageOfPage\":{\"@id\":\"https:\/\/www.noticiasradioreflejos.com.ar\/2021\/argentina-supero-la-meta-de-los-siete-millones-de-segundas-dosis-aplicadas-en-agosto\/#primaryimage\"},\"image\":{\"@id\":\"https:\/\/www.noticiasradioreflejos.com.ar\/2021\/argentina-supero-la-meta-de-los-siete-millones-de-segundas-dosis-aplicadas-en-agosto\/#primaryimage\"},\"thumbnailUrl\":\"https:\/\/www.telam.com.ar\/advf\/imagenes\/2021\/08\/611bc3d41ec18_1004x565.jpg\",\"datePublished\":\"2021-08-31T19:31:09+00:00\",\"dateModified\":\"2021-08-31T19:31:10+00:00\",\"author\":{\"@id\":\"https:\/\/www.noticiasradioreflejos.com.ar\/2021\/#\/schema\/person\/ad82545263dcc5ec0996818884fd5fb1\"},\"breadcrumb\":{\"@id\":\"https:\/\/www.noticiasradioreflejos.com.ar\/2021\/argentina-supero-la-meta-de-los-siete-millones-de-segundas-dosis-aplicadas-en-agosto\/#breadcrumb\"},\"inLanguage\":\"es\",\"potentialAction\":[{\"@type\":\"ReadAction\",\"target\":[\"https:\/\/www.noticiasradioreflejos.com.ar\/2021\/argentina-supero-la-meta-de-los-siete-millones-de-segundas-dosis-aplicadas-en-agosto\/\"]}]},{\"@type\":\"ImageObject\",\"inLanguage\":\"es\",\"@id\":\"https:\/\/www.noticiasradioreflejos.com.ar\/2021\/argentina-supero-la-meta-de-los-siete-millones-de-segundas-dosis-aplicadas-en-agosto\/#primaryimage\",\"url\":\"https:\/\/www.telam.com.ar\/advf\/imagenes\/2021\/08\/611bc3d41ec18_1004x565.jpg\",\"contentUrl\":\"https:\/\/www.telam.com.ar\/advf\/imagenes\/2021\/08\/611bc3d41ec18_1004x565.jpg\"},{\"@type\":\"BreadcrumbList\",\"@id\":\"https:\/\/www.noticiasradioreflejos.com.ar\/2021\/argentina-supero-la-meta-de-los-siete-millones-de-segundas-dosis-aplicadas-en-agosto\/#breadcrumb\",\"itemListElement\":[{\"@type\":\"ListItem\",\"position\":1,\"name\":\"Portada\",\"item\":\"https:\/\/www.noticiasradioreflejos.com.ar\/2021\/\"},{\"@type\":\"ListItem\",\"position\":2,\"name\":\"Argentina super\u00f3 la meta de los siete millones de segundas dosis aplicadas en agosto\"}]},{\"@type\":\"WebSite\",\"@id\":\"https:\/\/www.noticiasradioreflejos.com.ar\/2021\/#website\",\"url\":\"https:\/\/www.noticiasradioreflejos.com.ar\/2021\/\",\"name\":\"Noticias Radio Reflejos\",\"description\":\"Las noticias de mi comarca\",\"potentialAction\":[{\"@type\":\"SearchAction\",\"target\":{\"@type\":\"EntryPoint\",\"urlTemplate\":\"https:\/\/www.noticiasradioreflejos.com.ar\/2021\/?s={search_term_string}\"},\"query-input\":{\"@type\":\"PropertyValueSpecification\",\"valueRequired\":true,\"valueName\":\"search_term_string\"}}],\"inLanguage\":\"es\"},{\"@type\":\"Person\",\"@id\":\"https:\/\/www.noticiasradioreflejos.com.ar\/2021\/#\/schema\/person\/ad82545263dcc5ec0996818884fd5fb1\",\"name\":\"Arnaldo Botto\",\"image\":{\"@type\":\"ImageObject\",\"inLanguage\":\"es\",\"@id\":\"https:\/\/www.noticiasradioreflejos.com.ar\/2021\/#\/schema\/person\/image\/\",\"url\":\"https:\/\/secure.gravatar.com\/avatar\/55cb5e37c1efa326397366e6974cb338056df65cb50e7d64d1cf314e87504837?s=96&d=mm&r=g\",\"contentUrl\":\"https:\/\/secure.gravatar.com\/avatar\/55cb5e37c1efa326397366e6974cb338056df65cb50e7d64d1cf314e87504837?s=96&d=mm&r=g\",\"caption\":\"Arnaldo Botto\"},\"url\":\"https:\/\/www.noticiasradioreflejos.com.ar\/2021\/author\/arnaldo\/\"}]}<\/script>\n<!-- \/ Yoast SEO plugin. -->","yoast_head_json":{"title":"Argentina super\u00f3 la meta de los siete millones de segundas dosis aplicadas en agosto - Noticias Radio Reflejos","robots":{"index":"index","follow":"follow","max-snippet":"max-snippet:-1","max-image-preview":"max-image-preview:large","max-video-preview":"max-video-preview:-1"},"canonical":"https:\/\/www.noticiasradioreflejos.com.ar\/2021\/argentina-supero-la-meta-de-los-siete-millones-de-segundas-dosis-aplicadas-en-agosto\/","og_locale":"es_ES","og_type":"article","og_title":"Argentina super\u00f3 la meta de los siete millones de segundas dosis aplicadas en agosto - Noticias Radio Reflejos","og_description":"\u00abEl objetivo de agosto se cumpli\u00f3 con creces\u00bb, afirm\u00f3 la ministra Carla Vizzotti en la reuni\u00f3n del Consejo Federal de Salud, en San Luis, a la vez que agreg\u00f3 que \u00abel 70% de las personas mayores de 50 a\u00f1os ya complet\u00f3 su esquema de vacunaci\u00f3n\u00bb.","og_url":"https:\/\/www.noticiasradioreflejos.com.ar\/2021\/argentina-supero-la-meta-de-los-siete-millones-de-segundas-dosis-aplicadas-en-agosto\/","og_site_name":"Noticias Radio Reflejos","article_published_time":"2021-08-31T19:31:09+00:00","article_modified_time":"2021-08-31T19:31:10+00:00","og_image":[{"url":"https:\/\/www.telam.com.ar\/advf\/imagenes\/2021\/08\/611bc3d41ec18_1004x565.jpg","type":"","width":"","height":""}],"author":"Arnaldo Botto","twitter_card":"summary_large_image","schema":{"@context":"https:\/\/schema.org","@graph":[{"@type":"WebPage","@id":"https:\/\/www.noticiasradioreflejos.com.ar\/2021\/argentina-supero-la-meta-de-los-siete-millones-de-segundas-dosis-aplicadas-en-agosto\/","url":"https:\/\/www.noticiasradioreflejos.com.ar\/2021\/argentina-supero-la-meta-de-los-siete-millones-de-segundas-dosis-aplicadas-en-agosto\/","name":"Argentina super\u00f3 la meta de los siete millones de segundas dosis aplicadas en agosto - Noticias Radio Reflejos","isPartOf":{"@id":"https:\/\/www.noticiasradioreflejos.com.ar\/2021\/#website"},"primaryImageOfPage":{"@id":"https:\/\/www.noticiasradioreflejos.com.ar\/2021\/argentina-supero-la-meta-de-los-siete-millones-de-segundas-dosis-aplicadas-en-agosto\/#primaryimage"},"image":{"@id":"https:\/\/www.noticiasradioreflejos.com.ar\/2021\/argentina-supero-la-meta-de-los-siete-millones-de-segundas-dosis-aplicadas-en-agosto\/#primaryimage"},"thumbnailUrl":"https:\/\/www.telam.com.ar\/advf\/imagenes\/2021\/08\/611bc3d41ec18_1004x565.jpg","datePublished":"2021-08-31T19:31:09+00:00","dateModified":"2021-08-31T19:31:10+00:00","author":{"@id":"https:\/\/www.noticiasradioreflejos.com.ar\/2021\/#\/schema\/person\/ad82545263dcc5ec0996818884fd5fb1"},"breadcrumb":{"@id":"https:\/\/www.noticiasradioreflejos.com.ar\/2021\/argentina-supero-la-meta-de-los-siete-millones-de-segundas-dosis-aplicadas-en-agosto\/#breadcrumb"},"inLanguage":"es","potentialAction":[{"@type":"ReadAction","target":["https:\/\/www.noticiasradioreflejos.com.ar\/2021\/argentina-supero-la-meta-de-los-siete-millones-de-segundas-dosis-aplicadas-en-agosto\/"]}]},{"@type":"ImageObject","inLanguage":"es","@id":"https:\/\/www.noticiasradioreflejos.com.ar\/2021\/argentina-supero-la-meta-de-los-siete-millones-de-segundas-dosis-aplicadas-en-agosto\/#primaryimage","url":"https:\/\/www.telam.com.ar\/advf\/imagenes\/2021\/08\/611bc3d41ec18_1004x565.jpg","contentUrl":"https:\/\/www.telam.com.ar\/advf\/imagenes\/2021\/08\/611bc3d41ec18_1004x565.jpg"},{"@type":"BreadcrumbList","@id":"https:\/\/www.noticiasradioreflejos.com.ar\/2021\/argentina-supero-la-meta-de-los-siete-millones-de-segundas-dosis-aplicadas-en-agosto\/#breadcrumb","itemListElement":[{"@type":"ListItem","position":1,"name":"Portada","item":"https:\/\/www.noticiasradioreflejos.com.ar\/2021\/"},{"@type":"ListItem","position":2,"name":"Argentina super\u00f3 la meta de los siete millones de segundas dosis aplicadas en agosto"}]},{"@type":"WebSite","@id":"https:\/\/www.noticiasradioreflejos.com.ar\/2021\/#website","url":"https:\/\/www.noticiasradioreflejos.com.ar\/2021\/","name":"Noticias Radio Reflejos","description":"Las noticias de mi comarca","potentialAction":[{"@type":"SearchAction","target":{"@type":"EntryPoint","urlTemplate":"https:\/\/www.noticiasradioreflejos.com.ar\/2021\/?s={search_term_string}"},"query-input":{"@type":"PropertyValueSpecification","valueRequired":true,"valueName":"search_term_string"}}],"inLanguage":"es"},{"@type":"Person","@id":"https:\/\/www.noticiasradioreflejos.com.ar\/2021\/#\/schema\/person\/ad82545263dcc5ec0996818884fd5fb1","name":"Arnaldo Botto","image":{"@type":"ImageObject","inLanguage":"es","@id":"https:\/\/www.noticiasradioreflejos.com.ar\/2021\/#\/schema\/person\/image\/","url":"https:\/\/secure.gravatar.com\/avatar\/55cb5e37c1efa326397366e6974cb338056df65cb50e7d64d1cf314e87504837?s=96&d=mm&r=g","contentUrl":"https:\/\/secure.gravatar.com\/avatar\/55cb5e37c1efa326397366e6974cb338056df65cb50e7d64d1cf314e87504837?s=96&d=mm&r=g","caption":"Arnaldo Botto"},"url":"https:\/\/www.noticiasradioreflejos.com.ar\/2021\/author\/arnaldo\/"}]}},"_links":{"self":[{"href":"https:\/\/www.noticiasradioreflejos.com.ar\/2021\/wp-json\/wp\/v2\/posts\/62205","targetHints":{"allow":["GET"]}}],"collection":[{"href":"https:\/\/www.noticiasradioreflejos.com.ar\/2021\/wp-json\/wp\/v2\/posts"}],"about":[{"href":"https:\/\/www.noticiasradioreflejos.com.ar\/2021\/wp-json\/wp\/v2\/types\/post"}],"author":[{"embeddable":true,"href":"https:\/\/www.noticiasradioreflejos.com.ar\/2021\/wp-json\/wp\/v2\/users\/3"}],"replies":[{"embeddable":true,"href":"https:\/\/www.noticiasradioreflejos.com.ar\/2021\/wp-json\/wp\/v2\/comments?post=62205"}],"version-history":[{"count":2,"href":"https:\/\/www.noticiasradioreflejos.com.ar\/2021\/wp-json\/wp\/v2\/posts\/62205\/revisions"}],"predecessor-version":[{"id":62208,"href":"https:\/\/www.noticiasradioreflejos.com.ar\/2021\/wp-json\/wp\/v2\/posts\/62205\/revisions\/62208"}],"wp:attachment":[{"href":"https:\/\/www.noticiasradioreflejos.com.ar\/2021\/wp-json\/wp\/v2\/media?parent=62205"}],"wp:term":[{"taxonomy":"category","embeddable":true,"href":"https:\/\/www.noticiasradioreflejos.com.ar\/2021\/wp-json\/wp\/v2\/categories?post=62205"},{"taxonomy":"post_tag","embeddable":true,"href":"https:\/\/www.noticiasradioreflejos.com.ar\/2021\/wp-json\/wp\/v2\/tags?post=62205"}],"curies":[{"name":"wp","href":"https:\/\/api.w.org\/{rel}","templated":true}]}}