{"id":62203,"date":"2021-08-31T19:17:43","date_gmt":"2021-08-31T19:17:43","guid":{"rendered":"http:\/\/www.noticiasradioreflejos.com.ar\/2021\/?p=62203"},"modified":"2021-08-31T19:17:43","modified_gmt":"2021-08-31T19:17:43","slug":"este-sabado-llega-la-comedia-municipal-de-bahia-blanca-al-teatro","status":"publish","type":"post","link":"https:\/\/www.noticiasradioreflejos.com.ar\/2021\/este-sabado-llega-la-comedia-municipal-de-bahia-blanca-al-teatro\/","title":{"rendered":"Este s\u00e1bado llega La Comedia Municipal de Bah\u00eda Blanca al Teatro"},"content":{"rendered":"<p>Este s\u00e1bado, 4 de septiembre, a las 20.30, la comedia municipal de Bah\u00eda Blanca, presentar\u00e1 \u201cTambi\u00e9n la pifian- Otra vida de Galileo\u201d, en el Teatro Municipal Rodolfo Funke.<!--more--><\/p>\n<p>La Secretar\u00eda de Desarrollo, a trav\u00e9s de la Direcci\u00f3n de Cultura, invitan a la comunidad a disfrutar de esta propuesta gratuita, que desarrolla la historia de Galileo, investigando un objeto que lo ha deslumbrado: el telescopio.<\/p>\n<p>Las entradas podr\u00e1n retirarse en la oficina de Cultura (Av. Gral Paz y Av. E. Tornquist- Altos), de 9 a 13hs. La funci\u00f3n se llevar\u00e1 a cabo respetando los aforos establecidos por el Gobierno de la Provincia de Buenos Aires. (Entradas limitadas).<\/p>\n<p><strong><u>Sinopsis: <\/u><\/strong><\/p>\n<p>Galileo investiga un objeto que lleg\u00f3 a sus manos y lo ha deslumbrado: el telescopio- medio infalible para demostrar la teor\u00eda helioc\u00e9ntrica-. Pero un peligro lo acecha: las autoridades de la iglesia no ven con agrado el cambio de paradigma que propone Galilei y lo obligar\u00e1n a abjurar de sus ideas. Martin debe resolver una tarea escolar, pero le cuesta, se frustra, se llena de excusas para delegar la responsabilidad en su compa\u00f1era, pero esta vez, no hay escapatoria.<\/p>\n<p>\u00bfSer\u00e1 que a\u00fan puede ense\u00f1arle algo Galileo a Martin? \u00bfSer\u00e1 que los amigos siempre nos ayudan a crecer? \u00bfSer\u00e1 que las grandes verdades nos siguen hablando?, \u00bfY qu\u00e9 tiene que ver Lady Gaga?<\/p>\n","protected":false},"excerpt":{"rendered":"<p>Este s\u00e1bado, 4 de septiembre, a las 20.30, la comedia municipal de Bah\u00eda Blanca, presentar\u00e1 \u201cTambi\u00e9n la pifian- Otra vida de Galileo\u201d, en el Teatro Municipal Rodolfo Funke.<\/p>\n","protected":false},"author":3,"featured_media":0,"comment_status":"closed","ping_status":"closed","sticky":false,"template":"","format":"standard","meta":{"footnotes":""},"categories":[35,28],"tags":[],"class_list":["post-62203","post","type-post","status-publish","format-standard","hentry","category-cultura","category-municipales"],"yoast_head":"<!-- This site is optimized with the Yoast SEO plugin v25.9 - https:\/\/yoast.com\/wordpress\/plugins\/seo\/ -->\n<title>Este s\u00e1bado llega La Comedia Municipal de Bah\u00eda Blanca al Teatro - Noticias Radio Reflejos<\/title>\n<meta name=\"robots\" content=\"index, follow, max-snippet:-1, max-image-preview:large, max-video-preview:-1\" \/>\n<link rel=\"canonical\" href=\"https:\/\/www.noticiasradioreflejos.com.ar\/2021\/este-sabado-llega-la-comedia-municipal-de-bahia-blanca-al-teatro\/\" \/>\n<meta property=\"og:locale\" content=\"es_ES\" \/>\n<meta property=\"og:type\" content=\"article\" \/>\n<meta property=\"og:title\" content=\"Este s\u00e1bado llega La Comedia Municipal de Bah\u00eda Blanca al Teatro - Noticias Radio Reflejos\" \/>\n<meta property=\"og:description\" content=\"Este s\u00e1bado, 4 de septiembre, a las 20.30, la comedia municipal de Bah\u00eda Blanca, presentar\u00e1 \u201cTambi\u00e9n la pifian- Otra vida de Galileo\u201d, en el Teatro Municipal Rodolfo Funke.\" \/>\n<meta property=\"og:url\" content=\"https:\/\/www.noticiasradioreflejos.com.ar\/2021\/este-sabado-llega-la-comedia-municipal-de-bahia-blanca-al-teatro\/\" \/>\n<meta property=\"og:site_name\" content=\"Noticias Radio Reflejos\" \/>\n<meta property=\"article:published_time\" content=\"2021-08-31T19:17:43+00:00\" \/>\n<meta property=\"og:image\" content=\"https:\/\/www.noticiasradioreflejos.com.ar\/2021\/wp-content\/uploads\/2021\/07\/logosol300x200.png\" \/>\n\t<meta property=\"og:image:width\" content=\"300\" \/>\n\t<meta property=\"og:image:height\" content=\"200\" \/>\n\t<meta property=\"og:image:type\" content=\"image\/png\" \/>\n<meta name=\"author\" content=\"Arnaldo Botto\" \/>\n<meta name=\"twitter:card\" content=\"summary_large_image\" \/>\n<script type=\"application\/ld+json\" class=\"yoast-schema-graph\">{\"@context\":\"https:\/\/schema.org\",\"@graph\":[{\"@type\":\"WebPage\",\"@id\":\"https:\/\/www.noticiasradioreflejos.com.ar\/2021\/este-sabado-llega-la-comedia-municipal-de-bahia-blanca-al-teatro\/\",\"url\":\"https:\/\/www.noticiasradioreflejos.com.ar\/2021\/este-sabado-llega-la-comedia-municipal-de-bahia-blanca-al-teatro\/\",\"name\":\"Este s\u00e1bado llega La Comedia Municipal de Bah\u00eda Blanca al Teatro - Noticias Radio Reflejos\",\"isPartOf\":{\"@id\":\"https:\/\/www.noticiasradioreflejos.com.ar\/2021\/#website\"},\"datePublished\":\"2021-08-31T19:17:43+00:00\",\"author\":{\"@id\":\"https:\/\/www.noticiasradioreflejos.com.ar\/2021\/#\/schema\/person\/ad82545263dcc5ec0996818884fd5fb1\"},\"breadcrumb\":{\"@id\":\"https:\/\/www.noticiasradioreflejos.com.ar\/2021\/este-sabado-llega-la-comedia-municipal-de-bahia-blanca-al-teatro\/#breadcrumb\"},\"inLanguage\":\"es\",\"potentialAction\":[{\"@type\":\"ReadAction\",\"target\":[\"https:\/\/www.noticiasradioreflejos.com.ar\/2021\/este-sabado-llega-la-comedia-municipal-de-bahia-blanca-al-teatro\/\"]}]},{\"@type\":\"BreadcrumbList\",\"@id\":\"https:\/\/www.noticiasradioreflejos.com.ar\/2021\/este-sabado-llega-la-comedia-municipal-de-bahia-blanca-al-teatro\/#breadcrumb\",\"itemListElement\":[{\"@type\":\"ListItem\",\"position\":1,\"name\":\"Portada\",\"item\":\"https:\/\/www.noticiasradioreflejos.com.ar\/2021\/\"},{\"@type\":\"ListItem\",\"position\":2,\"name\":\"Este s\u00e1bado llega La Comedia Municipal de Bah\u00eda Blanca al Teatro\"}]},{\"@type\":\"WebSite\",\"@id\":\"https:\/\/www.noticiasradioreflejos.com.ar\/2021\/#website\",\"url\":\"https:\/\/www.noticiasradioreflejos.com.ar\/2021\/\",\"name\":\"Noticias Radio Reflejos\",\"description\":\"Las noticias de mi comarca\",\"potentialAction\":[{\"@type\":\"SearchAction\",\"target\":{\"@type\":\"EntryPoint\",\"urlTemplate\":\"https:\/\/www.noticiasradioreflejos.com.ar\/2021\/?s={search_term_string}\"},\"query-input\":{\"@type\":\"PropertyValueSpecification\",\"valueRequired\":true,\"valueName\":\"search_term_string\"}}],\"inLanguage\":\"es\"},{\"@type\":\"Person\",\"@id\":\"https:\/\/www.noticiasradioreflejos.com.ar\/2021\/#\/schema\/person\/ad82545263dcc5ec0996818884fd5fb1\",\"name\":\"Arnaldo Botto\",\"image\":{\"@type\":\"ImageObject\",\"inLanguage\":\"es\",\"@id\":\"https:\/\/www.noticiasradioreflejos.com.ar\/2021\/#\/schema\/person\/image\/\",\"url\":\"https:\/\/secure.gravatar.com\/avatar\/55cb5e37c1efa326397366e6974cb338056df65cb50e7d64d1cf314e87504837?s=96&d=mm&r=g\",\"contentUrl\":\"https:\/\/secure.gravatar.com\/avatar\/55cb5e37c1efa326397366e6974cb338056df65cb50e7d64d1cf314e87504837?s=96&d=mm&r=g\",\"caption\":\"Arnaldo Botto\"},\"url\":\"https:\/\/www.noticiasradioreflejos.com.ar\/2021\/author\/arnaldo\/\"}]}<\/script>\n<!-- \/ Yoast SEO plugin. -->","yoast_head_json":{"title":"Este s\u00e1bado llega La Comedia Municipal de Bah\u00eda Blanca al Teatro - Noticias Radio Reflejos","robots":{"index":"index","follow":"follow","max-snippet":"max-snippet:-1","max-image-preview":"max-image-preview:large","max-video-preview":"max-video-preview:-1"},"canonical":"https:\/\/www.noticiasradioreflejos.com.ar\/2021\/este-sabado-llega-la-comedia-municipal-de-bahia-blanca-al-teatro\/","og_locale":"es_ES","og_type":"article","og_title":"Este s\u00e1bado llega La Comedia Municipal de Bah\u00eda Blanca al Teatro - Noticias Radio Reflejos","og_description":"Este s\u00e1bado, 4 de septiembre, a las 20.30, la comedia municipal de Bah\u00eda Blanca, presentar\u00e1 \u201cTambi\u00e9n la pifian- Otra vida de Galileo\u201d, en el Teatro Municipal Rodolfo Funke.","og_url":"https:\/\/www.noticiasradioreflejos.com.ar\/2021\/este-sabado-llega-la-comedia-municipal-de-bahia-blanca-al-teatro\/","og_site_name":"Noticias Radio Reflejos","article_published_time":"2021-08-31T19:17:43+00:00","og_image":[{"width":300,"height":200,"url":"https:\/\/www.noticiasradioreflejos.com.ar\/2021\/wp-content\/uploads\/2021\/07\/logosol300x200.png","type":"image\/png"}],"author":"Arnaldo Botto","twitter_card":"summary_large_image","schema":{"@context":"https:\/\/schema.org","@graph":[{"@type":"WebPage","@id":"https:\/\/www.noticiasradioreflejos.com.ar\/2021\/este-sabado-llega-la-comedia-municipal-de-bahia-blanca-al-teatro\/","url":"https:\/\/www.noticiasradioreflejos.com.ar\/2021\/este-sabado-llega-la-comedia-municipal-de-bahia-blanca-al-teatro\/","name":"Este s\u00e1bado llega La Comedia Municipal de Bah\u00eda Blanca al Teatro - Noticias Radio Reflejos","isPartOf":{"@id":"https:\/\/www.noticiasradioreflejos.com.ar\/2021\/#website"},"datePublished":"2021-08-31T19:17:43+00:00","author":{"@id":"https:\/\/www.noticiasradioreflejos.com.ar\/2021\/#\/schema\/person\/ad82545263dcc5ec0996818884fd5fb1"},"breadcrumb":{"@id":"https:\/\/www.noticiasradioreflejos.com.ar\/2021\/este-sabado-llega-la-comedia-municipal-de-bahia-blanca-al-teatro\/#breadcrumb"},"inLanguage":"es","potentialAction":[{"@type":"ReadAction","target":["https:\/\/www.noticiasradioreflejos.com.ar\/2021\/este-sabado-llega-la-comedia-municipal-de-bahia-blanca-al-teatro\/"]}]},{"@type":"BreadcrumbList","@id":"https:\/\/www.noticiasradioreflejos.com.ar\/2021\/este-sabado-llega-la-comedia-municipal-de-bahia-blanca-al-teatro\/#breadcrumb","itemListElement":[{"@type":"ListItem","position":1,"name":"Portada","item":"https:\/\/www.noticiasradioreflejos.com.ar\/2021\/"},{"@type":"ListItem","position":2,"name":"Este s\u00e1bado llega La Comedia Municipal de Bah\u00eda Blanca al Teatro"}]},{"@type":"WebSite","@id":"https:\/\/www.noticiasradioreflejos.com.ar\/2021\/#website","url":"https:\/\/www.noticiasradioreflejos.com.ar\/2021\/","name":"Noticias Radio Reflejos","description":"Las noticias de mi comarca","potentialAction":[{"@type":"SearchAction","target":{"@type":"EntryPoint","urlTemplate":"https:\/\/www.noticiasradioreflejos.com.ar\/2021\/?s={search_term_string}"},"query-input":{"@type":"PropertyValueSpecification","valueRequired":true,"valueName":"search_term_string"}}],"inLanguage":"es"},{"@type":"Person","@id":"https:\/\/www.noticiasradioreflejos.com.ar\/2021\/#\/schema\/person\/ad82545263dcc5ec0996818884fd5fb1","name":"Arnaldo Botto","image":{"@type":"ImageObject","inLanguage":"es","@id":"https:\/\/www.noticiasradioreflejos.com.ar\/2021\/#\/schema\/person\/image\/","url":"https:\/\/secure.gravatar.com\/avatar\/55cb5e37c1efa326397366e6974cb338056df65cb50e7d64d1cf314e87504837?s=96&d=mm&r=g","contentUrl":"https:\/\/secure.gravatar.com\/avatar\/55cb5e37c1efa326397366e6974cb338056df65cb50e7d64d1cf314e87504837?s=96&d=mm&r=g","caption":"Arnaldo Botto"},"url":"https:\/\/www.noticiasradioreflejos.com.ar\/2021\/author\/arnaldo\/"}]}},"_links":{"self":[{"href":"https:\/\/www.noticiasradioreflejos.com.ar\/2021\/wp-json\/wp\/v2\/posts\/62203","targetHints":{"allow":["GET"]}}],"collection":[{"href":"https:\/\/www.noticiasradioreflejos.com.ar\/2021\/wp-json\/wp\/v2\/posts"}],"about":[{"href":"https:\/\/www.noticiasradioreflejos.com.ar\/2021\/wp-json\/wp\/v2\/types\/post"}],"author":[{"embeddable":true,"href":"https:\/\/www.noticiasradioreflejos.com.ar\/2021\/wp-json\/wp\/v2\/users\/3"}],"replies":[{"embeddable":true,"href":"https:\/\/www.noticiasradioreflejos.com.ar\/2021\/wp-json\/wp\/v2\/comments?post=62203"}],"version-history":[{"count":1,"href":"https:\/\/www.noticiasradioreflejos.com.ar\/2021\/wp-json\/wp\/v2\/posts\/62203\/revisions"}],"predecessor-version":[{"id":62204,"href":"https:\/\/www.noticiasradioreflejos.com.ar\/2021\/wp-json\/wp\/v2\/posts\/62203\/revisions\/62204"}],"wp:attachment":[{"href":"https:\/\/www.noticiasradioreflejos.com.ar\/2021\/wp-json\/wp\/v2\/media?parent=62203"}],"wp:term":[{"taxonomy":"category","embeddable":true,"href":"https:\/\/www.noticiasradioreflejos.com.ar\/2021\/wp-json\/wp\/v2\/categories?post=62203"},{"taxonomy":"post_tag","embeddable":true,"href":"https:\/\/www.noticiasradioreflejos.com.ar\/2021\/wp-json\/wp\/v2\/tags?post=62203"}],"curies":[{"name":"wp","href":"https:\/\/api.w.org\/{rel}","templated":true}]}}