{"id":62194,"date":"2021-08-31T14:21:17","date_gmt":"2021-08-31T14:21:17","guid":{"rendered":"http:\/\/www.noticiasradioreflejos.com.ar\/2021\/?p=62194"},"modified":"2021-08-31T14:21:17","modified_gmt":"2021-08-31T14:21:17","slug":"como-funcionara-la-ampliacion-de-la-presencialidad-en-las-escuelas-bonaerenses","status":"publish","type":"post","link":"https:\/\/www.noticiasradioreflejos.com.ar\/2021\/como-funcionara-la-ampliacion-de-la-presencialidad-en-las-escuelas-bonaerenses\/","title":{"rendered":"C\u00f3mo funcionar\u00e1 la ampliaci\u00f3n de la presencialidad en las escuelas bonaerenses"},"content":{"rendered":"<div class=\"head-content\">\n<p>El objetivo del Gobierno bonaerense es avanzar hacia la presencialidad cuidada plena del conjunto de estudiantes de cada curso durante su jornada habitual. Se actualizan las medidas de cuidado relativas al distanciamiento social de referencia dentro del aula.<\/p>\n<\/div>\n<p><!--more--><\/p>\n<div class=\"main-content-block\">\n<div class=\"main-box clearfix\">\n<div class=\"wrapper-main-section clearfix\">\n<div class=\"wrapper-editable-content\">\n<div class=\"editable-content clearfix\">\n<div id=\"image\" class=\"image\"><\/div>\n<p>Desde este mi\u00e9rcoles entrar\u00e1n en vigencia las\u00a0<strong>nuevas medidas para ampliar la presencialidad en las clases<\/strong>\u00a0en la provincia de Buenos Aires seg\u00fan el acuerdo alcanzado en el Consejo Federal de Educaci\u00f3n.<\/p>\n<p>El objetivo del Gobierno bonaerense es\u00a0<strong>avanzar hacia la presencialidad cuidada plena del conjunto de estudiantes de cada curso durante su jornada habitual<\/strong>. Por ese motivose actualizan las medidas de cuidado relativas al distanciamiento social de referencia dentro del aula.<\/p>\n<p><strong>En consonancia con los avances cient\u00edficos y las recomendaciones internacionales, el distanciamiento social de referencia dentro del aula pasar\u00e1 de 1,5 metro a 90 cent\u00edmetros<\/strong>.<\/p>\n<p>En los casos excepcionales donde no se pueda cumplir con la distancia de referencia se procurar\u00e1 mantener siempre la m\u00e1xima distancia posible entre estudiantes debiendo respetarse en todos los casos un aforo de 1 metro cuadrado por persona y se reforzar\u00e1n las medidas de cuidado.<\/p>\n<p>Cada semana se realizar\u00e1 en esos establecimientos educativos un testeo muestral con un procedimiento no invasivo y de resultado inmediato para el que se requerir\u00e1 el previo consentimiento informado de las personas adultas responsables de cada estudiante.<\/p>\n<p>De acuerdo a las autoridades de la Provincia de Buenos Aires, las escuelas contar\u00e1n con fondos disponibles para adquirir tapabocas con la composici\u00f3n de capas y el ajuste adecuado, posibilitando una mayor protecci\u00f3n a las y los estudiantes que lo requieran.<\/p>\n<div class=\"auth\">Lugares seguros<\/div>\n<p>\u00abEl conjunto del sistema educativo bonaerense y, en especial, quienes cotidianamente habitan las instituciones educativas, demuestran cada d\u00eda un enorme compromiso con el cumplimiento de las pautas de cuidado contribuyendo para que las escuelas sean un lugar seguro para la mitigaci\u00f3n de riesgos\u00bb, dijo\u00a0<strong>Agustina Vila<\/strong>, titular de la cartera educativa provincial, quien agreg\u00f3 que \u00abla mejora en los indicadores epidemiol\u00f3gicos junto al avance en la campa\u00f1a de vacunaci\u00f3n nos permiten aplicar en forma responsable nuevas instancias que contin\u00faen fortaleciendo la presencia cuidada en las aulas y garantizando el derecho social a la Educaci\u00f3n y a la Salud\u00bb.<\/p>\n<p>En todas las escuelas bonaerenses se mantienen las medidas establecidas por el Plan Jurisdiccional para el regreso seguro a las clases presenciales.<\/p>\n<p><strong>Contin\u00faa siendo obligatorio el uso de tapaboca por parte de la comunidad educativa durante toda la jornada, la ventilaci\u00f3n adecuada permanente de las aulas y espacios comunes, la distancia m\u00ednima de dos metros con las y los docentes, la higiene personal y la limpieza y desinfecci\u00f3n de los espacios f\u00edsicos, el ingreso y egreso escalonado y la distancia de dos metros entre los diferentes grupos de estudiantes<\/strong>.<\/div>\n<\/div>\n<\/div>\n<\/div>\n<\/div>\n","protected":false},"excerpt":{"rendered":"<p>El objetivo del Gobierno bonaerense es avanzar hacia la presencialidad cuidada plena del conjunto de estudiantes de cada curso durante su jornada habitual. Se actualizan las medidas de cuidado relativas al distanciamiento social de referencia dentro del aula.<\/p>\n","protected":false},"author":3,"featured_media":0,"comment_status":"closed","ping_status":"closed","sticky":false,"template":"","format":"standard","meta":{"footnotes":""},"categories":[34,24],"tags":[],"class_list":["post-62194","post","type-post","status-publish","format-standard","hentry","category-educacion","category-politica"],"yoast_head":"<!-- This site is optimized with the Yoast SEO plugin v25.9 - https:\/\/yoast.com\/wordpress\/plugins\/seo\/ -->\n<title>C\u00f3mo funcionar\u00e1 la ampliaci\u00f3n de la presencialidad en las escuelas bonaerenses - Noticias Radio Reflejos<\/title>\n<meta name=\"robots\" content=\"index, follow, max-snippet:-1, max-image-preview:large, max-video-preview:-1\" \/>\n<link rel=\"canonical\" href=\"https:\/\/www.noticiasradioreflejos.com.ar\/2021\/como-funcionara-la-ampliacion-de-la-presencialidad-en-las-escuelas-bonaerenses\/\" \/>\n<meta property=\"og:locale\" content=\"es_ES\" \/>\n<meta property=\"og:type\" content=\"article\" \/>\n<meta property=\"og:title\" content=\"C\u00f3mo funcionar\u00e1 la ampliaci\u00f3n de la presencialidad en las escuelas bonaerenses - Noticias Radio Reflejos\" \/>\n<meta property=\"og:description\" content=\"El objetivo del Gobierno bonaerense es avanzar hacia la presencialidad cuidada plena del conjunto de estudiantes de cada curso durante su jornada habitual. Se actualizan las medidas de cuidado relativas al distanciamiento social de referencia dentro del aula.\" \/>\n<meta property=\"og:url\" content=\"https:\/\/www.noticiasradioreflejos.com.ar\/2021\/como-funcionara-la-ampliacion-de-la-presencialidad-en-las-escuelas-bonaerenses\/\" \/>\n<meta property=\"og:site_name\" content=\"Noticias Radio Reflejos\" \/>\n<meta property=\"article:published_time\" content=\"2021-08-31T14:21:17+00:00\" \/>\n<meta property=\"og:image\" content=\"https:\/\/www.noticiasradioreflejos.com.ar\/2021\/wp-content\/uploads\/2021\/07\/logosol300x200.png\" \/>\n\t<meta property=\"og:image:width\" content=\"300\" \/>\n\t<meta property=\"og:image:height\" content=\"200\" \/>\n\t<meta property=\"og:image:type\" content=\"image\/png\" \/>\n<meta name=\"author\" content=\"Arnaldo Botto\" \/>\n<meta name=\"twitter:card\" content=\"summary_large_image\" \/>\n<script type=\"application\/ld+json\" class=\"yoast-schema-graph\">{\"@context\":\"https:\/\/schema.org\",\"@graph\":[{\"@type\":\"WebPage\",\"@id\":\"https:\/\/www.noticiasradioreflejos.com.ar\/2021\/como-funcionara-la-ampliacion-de-la-presencialidad-en-las-escuelas-bonaerenses\/\",\"url\":\"https:\/\/www.noticiasradioreflejos.com.ar\/2021\/como-funcionara-la-ampliacion-de-la-presencialidad-en-las-escuelas-bonaerenses\/\",\"name\":\"C\u00f3mo funcionar\u00e1 la ampliaci\u00f3n de la presencialidad en las escuelas bonaerenses - Noticias Radio Reflejos\",\"isPartOf\":{\"@id\":\"https:\/\/www.noticiasradioreflejos.com.ar\/2021\/#website\"},\"datePublished\":\"2021-08-31T14:21:17+00:00\",\"author\":{\"@id\":\"https:\/\/www.noticiasradioreflejos.com.ar\/2021\/#\/schema\/person\/ad82545263dcc5ec0996818884fd5fb1\"},\"breadcrumb\":{\"@id\":\"https:\/\/www.noticiasradioreflejos.com.ar\/2021\/como-funcionara-la-ampliacion-de-la-presencialidad-en-las-escuelas-bonaerenses\/#breadcrumb\"},\"inLanguage\":\"es\",\"potentialAction\":[{\"@type\":\"ReadAction\",\"target\":[\"https:\/\/www.noticiasradioreflejos.com.ar\/2021\/como-funcionara-la-ampliacion-de-la-presencialidad-en-las-escuelas-bonaerenses\/\"]}]},{\"@type\":\"BreadcrumbList\",\"@id\":\"https:\/\/www.noticiasradioreflejos.com.ar\/2021\/como-funcionara-la-ampliacion-de-la-presencialidad-en-las-escuelas-bonaerenses\/#breadcrumb\",\"itemListElement\":[{\"@type\":\"ListItem\",\"position\":1,\"name\":\"Portada\",\"item\":\"https:\/\/www.noticiasradioreflejos.com.ar\/2021\/\"},{\"@type\":\"ListItem\",\"position\":2,\"name\":\"C\u00f3mo funcionar\u00e1 la ampliaci\u00f3n de la presencialidad en las escuelas bonaerenses\"}]},{\"@type\":\"WebSite\",\"@id\":\"https:\/\/www.noticiasradioreflejos.com.ar\/2021\/#website\",\"url\":\"https:\/\/www.noticiasradioreflejos.com.ar\/2021\/\",\"name\":\"Noticias Radio Reflejos\",\"description\":\"Las noticias de mi comarca\",\"potentialAction\":[{\"@type\":\"SearchAction\",\"target\":{\"@type\":\"EntryPoint\",\"urlTemplate\":\"https:\/\/www.noticiasradioreflejos.com.ar\/2021\/?s={search_term_string}\"},\"query-input\":{\"@type\":\"PropertyValueSpecification\",\"valueRequired\":true,\"valueName\":\"search_term_string\"}}],\"inLanguage\":\"es\"},{\"@type\":\"Person\",\"@id\":\"https:\/\/www.noticiasradioreflejos.com.ar\/2021\/#\/schema\/person\/ad82545263dcc5ec0996818884fd5fb1\",\"name\":\"Arnaldo Botto\",\"image\":{\"@type\":\"ImageObject\",\"inLanguage\":\"es\",\"@id\":\"https:\/\/www.noticiasradioreflejos.com.ar\/2021\/#\/schema\/person\/image\/\",\"url\":\"https:\/\/secure.gravatar.com\/avatar\/55cb5e37c1efa326397366e6974cb338056df65cb50e7d64d1cf314e87504837?s=96&d=mm&r=g\",\"contentUrl\":\"https:\/\/secure.gravatar.com\/avatar\/55cb5e37c1efa326397366e6974cb338056df65cb50e7d64d1cf314e87504837?s=96&d=mm&r=g\",\"caption\":\"Arnaldo Botto\"},\"url\":\"https:\/\/www.noticiasradioreflejos.com.ar\/2021\/author\/arnaldo\/\"}]}<\/script>\n<!-- \/ Yoast SEO plugin. -->","yoast_head_json":{"title":"C\u00f3mo funcionar\u00e1 la ampliaci\u00f3n de la presencialidad en las escuelas bonaerenses - Noticias Radio Reflejos","robots":{"index":"index","follow":"follow","max-snippet":"max-snippet:-1","max-image-preview":"max-image-preview:large","max-video-preview":"max-video-preview:-1"},"canonical":"https:\/\/www.noticiasradioreflejos.com.ar\/2021\/como-funcionara-la-ampliacion-de-la-presencialidad-en-las-escuelas-bonaerenses\/","og_locale":"es_ES","og_type":"article","og_title":"C\u00f3mo funcionar\u00e1 la ampliaci\u00f3n de la presencialidad en las escuelas bonaerenses - Noticias Radio Reflejos","og_description":"El objetivo del Gobierno bonaerense es avanzar hacia la presencialidad cuidada plena del conjunto de estudiantes de cada curso durante su jornada habitual. Se actualizan las medidas de cuidado relativas al distanciamiento social de referencia dentro del aula.","og_url":"https:\/\/www.noticiasradioreflejos.com.ar\/2021\/como-funcionara-la-ampliacion-de-la-presencialidad-en-las-escuelas-bonaerenses\/","og_site_name":"Noticias Radio Reflejos","article_published_time":"2021-08-31T14:21:17+00:00","og_image":[{"width":300,"height":200,"url":"https:\/\/www.noticiasradioreflejos.com.ar\/2021\/wp-content\/uploads\/2021\/07\/logosol300x200.png","type":"image\/png"}],"author":"Arnaldo Botto","twitter_card":"summary_large_image","schema":{"@context":"https:\/\/schema.org","@graph":[{"@type":"WebPage","@id":"https:\/\/www.noticiasradioreflejos.com.ar\/2021\/como-funcionara-la-ampliacion-de-la-presencialidad-en-las-escuelas-bonaerenses\/","url":"https:\/\/www.noticiasradioreflejos.com.ar\/2021\/como-funcionara-la-ampliacion-de-la-presencialidad-en-las-escuelas-bonaerenses\/","name":"C\u00f3mo funcionar\u00e1 la ampliaci\u00f3n de la presencialidad en las escuelas bonaerenses - Noticias Radio Reflejos","isPartOf":{"@id":"https:\/\/www.noticiasradioreflejos.com.ar\/2021\/#website"},"datePublished":"2021-08-31T14:21:17+00:00","author":{"@id":"https:\/\/www.noticiasradioreflejos.com.ar\/2021\/#\/schema\/person\/ad82545263dcc5ec0996818884fd5fb1"},"breadcrumb":{"@id":"https:\/\/www.noticiasradioreflejos.com.ar\/2021\/como-funcionara-la-ampliacion-de-la-presencialidad-en-las-escuelas-bonaerenses\/#breadcrumb"},"inLanguage":"es","potentialAction":[{"@type":"ReadAction","target":["https:\/\/www.noticiasradioreflejos.com.ar\/2021\/como-funcionara-la-ampliacion-de-la-presencialidad-en-las-escuelas-bonaerenses\/"]}]},{"@type":"BreadcrumbList","@id":"https:\/\/www.noticiasradioreflejos.com.ar\/2021\/como-funcionara-la-ampliacion-de-la-presencialidad-en-las-escuelas-bonaerenses\/#breadcrumb","itemListElement":[{"@type":"ListItem","position":1,"name":"Portada","item":"https:\/\/www.noticiasradioreflejos.com.ar\/2021\/"},{"@type":"ListItem","position":2,"name":"C\u00f3mo funcionar\u00e1 la ampliaci\u00f3n de la presencialidad en las escuelas bonaerenses"}]},{"@type":"WebSite","@id":"https:\/\/www.noticiasradioreflejos.com.ar\/2021\/#website","url":"https:\/\/www.noticiasradioreflejos.com.ar\/2021\/","name":"Noticias Radio Reflejos","description":"Las noticias de mi comarca","potentialAction":[{"@type":"SearchAction","target":{"@type":"EntryPoint","urlTemplate":"https:\/\/www.noticiasradioreflejos.com.ar\/2021\/?s={search_term_string}"},"query-input":{"@type":"PropertyValueSpecification","valueRequired":true,"valueName":"search_term_string"}}],"inLanguage":"es"},{"@type":"Person","@id":"https:\/\/www.noticiasradioreflejos.com.ar\/2021\/#\/schema\/person\/ad82545263dcc5ec0996818884fd5fb1","name":"Arnaldo Botto","image":{"@type":"ImageObject","inLanguage":"es","@id":"https:\/\/www.noticiasradioreflejos.com.ar\/2021\/#\/schema\/person\/image\/","url":"https:\/\/secure.gravatar.com\/avatar\/55cb5e37c1efa326397366e6974cb338056df65cb50e7d64d1cf314e87504837?s=96&d=mm&r=g","contentUrl":"https:\/\/secure.gravatar.com\/avatar\/55cb5e37c1efa326397366e6974cb338056df65cb50e7d64d1cf314e87504837?s=96&d=mm&r=g","caption":"Arnaldo Botto"},"url":"https:\/\/www.noticiasradioreflejos.com.ar\/2021\/author\/arnaldo\/"}]}},"_links":{"self":[{"href":"https:\/\/www.noticiasradioreflejos.com.ar\/2021\/wp-json\/wp\/v2\/posts\/62194","targetHints":{"allow":["GET"]}}],"collection":[{"href":"https:\/\/www.noticiasradioreflejos.com.ar\/2021\/wp-json\/wp\/v2\/posts"}],"about":[{"href":"https:\/\/www.noticiasradioreflejos.com.ar\/2021\/wp-json\/wp\/v2\/types\/post"}],"author":[{"embeddable":true,"href":"https:\/\/www.noticiasradioreflejos.com.ar\/2021\/wp-json\/wp\/v2\/users\/3"}],"replies":[{"embeddable":true,"href":"https:\/\/www.noticiasradioreflejos.com.ar\/2021\/wp-json\/wp\/v2\/comments?post=62194"}],"version-history":[{"count":1,"href":"https:\/\/www.noticiasradioreflejos.com.ar\/2021\/wp-json\/wp\/v2\/posts\/62194\/revisions"}],"predecessor-version":[{"id":62196,"href":"https:\/\/www.noticiasradioreflejos.com.ar\/2021\/wp-json\/wp\/v2\/posts\/62194\/revisions\/62196"}],"wp:attachment":[{"href":"https:\/\/www.noticiasradioreflejos.com.ar\/2021\/wp-json\/wp\/v2\/media?parent=62194"}],"wp:term":[{"taxonomy":"category","embeddable":true,"href":"https:\/\/www.noticiasradioreflejos.com.ar\/2021\/wp-json\/wp\/v2\/categories?post=62194"},{"taxonomy":"post_tag","embeddable":true,"href":"https:\/\/www.noticiasradioreflejos.com.ar\/2021\/wp-json\/wp\/v2\/tags?post=62194"}],"curies":[{"name":"wp","href":"https:\/\/api.w.org\/{rel}","templated":true}]}}