{"id":62188,"date":"2021-08-31T13:33:05","date_gmt":"2021-08-31T13:33:05","guid":{"rendered":"http:\/\/www.noticiasradioreflejos.com.ar\/2021\/?p=62188"},"modified":"2021-08-31T14:07:59","modified_gmt":"2021-08-31T14:07:59","slug":"inscripcion-de-emergencia-para-docentes-3","status":"publish","type":"post","link":"https:\/\/www.noticiasradioreflejos.com.ar\/2021\/inscripcion-de-emergencia-para-docentes-3\/","title":{"rendered":"Inscripci\u00f3n de emergencia para docentes."},"content":{"rendered":"<div><span style=\"font-family: georgia, serif;\">La Secretar\u00eda de Asuntos Docentes\u00a0 de Tornquist a pedido de la Jefatura Distrital\u00a0 llama a inscripci\u00f3n de\u00a0emergencia\u00a0para los\u00a0siguientes cargos y \u00e1reas\u00a0<\/span><\/div>\n<div>Las mismas son:<\/div>\n<p><!--more--><\/p>\n<div><b>MODALIDAD ADULTOS PRIMARIA:<\/b>\u00a0MAESTRO DE CICLO ( cobertura inmediata Sierra de la Ventana)<\/div>\n<div><\/div>\n<div><b>\u00a0MODALIDAD ADULTOS Y CENS<\/b><b>:\u00a0 \u00a0<\/b>ECONOM\u00cdA ( cobertura inmediata CENS Saldungaray)<\/div>\n<div><b>\u00a0 \u00a0 \u00a0 \u00a0 \u00a0 \u00a0 \u00a0 \u00a0<\/b><\/div>\n<div><\/div>\n<div>\n<div><span style=\"font-family: georgia, serif;\">Los interesados deber\u00e1n enviar el legajo completo ( t\u00edtulos cursos, constancias de desempe\u00f1o, DNI\u00a0 y toda otra documentaci\u00f3n que pueda adjuntar) de manera escaneada de ser posible en formato PDF al siguiente correo:\u00a0<b><a href=\"mailto:si10501@yahoo.com.ar\" target=\"_blank\" rel=\"noopener\">si10501@yahoo.com.ar<\/a>.<\/b><\/span><\/div>\n<div>P<span style=\"color: #000000; font-family: georgia, serif;\">lazo de inscripci\u00f3n jueves 2 de septiembre de 2.021 a las 14 horas.\u00a0<\/span>(Ser\u00e1n consideradas todas las inscripciones que lleguen al correo hasta la hora indicada)<\/div>\n<div>\n<div id=\"m_-890425876587384914m_-2654377675408239306m_3084024733562562738m_-5828720216453046259gmail-m_-853820837444670781m_3178655711323527348gmail-m_990470809057742044m_5651240254404077854m_-1954612084242284886gmail-m_-770482033322194366m_-3662899162847508976m_5723113892397788670m_-8865644571269695968m_-2950474579910371465m_-560527475122458177gmail-m_-6647641512641268767m_-8200158188700944929gmail-m_2238698550079668651gmail-:1ug\">\n<div id=\"m_-890425876587384914m_-2654377675408239306m_3084024733562562738m_-5828720216453046259gmail-m_-853820837444670781m_3178655711323527348gmail-m_990470809057742044m_5651240254404077854m_-1954612084242284886gmail-m_-770482033322194366m_-3662899162847508976m_5723113892397788670m_-8865644571269695968m_-2950474579910371465m_-560527475122458177gmail-m_-6647641512641268767m_-8200158188700944929gmail-m_2238698550079668651gmail-:1uf\">\n<div dir=\"ltr\">\n<div id=\"m_-890425876587384914m_-2654377675408239306m_3084024733562562738m_-5828720216453046259gmail-m_-853820837444670781m_3178655711323527348gmail-m_990470809057742044m_5651240254404077854m_-1954612084242284886gmail-m_-770482033322194366m_-3662899162847508976m_5723113892397788670m_-8865644571269695968m_-2950474579910371465m_-560527475122458177gmail-m_-6647641512641268767m_-8200158188700944929gmail-m_2238698550079668651gmail-m_-6687477857162735301m_8075913230161254066m_-6510670591420049415m_7324202356941298896m_4501630762321969961m_-1280419401526263920m_-3317962045267518123gmail-yiv1541478460ydp85447221yahoo_quoted_6846156867\">\n<div>\n<div id=\"m_-890425876587384914m_-2654377675408239306m_3084024733562562738m_-5828720216453046259gmail-m_-853820837444670781m_3178655711323527348gmail-m_990470809057742044m_5651240254404077854m_-1954612084242284886gmail-m_-770482033322194366m_-3662899162847508976m_5723113892397788670m_-8865644571269695968m_-2950474579910371465m_-560527475122458177gmail-m_-6647641512641268767m_-8200158188700944929gmail-m_2238698550079668651gmail-m_-6687477857162735301m_8075913230161254066m_-6510670591420049415m_7324202356941298896m_4501630762321969961m_-1280419401526263920m_-3317962045267518123gmail-yiv1541478460ydp85447221yiv2073782489\"><\/div>\n<\/div>\n<\/div>\n<\/div>\n<\/div>\n<\/div>\n<\/div>\n<\/div>\n","protected":false},"excerpt":{"rendered":"<p>La Secretar\u00eda de Asuntos Docentes\u00a0 de Tornquist a pedido de la Jefatura Distrital\u00a0 llama a inscripci\u00f3n de\u00a0emergencia\u00a0para los\u00a0siguientes cargos y \u00e1reas\u00a0 Las mismas son:<\/p>\n","protected":false},"author":3,"featured_media":50776,"comment_status":"closed","ping_status":"closed","sticky":false,"template":"","format":"standard","meta":{"footnotes":""},"categories":[34],"tags":[],"class_list":["post-62188","post","type-post","status-publish","format-standard","has-post-thumbnail","hentry","category-educacion"],"yoast_head":"<!-- This site is optimized with the Yoast SEO plugin v25.9 - https:\/\/yoast.com\/wordpress\/plugins\/seo\/ -->\n<title>Inscripci\u00f3n de emergencia para docentes. - Noticias Radio Reflejos<\/title>\n<meta name=\"robots\" content=\"index, follow, max-snippet:-1, max-image-preview:large, max-video-preview:-1\" \/>\n<link rel=\"canonical\" href=\"https:\/\/www.noticiasradioreflejos.com.ar\/2021\/inscripcion-de-emergencia-para-docentes-3\/\" \/>\n<meta property=\"og:locale\" content=\"es_ES\" \/>\n<meta property=\"og:type\" content=\"article\" \/>\n<meta property=\"og:title\" content=\"Inscripci\u00f3n de emergencia para docentes. - Noticias Radio Reflejos\" \/>\n<meta property=\"og:description\" content=\"La Secretar\u00eda de Asuntos Docentes\u00a0 de Tornquist a pedido de la Jefatura Distrital\u00a0 llama a inscripci\u00f3n de\u00a0emergencia\u00a0para los\u00a0siguientes cargos y \u00e1reas\u00a0 Las mismas son:\" \/>\n<meta property=\"og:url\" content=\"https:\/\/www.noticiasradioreflejos.com.ar\/2021\/inscripcion-de-emergencia-para-docentes-3\/\" \/>\n<meta property=\"og:site_name\" content=\"Noticias Radio Reflejos\" \/>\n<meta property=\"article:published_time\" content=\"2021-08-31T13:33:05+00:00\" \/>\n<meta property=\"article:modified_time\" content=\"2021-08-31T14:07:59+00:00\" \/>\n<meta property=\"og:image\" content=\"https:\/\/www.noticiasradioreflejos.com.ar\/2021\/wp-content\/uploads\/2020\/12\/SAD.jpg\" \/>\n\t<meta property=\"og:image:width\" content=\"506\" \/>\n\t<meta property=\"og:image:height\" content=\"330\" \/>\n\t<meta property=\"og:image:type\" content=\"image\/jpeg\" \/>\n<meta name=\"author\" content=\"Arnaldo Botto\" \/>\n<meta name=\"twitter:card\" content=\"summary_large_image\" \/>\n<script type=\"application\/ld+json\" class=\"yoast-schema-graph\">{\"@context\":\"https:\/\/schema.org\",\"@graph\":[{\"@type\":\"WebPage\",\"@id\":\"https:\/\/www.noticiasradioreflejos.com.ar\/2021\/inscripcion-de-emergencia-para-docentes-3\/\",\"url\":\"https:\/\/www.noticiasradioreflejos.com.ar\/2021\/inscripcion-de-emergencia-para-docentes-3\/\",\"name\":\"Inscripci\u00f3n de emergencia para docentes. - Noticias Radio Reflejos\",\"isPartOf\":{\"@id\":\"https:\/\/www.noticiasradioreflejos.com.ar\/2021\/#website\"},\"primaryImageOfPage\":{\"@id\":\"https:\/\/www.noticiasradioreflejos.com.ar\/2021\/inscripcion-de-emergencia-para-docentes-3\/#primaryimage\"},\"image\":{\"@id\":\"https:\/\/www.noticiasradioreflejos.com.ar\/2021\/inscripcion-de-emergencia-para-docentes-3\/#primaryimage\"},\"thumbnailUrl\":\"https:\/\/www.noticiasradioreflejos.com.ar\/2021\/wp-content\/uploads\/2020\/12\/SAD.jpg\",\"datePublished\":\"2021-08-31T13:33:05+00:00\",\"dateModified\":\"2021-08-31T14:07:59+00:00\",\"author\":{\"@id\":\"https:\/\/www.noticiasradioreflejos.com.ar\/2021\/#\/schema\/person\/ad82545263dcc5ec0996818884fd5fb1\"},\"breadcrumb\":{\"@id\":\"https:\/\/www.noticiasradioreflejos.com.ar\/2021\/inscripcion-de-emergencia-para-docentes-3\/#breadcrumb\"},\"inLanguage\":\"es\",\"potentialAction\":[{\"@type\":\"ReadAction\",\"target\":[\"https:\/\/www.noticiasradioreflejos.com.ar\/2021\/inscripcion-de-emergencia-para-docentes-3\/\"]}]},{\"@type\":\"ImageObject\",\"inLanguage\":\"es\",\"@id\":\"https:\/\/www.noticiasradioreflejos.com.ar\/2021\/inscripcion-de-emergencia-para-docentes-3\/#primaryimage\",\"url\":\"https:\/\/www.noticiasradioreflejos.com.ar\/2021\/wp-content\/uploads\/2020\/12\/SAD.jpg\",\"contentUrl\":\"https:\/\/www.noticiasradioreflejos.com.ar\/2021\/wp-content\/uploads\/2020\/12\/SAD.jpg\",\"width\":506,\"height\":330},{\"@type\":\"BreadcrumbList\",\"@id\":\"https:\/\/www.noticiasradioreflejos.com.ar\/2021\/inscripcion-de-emergencia-para-docentes-3\/#breadcrumb\",\"itemListElement\":[{\"@type\":\"ListItem\",\"position\":1,\"name\":\"Portada\",\"item\":\"https:\/\/www.noticiasradioreflejos.com.ar\/2021\/\"},{\"@type\":\"ListItem\",\"position\":2,\"name\":\"Inscripci\u00f3n de emergencia para docentes.\"}]},{\"@type\":\"WebSite\",\"@id\":\"https:\/\/www.noticiasradioreflejos.com.ar\/2021\/#website\",\"url\":\"https:\/\/www.noticiasradioreflejos.com.ar\/2021\/\",\"name\":\"Noticias Radio Reflejos\",\"description\":\"Las noticias de mi comarca\",\"potentialAction\":[{\"@type\":\"SearchAction\",\"target\":{\"@type\":\"EntryPoint\",\"urlTemplate\":\"https:\/\/www.noticiasradioreflejos.com.ar\/2021\/?s={search_term_string}\"},\"query-input\":{\"@type\":\"PropertyValueSpecification\",\"valueRequired\":true,\"valueName\":\"search_term_string\"}}],\"inLanguage\":\"es\"},{\"@type\":\"Person\",\"@id\":\"https:\/\/www.noticiasradioreflejos.com.ar\/2021\/#\/schema\/person\/ad82545263dcc5ec0996818884fd5fb1\",\"name\":\"Arnaldo Botto\",\"image\":{\"@type\":\"ImageObject\",\"inLanguage\":\"es\",\"@id\":\"https:\/\/www.noticiasradioreflejos.com.ar\/2021\/#\/schema\/person\/image\/\",\"url\":\"https:\/\/secure.gravatar.com\/avatar\/55cb5e37c1efa326397366e6974cb338056df65cb50e7d64d1cf314e87504837?s=96&d=mm&r=g\",\"contentUrl\":\"https:\/\/secure.gravatar.com\/avatar\/55cb5e37c1efa326397366e6974cb338056df65cb50e7d64d1cf314e87504837?s=96&d=mm&r=g\",\"caption\":\"Arnaldo Botto\"},\"url\":\"https:\/\/www.noticiasradioreflejos.com.ar\/2021\/author\/arnaldo\/\"}]}<\/script>\n<!-- \/ Yoast SEO plugin. -->","yoast_head_json":{"title":"Inscripci\u00f3n de emergencia para docentes. - Noticias Radio Reflejos","robots":{"index":"index","follow":"follow","max-snippet":"max-snippet:-1","max-image-preview":"max-image-preview:large","max-video-preview":"max-video-preview:-1"},"canonical":"https:\/\/www.noticiasradioreflejos.com.ar\/2021\/inscripcion-de-emergencia-para-docentes-3\/","og_locale":"es_ES","og_type":"article","og_title":"Inscripci\u00f3n de emergencia para docentes. - Noticias Radio Reflejos","og_description":"La Secretar\u00eda de Asuntos Docentes\u00a0 de Tornquist a pedido de la Jefatura Distrital\u00a0 llama a inscripci\u00f3n de\u00a0emergencia\u00a0para los\u00a0siguientes cargos y \u00e1reas\u00a0 Las mismas son:","og_url":"https:\/\/www.noticiasradioreflejos.com.ar\/2021\/inscripcion-de-emergencia-para-docentes-3\/","og_site_name":"Noticias Radio Reflejos","article_published_time":"2021-08-31T13:33:05+00:00","article_modified_time":"2021-08-31T14:07:59+00:00","og_image":[{"width":506,"height":330,"url":"https:\/\/www.noticiasradioreflejos.com.ar\/2021\/wp-content\/uploads\/2020\/12\/SAD.jpg","type":"image\/jpeg"}],"author":"Arnaldo Botto","twitter_card":"summary_large_image","schema":{"@context":"https:\/\/schema.org","@graph":[{"@type":"WebPage","@id":"https:\/\/www.noticiasradioreflejos.com.ar\/2021\/inscripcion-de-emergencia-para-docentes-3\/","url":"https:\/\/www.noticiasradioreflejos.com.ar\/2021\/inscripcion-de-emergencia-para-docentes-3\/","name":"Inscripci\u00f3n de emergencia para docentes. - Noticias Radio Reflejos","isPartOf":{"@id":"https:\/\/www.noticiasradioreflejos.com.ar\/2021\/#website"},"primaryImageOfPage":{"@id":"https:\/\/www.noticiasradioreflejos.com.ar\/2021\/inscripcion-de-emergencia-para-docentes-3\/#primaryimage"},"image":{"@id":"https:\/\/www.noticiasradioreflejos.com.ar\/2021\/inscripcion-de-emergencia-para-docentes-3\/#primaryimage"},"thumbnailUrl":"https:\/\/www.noticiasradioreflejos.com.ar\/2021\/wp-content\/uploads\/2020\/12\/SAD.jpg","datePublished":"2021-08-31T13:33:05+00:00","dateModified":"2021-08-31T14:07:59+00:00","author":{"@id":"https:\/\/www.noticiasradioreflejos.com.ar\/2021\/#\/schema\/person\/ad82545263dcc5ec0996818884fd5fb1"},"breadcrumb":{"@id":"https:\/\/www.noticiasradioreflejos.com.ar\/2021\/inscripcion-de-emergencia-para-docentes-3\/#breadcrumb"},"inLanguage":"es","potentialAction":[{"@type":"ReadAction","target":["https:\/\/www.noticiasradioreflejos.com.ar\/2021\/inscripcion-de-emergencia-para-docentes-3\/"]}]},{"@type":"ImageObject","inLanguage":"es","@id":"https:\/\/www.noticiasradioreflejos.com.ar\/2021\/inscripcion-de-emergencia-para-docentes-3\/#primaryimage","url":"https:\/\/www.noticiasradioreflejos.com.ar\/2021\/wp-content\/uploads\/2020\/12\/SAD.jpg","contentUrl":"https:\/\/www.noticiasradioreflejos.com.ar\/2021\/wp-content\/uploads\/2020\/12\/SAD.jpg","width":506,"height":330},{"@type":"BreadcrumbList","@id":"https:\/\/www.noticiasradioreflejos.com.ar\/2021\/inscripcion-de-emergencia-para-docentes-3\/#breadcrumb","itemListElement":[{"@type":"ListItem","position":1,"name":"Portada","item":"https:\/\/www.noticiasradioreflejos.com.ar\/2021\/"},{"@type":"ListItem","position":2,"name":"Inscripci\u00f3n de emergencia para docentes."}]},{"@type":"WebSite","@id":"https:\/\/www.noticiasradioreflejos.com.ar\/2021\/#website","url":"https:\/\/www.noticiasradioreflejos.com.ar\/2021\/","name":"Noticias Radio Reflejos","description":"Las noticias de mi comarca","potentialAction":[{"@type":"SearchAction","target":{"@type":"EntryPoint","urlTemplate":"https:\/\/www.noticiasradioreflejos.com.ar\/2021\/?s={search_term_string}"},"query-input":{"@type":"PropertyValueSpecification","valueRequired":true,"valueName":"search_term_string"}}],"inLanguage":"es"},{"@type":"Person","@id":"https:\/\/www.noticiasradioreflejos.com.ar\/2021\/#\/schema\/person\/ad82545263dcc5ec0996818884fd5fb1","name":"Arnaldo Botto","image":{"@type":"ImageObject","inLanguage":"es","@id":"https:\/\/www.noticiasradioreflejos.com.ar\/2021\/#\/schema\/person\/image\/","url":"https:\/\/secure.gravatar.com\/avatar\/55cb5e37c1efa326397366e6974cb338056df65cb50e7d64d1cf314e87504837?s=96&d=mm&r=g","contentUrl":"https:\/\/secure.gravatar.com\/avatar\/55cb5e37c1efa326397366e6974cb338056df65cb50e7d64d1cf314e87504837?s=96&d=mm&r=g","caption":"Arnaldo Botto"},"url":"https:\/\/www.noticiasradioreflejos.com.ar\/2021\/author\/arnaldo\/"}]}},"_links":{"self":[{"href":"https:\/\/www.noticiasradioreflejos.com.ar\/2021\/wp-json\/wp\/v2\/posts\/62188","targetHints":{"allow":["GET"]}}],"collection":[{"href":"https:\/\/www.noticiasradioreflejos.com.ar\/2021\/wp-json\/wp\/v2\/posts"}],"about":[{"href":"https:\/\/www.noticiasradioreflejos.com.ar\/2021\/wp-json\/wp\/v2\/types\/post"}],"author":[{"embeddable":true,"href":"https:\/\/www.noticiasradioreflejos.com.ar\/2021\/wp-json\/wp\/v2\/users\/3"}],"replies":[{"embeddable":true,"href":"https:\/\/www.noticiasradioreflejos.com.ar\/2021\/wp-json\/wp\/v2\/comments?post=62188"}],"version-history":[{"count":1,"href":"https:\/\/www.noticiasradioreflejos.com.ar\/2021\/wp-json\/wp\/v2\/posts\/62188\/revisions"}],"predecessor-version":[{"id":62189,"href":"https:\/\/www.noticiasradioreflejos.com.ar\/2021\/wp-json\/wp\/v2\/posts\/62188\/revisions\/62189"}],"wp:featuredmedia":[{"embeddable":true,"href":"https:\/\/www.noticiasradioreflejos.com.ar\/2021\/wp-json\/wp\/v2\/media\/50776"}],"wp:attachment":[{"href":"https:\/\/www.noticiasradioreflejos.com.ar\/2021\/wp-json\/wp\/v2\/media?parent=62188"}],"wp:term":[{"taxonomy":"category","embeddable":true,"href":"https:\/\/www.noticiasradioreflejos.com.ar\/2021\/wp-json\/wp\/v2\/categories?post=62188"},{"taxonomy":"post_tag","embeddable":true,"href":"https:\/\/www.noticiasradioreflejos.com.ar\/2021\/wp-json\/wp\/v2\/tags?post=62188"}],"curies":[{"name":"wp","href":"https:\/\/api.w.org\/{rel}","templated":true}]}}