{"id":62185,"date":"2021-08-31T13:04:15","date_gmt":"2021-08-31T13:04:15","guid":{"rendered":"http:\/\/www.noticiasradioreflejos.com.ar\/2021\/?p=62185"},"modified":"2021-08-31T13:04:15","modified_gmt":"2021-08-31T13:04:15","slug":"como-pueden-solicitar-jubilados-y-pensionados-un-credito-anses-via-web","status":"publish","type":"post","link":"https:\/\/www.noticiasradioreflejos.com.ar\/2021\/como-pueden-solicitar-jubilados-y-pensionados-un-credito-anses-via-web\/","title":{"rendered":"C\u00f3mo pueden solicitar jubilados y pensionados un cr\u00e9dito ANSES v\u00eda web"},"content":{"rendered":"<p style=\"font-weight: 400;\">La ANSES,\u00a0a cargo de\u00a0<strong>Fernanda Raverta<\/strong>, informa que est\u00e1n disponibles los\u00a0<em>Cr\u00e9ditos ANSES\u00a0<\/em>para jubilados, jubiladas, pensionados y pensionadas y se pueden solicitar directamente a trav\u00e9s de la opci\u00f3n\u00a0<em><a href=\"https:\/\/www.anses.gob.ar\/informacion\/mi-anses\" data-saferedirecturl=\"https:\/\/www.google.com\/url?q=https:\/\/www.anses.gob.ar\/informacion\/mi-anses&amp;source=gmail&amp;ust=1630500939014000&amp;usg=AFQjCNGWtbaOESB067RaCH103-23ZjGIZQ\">MI ANSES<\/a>\u00a0<\/em>del sitio web del organismo.<!--more--><\/p>\n<p style=\"font-weight: 400;\">Las personas interesadas deben colocar CUIL y Clave de la Seguridad Social para luego, en\u00a0<em>Mis datos de contacto<\/em>, verificar el correo electr\u00f3nico y n\u00famero de celular. Posteriormente, en el men\u00fa\u00a0<em>Cr\u00e9ditos ANSES<\/em>, hacer clic en\u00a0<em>Solicitar un Cr\u00e9dito ANSES<\/em>\u00a0para simular el monto y la cantidad de cuotas. Si cumplen con los requisitos, podr\u00e1n iniciar la solicitud con el DNI y n\u00famero de tr\u00e1mite.<\/p>\n<p>Es importante destacar que el aplicativo para solicitar\u00a0<em>Cr\u00e9ditos ANSES<\/em>\u00a0funciona de\u00a0<strong>lunes a viernes de 8 a 20 horas<\/strong>\u00a0y tiene un\u00a0<strong>cupo diario<\/strong>. Una vez completado ese cupo aparecer\u00e1 un cartel indicando que est\u00e1 completo, por lo que el o la solicitante deber\u00e1 ingresar al d\u00eda siguiente.<\/p>\n<p style=\"font-weight: 400;\"><strong>\u00a0<\/strong><\/p>\n<p style=\"font-weight: 400;\"><strong>Montos, tasas y cuotas\u00a0\u00a0\u00a0\u00a0\u00a0\u00a0\u00a0\u00a0\u00a0\u00a0\u00a0\u00a0\u00a0\u00a0\u00a0\u00a0\u00a0\u00a0\u00a0\u00a0\u00a0\u00a0\u00a0\u00a0\u00a0\u00a0\u00a0\u00a0\u00a0\u00a0\u00a0\u00a0\u00a0\u00a0\u00a0\u00a0\u00a0\u00a0\u00a0\u00a0\u00a0\u00a0\u00a0\u00a0\u00a0\u00a0\u00a0\u00a0\u00a0<\/strong><\/p>\n<p style=\"font-weight: 400;\">La l\u00ednea de cr\u00e9dito vigente para\u00a0<strong>jubilados, jubiladas, pensionados y pensionadas del SIPA<\/strong>\u00a0otorga montos entre 5000 y 200.000 pesos, que se pueden devolver en 24, 36 o 48 cuotas a una tasa del 29 por ciento. En tanto, para titulares de la\u00a0<strong>Pensi\u00f3n Universal para el Adulto Mayor (PUAM) y Pensiones No Contributivas (PNC)<\/strong>, los pr\u00e9stamos son entre 5000 y 70.000 pesos, a devolver en 24, 36 y 48 cuotas, a la misma tasa.<\/p>\n<p style=\"font-weight: 400;\">En ambos casos la afectaci\u00f3n de los ingresos mensuales no puede ser mayor al 20 por ciento. Para m\u00e1s informaci\u00f3n, pueden consultarse las opciones en\u00a0<a href=\"http:\/\/www.anses.gob.ar\/creditos-anses-para-jubilados-y-pensionados.\" data-saferedirecturl=\"https:\/\/www.google.com\/url?q=http:\/\/www.anses.gob.ar\/creditos-anses-para-jubilados-y-pensionados.&amp;source=gmail&amp;ust=1630500939014000&amp;usg=AFQjCNG-wPBtsybifhtGAyuwk3bdkjZmFA\">la web de ANSES<\/a>.<\/p>\n<p style=\"font-weight: 400;\">Cabe resaltar que la ANSES en ning\u00fan momento se comunica solicitando datos personales o bancarios.<\/p>\n<p style=\"font-weight: 400;\">\n<p style=\"font-weight: 400;\"><strong><a href=\"http:\/\/www.anses.gob.ar\/\" data-saferedirecturl=\"https:\/\/www.google.com\/url?q=http:\/\/www.anses.gob.ar&amp;source=gmail&amp;ust=1630500939014000&amp;usg=AFQjCNEnB5iCkzMmiABce0thBIkDUnSMoQ\">www.anses.gob.ar<\/a><\/strong><\/p>\n","protected":false},"excerpt":{"rendered":"<p>La ANSES,\u00a0a cargo de\u00a0Fernanda Raverta, informa que est\u00e1n disponibles los\u00a0Cr\u00e9ditos ANSES\u00a0para jubilados, jubiladas, pensionados y pensionadas y se pueden solicitar directamente a trav\u00e9s de la opci\u00f3n\u00a0MI ANSES\u00a0del sitio web del organismo.<\/p>\n","protected":false},"author":3,"featured_media":0,"comment_status":"closed","ping_status":"closed","sticky":false,"template":"","format":"standard","meta":{"footnotes":""},"categories":[1],"tags":[],"class_list":["post-62185","post","type-post","status-publish","format-standard","hentry","category-sin-categoria"],"yoast_head":"<!-- This site is optimized with the Yoast SEO plugin v25.9 - https:\/\/yoast.com\/wordpress\/plugins\/seo\/ -->\n<title>C\u00f3mo pueden solicitar jubilados y pensionados un cr\u00e9dito ANSES v\u00eda web - Noticias Radio Reflejos<\/title>\n<meta name=\"robots\" content=\"index, follow, max-snippet:-1, max-image-preview:large, max-video-preview:-1\" \/>\n<link rel=\"canonical\" href=\"https:\/\/www.noticiasradioreflejos.com.ar\/2021\/como-pueden-solicitar-jubilados-y-pensionados-un-credito-anses-via-web\/\" \/>\n<meta property=\"og:locale\" content=\"es_ES\" \/>\n<meta property=\"og:type\" content=\"article\" \/>\n<meta property=\"og:title\" content=\"C\u00f3mo pueden solicitar jubilados y pensionados un cr\u00e9dito ANSES v\u00eda web - Noticias Radio Reflejos\" \/>\n<meta property=\"og:description\" content=\"La ANSES,\u00a0a cargo de\u00a0Fernanda Raverta, informa que est\u00e1n disponibles los\u00a0Cr\u00e9ditos ANSES\u00a0para jubilados, jubiladas, pensionados y pensionadas y se pueden solicitar directamente a trav\u00e9s de la opci\u00f3n\u00a0MI ANSES\u00a0del sitio web del organismo.\" \/>\n<meta property=\"og:url\" content=\"https:\/\/www.noticiasradioreflejos.com.ar\/2021\/como-pueden-solicitar-jubilados-y-pensionados-un-credito-anses-via-web\/\" \/>\n<meta property=\"og:site_name\" content=\"Noticias Radio Reflejos\" \/>\n<meta property=\"article:published_time\" content=\"2021-08-31T13:04:15+00:00\" \/>\n<meta property=\"og:image\" content=\"https:\/\/www.noticiasradioreflejos.com.ar\/2021\/wp-content\/uploads\/2021\/07\/logosol300x200.png\" \/>\n\t<meta property=\"og:image:width\" content=\"300\" \/>\n\t<meta property=\"og:image:height\" content=\"200\" \/>\n\t<meta property=\"og:image:type\" content=\"image\/png\" \/>\n<meta name=\"author\" content=\"Arnaldo Botto\" \/>\n<meta name=\"twitter:card\" content=\"summary_large_image\" \/>\n<script type=\"application\/ld+json\" class=\"yoast-schema-graph\">{\"@context\":\"https:\/\/schema.org\",\"@graph\":[{\"@type\":\"WebPage\",\"@id\":\"https:\/\/www.noticiasradioreflejos.com.ar\/2021\/como-pueden-solicitar-jubilados-y-pensionados-un-credito-anses-via-web\/\",\"url\":\"https:\/\/www.noticiasradioreflejos.com.ar\/2021\/como-pueden-solicitar-jubilados-y-pensionados-un-credito-anses-via-web\/\",\"name\":\"C\u00f3mo pueden solicitar jubilados y pensionados un cr\u00e9dito ANSES v\u00eda web - Noticias Radio Reflejos\",\"isPartOf\":{\"@id\":\"https:\/\/www.noticiasradioreflejos.com.ar\/2021\/#website\"},\"datePublished\":\"2021-08-31T13:04:15+00:00\",\"author\":{\"@id\":\"https:\/\/www.noticiasradioreflejos.com.ar\/2021\/#\/schema\/person\/ad82545263dcc5ec0996818884fd5fb1\"},\"breadcrumb\":{\"@id\":\"https:\/\/www.noticiasradioreflejos.com.ar\/2021\/como-pueden-solicitar-jubilados-y-pensionados-un-credito-anses-via-web\/#breadcrumb\"},\"inLanguage\":\"es\",\"potentialAction\":[{\"@type\":\"ReadAction\",\"target\":[\"https:\/\/www.noticiasradioreflejos.com.ar\/2021\/como-pueden-solicitar-jubilados-y-pensionados-un-credito-anses-via-web\/\"]}]},{\"@type\":\"BreadcrumbList\",\"@id\":\"https:\/\/www.noticiasradioreflejos.com.ar\/2021\/como-pueden-solicitar-jubilados-y-pensionados-un-credito-anses-via-web\/#breadcrumb\",\"itemListElement\":[{\"@type\":\"ListItem\",\"position\":1,\"name\":\"Portada\",\"item\":\"https:\/\/www.noticiasradioreflejos.com.ar\/2021\/\"},{\"@type\":\"ListItem\",\"position\":2,\"name\":\"C\u00f3mo pueden solicitar jubilados y pensionados un cr\u00e9dito ANSES v\u00eda web\"}]},{\"@type\":\"WebSite\",\"@id\":\"https:\/\/www.noticiasradioreflejos.com.ar\/2021\/#website\",\"url\":\"https:\/\/www.noticiasradioreflejos.com.ar\/2021\/\",\"name\":\"Noticias Radio Reflejos\",\"description\":\"Las noticias de mi comarca\",\"potentialAction\":[{\"@type\":\"SearchAction\",\"target\":{\"@type\":\"EntryPoint\",\"urlTemplate\":\"https:\/\/www.noticiasradioreflejos.com.ar\/2021\/?s={search_term_string}\"},\"query-input\":{\"@type\":\"PropertyValueSpecification\",\"valueRequired\":true,\"valueName\":\"search_term_string\"}}],\"inLanguage\":\"es\"},{\"@type\":\"Person\",\"@id\":\"https:\/\/www.noticiasradioreflejos.com.ar\/2021\/#\/schema\/person\/ad82545263dcc5ec0996818884fd5fb1\",\"name\":\"Arnaldo Botto\",\"image\":{\"@type\":\"ImageObject\",\"inLanguage\":\"es\",\"@id\":\"https:\/\/www.noticiasradioreflejos.com.ar\/2021\/#\/schema\/person\/image\/\",\"url\":\"https:\/\/secure.gravatar.com\/avatar\/55cb5e37c1efa326397366e6974cb338056df65cb50e7d64d1cf314e87504837?s=96&d=mm&r=g\",\"contentUrl\":\"https:\/\/secure.gravatar.com\/avatar\/55cb5e37c1efa326397366e6974cb338056df65cb50e7d64d1cf314e87504837?s=96&d=mm&r=g\",\"caption\":\"Arnaldo Botto\"},\"url\":\"https:\/\/www.noticiasradioreflejos.com.ar\/2021\/author\/arnaldo\/\"}]}<\/script>\n<!-- \/ Yoast SEO plugin. -->","yoast_head_json":{"title":"C\u00f3mo pueden solicitar jubilados y pensionados un cr\u00e9dito ANSES v\u00eda web - Noticias Radio Reflejos","robots":{"index":"index","follow":"follow","max-snippet":"max-snippet:-1","max-image-preview":"max-image-preview:large","max-video-preview":"max-video-preview:-1"},"canonical":"https:\/\/www.noticiasradioreflejos.com.ar\/2021\/como-pueden-solicitar-jubilados-y-pensionados-un-credito-anses-via-web\/","og_locale":"es_ES","og_type":"article","og_title":"C\u00f3mo pueden solicitar jubilados y pensionados un cr\u00e9dito ANSES v\u00eda web - Noticias Radio Reflejos","og_description":"La ANSES,\u00a0a cargo de\u00a0Fernanda Raverta, informa que est\u00e1n disponibles los\u00a0Cr\u00e9ditos ANSES\u00a0para jubilados, jubiladas, pensionados y pensionadas y se pueden solicitar directamente a trav\u00e9s de la opci\u00f3n\u00a0MI ANSES\u00a0del sitio web del organismo.","og_url":"https:\/\/www.noticiasradioreflejos.com.ar\/2021\/como-pueden-solicitar-jubilados-y-pensionados-un-credito-anses-via-web\/","og_site_name":"Noticias Radio Reflejos","article_published_time":"2021-08-31T13:04:15+00:00","og_image":[{"width":300,"height":200,"url":"https:\/\/www.noticiasradioreflejos.com.ar\/2021\/wp-content\/uploads\/2021\/07\/logosol300x200.png","type":"image\/png"}],"author":"Arnaldo Botto","twitter_card":"summary_large_image","schema":{"@context":"https:\/\/schema.org","@graph":[{"@type":"WebPage","@id":"https:\/\/www.noticiasradioreflejos.com.ar\/2021\/como-pueden-solicitar-jubilados-y-pensionados-un-credito-anses-via-web\/","url":"https:\/\/www.noticiasradioreflejos.com.ar\/2021\/como-pueden-solicitar-jubilados-y-pensionados-un-credito-anses-via-web\/","name":"C\u00f3mo pueden solicitar jubilados y pensionados un cr\u00e9dito ANSES v\u00eda web - Noticias Radio Reflejos","isPartOf":{"@id":"https:\/\/www.noticiasradioreflejos.com.ar\/2021\/#website"},"datePublished":"2021-08-31T13:04:15+00:00","author":{"@id":"https:\/\/www.noticiasradioreflejos.com.ar\/2021\/#\/schema\/person\/ad82545263dcc5ec0996818884fd5fb1"},"breadcrumb":{"@id":"https:\/\/www.noticiasradioreflejos.com.ar\/2021\/como-pueden-solicitar-jubilados-y-pensionados-un-credito-anses-via-web\/#breadcrumb"},"inLanguage":"es","potentialAction":[{"@type":"ReadAction","target":["https:\/\/www.noticiasradioreflejos.com.ar\/2021\/como-pueden-solicitar-jubilados-y-pensionados-un-credito-anses-via-web\/"]}]},{"@type":"BreadcrumbList","@id":"https:\/\/www.noticiasradioreflejos.com.ar\/2021\/como-pueden-solicitar-jubilados-y-pensionados-un-credito-anses-via-web\/#breadcrumb","itemListElement":[{"@type":"ListItem","position":1,"name":"Portada","item":"https:\/\/www.noticiasradioreflejos.com.ar\/2021\/"},{"@type":"ListItem","position":2,"name":"C\u00f3mo pueden solicitar jubilados y pensionados un cr\u00e9dito ANSES v\u00eda web"}]},{"@type":"WebSite","@id":"https:\/\/www.noticiasradioreflejos.com.ar\/2021\/#website","url":"https:\/\/www.noticiasradioreflejos.com.ar\/2021\/","name":"Noticias Radio Reflejos","description":"Las noticias de mi comarca","potentialAction":[{"@type":"SearchAction","target":{"@type":"EntryPoint","urlTemplate":"https:\/\/www.noticiasradioreflejos.com.ar\/2021\/?s={search_term_string}"},"query-input":{"@type":"PropertyValueSpecification","valueRequired":true,"valueName":"search_term_string"}}],"inLanguage":"es"},{"@type":"Person","@id":"https:\/\/www.noticiasradioreflejos.com.ar\/2021\/#\/schema\/person\/ad82545263dcc5ec0996818884fd5fb1","name":"Arnaldo Botto","image":{"@type":"ImageObject","inLanguage":"es","@id":"https:\/\/www.noticiasradioreflejos.com.ar\/2021\/#\/schema\/person\/image\/","url":"https:\/\/secure.gravatar.com\/avatar\/55cb5e37c1efa326397366e6974cb338056df65cb50e7d64d1cf314e87504837?s=96&d=mm&r=g","contentUrl":"https:\/\/secure.gravatar.com\/avatar\/55cb5e37c1efa326397366e6974cb338056df65cb50e7d64d1cf314e87504837?s=96&d=mm&r=g","caption":"Arnaldo Botto"},"url":"https:\/\/www.noticiasradioreflejos.com.ar\/2021\/author\/arnaldo\/"}]}},"_links":{"self":[{"href":"https:\/\/www.noticiasradioreflejos.com.ar\/2021\/wp-json\/wp\/v2\/posts\/62185","targetHints":{"allow":["GET"]}}],"collection":[{"href":"https:\/\/www.noticiasradioreflejos.com.ar\/2021\/wp-json\/wp\/v2\/posts"}],"about":[{"href":"https:\/\/www.noticiasradioreflejos.com.ar\/2021\/wp-json\/wp\/v2\/types\/post"}],"author":[{"embeddable":true,"href":"https:\/\/www.noticiasradioreflejos.com.ar\/2021\/wp-json\/wp\/v2\/users\/3"}],"replies":[{"embeddable":true,"href":"https:\/\/www.noticiasradioreflejos.com.ar\/2021\/wp-json\/wp\/v2\/comments?post=62185"}],"version-history":[{"count":1,"href":"https:\/\/www.noticiasradioreflejos.com.ar\/2021\/wp-json\/wp\/v2\/posts\/62185\/revisions"}],"predecessor-version":[{"id":62187,"href":"https:\/\/www.noticiasradioreflejos.com.ar\/2021\/wp-json\/wp\/v2\/posts\/62185\/revisions\/62187"}],"wp:attachment":[{"href":"https:\/\/www.noticiasradioreflejos.com.ar\/2021\/wp-json\/wp\/v2\/media?parent=62185"}],"wp:term":[{"taxonomy":"category","embeddable":true,"href":"https:\/\/www.noticiasradioreflejos.com.ar\/2021\/wp-json\/wp\/v2\/categories?post=62185"},{"taxonomy":"post_tag","embeddable":true,"href":"https:\/\/www.noticiasradioreflejos.com.ar\/2021\/wp-json\/wp\/v2\/tags?post=62185"}],"curies":[{"name":"wp","href":"https:\/\/api.w.org\/{rel}","templated":true}]}}