{"id":62160,"date":"2021-08-31T10:58:48","date_gmt":"2021-08-31T10:58:48","guid":{"rendered":"http:\/\/www.noticiasradioreflejos.com.ar\/2021\/?p=62160"},"modified":"2021-10-05T13:33:27","modified_gmt":"2021-10-05T13:33:27","slug":"1-edicion-rural-bike-saldungaray","status":"publish","type":"post","link":"https:\/\/www.noticiasradioreflejos.com.ar\/2021\/1-edicion-rural-bike-saldungaray\/","title":{"rendered":"1\u00b0 Edici\u00f3n RURAL BIKE Saldungaray"},"content":{"rendered":"<p>El evento tendr\u00e1 lugar el 10 de octubre y la partida estar\u00e1 en el Aeroclub de la localidad serrana.<!--more--><\/p>\n<p><strong><em>Importante<\/em><\/strong><\/p>\n<ul>\n<li>Uso obligatorio de Casco para MTB (para <strong>todos los participantes)<\/strong>. Se recomienda, adem\u00e1s, el uso de gafas durante la competencia.<\/li>\n<li>Zona de concentraci\u00f3n <strong>Aeroclub Saldungaray<\/strong> (Sarmiento y Pellegrini)<\/li>\n<li>Inscripciones, \u00fanicamente, a trav\u00e9s de <a href=\"http:\/\/www.bahiacorre.com.ar\"><strong>bahiacorre.com.ar<\/strong><\/a><strong>, hasta el d\u00eda 06 de Octubre a las 19HS. <\/strong><\/li>\n<li>Cupos<\/li>\n<li>No se toman inscripciones el d\u00eda del evento (SIN EXCEPCION).<\/li>\n<li><strong>No arrojar BASURA<\/strong> de ning\u00fan tipo a m\u00e1s de 200 mts del puesto de hidrataci\u00f3n, ya que de hacerlo y ser observados, ser\u00e1n descalificados.<\/li>\n<\/ul>\n<p><strong><em>Horarios d\u00eda del evento<\/em><\/strong><\/p>\n<ul>\n<li>Entrega de n\u00fameros y chip desde las 08:00 hasta las 10:00.<\/li>\n<li>10:00 salida hacia el punto de largada.<\/li>\n<li>10:30 hs. Largada por categor\u00edas.<\/li>\n<li>Deber\u00e1n estar atentos y en formaci\u00f3n una categor\u00eda detr\u00e1s de la otra. (Cicloturistas largar\u00e1n luego de las categor\u00edas competitivas).<\/li>\n<li>El corredor que pierda su categor\u00eda, largara con la siguiente.<\/li>\n<li>N\u00famero con chip en la parte delantera de la bicicleta (Chip \u00fanicamente para categor\u00eda competitiva)<\/li>\n<\/ul>\n<p><strong><em>Servicios incluidos<\/em><\/strong><\/p>\n<ul>\n<li>Inscripci\u00f3n digital.<\/li>\n<li>Clasificaci\u00f3n por chip.<\/li>\n<li>Seguro del corredor.<\/li>\n<li>Banderilleros identificados.<\/li>\n<li>Ba\u00f1os con desinfecci\u00f3n permanente adicional norma covid.<\/li>\n<li>Ambulancia con norma covid.<\/li>\n<li>Trofeos para el 1ero al 3ro de cada categor\u00eda.<\/li>\n<li>Medallas Finisher para el resto de los participantes.<\/li>\n<\/ul>\n<p><strong><em>Cuidados para transitar &#8211; Protocolo Sanitario<\/em><\/strong><\/p>\n<ul>\n<li>Distanciamiento social (mantener una distancia m\u00ednima de 2 metros entre personas).<\/li>\n<li>No generar contacto f\u00edsico con otras personas (saludos, abrazos, besos, etc.).<\/li>\n<li>Evitar tocarse los ojos, la nariz y la boca.<\/li>\n<li>No generar reuniones grupales.<\/li>\n<li>Al toser o estornudar cubrirse la boca con el pliegue del codo, o con un pa\u00f1uelo desechable.<\/li>\n<li>No compartir elementos de uso personal (vasos, cubiertos, mate, elementos de higiene, etc.)<\/li>\n<li>Evitar el contacto con personas que est\u00e1n cursando infecciones respiratorias.<\/li>\n<li>Usar tapa bocas y nariz.<\/li>\n<li>Llevar alcohol en gel o diluido para higienizarse.<\/li>\n<li>Evitar el contacto f\u00edsico.<\/li>\n<li>Lavarse las manos con agua y jab\u00f3n, alcohol en gen o alcohol al 70 % antes y despu\u00e9s de salir de casa.<\/li>\n<\/ul>\n<p>Organiza: <strong>Agrupaci\u00f3n Ciclistas de Saldungaray<\/strong><\/p>\n<p>CONSULTAS: Whatsapp \u00a0291-5352019\/ 291-5731913<\/p>\n<p><a title=\"WhatsApp Image 2021-08-31 at 00.47.07\" href=\"https:\/\/www.flickr.com\/photos\/182279889@N02\/51414095982\/in\/dateposted-public\/\" data-flickr-embed=\"true\"><img loading=\"lazy\" decoding=\"async\" src=\"https:\/\/live.staticflickr.com\/65535\/51414095982_b2675d85c6_b.jpg\" alt=\"WhatsApp Image 2021-08-31 at 00.47.07\" width=\"720\" height=\"928\" \/><\/a><script async src=\"\/\/embedr.flickr.com\/assets\/client-code.js\" charset=\"utf-8\"><\/script><\/p>\n","protected":false},"excerpt":{"rendered":"<p>El evento tendr\u00e1 lugar el 10 de octubre y la partida estar\u00e1 en el Aeroclub de la localidad serrana.<\/p>\n","protected":false},"author":3,"featured_media":0,"comment_status":"closed","ping_status":"closed","sticky":false,"template":"","format":"standard","meta":{"footnotes":""},"categories":[27],"tags":[],"class_list":["post-62160","post","type-post","status-publish","format-standard","hentry","category-deportes"],"yoast_head":"<!-- This site is optimized with the Yoast SEO plugin v25.9 - https:\/\/yoast.com\/wordpress\/plugins\/seo\/ -->\n<title>1\u00b0 Edici\u00f3n RURAL BIKE Saldungaray - Noticias Radio Reflejos<\/title>\n<meta name=\"robots\" content=\"index, follow, max-snippet:-1, max-image-preview:large, max-video-preview:-1\" \/>\n<link rel=\"canonical\" href=\"https:\/\/www.noticiasradioreflejos.com.ar\/2021\/1-edicion-rural-bike-saldungaray\/\" \/>\n<meta property=\"og:locale\" content=\"es_ES\" \/>\n<meta property=\"og:type\" content=\"article\" \/>\n<meta property=\"og:title\" content=\"1\u00b0 Edici\u00f3n RURAL BIKE Saldungaray - Noticias Radio Reflejos\" \/>\n<meta property=\"og:description\" content=\"El evento tendr\u00e1 lugar el 10 de octubre y la partida estar\u00e1 en el Aeroclub de la localidad serrana.\" \/>\n<meta property=\"og:url\" content=\"https:\/\/www.noticiasradioreflejos.com.ar\/2021\/1-edicion-rural-bike-saldungaray\/\" \/>\n<meta property=\"og:site_name\" content=\"Noticias Radio Reflejos\" \/>\n<meta property=\"article:published_time\" content=\"2021-08-31T10:58:48+00:00\" \/>\n<meta property=\"article:modified_time\" content=\"2021-10-05T13:33:27+00:00\" \/>\n<meta property=\"og:image\" content=\"https:\/\/live.staticflickr.com\/65535\/51414095982_b2675d85c6_b.jpg\" \/>\n<meta name=\"author\" content=\"Arnaldo Botto\" \/>\n<meta name=\"twitter:card\" content=\"summary_large_image\" \/>\n<script type=\"application\/ld+json\" class=\"yoast-schema-graph\">{\"@context\":\"https:\/\/schema.org\",\"@graph\":[{\"@type\":\"WebPage\",\"@id\":\"https:\/\/www.noticiasradioreflejos.com.ar\/2021\/1-edicion-rural-bike-saldungaray\/\",\"url\":\"https:\/\/www.noticiasradioreflejos.com.ar\/2021\/1-edicion-rural-bike-saldungaray\/\",\"name\":\"1\u00b0 Edici\u00f3n RURAL BIKE Saldungaray - Noticias Radio Reflejos\",\"isPartOf\":{\"@id\":\"https:\/\/www.noticiasradioreflejos.com.ar\/2021\/#website\"},\"primaryImageOfPage\":{\"@id\":\"https:\/\/www.noticiasradioreflejos.com.ar\/2021\/1-edicion-rural-bike-saldungaray\/#primaryimage\"},\"image\":{\"@id\":\"https:\/\/www.noticiasradioreflejos.com.ar\/2021\/1-edicion-rural-bike-saldungaray\/#primaryimage\"},\"thumbnailUrl\":\"https:\/\/live.staticflickr.com\/65535\/51414095982_b2675d85c6_b.jpg\",\"datePublished\":\"2021-08-31T10:58:48+00:00\",\"dateModified\":\"2021-10-05T13:33:27+00:00\",\"author\":{\"@id\":\"https:\/\/www.noticiasradioreflejos.com.ar\/2021\/#\/schema\/person\/ad82545263dcc5ec0996818884fd5fb1\"},\"breadcrumb\":{\"@id\":\"https:\/\/www.noticiasradioreflejos.com.ar\/2021\/1-edicion-rural-bike-saldungaray\/#breadcrumb\"},\"inLanguage\":\"es\",\"potentialAction\":[{\"@type\":\"ReadAction\",\"target\":[\"https:\/\/www.noticiasradioreflejos.com.ar\/2021\/1-edicion-rural-bike-saldungaray\/\"]}]},{\"@type\":\"ImageObject\",\"inLanguage\":\"es\",\"@id\":\"https:\/\/www.noticiasradioreflejos.com.ar\/2021\/1-edicion-rural-bike-saldungaray\/#primaryimage\",\"url\":\"https:\/\/live.staticflickr.com\/65535\/51414095982_b2675d85c6_b.jpg\",\"contentUrl\":\"https:\/\/live.staticflickr.com\/65535\/51414095982_b2675d85c6_b.jpg\"},{\"@type\":\"BreadcrumbList\",\"@id\":\"https:\/\/www.noticiasradioreflejos.com.ar\/2021\/1-edicion-rural-bike-saldungaray\/#breadcrumb\",\"itemListElement\":[{\"@type\":\"ListItem\",\"position\":1,\"name\":\"Portada\",\"item\":\"https:\/\/www.noticiasradioreflejos.com.ar\/2021\/\"},{\"@type\":\"ListItem\",\"position\":2,\"name\":\"1\u00b0 Edici\u00f3n RURAL BIKE Saldungaray\"}]},{\"@type\":\"WebSite\",\"@id\":\"https:\/\/www.noticiasradioreflejos.com.ar\/2021\/#website\",\"url\":\"https:\/\/www.noticiasradioreflejos.com.ar\/2021\/\",\"name\":\"Noticias Radio Reflejos\",\"description\":\"Las noticias de mi comarca\",\"potentialAction\":[{\"@type\":\"SearchAction\",\"target\":{\"@type\":\"EntryPoint\",\"urlTemplate\":\"https:\/\/www.noticiasradioreflejos.com.ar\/2021\/?s={search_term_string}\"},\"query-input\":{\"@type\":\"PropertyValueSpecification\",\"valueRequired\":true,\"valueName\":\"search_term_string\"}}],\"inLanguage\":\"es\"},{\"@type\":\"Person\",\"@id\":\"https:\/\/www.noticiasradioreflejos.com.ar\/2021\/#\/schema\/person\/ad82545263dcc5ec0996818884fd5fb1\",\"name\":\"Arnaldo Botto\",\"image\":{\"@type\":\"ImageObject\",\"inLanguage\":\"es\",\"@id\":\"https:\/\/www.noticiasradioreflejos.com.ar\/2021\/#\/schema\/person\/image\/\",\"url\":\"https:\/\/secure.gravatar.com\/avatar\/55cb5e37c1efa326397366e6974cb338056df65cb50e7d64d1cf314e87504837?s=96&d=mm&r=g\",\"contentUrl\":\"https:\/\/secure.gravatar.com\/avatar\/55cb5e37c1efa326397366e6974cb338056df65cb50e7d64d1cf314e87504837?s=96&d=mm&r=g\",\"caption\":\"Arnaldo Botto\"},\"url\":\"https:\/\/www.noticiasradioreflejos.com.ar\/2021\/author\/arnaldo\/\"}]}<\/script>\n<!-- \/ Yoast SEO plugin. -->","yoast_head_json":{"title":"1\u00b0 Edici\u00f3n RURAL BIKE Saldungaray - Noticias Radio Reflejos","robots":{"index":"index","follow":"follow","max-snippet":"max-snippet:-1","max-image-preview":"max-image-preview:large","max-video-preview":"max-video-preview:-1"},"canonical":"https:\/\/www.noticiasradioreflejos.com.ar\/2021\/1-edicion-rural-bike-saldungaray\/","og_locale":"es_ES","og_type":"article","og_title":"1\u00b0 Edici\u00f3n RURAL BIKE Saldungaray - Noticias Radio Reflejos","og_description":"El evento tendr\u00e1 lugar el 10 de octubre y la partida estar\u00e1 en el Aeroclub de la localidad serrana.","og_url":"https:\/\/www.noticiasradioreflejos.com.ar\/2021\/1-edicion-rural-bike-saldungaray\/","og_site_name":"Noticias Radio Reflejos","article_published_time":"2021-08-31T10:58:48+00:00","article_modified_time":"2021-10-05T13:33:27+00:00","og_image":[{"url":"https:\/\/live.staticflickr.com\/65535\/51414095982_b2675d85c6_b.jpg","type":"","width":"","height":""}],"author":"Arnaldo Botto","twitter_card":"summary_large_image","schema":{"@context":"https:\/\/schema.org","@graph":[{"@type":"WebPage","@id":"https:\/\/www.noticiasradioreflejos.com.ar\/2021\/1-edicion-rural-bike-saldungaray\/","url":"https:\/\/www.noticiasradioreflejos.com.ar\/2021\/1-edicion-rural-bike-saldungaray\/","name":"1\u00b0 Edici\u00f3n RURAL BIKE Saldungaray - Noticias Radio Reflejos","isPartOf":{"@id":"https:\/\/www.noticiasradioreflejos.com.ar\/2021\/#website"},"primaryImageOfPage":{"@id":"https:\/\/www.noticiasradioreflejos.com.ar\/2021\/1-edicion-rural-bike-saldungaray\/#primaryimage"},"image":{"@id":"https:\/\/www.noticiasradioreflejos.com.ar\/2021\/1-edicion-rural-bike-saldungaray\/#primaryimage"},"thumbnailUrl":"https:\/\/live.staticflickr.com\/65535\/51414095982_b2675d85c6_b.jpg","datePublished":"2021-08-31T10:58:48+00:00","dateModified":"2021-10-05T13:33:27+00:00","author":{"@id":"https:\/\/www.noticiasradioreflejos.com.ar\/2021\/#\/schema\/person\/ad82545263dcc5ec0996818884fd5fb1"},"breadcrumb":{"@id":"https:\/\/www.noticiasradioreflejos.com.ar\/2021\/1-edicion-rural-bike-saldungaray\/#breadcrumb"},"inLanguage":"es","potentialAction":[{"@type":"ReadAction","target":["https:\/\/www.noticiasradioreflejos.com.ar\/2021\/1-edicion-rural-bike-saldungaray\/"]}]},{"@type":"ImageObject","inLanguage":"es","@id":"https:\/\/www.noticiasradioreflejos.com.ar\/2021\/1-edicion-rural-bike-saldungaray\/#primaryimage","url":"https:\/\/live.staticflickr.com\/65535\/51414095982_b2675d85c6_b.jpg","contentUrl":"https:\/\/live.staticflickr.com\/65535\/51414095982_b2675d85c6_b.jpg"},{"@type":"BreadcrumbList","@id":"https:\/\/www.noticiasradioreflejos.com.ar\/2021\/1-edicion-rural-bike-saldungaray\/#breadcrumb","itemListElement":[{"@type":"ListItem","position":1,"name":"Portada","item":"https:\/\/www.noticiasradioreflejos.com.ar\/2021\/"},{"@type":"ListItem","position":2,"name":"1\u00b0 Edici\u00f3n RURAL BIKE Saldungaray"}]},{"@type":"WebSite","@id":"https:\/\/www.noticiasradioreflejos.com.ar\/2021\/#website","url":"https:\/\/www.noticiasradioreflejos.com.ar\/2021\/","name":"Noticias Radio Reflejos","description":"Las noticias de mi comarca","potentialAction":[{"@type":"SearchAction","target":{"@type":"EntryPoint","urlTemplate":"https:\/\/www.noticiasradioreflejos.com.ar\/2021\/?s={search_term_string}"},"query-input":{"@type":"PropertyValueSpecification","valueRequired":true,"valueName":"search_term_string"}}],"inLanguage":"es"},{"@type":"Person","@id":"https:\/\/www.noticiasradioreflejos.com.ar\/2021\/#\/schema\/person\/ad82545263dcc5ec0996818884fd5fb1","name":"Arnaldo Botto","image":{"@type":"ImageObject","inLanguage":"es","@id":"https:\/\/www.noticiasradioreflejos.com.ar\/2021\/#\/schema\/person\/image\/","url":"https:\/\/secure.gravatar.com\/avatar\/55cb5e37c1efa326397366e6974cb338056df65cb50e7d64d1cf314e87504837?s=96&d=mm&r=g","contentUrl":"https:\/\/secure.gravatar.com\/avatar\/55cb5e37c1efa326397366e6974cb338056df65cb50e7d64d1cf314e87504837?s=96&d=mm&r=g","caption":"Arnaldo Botto"},"url":"https:\/\/www.noticiasradioreflejos.com.ar\/2021\/author\/arnaldo\/"}]}},"_links":{"self":[{"href":"https:\/\/www.noticiasradioreflejos.com.ar\/2021\/wp-json\/wp\/v2\/posts\/62160","targetHints":{"allow":["GET"]}}],"collection":[{"href":"https:\/\/www.noticiasradioreflejos.com.ar\/2021\/wp-json\/wp\/v2\/posts"}],"about":[{"href":"https:\/\/www.noticiasradioreflejos.com.ar\/2021\/wp-json\/wp\/v2\/types\/post"}],"author":[{"embeddable":true,"href":"https:\/\/www.noticiasradioreflejos.com.ar\/2021\/wp-json\/wp\/v2\/users\/3"}],"replies":[{"embeddable":true,"href":"https:\/\/www.noticiasradioreflejos.com.ar\/2021\/wp-json\/wp\/v2\/comments?post=62160"}],"version-history":[{"count":1,"href":"https:\/\/www.noticiasradioreflejos.com.ar\/2021\/wp-json\/wp\/v2\/posts\/62160\/revisions"}],"predecessor-version":[{"id":62162,"href":"https:\/\/www.noticiasradioreflejos.com.ar\/2021\/wp-json\/wp\/v2\/posts\/62160\/revisions\/62162"}],"wp:attachment":[{"href":"https:\/\/www.noticiasradioreflejos.com.ar\/2021\/wp-json\/wp\/v2\/media?parent=62160"}],"wp:term":[{"taxonomy":"category","embeddable":true,"href":"https:\/\/www.noticiasradioreflejos.com.ar\/2021\/wp-json\/wp\/v2\/categories?post=62160"},{"taxonomy":"post_tag","embeddable":true,"href":"https:\/\/www.noticiasradioreflejos.com.ar\/2021\/wp-json\/wp\/v2\/tags?post=62160"}],"curies":[{"name":"wp","href":"https:\/\/api.w.org\/{rel}","templated":true}]}}