{"id":62146,"date":"2021-08-30T23:19:01","date_gmt":"2021-08-30T23:19:01","guid":{"rendered":"http:\/\/www.noticiasradioreflejos.com.ar\/2021\/?p=62146"},"modified":"2021-08-30T23:21:25","modified_gmt":"2021-08-30T23:21:25","slug":"muestra-fotografica-en-saldungaray-me-parecio-que-este-era-el-mejor-espacio-para-exhibirlas","status":"publish","type":"post","link":"https:\/\/www.noticiasradioreflejos.com.ar\/2021\/muestra-fotografica-en-saldungaray-me-parecio-que-este-era-el-mejor-espacio-para-exhibirlas\/","title":{"rendered":"Muestra fotogr\u00e1fica en Saldungaray: \u00abMe pareci\u00f3 que este era el mejor espacio para exhibirlas\u00bb"},"content":{"rendered":"<p>Con motivo de los festejos del 121\u00b0 aniversario de Saldungaray, la biblioteca Popular Gral San Mart\u00edn organiz\u00f3 una muestra fotogr\u00e1fica de <strong>Roberto Dube<\/strong>; Vecino, comerciante y gran colaborador de todas las instituciones, donde se desempe\u00f1\u00f3 incluso como Presidente de la comisi\u00f3n de festejos del centenario de la localidad.<!--more--><\/p>\n<p><a title=\"12 Aniv. de Saldu (20)\" href=\"https:\/\/www.flickr.com\/photos\/182279889@N02\/51414696544\/in\/dateposted-public\/\" data-flickr-embed=\"true\"><img loading=\"lazy\" decoding=\"async\" src=\"https:\/\/live.staticflickr.com\/65535\/51414696544_43f18c2c53_c.jpg\" alt=\"12 Aniv. de Saldu (20)\" width=\"800\" height=\"450\" \/><\/a><script async src=\"\/\/embedr.flickr.com\/assets\/client-code.js\" charset=\"utf-8\"><\/script><\/p>\n<p>&nbsp;<\/p>\n<p>\u00abEs una vocaci\u00f3n que tengo la de estar colaborando, no espero que me pidan nada, trato de adelantarme. No me pareci\u00f3 que pase otro a\u00f1o desapercibido\u00bb opin\u00f3 Roberto acerca de la celebraci\u00f3n del aniversario de Saldungaray.<\/p>\n<p><a title=\"Biblioteca Saldungaray\" href=\"https:\/\/www.flickr.com\/photos\/182279889@N02\/51414209503\/in\/dateposted-public\/\" data-flickr-embed=\"true\"><img loading=\"lazy\" decoding=\"async\" src=\"https:\/\/live.staticflickr.com\/65535\/51414209503_b0ce1edee2_c.jpg\" alt=\"Biblioteca Saldungaray\" width=\"800\" height=\"450\" \/><\/a><script async src=\"\/\/embedr.flickr.com\/assets\/client-code.js\" charset=\"utf-8\"><\/script><\/p>\n<p>\u00abTen\u00eda unas 200 fotos. Seleccionamos y la verdad que una colaboraci\u00f3n impresionante de parte de todas las chicas de comisi\u00f3n el d\u00eda que vinimos a armarlo, es digno de destacarlo. Me pareci\u00f3 que este era el mejor espacio para exhibirlas\u00bb se refiri\u00f3 a la Biblioteca Popular Gral. San Mart\u00edn.<\/p>\n<p><a title=\"12 Aniv. de Saldu (22)\" href=\"https:\/\/www.flickr.com\/photos\/182279889@N02\/51413197247\/in\/dateposted-public\/\" data-flickr-embed=\"true\"><img loading=\"lazy\" decoding=\"async\" src=\"https:\/\/live.staticflickr.com\/65535\/51413197247_9c8b9b4e14_c.jpg\" alt=\"12 Aniv. de Saldu (22)\" width=\"800\" height=\"450\" \/><\/a><script async src=\"\/\/embedr.flickr.com\/assets\/client-code.js\" charset=\"utf-8\"><\/script><\/p>\n<p>Roberto nos mostr\u00f3 varias de sus fotos preferidas, entre ellas, se destacan unas que tom\u00f3 en la entrada del pueblo, de la bicisenda con los \u00e1rboles que la rodean y otra de las sierras llenas de nieve.<\/p>\n<p>\u00abCreo que fue a partir del 68\u00bb se refiri\u00f3 a la fecha de sus inicios en la fotograf\u00eda.<\/p>\n<p>Para finalizar, Roberto inform\u00f3 que para Octubre realizar\u00e1 otra exposici\u00f3n fotogr\u00e1fica exclusiva del Club Porte\u00f1o de Saldungaray.<\/p>\n<p>Nota completa a continuaci\u00f3n:<br \/>\n<iframe loading=\"lazy\" title=\"YouTube video player\" src=\"https:\/\/www.youtube.com\/embed\/DHS7i_gt0uI\" width=\"560\" height=\"315\" frameborder=\"0\" allowfullscreen=\"allowfullscreen\"><\/iframe><\/p>\n","protected":false},"excerpt":{"rendered":"<p>Con motivo de los festejos del 121\u00b0 aniversario de Saldungaray, la biblioteca Popular Gral San Mart\u00edn organiz\u00f3 una muestra fotogr\u00e1fica de Roberto Dube; Vecino, comerciante y gran colaborador de todas las instituciones, donde se desempe\u00f1\u00f3 incluso como Presidente de la comisi\u00f3n de festejos del centenario de la localidad.<\/p>\n","protected":false},"author":3,"featured_media":62156,"comment_status":"closed","ping_status":"closed","sticky":false,"template":"","format":"standard","meta":{"footnotes":""},"categories":[35],"tags":[48],"class_list":["post-62146","post","type-post","status-publish","format-standard","has-post-thumbnail","hentry","category-cultura","tag-destacada"],"yoast_head":"<!-- This site is optimized with the Yoast SEO plugin v25.9 - https:\/\/yoast.com\/wordpress\/plugins\/seo\/ -->\n<title>Muestra fotogr\u00e1fica en Saldungaray: &quot;Me pareci\u00f3 que este era el mejor espacio para exhibirlas&quot; - Noticias Radio Reflejos<\/title>\n<meta name=\"robots\" content=\"index, follow, max-snippet:-1, max-image-preview:large, max-video-preview:-1\" \/>\n<link rel=\"canonical\" href=\"https:\/\/www.noticiasradioreflejos.com.ar\/2021\/muestra-fotografica-en-saldungaray-me-parecio-que-este-era-el-mejor-espacio-para-exhibirlas\/\" \/>\n<meta property=\"og:locale\" content=\"es_ES\" \/>\n<meta property=\"og:type\" content=\"article\" \/>\n<meta property=\"og:title\" content=\"Muestra fotogr\u00e1fica en Saldungaray: &quot;Me pareci\u00f3 que este era el mejor espacio para exhibirlas&quot; - Noticias Radio Reflejos\" \/>\n<meta property=\"og:description\" content=\"Con motivo de los festejos del 121\u00b0 aniversario de Saldungaray, la biblioteca Popular Gral San Mart\u00edn organiz\u00f3 una muestra fotogr\u00e1fica de Roberto Dube; Vecino, comerciante y gran colaborador de todas las instituciones, donde se desempe\u00f1\u00f3 incluso como Presidente de la comisi\u00f3n de festejos del centenario de la localidad.\" \/>\n<meta property=\"og:url\" content=\"https:\/\/www.noticiasradioreflejos.com.ar\/2021\/muestra-fotografica-en-saldungaray-me-parecio-que-este-era-el-mejor-espacio-para-exhibirlas\/\" \/>\n<meta property=\"og:site_name\" content=\"Noticias Radio Reflejos\" \/>\n<meta property=\"article:published_time\" content=\"2021-08-30T23:19:01+00:00\" \/>\n<meta property=\"article:modified_time\" content=\"2021-08-30T23:21:25+00:00\" \/>\n<meta property=\"og:image\" content=\"https:\/\/www.noticiasradioreflejos.com.ar\/2021\/wp-content\/uploads\/2021\/08\/12-Aniv.-de-Saldu-23.jpg\" \/>\n\t<meta property=\"og:image:width\" content=\"2304\" \/>\n\t<meta property=\"og:image:height\" content=\"1296\" \/>\n\t<meta property=\"og:image:type\" content=\"image\/jpeg\" \/>\n<meta name=\"author\" content=\"Arnaldo Botto\" \/>\n<meta name=\"twitter:card\" content=\"summary_large_image\" \/>\n<script type=\"application\/ld+json\" class=\"yoast-schema-graph\">{\"@context\":\"https:\/\/schema.org\",\"@graph\":[{\"@type\":\"WebPage\",\"@id\":\"https:\/\/www.noticiasradioreflejos.com.ar\/2021\/muestra-fotografica-en-saldungaray-me-parecio-que-este-era-el-mejor-espacio-para-exhibirlas\/\",\"url\":\"https:\/\/www.noticiasradioreflejos.com.ar\/2021\/muestra-fotografica-en-saldungaray-me-parecio-que-este-era-el-mejor-espacio-para-exhibirlas\/\",\"name\":\"Muestra fotogr\u00e1fica en Saldungaray: \\\"Me pareci\u00f3 que este era el mejor espacio para exhibirlas\\\" - Noticias Radio Reflejos\",\"isPartOf\":{\"@id\":\"https:\/\/www.noticiasradioreflejos.com.ar\/2021\/#website\"},\"primaryImageOfPage\":{\"@id\":\"https:\/\/www.noticiasradioreflejos.com.ar\/2021\/muestra-fotografica-en-saldungaray-me-parecio-que-este-era-el-mejor-espacio-para-exhibirlas\/#primaryimage\"},\"image\":{\"@id\":\"https:\/\/www.noticiasradioreflejos.com.ar\/2021\/muestra-fotografica-en-saldungaray-me-parecio-que-este-era-el-mejor-espacio-para-exhibirlas\/#primaryimage\"},\"thumbnailUrl\":\"https:\/\/www.noticiasradioreflejos.com.ar\/2021\/wp-content\/uploads\/2021\/08\/12-Aniv.-de-Saldu-23.jpg\",\"datePublished\":\"2021-08-30T23:19:01+00:00\",\"dateModified\":\"2021-08-30T23:21:25+00:00\",\"author\":{\"@id\":\"https:\/\/www.noticiasradioreflejos.com.ar\/2021\/#\/schema\/person\/ad82545263dcc5ec0996818884fd5fb1\"},\"breadcrumb\":{\"@id\":\"https:\/\/www.noticiasradioreflejos.com.ar\/2021\/muestra-fotografica-en-saldungaray-me-parecio-que-este-era-el-mejor-espacio-para-exhibirlas\/#breadcrumb\"},\"inLanguage\":\"es\",\"potentialAction\":[{\"@type\":\"ReadAction\",\"target\":[\"https:\/\/www.noticiasradioreflejos.com.ar\/2021\/muestra-fotografica-en-saldungaray-me-parecio-que-este-era-el-mejor-espacio-para-exhibirlas\/\"]}]},{\"@type\":\"ImageObject\",\"inLanguage\":\"es\",\"@id\":\"https:\/\/www.noticiasradioreflejos.com.ar\/2021\/muestra-fotografica-en-saldungaray-me-parecio-que-este-era-el-mejor-espacio-para-exhibirlas\/#primaryimage\",\"url\":\"https:\/\/www.noticiasradioreflejos.com.ar\/2021\/wp-content\/uploads\/2021\/08\/12-Aniv.-de-Saldu-23.jpg\",\"contentUrl\":\"https:\/\/www.noticiasradioreflejos.com.ar\/2021\/wp-content\/uploads\/2021\/08\/12-Aniv.-de-Saldu-23.jpg\",\"width\":2304,\"height\":1296},{\"@type\":\"BreadcrumbList\",\"@id\":\"https:\/\/www.noticiasradioreflejos.com.ar\/2021\/muestra-fotografica-en-saldungaray-me-parecio-que-este-era-el-mejor-espacio-para-exhibirlas\/#breadcrumb\",\"itemListElement\":[{\"@type\":\"ListItem\",\"position\":1,\"name\":\"Portada\",\"item\":\"https:\/\/www.noticiasradioreflejos.com.ar\/2021\/\"},{\"@type\":\"ListItem\",\"position\":2,\"name\":\"Muestra fotogr\u00e1fica en Saldungaray: \u00abMe pareci\u00f3 que este era el mejor espacio para exhibirlas\u00bb\"}]},{\"@type\":\"WebSite\",\"@id\":\"https:\/\/www.noticiasradioreflejos.com.ar\/2021\/#website\",\"url\":\"https:\/\/www.noticiasradioreflejos.com.ar\/2021\/\",\"name\":\"Noticias Radio Reflejos\",\"description\":\"Las noticias de mi comarca\",\"potentialAction\":[{\"@type\":\"SearchAction\",\"target\":{\"@type\":\"EntryPoint\",\"urlTemplate\":\"https:\/\/www.noticiasradioreflejos.com.ar\/2021\/?s={search_term_string}\"},\"query-input\":{\"@type\":\"PropertyValueSpecification\",\"valueRequired\":true,\"valueName\":\"search_term_string\"}}],\"inLanguage\":\"es\"},{\"@type\":\"Person\",\"@id\":\"https:\/\/www.noticiasradioreflejos.com.ar\/2021\/#\/schema\/person\/ad82545263dcc5ec0996818884fd5fb1\",\"name\":\"Arnaldo Botto\",\"image\":{\"@type\":\"ImageObject\",\"inLanguage\":\"es\",\"@id\":\"https:\/\/www.noticiasradioreflejos.com.ar\/2021\/#\/schema\/person\/image\/\",\"url\":\"https:\/\/secure.gravatar.com\/avatar\/55cb5e37c1efa326397366e6974cb338056df65cb50e7d64d1cf314e87504837?s=96&d=mm&r=g\",\"contentUrl\":\"https:\/\/secure.gravatar.com\/avatar\/55cb5e37c1efa326397366e6974cb338056df65cb50e7d64d1cf314e87504837?s=96&d=mm&r=g\",\"caption\":\"Arnaldo Botto\"},\"url\":\"https:\/\/www.noticiasradioreflejos.com.ar\/2021\/author\/arnaldo\/\"}]}<\/script>\n<!-- \/ Yoast SEO plugin. -->","yoast_head_json":{"title":"Muestra fotogr\u00e1fica en Saldungaray: \"Me pareci\u00f3 que este era el mejor espacio para exhibirlas\" - Noticias Radio Reflejos","robots":{"index":"index","follow":"follow","max-snippet":"max-snippet:-1","max-image-preview":"max-image-preview:large","max-video-preview":"max-video-preview:-1"},"canonical":"https:\/\/www.noticiasradioreflejos.com.ar\/2021\/muestra-fotografica-en-saldungaray-me-parecio-que-este-era-el-mejor-espacio-para-exhibirlas\/","og_locale":"es_ES","og_type":"article","og_title":"Muestra fotogr\u00e1fica en Saldungaray: \"Me pareci\u00f3 que este era el mejor espacio para exhibirlas\" - Noticias Radio Reflejos","og_description":"Con motivo de los festejos del 121\u00b0 aniversario de Saldungaray, la biblioteca Popular Gral San Mart\u00edn organiz\u00f3 una muestra fotogr\u00e1fica de Roberto Dube; Vecino, comerciante y gran colaborador de todas las instituciones, donde se desempe\u00f1\u00f3 incluso como Presidente de la comisi\u00f3n de festejos del centenario de la localidad.","og_url":"https:\/\/www.noticiasradioreflejos.com.ar\/2021\/muestra-fotografica-en-saldungaray-me-parecio-que-este-era-el-mejor-espacio-para-exhibirlas\/","og_site_name":"Noticias Radio Reflejos","article_published_time":"2021-08-30T23:19:01+00:00","article_modified_time":"2021-08-30T23:21:25+00:00","og_image":[{"width":2304,"height":1296,"url":"https:\/\/www.noticiasradioreflejos.com.ar\/2021\/wp-content\/uploads\/2021\/08\/12-Aniv.-de-Saldu-23.jpg","type":"image\/jpeg"}],"author":"Arnaldo Botto","twitter_card":"summary_large_image","schema":{"@context":"https:\/\/schema.org","@graph":[{"@type":"WebPage","@id":"https:\/\/www.noticiasradioreflejos.com.ar\/2021\/muestra-fotografica-en-saldungaray-me-parecio-que-este-era-el-mejor-espacio-para-exhibirlas\/","url":"https:\/\/www.noticiasradioreflejos.com.ar\/2021\/muestra-fotografica-en-saldungaray-me-parecio-que-este-era-el-mejor-espacio-para-exhibirlas\/","name":"Muestra fotogr\u00e1fica en Saldungaray: \"Me pareci\u00f3 que este era el mejor espacio para exhibirlas\" - Noticias Radio Reflejos","isPartOf":{"@id":"https:\/\/www.noticiasradioreflejos.com.ar\/2021\/#website"},"primaryImageOfPage":{"@id":"https:\/\/www.noticiasradioreflejos.com.ar\/2021\/muestra-fotografica-en-saldungaray-me-parecio-que-este-era-el-mejor-espacio-para-exhibirlas\/#primaryimage"},"image":{"@id":"https:\/\/www.noticiasradioreflejos.com.ar\/2021\/muestra-fotografica-en-saldungaray-me-parecio-que-este-era-el-mejor-espacio-para-exhibirlas\/#primaryimage"},"thumbnailUrl":"https:\/\/www.noticiasradioreflejos.com.ar\/2021\/wp-content\/uploads\/2021\/08\/12-Aniv.-de-Saldu-23.jpg","datePublished":"2021-08-30T23:19:01+00:00","dateModified":"2021-08-30T23:21:25+00:00","author":{"@id":"https:\/\/www.noticiasradioreflejos.com.ar\/2021\/#\/schema\/person\/ad82545263dcc5ec0996818884fd5fb1"},"breadcrumb":{"@id":"https:\/\/www.noticiasradioreflejos.com.ar\/2021\/muestra-fotografica-en-saldungaray-me-parecio-que-este-era-el-mejor-espacio-para-exhibirlas\/#breadcrumb"},"inLanguage":"es","potentialAction":[{"@type":"ReadAction","target":["https:\/\/www.noticiasradioreflejos.com.ar\/2021\/muestra-fotografica-en-saldungaray-me-parecio-que-este-era-el-mejor-espacio-para-exhibirlas\/"]}]},{"@type":"ImageObject","inLanguage":"es","@id":"https:\/\/www.noticiasradioreflejos.com.ar\/2021\/muestra-fotografica-en-saldungaray-me-parecio-que-este-era-el-mejor-espacio-para-exhibirlas\/#primaryimage","url":"https:\/\/www.noticiasradioreflejos.com.ar\/2021\/wp-content\/uploads\/2021\/08\/12-Aniv.-de-Saldu-23.jpg","contentUrl":"https:\/\/www.noticiasradioreflejos.com.ar\/2021\/wp-content\/uploads\/2021\/08\/12-Aniv.-de-Saldu-23.jpg","width":2304,"height":1296},{"@type":"BreadcrumbList","@id":"https:\/\/www.noticiasradioreflejos.com.ar\/2021\/muestra-fotografica-en-saldungaray-me-parecio-que-este-era-el-mejor-espacio-para-exhibirlas\/#breadcrumb","itemListElement":[{"@type":"ListItem","position":1,"name":"Portada","item":"https:\/\/www.noticiasradioreflejos.com.ar\/2021\/"},{"@type":"ListItem","position":2,"name":"Muestra fotogr\u00e1fica en Saldungaray: \u00abMe pareci\u00f3 que este era el mejor espacio para exhibirlas\u00bb"}]},{"@type":"WebSite","@id":"https:\/\/www.noticiasradioreflejos.com.ar\/2021\/#website","url":"https:\/\/www.noticiasradioreflejos.com.ar\/2021\/","name":"Noticias Radio Reflejos","description":"Las noticias de mi comarca","potentialAction":[{"@type":"SearchAction","target":{"@type":"EntryPoint","urlTemplate":"https:\/\/www.noticiasradioreflejos.com.ar\/2021\/?s={search_term_string}"},"query-input":{"@type":"PropertyValueSpecification","valueRequired":true,"valueName":"search_term_string"}}],"inLanguage":"es"},{"@type":"Person","@id":"https:\/\/www.noticiasradioreflejos.com.ar\/2021\/#\/schema\/person\/ad82545263dcc5ec0996818884fd5fb1","name":"Arnaldo Botto","image":{"@type":"ImageObject","inLanguage":"es","@id":"https:\/\/www.noticiasradioreflejos.com.ar\/2021\/#\/schema\/person\/image\/","url":"https:\/\/secure.gravatar.com\/avatar\/55cb5e37c1efa326397366e6974cb338056df65cb50e7d64d1cf314e87504837?s=96&d=mm&r=g","contentUrl":"https:\/\/secure.gravatar.com\/avatar\/55cb5e37c1efa326397366e6974cb338056df65cb50e7d64d1cf314e87504837?s=96&d=mm&r=g","caption":"Arnaldo Botto"},"url":"https:\/\/www.noticiasradioreflejos.com.ar\/2021\/author\/arnaldo\/"}]}},"_links":{"self":[{"href":"https:\/\/www.noticiasradioreflejos.com.ar\/2021\/wp-json\/wp\/v2\/posts\/62146","targetHints":{"allow":["GET"]}}],"collection":[{"href":"https:\/\/www.noticiasradioreflejos.com.ar\/2021\/wp-json\/wp\/v2\/posts"}],"about":[{"href":"https:\/\/www.noticiasradioreflejos.com.ar\/2021\/wp-json\/wp\/v2\/types\/post"}],"author":[{"embeddable":true,"href":"https:\/\/www.noticiasradioreflejos.com.ar\/2021\/wp-json\/wp\/v2\/users\/3"}],"replies":[{"embeddable":true,"href":"https:\/\/www.noticiasradioreflejos.com.ar\/2021\/wp-json\/wp\/v2\/comments?post=62146"}],"version-history":[{"count":4,"href":"https:\/\/www.noticiasradioreflejos.com.ar\/2021\/wp-json\/wp\/v2\/posts\/62146\/revisions"}],"predecessor-version":[{"id":62159,"href":"https:\/\/www.noticiasradioreflejos.com.ar\/2021\/wp-json\/wp\/v2\/posts\/62146\/revisions\/62159"}],"wp:featuredmedia":[{"embeddable":true,"href":"https:\/\/www.noticiasradioreflejos.com.ar\/2021\/wp-json\/wp\/v2\/media\/62156"}],"wp:attachment":[{"href":"https:\/\/www.noticiasradioreflejos.com.ar\/2021\/wp-json\/wp\/v2\/media?parent=62146"}],"wp:term":[{"taxonomy":"category","embeddable":true,"href":"https:\/\/www.noticiasradioreflejos.com.ar\/2021\/wp-json\/wp\/v2\/categories?post=62146"},{"taxonomy":"post_tag","embeddable":true,"href":"https:\/\/www.noticiasradioreflejos.com.ar\/2021\/wp-json\/wp\/v2\/tags?post=62146"}],"curies":[{"name":"wp","href":"https:\/\/api.w.org\/{rel}","templated":true}]}}