{"id":62143,"date":"2021-08-30T23:09:28","date_gmt":"2021-08-30T23:09:28","guid":{"rendered":"http:\/\/www.noticiasradioreflejos.com.ar\/2021\/?p=62143"},"modified":"2021-08-30T23:12:27","modified_gmt":"2021-08-30T23:12:27","slug":"de-la-crisis-podemos-encontrar-una-oportunidad","status":"publish","type":"post","link":"https:\/\/www.noticiasradioreflejos.com.ar\/2021\/de-la-crisis-podemos-encontrar-una-oportunidad\/","title":{"rendered":"\u00abDe la crisis podemos encontrar una oportunidad\u00bb"},"content":{"rendered":"<p>El Delegado Municipal de Saldungaray agradeci\u00f3 ampliamente por el apoyo recibido de parte de la comunidad, del Intendente y de mucha gente que se acerc\u00f3 para trabajar y poder llevar adelante los festejos por el 121 aniversario de la localidad.<!--more--><\/p>\n<p><a data-flickr-embed=\"true\" href=\"https:\/\/www.flickr.com\/photos\/182279889@N02\/51410819977\/in\/dateposted-public\/\" title=\"12 Aniv. de Saldu (38)\"><img loading=\"lazy\" decoding=\"async\" src=\"https:\/\/live.staticflickr.com\/65535\/51410819977_4e6efaafe7_c.jpg\" width=\"800\" height=\"450\" alt=\"12 Aniv. de Saldu (38)\"><\/a><script async src=\"\/\/embedr.flickr.com\/assets\/client-code.js\" charset=\"utf-8\"><\/script><\/p>\n<p>\u00abUna ma\u00f1ana espl\u00e9ndida. Acompa\u00f1\u00f3 el tiempo y el \u00e1nimo de la gente parece que revive\u00bb describi\u00f3 el Delegado de la localidad c\u00f3mo fue la tarde del aniversario.<\/p>\n<p><a data-flickr-embed=\"true\" href=\"https:\/\/www.flickr.com\/photos\/182279889@N02\/51411581031\/in\/dateposted-public\/\" title=\"12 Aniv. de Saldu (68)\"><img loading=\"lazy\" decoding=\"async\" src=\"https:\/\/live.staticflickr.com\/65535\/51411581031_f8ff5f9f4b_c.jpg\" width=\"800\" height=\"450\" alt=\"12 Aniv. de Saldu (68)\"><\/a><script async src=\"\/\/embedr.flickr.com\/assets\/client-code.js\" charset=\"utf-8\"><\/script><\/p>\n<p>Gerardo estuvo explicando c\u00f3mo fue que se organiz\u00f3 el evento. \u00abLa organizaci\u00f3n fue media r\u00e1pido. Como siempre, la Comisi\u00f3n de Festejos se encarg\u00f3 del acto protocolar y despu\u00e9s mi se\u00f1ora, amigos y colaboradores tuvieron la idea de realizar esta muestra de artesanos, poner puestos de comida, baile folkl\u00f3rico, bandas y m\u00e1s\u00bb.<\/p>\n<p>Gerardo admite que este tipo de celebraciones le hacen bien a la sociedad. \u00abCon protocolos, distanciamiento, uso de barbijo y alcohol en gel siempre se pueden hacer este tipo de eventos\u00bb. Destac\u00f3 que lo importante es cuidarse, pero que hay muchas personas que necesitan de este tipo de actividades para contrarrestar lo negativo que se ha vivido durante estos \u00faltimos dos a\u00f1os.<\/p>\n<p>Con respecto a lo pol\u00edtico, Gerardo expres\u00f3 que una de las principales preocupaciones que visualiza en los vecinos es el tema econ\u00f3mico. \u00abSe necesita una restructuraci\u00f3n completa de lo que eran las actividades y los trabajos. Pero de la crisis podemos encontrar una oportunidad. Yo lo que veo es eso, m\u00e1s all\u00e1 de la campa\u00f1a pol\u00edtica\u00bb.<\/p>\n<p>Video completo a continuaci\u00f3n:<br \/>\n<iframe loading=\"lazy\" title=\"YouTube video player\" src=\"https:\/\/www.youtube.com\/embed\/moIJIs2qfEc\" width=\"560\" height=\"315\" frameborder=\"0\" allowfullscreen=\"allowfullscreen\"><\/iframe><\/p>\n","protected":false},"excerpt":{"rendered":"<p>El Delegado Municipal de Saldungaray agradeci\u00f3 ampliamente por el apoyo recibido de parte de la comunidad, del Intendente y de mucha gente que se acerc\u00f3 para trabajar y poder llevar adelante los festejos por el 121 aniversario de la localidad.<\/p>\n","protected":false},"author":3,"featured_media":0,"comment_status":"closed","ping_status":"closed","sticky":false,"template":"","format":"standard","meta":{"footnotes":""},"categories":[35,26],"tags":[48],"class_list":["post-62143","post","type-post","status-publish","format-standard","hentry","category-cultura","category-sociedad","tag-destacada"],"yoast_head":"<!-- This site is optimized with the Yoast SEO plugin v25.9 - https:\/\/yoast.com\/wordpress\/plugins\/seo\/ -->\n<title>&quot;De la crisis podemos encontrar una oportunidad&quot; - Noticias Radio Reflejos<\/title>\n<meta name=\"robots\" content=\"index, follow, max-snippet:-1, max-image-preview:large, max-video-preview:-1\" \/>\n<link rel=\"canonical\" href=\"https:\/\/www.noticiasradioreflejos.com.ar\/2021\/de-la-crisis-podemos-encontrar-una-oportunidad\/\" \/>\n<meta property=\"og:locale\" content=\"es_ES\" \/>\n<meta property=\"og:type\" content=\"article\" \/>\n<meta property=\"og:title\" content=\"&quot;De la crisis podemos encontrar una oportunidad&quot; - Noticias Radio Reflejos\" \/>\n<meta property=\"og:description\" content=\"El Delegado Municipal de Saldungaray agradeci\u00f3 ampliamente por el apoyo recibido de parte de la comunidad, del Intendente y de mucha gente que se acerc\u00f3 para trabajar y poder llevar adelante los festejos por el 121 aniversario de la localidad.\" \/>\n<meta property=\"og:url\" content=\"https:\/\/www.noticiasradioreflejos.com.ar\/2021\/de-la-crisis-podemos-encontrar-una-oportunidad\/\" \/>\n<meta property=\"og:site_name\" content=\"Noticias Radio Reflejos\" \/>\n<meta property=\"article:published_time\" content=\"2021-08-30T23:09:28+00:00\" \/>\n<meta property=\"article:modified_time\" content=\"2021-08-30T23:12:27+00:00\" \/>\n<meta property=\"og:image\" content=\"https:\/\/live.staticflickr.com\/65535\/51410819977_4e6efaafe7_c.jpg\" \/>\n<meta name=\"author\" content=\"Arnaldo Botto\" \/>\n<meta name=\"twitter:card\" content=\"summary_large_image\" \/>\n<script type=\"application\/ld+json\" class=\"yoast-schema-graph\">{\"@context\":\"https:\/\/schema.org\",\"@graph\":[{\"@type\":\"WebPage\",\"@id\":\"https:\/\/www.noticiasradioreflejos.com.ar\/2021\/de-la-crisis-podemos-encontrar-una-oportunidad\/\",\"url\":\"https:\/\/www.noticiasradioreflejos.com.ar\/2021\/de-la-crisis-podemos-encontrar-una-oportunidad\/\",\"name\":\"\\\"De la crisis podemos encontrar una oportunidad\\\" - Noticias Radio Reflejos\",\"isPartOf\":{\"@id\":\"https:\/\/www.noticiasradioreflejos.com.ar\/2021\/#website\"},\"primaryImageOfPage\":{\"@id\":\"https:\/\/www.noticiasradioreflejos.com.ar\/2021\/de-la-crisis-podemos-encontrar-una-oportunidad\/#primaryimage\"},\"image\":{\"@id\":\"https:\/\/www.noticiasradioreflejos.com.ar\/2021\/de-la-crisis-podemos-encontrar-una-oportunidad\/#primaryimage\"},\"thumbnailUrl\":\"https:\/\/live.staticflickr.com\/65535\/51410819977_4e6efaafe7_c.jpg\",\"datePublished\":\"2021-08-30T23:09:28+00:00\",\"dateModified\":\"2021-08-30T23:12:27+00:00\",\"author\":{\"@id\":\"https:\/\/www.noticiasradioreflejos.com.ar\/2021\/#\/schema\/person\/ad82545263dcc5ec0996818884fd5fb1\"},\"breadcrumb\":{\"@id\":\"https:\/\/www.noticiasradioreflejos.com.ar\/2021\/de-la-crisis-podemos-encontrar-una-oportunidad\/#breadcrumb\"},\"inLanguage\":\"es\",\"potentialAction\":[{\"@type\":\"ReadAction\",\"target\":[\"https:\/\/www.noticiasradioreflejos.com.ar\/2021\/de-la-crisis-podemos-encontrar-una-oportunidad\/\"]}]},{\"@type\":\"ImageObject\",\"inLanguage\":\"es\",\"@id\":\"https:\/\/www.noticiasradioreflejos.com.ar\/2021\/de-la-crisis-podemos-encontrar-una-oportunidad\/#primaryimage\",\"url\":\"https:\/\/live.staticflickr.com\/65535\/51410819977_4e6efaafe7_c.jpg\",\"contentUrl\":\"https:\/\/live.staticflickr.com\/65535\/51410819977_4e6efaafe7_c.jpg\"},{\"@type\":\"BreadcrumbList\",\"@id\":\"https:\/\/www.noticiasradioreflejos.com.ar\/2021\/de-la-crisis-podemos-encontrar-una-oportunidad\/#breadcrumb\",\"itemListElement\":[{\"@type\":\"ListItem\",\"position\":1,\"name\":\"Portada\",\"item\":\"https:\/\/www.noticiasradioreflejos.com.ar\/2021\/\"},{\"@type\":\"ListItem\",\"position\":2,\"name\":\"\u00abDe la crisis podemos encontrar una oportunidad\u00bb\"}]},{\"@type\":\"WebSite\",\"@id\":\"https:\/\/www.noticiasradioreflejos.com.ar\/2021\/#website\",\"url\":\"https:\/\/www.noticiasradioreflejos.com.ar\/2021\/\",\"name\":\"Noticias Radio Reflejos\",\"description\":\"Las noticias de mi comarca\",\"potentialAction\":[{\"@type\":\"SearchAction\",\"target\":{\"@type\":\"EntryPoint\",\"urlTemplate\":\"https:\/\/www.noticiasradioreflejos.com.ar\/2021\/?s={search_term_string}\"},\"query-input\":{\"@type\":\"PropertyValueSpecification\",\"valueRequired\":true,\"valueName\":\"search_term_string\"}}],\"inLanguage\":\"es\"},{\"@type\":\"Person\",\"@id\":\"https:\/\/www.noticiasradioreflejos.com.ar\/2021\/#\/schema\/person\/ad82545263dcc5ec0996818884fd5fb1\",\"name\":\"Arnaldo Botto\",\"image\":{\"@type\":\"ImageObject\",\"inLanguage\":\"es\",\"@id\":\"https:\/\/www.noticiasradioreflejos.com.ar\/2021\/#\/schema\/person\/image\/\",\"url\":\"https:\/\/secure.gravatar.com\/avatar\/55cb5e37c1efa326397366e6974cb338056df65cb50e7d64d1cf314e87504837?s=96&d=mm&r=g\",\"contentUrl\":\"https:\/\/secure.gravatar.com\/avatar\/55cb5e37c1efa326397366e6974cb338056df65cb50e7d64d1cf314e87504837?s=96&d=mm&r=g\",\"caption\":\"Arnaldo Botto\"},\"url\":\"https:\/\/www.noticiasradioreflejos.com.ar\/2021\/author\/arnaldo\/\"}]}<\/script>\n<!-- \/ Yoast SEO plugin. -->","yoast_head_json":{"title":"\"De la crisis podemos encontrar una oportunidad\" - Noticias Radio Reflejos","robots":{"index":"index","follow":"follow","max-snippet":"max-snippet:-1","max-image-preview":"max-image-preview:large","max-video-preview":"max-video-preview:-1"},"canonical":"https:\/\/www.noticiasradioreflejos.com.ar\/2021\/de-la-crisis-podemos-encontrar-una-oportunidad\/","og_locale":"es_ES","og_type":"article","og_title":"\"De la crisis podemos encontrar una oportunidad\" - Noticias Radio Reflejos","og_description":"El Delegado Municipal de Saldungaray agradeci\u00f3 ampliamente por el apoyo recibido de parte de la comunidad, del Intendente y de mucha gente que se acerc\u00f3 para trabajar y poder llevar adelante los festejos por el 121 aniversario de la localidad.","og_url":"https:\/\/www.noticiasradioreflejos.com.ar\/2021\/de-la-crisis-podemos-encontrar-una-oportunidad\/","og_site_name":"Noticias Radio Reflejos","article_published_time":"2021-08-30T23:09:28+00:00","article_modified_time":"2021-08-30T23:12:27+00:00","og_image":[{"url":"https:\/\/live.staticflickr.com\/65535\/51410819977_4e6efaafe7_c.jpg","type":"","width":"","height":""}],"author":"Arnaldo Botto","twitter_card":"summary_large_image","schema":{"@context":"https:\/\/schema.org","@graph":[{"@type":"WebPage","@id":"https:\/\/www.noticiasradioreflejos.com.ar\/2021\/de-la-crisis-podemos-encontrar-una-oportunidad\/","url":"https:\/\/www.noticiasradioreflejos.com.ar\/2021\/de-la-crisis-podemos-encontrar-una-oportunidad\/","name":"\"De la crisis podemos encontrar una oportunidad\" - Noticias Radio Reflejos","isPartOf":{"@id":"https:\/\/www.noticiasradioreflejos.com.ar\/2021\/#website"},"primaryImageOfPage":{"@id":"https:\/\/www.noticiasradioreflejos.com.ar\/2021\/de-la-crisis-podemos-encontrar-una-oportunidad\/#primaryimage"},"image":{"@id":"https:\/\/www.noticiasradioreflejos.com.ar\/2021\/de-la-crisis-podemos-encontrar-una-oportunidad\/#primaryimage"},"thumbnailUrl":"https:\/\/live.staticflickr.com\/65535\/51410819977_4e6efaafe7_c.jpg","datePublished":"2021-08-30T23:09:28+00:00","dateModified":"2021-08-30T23:12:27+00:00","author":{"@id":"https:\/\/www.noticiasradioreflejos.com.ar\/2021\/#\/schema\/person\/ad82545263dcc5ec0996818884fd5fb1"},"breadcrumb":{"@id":"https:\/\/www.noticiasradioreflejos.com.ar\/2021\/de-la-crisis-podemos-encontrar-una-oportunidad\/#breadcrumb"},"inLanguage":"es","potentialAction":[{"@type":"ReadAction","target":["https:\/\/www.noticiasradioreflejos.com.ar\/2021\/de-la-crisis-podemos-encontrar-una-oportunidad\/"]}]},{"@type":"ImageObject","inLanguage":"es","@id":"https:\/\/www.noticiasradioreflejos.com.ar\/2021\/de-la-crisis-podemos-encontrar-una-oportunidad\/#primaryimage","url":"https:\/\/live.staticflickr.com\/65535\/51410819977_4e6efaafe7_c.jpg","contentUrl":"https:\/\/live.staticflickr.com\/65535\/51410819977_4e6efaafe7_c.jpg"},{"@type":"BreadcrumbList","@id":"https:\/\/www.noticiasradioreflejos.com.ar\/2021\/de-la-crisis-podemos-encontrar-una-oportunidad\/#breadcrumb","itemListElement":[{"@type":"ListItem","position":1,"name":"Portada","item":"https:\/\/www.noticiasradioreflejos.com.ar\/2021\/"},{"@type":"ListItem","position":2,"name":"\u00abDe la crisis podemos encontrar una oportunidad\u00bb"}]},{"@type":"WebSite","@id":"https:\/\/www.noticiasradioreflejos.com.ar\/2021\/#website","url":"https:\/\/www.noticiasradioreflejos.com.ar\/2021\/","name":"Noticias Radio Reflejos","description":"Las noticias de mi comarca","potentialAction":[{"@type":"SearchAction","target":{"@type":"EntryPoint","urlTemplate":"https:\/\/www.noticiasradioreflejos.com.ar\/2021\/?s={search_term_string}"},"query-input":{"@type":"PropertyValueSpecification","valueRequired":true,"valueName":"search_term_string"}}],"inLanguage":"es"},{"@type":"Person","@id":"https:\/\/www.noticiasradioreflejos.com.ar\/2021\/#\/schema\/person\/ad82545263dcc5ec0996818884fd5fb1","name":"Arnaldo Botto","image":{"@type":"ImageObject","inLanguage":"es","@id":"https:\/\/www.noticiasradioreflejos.com.ar\/2021\/#\/schema\/person\/image\/","url":"https:\/\/secure.gravatar.com\/avatar\/55cb5e37c1efa326397366e6974cb338056df65cb50e7d64d1cf314e87504837?s=96&d=mm&r=g","contentUrl":"https:\/\/secure.gravatar.com\/avatar\/55cb5e37c1efa326397366e6974cb338056df65cb50e7d64d1cf314e87504837?s=96&d=mm&r=g","caption":"Arnaldo Botto"},"url":"https:\/\/www.noticiasradioreflejos.com.ar\/2021\/author\/arnaldo\/"}]}},"_links":{"self":[{"href":"https:\/\/www.noticiasradioreflejos.com.ar\/2021\/wp-json\/wp\/v2\/posts\/62143","targetHints":{"allow":["GET"]}}],"collection":[{"href":"https:\/\/www.noticiasradioreflejos.com.ar\/2021\/wp-json\/wp\/v2\/posts"}],"about":[{"href":"https:\/\/www.noticiasradioreflejos.com.ar\/2021\/wp-json\/wp\/v2\/types\/post"}],"author":[{"embeddable":true,"href":"https:\/\/www.noticiasradioreflejos.com.ar\/2021\/wp-json\/wp\/v2\/users\/3"}],"replies":[{"embeddable":true,"href":"https:\/\/www.noticiasradioreflejos.com.ar\/2021\/wp-json\/wp\/v2\/comments?post=62143"}],"version-history":[{"count":3,"href":"https:\/\/www.noticiasradioreflejos.com.ar\/2021\/wp-json\/wp\/v2\/posts\/62143\/revisions"}],"predecessor-version":[{"id":62155,"href":"https:\/\/www.noticiasradioreflejos.com.ar\/2021\/wp-json\/wp\/v2\/posts\/62143\/revisions\/62155"}],"wp:attachment":[{"href":"https:\/\/www.noticiasradioreflejos.com.ar\/2021\/wp-json\/wp\/v2\/media?parent=62143"}],"wp:term":[{"taxonomy":"category","embeddable":true,"href":"https:\/\/www.noticiasradioreflejos.com.ar\/2021\/wp-json\/wp\/v2\/categories?post=62143"},{"taxonomy":"post_tag","embeddable":true,"href":"https:\/\/www.noticiasradioreflejos.com.ar\/2021\/wp-json\/wp\/v2\/tags?post=62143"}],"curies":[{"name":"wp","href":"https:\/\/api.w.org\/{rel}","templated":true}]}}