{"id":62139,"date":"2021-08-30T23:04:03","date_gmt":"2021-08-30T23:04:03","guid":{"rendered":"http:\/\/www.noticiasradioreflejos.com.ar\/2021\/?p=62139"},"modified":"2021-08-30T23:04:03","modified_gmt":"2021-08-30T23:04:03","slug":"orgullo-de-saldungaray-115-anos-la-escuela-primaria-n2-jose-de-san-martin","status":"publish","type":"post","link":"https:\/\/www.noticiasradioreflejos.com.ar\/2021\/orgullo-de-saldungaray-115-anos-la-escuela-primaria-n2-jose-de-san-martin\/","title":{"rendered":"Orgullo de Saldungaray: 115 a\u00f1os la Escuela Primaria N\u00b02 \u00abJos\u00e9 de San Mart\u00edn\u00bb."},"content":{"rendered":"<p>La instituci\u00f3n educativa se suma a los festejos del 121\u00b0 aniversario de la localidad. Exhibe el \u00ablibro de Oro\u00bb y su Directora, Carolina Gonzalez nos describe con orgullo detalles de las mejoras en sus instalaciones y el importante aumento de la matr\u00edcula en los \u00faltimos 2 a\u00f1os.<!--more--><\/p>\n<p><a title=\"12 Aniv. de Saldu (32)\" href=\"https:\/\/www.flickr.com\/photos\/182279889@N02\/51413171292\/in\/dateposted-public\/\" data-flickr-embed=\"true\"><img loading=\"lazy\" decoding=\"async\" src=\"https:\/\/live.staticflickr.com\/65535\/51413171292_83a3dd8509_c.jpg\" alt=\"12 Aniv. de Saldu (32)\" width=\"800\" height=\"450\" \/><\/a><script async src=\"\/\/embedr.flickr.com\/assets\/client-code.js\" charset=\"utf-8\"><\/script><\/p>\n<p>\u00abEs la instituci\u00f3n educativa con mayor antig\u00fcedad en la localidad y con mayor arraigo en la poblaci\u00f3n\u00bb menciona la Directora del establecimiento al comenzar la entrevista. \u00abEs la escuela primaria que tuvo a todos los habitantes de esta ciudad, tiene 115 a\u00f1os\u00bb continu\u00f3.<\/p>\n<p>Carolina comenta que la matr\u00edcula de dicha instituci\u00f3n se fue extendiendo con los a\u00f1os, llegando a tener inscriptos a 144 alumnos.<\/p>\n<p><a title=\"12 Aniv. de Saldu (30)\" href=\"https:\/\/www.flickr.com\/photos\/182279889@N02\/51414179698\/in\/dateposted-public\/\" data-flickr-embed=\"true\"><img loading=\"lazy\" decoding=\"async\" src=\"https:\/\/live.staticflickr.com\/65535\/51414179698_dfe73d2f63_c.jpg\" alt=\"12 Aniv. de Saldu (30)\" width=\"800\" height=\"450\" \/><\/a><script async src=\"\/\/embedr.flickr.com\/assets\/client-code.js\" charset=\"utf-8\"><\/script><\/p>\n<p>\u00abEs una escuela de jornada completa. Trabajamos las 8 horas con las burbujas\u00bb expres\u00f3 su orgullo de mantener en funcionamiento la instituci\u00f3n a pesar del obst\u00e1culo que significa la pandemia y el distanciamiento social.<\/p>\n<p>Carolina invit\u00f3 a todos los vecinos a visitar la instituci\u00f3n para poder hojear el \u00abLibro de Oro\u00bb, un libro que cuenta con las firmas de todas las personas que han pasado por el colegio. \u00abAc\u00e1 est\u00e1n las firmas de sus abuelos y bisabuelos\u00bb habl\u00f3 del importante documento que dan a conocer por el aniversario de Saldungaray.<\/p>\n<p><a data-flickr-embed=\"true\" href=\"https:\/\/www.flickr.com\/photos\/182279889@N02\/51413914846\/in\/dateposted-public\/\" title=\"12 Aniv. de Saldu (31)\"><img loading=\"lazy\" decoding=\"async\" src=\"https:\/\/live.staticflickr.com\/65535\/51413914846_44a68198b7_c.jpg\" width=\"800\" height=\"450\" alt=\"12 Aniv. de Saldu (31)\"><\/a><script async src=\"\/\/embedr.flickr.com\/assets\/client-code.js\" charset=\"utf-8\"><\/script><\/p>\n<p>&nbsp;<\/p>\n<p><a title=\"12 Aniv. de Saldu (34)\" href=\"https:\/\/www.flickr.com\/photos\/182279889@N02\/51414179158\/in\/dateposted-public\/\" data-flickr-embed=\"true\"><img loading=\"lazy\" decoding=\"async\" src=\"https:\/\/live.staticflickr.com\/65535\/51414179158_77cbd3087b_c.jpg\" alt=\"12 Aniv. de Saldu (34)\" width=\"800\" height=\"450\" \/><\/a><script async src=\"\/\/embedr.flickr.com\/assets\/client-code.js\" charset=\"utf-8\"><\/script><\/p>\n<p>Para cerrar, Carolina expres\u00f3: \u00abInvitar a la comunidad a que siga valorando el trabajo que tenemos en la Escuela N\u00b0 2 que es un trabajo en equipo. Este es el proyecto institucional que sigue para adelante\u00bb.<\/p>\n<p><strong>Video completo a continuaci\u00f3n:<\/strong><br \/>\n<iframe loading=\"lazy\" title=\"YouTube video player\" src=\"https:\/\/www.youtube.com\/embed\/mXJpNOcMMPI\" width=\"560\" height=\"315\" frameborder=\"0\" allowfullscreen=\"allowfullscreen\"><\/iframe><\/p>\n<p><a title=\"12 Aniv. de Saldu (33)\" href=\"https:\/\/www.flickr.com\/photos\/182279889@N02\/51414669934\/in\/dateposted-public\/\" data-flickr-embed=\"true\"><img loading=\"lazy\" decoding=\"async\" src=\"https:\/\/live.staticflickr.com\/65535\/51414669934_1281d0ec71_c.jpg\" alt=\"12 Aniv. de Saldu (33)\" width=\"800\" height=\"450\" \/><\/a><script async src=\"\/\/embedr.flickr.com\/assets\/client-code.js\" charset=\"utf-8\"><\/script><\/p>\n<p><a title=\"12 Aniv. de Saldu (29)\" href=\"https:\/\/www.flickr.com\/photos\/182279889@N02\/51414179823\/in\/dateposted-public\/\" data-flickr-embed=\"true\"><img loading=\"lazy\" decoding=\"async\" src=\"https:\/\/live.staticflickr.com\/65535\/51414179823_16f1d010e8_c.jpg\" alt=\"12 Aniv. de Saldu (29)\" width=\"800\" height=\"450\" \/><\/a><script async src=\"\/\/embedr.flickr.com\/assets\/client-code.js\" charset=\"utf-8\"><\/script><\/p>\n<p><a title=\"12 Aniv. de Saldu (35)\" href=\"https:\/\/www.flickr.com\/photos\/182279889@N02\/51413914331\/in\/dateposted-public\/\" data-flickr-embed=\"true\"><img loading=\"lazy\" decoding=\"async\" src=\"https:\/\/live.staticflickr.com\/65535\/51413914331_1978928f42_c.jpg\" alt=\"12 Aniv. de Saldu (35)\" width=\"800\" height=\"450\" \/><\/a><script async src=\"\/\/embedr.flickr.com\/assets\/client-code.js\" charset=\"utf-8\"><\/script><\/p>\n<p><a data-flickr-embed=\"true\" href=\"https:\/\/www.flickr.com\/photos\/182279889@N02\/51414897890\/in\/dateposted-public\/\" title=\"12 Aniv. de Saldu (36)\"><img loading=\"lazy\" decoding=\"async\" src=\"https:\/\/live.staticflickr.com\/65535\/51414897890_39aac79dfc_c.jpg\" width=\"800\" height=\"450\" alt=\"12 Aniv. de Saldu (36)\"><\/a><script async src=\"\/\/embedr.flickr.com\/assets\/client-code.js\" charset=\"utf-8\"><\/script><\/p>\n","protected":false},"excerpt":{"rendered":"<p>La instituci\u00f3n educativa se suma a los festejos del 121\u00b0 aniversario de la localidad. Exhibe el \u00ablibro de Oro\u00bb y su Directora, Carolina Gonzalez nos describe con orgullo detalles de las mejoras en sus instalaciones y el importante aumento de la matr\u00edcula en los \u00faltimos 2 a\u00f1os.<\/p>\n","protected":false},"author":3,"featured_media":62151,"comment_status":"closed","ping_status":"closed","sticky":false,"template":"","format":"standard","meta":{"footnotes":""},"categories":[35,34,26],"tags":[48],"class_list":["post-62139","post","type-post","status-publish","format-standard","has-post-thumbnail","hentry","category-cultura","category-educacion","category-sociedad","tag-destacada"],"yoast_head":"<!-- This site is optimized with the Yoast SEO plugin v25.9 - https:\/\/yoast.com\/wordpress\/plugins\/seo\/ -->\n<title>Orgullo de Saldungaray: 115 a\u00f1os la Escuela Primaria N\u00b02 &quot;Jos\u00e9 de San Mart\u00edn&quot;. - Noticias Radio Reflejos<\/title>\n<meta name=\"robots\" content=\"index, follow, max-snippet:-1, max-image-preview:large, max-video-preview:-1\" \/>\n<link rel=\"canonical\" href=\"https:\/\/www.noticiasradioreflejos.com.ar\/2021\/orgullo-de-saldungaray-115-anos-la-escuela-primaria-n2-jose-de-san-martin\/\" \/>\n<meta property=\"og:locale\" content=\"es_ES\" \/>\n<meta property=\"og:type\" content=\"article\" \/>\n<meta property=\"og:title\" content=\"Orgullo de Saldungaray: 115 a\u00f1os la Escuela Primaria N\u00b02 &quot;Jos\u00e9 de San Mart\u00edn&quot;. - Noticias Radio Reflejos\" \/>\n<meta property=\"og:description\" content=\"La instituci\u00f3n educativa se suma a los festejos del 121\u00b0 aniversario de la localidad. Exhibe el \u00ablibro de Oro\u00bb y su Directora, Carolina Gonzalez nos describe con orgullo detalles de las mejoras en sus instalaciones y el importante aumento de la matr\u00edcula en los \u00faltimos 2 a\u00f1os.\" \/>\n<meta property=\"og:url\" content=\"https:\/\/www.noticiasradioreflejos.com.ar\/2021\/orgullo-de-saldungaray-115-anos-la-escuela-primaria-n2-jose-de-san-martin\/\" \/>\n<meta property=\"og:site_name\" content=\"Noticias Radio Reflejos\" \/>\n<meta property=\"article:published_time\" content=\"2021-08-30T23:04:03+00:00\" \/>\n<meta property=\"og:image\" content=\"https:\/\/www.noticiasradioreflejos.com.ar\/2021\/wp-content\/uploads\/2021\/08\/12-Aniv.-de-Saldu-28.jpg\" \/>\n\t<meta property=\"og:image:width\" content=\"2304\" \/>\n\t<meta property=\"og:image:height\" content=\"1296\" \/>\n\t<meta property=\"og:image:type\" content=\"image\/jpeg\" \/>\n<meta name=\"author\" content=\"Arnaldo Botto\" \/>\n<meta name=\"twitter:card\" content=\"summary_large_image\" \/>\n<script type=\"application\/ld+json\" class=\"yoast-schema-graph\">{\"@context\":\"https:\/\/schema.org\",\"@graph\":[{\"@type\":\"WebPage\",\"@id\":\"https:\/\/www.noticiasradioreflejos.com.ar\/2021\/orgullo-de-saldungaray-115-anos-la-escuela-primaria-n2-jose-de-san-martin\/\",\"url\":\"https:\/\/www.noticiasradioreflejos.com.ar\/2021\/orgullo-de-saldungaray-115-anos-la-escuela-primaria-n2-jose-de-san-martin\/\",\"name\":\"Orgullo de Saldungaray: 115 a\u00f1os la Escuela Primaria N\u00b02 \\\"Jos\u00e9 de San Mart\u00edn\\\". - Noticias Radio Reflejos\",\"isPartOf\":{\"@id\":\"https:\/\/www.noticiasradioreflejos.com.ar\/2021\/#website\"},\"primaryImageOfPage\":{\"@id\":\"https:\/\/www.noticiasradioreflejos.com.ar\/2021\/orgullo-de-saldungaray-115-anos-la-escuela-primaria-n2-jose-de-san-martin\/#primaryimage\"},\"image\":{\"@id\":\"https:\/\/www.noticiasradioreflejos.com.ar\/2021\/orgullo-de-saldungaray-115-anos-la-escuela-primaria-n2-jose-de-san-martin\/#primaryimage\"},\"thumbnailUrl\":\"https:\/\/www.noticiasradioreflejos.com.ar\/2021\/wp-content\/uploads\/2021\/08\/12-Aniv.-de-Saldu-28.jpg\",\"datePublished\":\"2021-08-30T23:04:03+00:00\",\"author\":{\"@id\":\"https:\/\/www.noticiasradioreflejos.com.ar\/2021\/#\/schema\/person\/ad82545263dcc5ec0996818884fd5fb1\"},\"breadcrumb\":{\"@id\":\"https:\/\/www.noticiasradioreflejos.com.ar\/2021\/orgullo-de-saldungaray-115-anos-la-escuela-primaria-n2-jose-de-san-martin\/#breadcrumb\"},\"inLanguage\":\"es\",\"potentialAction\":[{\"@type\":\"ReadAction\",\"target\":[\"https:\/\/www.noticiasradioreflejos.com.ar\/2021\/orgullo-de-saldungaray-115-anos-la-escuela-primaria-n2-jose-de-san-martin\/\"]}]},{\"@type\":\"ImageObject\",\"inLanguage\":\"es\",\"@id\":\"https:\/\/www.noticiasradioreflejos.com.ar\/2021\/orgullo-de-saldungaray-115-anos-la-escuela-primaria-n2-jose-de-san-martin\/#primaryimage\",\"url\":\"https:\/\/www.noticiasradioreflejos.com.ar\/2021\/wp-content\/uploads\/2021\/08\/12-Aniv.-de-Saldu-28.jpg\",\"contentUrl\":\"https:\/\/www.noticiasradioreflejos.com.ar\/2021\/wp-content\/uploads\/2021\/08\/12-Aniv.-de-Saldu-28.jpg\",\"width\":2304,\"height\":1296},{\"@type\":\"BreadcrumbList\",\"@id\":\"https:\/\/www.noticiasradioreflejos.com.ar\/2021\/orgullo-de-saldungaray-115-anos-la-escuela-primaria-n2-jose-de-san-martin\/#breadcrumb\",\"itemListElement\":[{\"@type\":\"ListItem\",\"position\":1,\"name\":\"Portada\",\"item\":\"https:\/\/www.noticiasradioreflejos.com.ar\/2021\/\"},{\"@type\":\"ListItem\",\"position\":2,\"name\":\"Orgullo de Saldungaray: 115 a\u00f1os la Escuela Primaria N\u00b02 \u00abJos\u00e9 de San Mart\u00edn\u00bb.\"}]},{\"@type\":\"WebSite\",\"@id\":\"https:\/\/www.noticiasradioreflejos.com.ar\/2021\/#website\",\"url\":\"https:\/\/www.noticiasradioreflejos.com.ar\/2021\/\",\"name\":\"Noticias Radio Reflejos\",\"description\":\"Las noticias de mi comarca\",\"potentialAction\":[{\"@type\":\"SearchAction\",\"target\":{\"@type\":\"EntryPoint\",\"urlTemplate\":\"https:\/\/www.noticiasradioreflejos.com.ar\/2021\/?s={search_term_string}\"},\"query-input\":{\"@type\":\"PropertyValueSpecification\",\"valueRequired\":true,\"valueName\":\"search_term_string\"}}],\"inLanguage\":\"es\"},{\"@type\":\"Person\",\"@id\":\"https:\/\/www.noticiasradioreflejos.com.ar\/2021\/#\/schema\/person\/ad82545263dcc5ec0996818884fd5fb1\",\"name\":\"Arnaldo Botto\",\"image\":{\"@type\":\"ImageObject\",\"inLanguage\":\"es\",\"@id\":\"https:\/\/www.noticiasradioreflejos.com.ar\/2021\/#\/schema\/person\/image\/\",\"url\":\"https:\/\/secure.gravatar.com\/avatar\/55cb5e37c1efa326397366e6974cb338056df65cb50e7d64d1cf314e87504837?s=96&d=mm&r=g\",\"contentUrl\":\"https:\/\/secure.gravatar.com\/avatar\/55cb5e37c1efa326397366e6974cb338056df65cb50e7d64d1cf314e87504837?s=96&d=mm&r=g\",\"caption\":\"Arnaldo Botto\"},\"url\":\"https:\/\/www.noticiasradioreflejos.com.ar\/2021\/author\/arnaldo\/\"}]}<\/script>\n<!-- \/ Yoast SEO plugin. -->","yoast_head_json":{"title":"Orgullo de Saldungaray: 115 a\u00f1os la Escuela Primaria N\u00b02 \"Jos\u00e9 de San Mart\u00edn\". - Noticias Radio Reflejos","robots":{"index":"index","follow":"follow","max-snippet":"max-snippet:-1","max-image-preview":"max-image-preview:large","max-video-preview":"max-video-preview:-1"},"canonical":"https:\/\/www.noticiasradioreflejos.com.ar\/2021\/orgullo-de-saldungaray-115-anos-la-escuela-primaria-n2-jose-de-san-martin\/","og_locale":"es_ES","og_type":"article","og_title":"Orgullo de Saldungaray: 115 a\u00f1os la Escuela Primaria N\u00b02 \"Jos\u00e9 de San Mart\u00edn\". - Noticias Radio Reflejos","og_description":"La instituci\u00f3n educativa se suma a los festejos del 121\u00b0 aniversario de la localidad. Exhibe el \u00ablibro de Oro\u00bb y su Directora, Carolina Gonzalez nos describe con orgullo detalles de las mejoras en sus instalaciones y el importante aumento de la matr\u00edcula en los \u00faltimos 2 a\u00f1os.","og_url":"https:\/\/www.noticiasradioreflejos.com.ar\/2021\/orgullo-de-saldungaray-115-anos-la-escuela-primaria-n2-jose-de-san-martin\/","og_site_name":"Noticias Radio Reflejos","article_published_time":"2021-08-30T23:04:03+00:00","og_image":[{"width":2304,"height":1296,"url":"https:\/\/www.noticiasradioreflejos.com.ar\/2021\/wp-content\/uploads\/2021\/08\/12-Aniv.-de-Saldu-28.jpg","type":"image\/jpeg"}],"author":"Arnaldo Botto","twitter_card":"summary_large_image","schema":{"@context":"https:\/\/schema.org","@graph":[{"@type":"WebPage","@id":"https:\/\/www.noticiasradioreflejos.com.ar\/2021\/orgullo-de-saldungaray-115-anos-la-escuela-primaria-n2-jose-de-san-martin\/","url":"https:\/\/www.noticiasradioreflejos.com.ar\/2021\/orgullo-de-saldungaray-115-anos-la-escuela-primaria-n2-jose-de-san-martin\/","name":"Orgullo de Saldungaray: 115 a\u00f1os la Escuela Primaria N\u00b02 \"Jos\u00e9 de San Mart\u00edn\". - Noticias Radio Reflejos","isPartOf":{"@id":"https:\/\/www.noticiasradioreflejos.com.ar\/2021\/#website"},"primaryImageOfPage":{"@id":"https:\/\/www.noticiasradioreflejos.com.ar\/2021\/orgullo-de-saldungaray-115-anos-la-escuela-primaria-n2-jose-de-san-martin\/#primaryimage"},"image":{"@id":"https:\/\/www.noticiasradioreflejos.com.ar\/2021\/orgullo-de-saldungaray-115-anos-la-escuela-primaria-n2-jose-de-san-martin\/#primaryimage"},"thumbnailUrl":"https:\/\/www.noticiasradioreflejos.com.ar\/2021\/wp-content\/uploads\/2021\/08\/12-Aniv.-de-Saldu-28.jpg","datePublished":"2021-08-30T23:04:03+00:00","author":{"@id":"https:\/\/www.noticiasradioreflejos.com.ar\/2021\/#\/schema\/person\/ad82545263dcc5ec0996818884fd5fb1"},"breadcrumb":{"@id":"https:\/\/www.noticiasradioreflejos.com.ar\/2021\/orgullo-de-saldungaray-115-anos-la-escuela-primaria-n2-jose-de-san-martin\/#breadcrumb"},"inLanguage":"es","potentialAction":[{"@type":"ReadAction","target":["https:\/\/www.noticiasradioreflejos.com.ar\/2021\/orgullo-de-saldungaray-115-anos-la-escuela-primaria-n2-jose-de-san-martin\/"]}]},{"@type":"ImageObject","inLanguage":"es","@id":"https:\/\/www.noticiasradioreflejos.com.ar\/2021\/orgullo-de-saldungaray-115-anos-la-escuela-primaria-n2-jose-de-san-martin\/#primaryimage","url":"https:\/\/www.noticiasradioreflejos.com.ar\/2021\/wp-content\/uploads\/2021\/08\/12-Aniv.-de-Saldu-28.jpg","contentUrl":"https:\/\/www.noticiasradioreflejos.com.ar\/2021\/wp-content\/uploads\/2021\/08\/12-Aniv.-de-Saldu-28.jpg","width":2304,"height":1296},{"@type":"BreadcrumbList","@id":"https:\/\/www.noticiasradioreflejos.com.ar\/2021\/orgullo-de-saldungaray-115-anos-la-escuela-primaria-n2-jose-de-san-martin\/#breadcrumb","itemListElement":[{"@type":"ListItem","position":1,"name":"Portada","item":"https:\/\/www.noticiasradioreflejos.com.ar\/2021\/"},{"@type":"ListItem","position":2,"name":"Orgullo de Saldungaray: 115 a\u00f1os la Escuela Primaria N\u00b02 \u00abJos\u00e9 de San Mart\u00edn\u00bb."}]},{"@type":"WebSite","@id":"https:\/\/www.noticiasradioreflejos.com.ar\/2021\/#website","url":"https:\/\/www.noticiasradioreflejos.com.ar\/2021\/","name":"Noticias Radio Reflejos","description":"Las noticias de mi comarca","potentialAction":[{"@type":"SearchAction","target":{"@type":"EntryPoint","urlTemplate":"https:\/\/www.noticiasradioreflejos.com.ar\/2021\/?s={search_term_string}"},"query-input":{"@type":"PropertyValueSpecification","valueRequired":true,"valueName":"search_term_string"}}],"inLanguage":"es"},{"@type":"Person","@id":"https:\/\/www.noticiasradioreflejos.com.ar\/2021\/#\/schema\/person\/ad82545263dcc5ec0996818884fd5fb1","name":"Arnaldo Botto","image":{"@type":"ImageObject","inLanguage":"es","@id":"https:\/\/www.noticiasradioreflejos.com.ar\/2021\/#\/schema\/person\/image\/","url":"https:\/\/secure.gravatar.com\/avatar\/55cb5e37c1efa326397366e6974cb338056df65cb50e7d64d1cf314e87504837?s=96&d=mm&r=g","contentUrl":"https:\/\/secure.gravatar.com\/avatar\/55cb5e37c1efa326397366e6974cb338056df65cb50e7d64d1cf314e87504837?s=96&d=mm&r=g","caption":"Arnaldo Botto"},"url":"https:\/\/www.noticiasradioreflejos.com.ar\/2021\/author\/arnaldo\/"}]}},"_links":{"self":[{"href":"https:\/\/www.noticiasradioreflejos.com.ar\/2021\/wp-json\/wp\/v2\/posts\/62139","targetHints":{"allow":["GET"]}}],"collection":[{"href":"https:\/\/www.noticiasradioreflejos.com.ar\/2021\/wp-json\/wp\/v2\/posts"}],"about":[{"href":"https:\/\/www.noticiasradioreflejos.com.ar\/2021\/wp-json\/wp\/v2\/types\/post"}],"author":[{"embeddable":true,"href":"https:\/\/www.noticiasradioreflejos.com.ar\/2021\/wp-json\/wp\/v2\/users\/3"}],"replies":[{"embeddable":true,"href":"https:\/\/www.noticiasradioreflejos.com.ar\/2021\/wp-json\/wp\/v2\/comments?post=62139"}],"version-history":[{"count":2,"href":"https:\/\/www.noticiasradioreflejos.com.ar\/2021\/wp-json\/wp\/v2\/posts\/62139\/revisions"}],"predecessor-version":[{"id":62152,"href":"https:\/\/www.noticiasradioreflejos.com.ar\/2021\/wp-json\/wp\/v2\/posts\/62139\/revisions\/62152"}],"wp:featuredmedia":[{"embeddable":true,"href":"https:\/\/www.noticiasradioreflejos.com.ar\/2021\/wp-json\/wp\/v2\/media\/62151"}],"wp:attachment":[{"href":"https:\/\/www.noticiasradioreflejos.com.ar\/2021\/wp-json\/wp\/v2\/media?parent=62139"}],"wp:term":[{"taxonomy":"category","embeddable":true,"href":"https:\/\/www.noticiasradioreflejos.com.ar\/2021\/wp-json\/wp\/v2\/categories?post=62139"},{"taxonomy":"post_tag","embeddable":true,"href":"https:\/\/www.noticiasradioreflejos.com.ar\/2021\/wp-json\/wp\/v2\/tags?post=62139"}],"curies":[{"name":"wp","href":"https:\/\/api.w.org\/{rel}","templated":true}]}}