{"id":62129,"date":"2021-08-30T14:03:44","date_gmt":"2021-08-30T14:03:44","guid":{"rendered":"http:\/\/www.noticiasradioreflejos.com.ar\/2021\/?p=62129"},"modified":"2021-08-30T15:39:55","modified_gmt":"2021-08-30T15:39:55","slug":"accidente-en-la-ruta-3-con-heridos","status":"publish","type":"post","link":"https:\/\/www.noticiasradioreflejos.com.ar\/2021\/accidente-en-la-ruta-3-con-heridos\/","title":{"rendered":"Accidente en el cruce de la  Ruta 33  y RP 76 con heridos leves."},"content":{"rendered":"<p>Los bomberos voluntarios de Tornquist, acuden esta ma\u00f1ana del lunes por accidente en el cruce la ruta 33 y ruta 76, ocurri\u00f3 a las 11 hs de este lunes 30 de agosto y los tres ocupantes del autom\u00f3vil resultaron heridos.<!--more--><br \/>\n<a title=\"WhatsApp Image 2021-08-30 at 12.16.22\" href=\"https:\/\/www.flickr.com\/photos\/182279889@N02\/51413719684\/in\/dateposted-public\/\" data-flickr-embed=\"true\"><img loading=\"lazy\" decoding=\"async\" src=\"https:\/\/live.staticflickr.com\/65535\/51413719684_6981fd6591_c.jpg\" alt=\"WhatsApp Image 2021-08-30 at 12.16.22\" width=\"800\" height=\"600\" \/><\/a><script async src=\"\/\/embedr.flickr.com\/assets\/client-code.js\" charset=\"utf-8\"><\/script><\/p>\n<p>Un auto que ingresaba de ruta 33 a 76 fue embestido por un cami\u00f3n. Hay personas heridas que ser\u00e1n trasladadas al hospital.<\/p>\n<p>SINTESIS: Fecha y hora ut supra, t\u00f3mese conocimiento accidente automovil\u00edstico en Ruta Provincial N\u00b0 76, intersecci\u00f3n Ruta Nacional 33 , Partido de Tornquist. Constituido personal policial constatan colisi\u00f3n entre veh\u00edculo Fiat Siena, dominio colocado ABG36OP, conducido por Aiello Rocca Gianfranco contra cami\u00f3n Mercedes Benz SDJ 956, conducido Pazo Alberto Rogelio este \u00faltimo transitando por ruta Nacional 33 impactando lateral veh\u00edculo menor el cual se dirig\u00eda por Ruta 76 e intenta ingresar cinta asf\u00e1ltica puente con Ruta 33, ambas femeninas del Fiat Siena son trasladadas nosocomio local, las mismas no presentan lesiones con riesgo de vida.<br \/>\nSolicitase presencia perito Polic\u00eda Cient\u00edfica Bah\u00eda Blanca.<\/p>\n<p><a title=\"Choque 33 y 76 Aiello (3)\" href=\"https:\/\/www.flickr.com\/photos\/182279889@N02\/51413229013\/in\/dateposted-public\/\" data-flickr-embed=\"true\"><img loading=\"lazy\" decoding=\"async\" src=\"https:\/\/live.staticflickr.com\/65535\/51413229013_c0c6ed6a1a_c.jpg\" alt=\"Choque 33 y 76 Aiello (3)\" width=\"800\" height=\"450\" \/><\/a><script async src=\"\/\/embedr.flickr.com\/assets\/client-code.js\" charset=\"utf-8\"><\/script><\/p>\n<p><strong>Fdo.: Sub Crio. Mendiondo Luis Jefe de Turno Estaci\u00f3n Comunal Tornquist.-<\/strong><\/p>\n<p><a title=\"Choque 33 y 76 Aiello (6)\" href=\"https:\/\/www.flickr.com\/photos\/182279889@N02\/51413203003\/in\/dateposted-public\/\" data-flickr-embed=\"true\"><img loading=\"lazy\" decoding=\"async\" src=\"https:\/\/live.staticflickr.com\/65535\/51413203003_298f9d8d03_c.jpg\" alt=\"Choque 33 y 76 Aiello (6)\" width=\"800\" height=\"450\" \/><\/a><\/p>\n<p><script async src=\"\/\/embedr.flickr.com\/assets\/client-code.js\" charset=\"utf-8\"><\/script><\/p>\n<p><a title=\"Choque 33 y 76 Aiello (4)\" href=\"https:\/\/www.flickr.com\/photos\/182279889@N02\/51413693559\/in\/dateposted-public\/\" data-flickr-embed=\"true\"><img loading=\"lazy\" decoding=\"async\" src=\"https:\/\/live.staticflickr.com\/65535\/51413693559_8d410243d3_c.jpg\" alt=\"Choque 33 y 76 Aiello (4)\" width=\"800\" height=\"450\" \/><\/a><\/p>\n<p><script async src=\"\/\/embedr.flickr.com\/assets\/client-code.js\" charset=\"utf-8\"><\/script><\/p>\n<p><a title=\"Choque 33 y 76 Aiello (1)\" href=\"https:\/\/www.flickr.com\/photos\/182279889@N02\/51412193957\/in\/dateposted-public\/\" data-flickr-embed=\"true\"><img loading=\"lazy\" decoding=\"async\" src=\"https:\/\/live.staticflickr.com\/65535\/51412193957_d53a048b63_c.jpg\" alt=\"Choque 33 y 76 Aiello (1)\" width=\"800\" height=\"450\" \/><\/a><script async src=\"\/\/embedr.flickr.com\/assets\/client-code.js\" charset=\"utf-8\"><\/script><\/p>\n","protected":false},"excerpt":{"rendered":"<p>Los bomberos voluntarios de Tornquist, acuden esta ma\u00f1ana del lunes por accidente en el cruce la ruta 33 y ruta 76, ocurri\u00f3 a las 11 hs de este lunes 30 de agosto y los tres ocupantes del autom\u00f3vil resultaron heridos.<\/p>\n","protected":false},"author":3,"featured_media":0,"comment_status":"closed","ping_status":"closed","sticky":false,"template":"","format":"standard","meta":{"footnotes":""},"categories":[29],"tags":[48],"class_list":["post-62129","post","type-post","status-publish","format-standard","hentry","category-policiales","tag-destacada"],"yoast_head":"<!-- This site is optimized with the Yoast SEO plugin v25.9 - https:\/\/yoast.com\/wordpress\/plugins\/seo\/ -->\n<title>Accidente en el cruce de la Ruta 33 y RP 76 con heridos leves. - Noticias Radio Reflejos<\/title>\n<meta name=\"robots\" content=\"index, follow, max-snippet:-1, max-image-preview:large, max-video-preview:-1\" \/>\n<link rel=\"canonical\" href=\"https:\/\/www.noticiasradioreflejos.com.ar\/2021\/accidente-en-la-ruta-3-con-heridos\/\" \/>\n<meta property=\"og:locale\" content=\"es_ES\" \/>\n<meta property=\"og:type\" content=\"article\" \/>\n<meta property=\"og:title\" content=\"Accidente en el cruce de la Ruta 33 y RP 76 con heridos leves. - Noticias Radio Reflejos\" \/>\n<meta property=\"og:description\" content=\"Los bomberos voluntarios de Tornquist, acuden esta ma\u00f1ana del lunes por accidente en el cruce la ruta 33 y ruta 76, ocurri\u00f3 a las 11 hs de este lunes 30 de agosto y los tres ocupantes del autom\u00f3vil resultaron heridos.\" \/>\n<meta property=\"og:url\" content=\"https:\/\/www.noticiasradioreflejos.com.ar\/2021\/accidente-en-la-ruta-3-con-heridos\/\" \/>\n<meta property=\"og:site_name\" content=\"Noticias Radio Reflejos\" \/>\n<meta property=\"article:published_time\" content=\"2021-08-30T14:03:44+00:00\" \/>\n<meta property=\"article:modified_time\" content=\"2021-08-30T15:39:55+00:00\" \/>\n<meta property=\"og:image\" content=\"https:\/\/live.staticflickr.com\/65535\/51413719684_6981fd6591_c.jpg\" \/>\n<meta name=\"author\" content=\"Arnaldo Botto\" \/>\n<meta name=\"twitter:card\" content=\"summary_large_image\" \/>\n<script type=\"application\/ld+json\" class=\"yoast-schema-graph\">{\"@context\":\"https:\/\/schema.org\",\"@graph\":[{\"@type\":\"WebPage\",\"@id\":\"https:\/\/www.noticiasradioreflejos.com.ar\/2021\/accidente-en-la-ruta-3-con-heridos\/\",\"url\":\"https:\/\/www.noticiasradioreflejos.com.ar\/2021\/accidente-en-la-ruta-3-con-heridos\/\",\"name\":\"Accidente en el cruce de la Ruta 33 y RP 76 con heridos leves. - Noticias Radio Reflejos\",\"isPartOf\":{\"@id\":\"https:\/\/www.noticiasradioreflejos.com.ar\/2021\/#website\"},\"primaryImageOfPage\":{\"@id\":\"https:\/\/www.noticiasradioreflejos.com.ar\/2021\/accidente-en-la-ruta-3-con-heridos\/#primaryimage\"},\"image\":{\"@id\":\"https:\/\/www.noticiasradioreflejos.com.ar\/2021\/accidente-en-la-ruta-3-con-heridos\/#primaryimage\"},\"thumbnailUrl\":\"https:\/\/live.staticflickr.com\/65535\/51413719684_6981fd6591_c.jpg\",\"datePublished\":\"2021-08-30T14:03:44+00:00\",\"dateModified\":\"2021-08-30T15:39:55+00:00\",\"author\":{\"@id\":\"https:\/\/www.noticiasradioreflejos.com.ar\/2021\/#\/schema\/person\/ad82545263dcc5ec0996818884fd5fb1\"},\"breadcrumb\":{\"@id\":\"https:\/\/www.noticiasradioreflejos.com.ar\/2021\/accidente-en-la-ruta-3-con-heridos\/#breadcrumb\"},\"inLanguage\":\"es\",\"potentialAction\":[{\"@type\":\"ReadAction\",\"target\":[\"https:\/\/www.noticiasradioreflejos.com.ar\/2021\/accidente-en-la-ruta-3-con-heridos\/\"]}]},{\"@type\":\"ImageObject\",\"inLanguage\":\"es\",\"@id\":\"https:\/\/www.noticiasradioreflejos.com.ar\/2021\/accidente-en-la-ruta-3-con-heridos\/#primaryimage\",\"url\":\"https:\/\/live.staticflickr.com\/65535\/51413719684_6981fd6591_c.jpg\",\"contentUrl\":\"https:\/\/live.staticflickr.com\/65535\/51413719684_6981fd6591_c.jpg\"},{\"@type\":\"BreadcrumbList\",\"@id\":\"https:\/\/www.noticiasradioreflejos.com.ar\/2021\/accidente-en-la-ruta-3-con-heridos\/#breadcrumb\",\"itemListElement\":[{\"@type\":\"ListItem\",\"position\":1,\"name\":\"Portada\",\"item\":\"https:\/\/www.noticiasradioreflejos.com.ar\/2021\/\"},{\"@type\":\"ListItem\",\"position\":2,\"name\":\"Accidente en el cruce de la Ruta 33 y RP 76 con heridos leves.\"}]},{\"@type\":\"WebSite\",\"@id\":\"https:\/\/www.noticiasradioreflejos.com.ar\/2021\/#website\",\"url\":\"https:\/\/www.noticiasradioreflejos.com.ar\/2021\/\",\"name\":\"Noticias Radio Reflejos\",\"description\":\"Las noticias de mi comarca\",\"potentialAction\":[{\"@type\":\"SearchAction\",\"target\":{\"@type\":\"EntryPoint\",\"urlTemplate\":\"https:\/\/www.noticiasradioreflejos.com.ar\/2021\/?s={search_term_string}\"},\"query-input\":{\"@type\":\"PropertyValueSpecification\",\"valueRequired\":true,\"valueName\":\"search_term_string\"}}],\"inLanguage\":\"es\"},{\"@type\":\"Person\",\"@id\":\"https:\/\/www.noticiasradioreflejos.com.ar\/2021\/#\/schema\/person\/ad82545263dcc5ec0996818884fd5fb1\",\"name\":\"Arnaldo Botto\",\"image\":{\"@type\":\"ImageObject\",\"inLanguage\":\"es\",\"@id\":\"https:\/\/www.noticiasradioreflejos.com.ar\/2021\/#\/schema\/person\/image\/\",\"url\":\"https:\/\/secure.gravatar.com\/avatar\/55cb5e37c1efa326397366e6974cb338056df65cb50e7d64d1cf314e87504837?s=96&d=mm&r=g\",\"contentUrl\":\"https:\/\/secure.gravatar.com\/avatar\/55cb5e37c1efa326397366e6974cb338056df65cb50e7d64d1cf314e87504837?s=96&d=mm&r=g\",\"caption\":\"Arnaldo Botto\"},\"url\":\"https:\/\/www.noticiasradioreflejos.com.ar\/2021\/author\/arnaldo\/\"}]}<\/script>\n<!-- \/ Yoast SEO plugin. -->","yoast_head_json":{"title":"Accidente en el cruce de la Ruta 33 y RP 76 con heridos leves. - Noticias Radio Reflejos","robots":{"index":"index","follow":"follow","max-snippet":"max-snippet:-1","max-image-preview":"max-image-preview:large","max-video-preview":"max-video-preview:-1"},"canonical":"https:\/\/www.noticiasradioreflejos.com.ar\/2021\/accidente-en-la-ruta-3-con-heridos\/","og_locale":"es_ES","og_type":"article","og_title":"Accidente en el cruce de la Ruta 33 y RP 76 con heridos leves. - Noticias Radio Reflejos","og_description":"Los bomberos voluntarios de Tornquist, acuden esta ma\u00f1ana del lunes por accidente en el cruce la ruta 33 y ruta 76, ocurri\u00f3 a las 11 hs de este lunes 30 de agosto y los tres ocupantes del autom\u00f3vil resultaron heridos.","og_url":"https:\/\/www.noticiasradioreflejos.com.ar\/2021\/accidente-en-la-ruta-3-con-heridos\/","og_site_name":"Noticias Radio Reflejos","article_published_time":"2021-08-30T14:03:44+00:00","article_modified_time":"2021-08-30T15:39:55+00:00","og_image":[{"url":"https:\/\/live.staticflickr.com\/65535\/51413719684_6981fd6591_c.jpg","type":"","width":"","height":""}],"author":"Arnaldo Botto","twitter_card":"summary_large_image","schema":{"@context":"https:\/\/schema.org","@graph":[{"@type":"WebPage","@id":"https:\/\/www.noticiasradioreflejos.com.ar\/2021\/accidente-en-la-ruta-3-con-heridos\/","url":"https:\/\/www.noticiasradioreflejos.com.ar\/2021\/accidente-en-la-ruta-3-con-heridos\/","name":"Accidente en el cruce de la Ruta 33 y RP 76 con heridos leves. - Noticias Radio Reflejos","isPartOf":{"@id":"https:\/\/www.noticiasradioreflejos.com.ar\/2021\/#website"},"primaryImageOfPage":{"@id":"https:\/\/www.noticiasradioreflejos.com.ar\/2021\/accidente-en-la-ruta-3-con-heridos\/#primaryimage"},"image":{"@id":"https:\/\/www.noticiasradioreflejos.com.ar\/2021\/accidente-en-la-ruta-3-con-heridos\/#primaryimage"},"thumbnailUrl":"https:\/\/live.staticflickr.com\/65535\/51413719684_6981fd6591_c.jpg","datePublished":"2021-08-30T14:03:44+00:00","dateModified":"2021-08-30T15:39:55+00:00","author":{"@id":"https:\/\/www.noticiasradioreflejos.com.ar\/2021\/#\/schema\/person\/ad82545263dcc5ec0996818884fd5fb1"},"breadcrumb":{"@id":"https:\/\/www.noticiasradioreflejos.com.ar\/2021\/accidente-en-la-ruta-3-con-heridos\/#breadcrumb"},"inLanguage":"es","potentialAction":[{"@type":"ReadAction","target":["https:\/\/www.noticiasradioreflejos.com.ar\/2021\/accidente-en-la-ruta-3-con-heridos\/"]}]},{"@type":"ImageObject","inLanguage":"es","@id":"https:\/\/www.noticiasradioreflejos.com.ar\/2021\/accidente-en-la-ruta-3-con-heridos\/#primaryimage","url":"https:\/\/live.staticflickr.com\/65535\/51413719684_6981fd6591_c.jpg","contentUrl":"https:\/\/live.staticflickr.com\/65535\/51413719684_6981fd6591_c.jpg"},{"@type":"BreadcrumbList","@id":"https:\/\/www.noticiasradioreflejos.com.ar\/2021\/accidente-en-la-ruta-3-con-heridos\/#breadcrumb","itemListElement":[{"@type":"ListItem","position":1,"name":"Portada","item":"https:\/\/www.noticiasradioreflejos.com.ar\/2021\/"},{"@type":"ListItem","position":2,"name":"Accidente en el cruce de la Ruta 33 y RP 76 con heridos leves."}]},{"@type":"WebSite","@id":"https:\/\/www.noticiasradioreflejos.com.ar\/2021\/#website","url":"https:\/\/www.noticiasradioreflejos.com.ar\/2021\/","name":"Noticias Radio Reflejos","description":"Las noticias de mi comarca","potentialAction":[{"@type":"SearchAction","target":{"@type":"EntryPoint","urlTemplate":"https:\/\/www.noticiasradioreflejos.com.ar\/2021\/?s={search_term_string}"},"query-input":{"@type":"PropertyValueSpecification","valueRequired":true,"valueName":"search_term_string"}}],"inLanguage":"es"},{"@type":"Person","@id":"https:\/\/www.noticiasradioreflejos.com.ar\/2021\/#\/schema\/person\/ad82545263dcc5ec0996818884fd5fb1","name":"Arnaldo Botto","image":{"@type":"ImageObject","inLanguage":"es","@id":"https:\/\/www.noticiasradioreflejos.com.ar\/2021\/#\/schema\/person\/image\/","url":"https:\/\/secure.gravatar.com\/avatar\/55cb5e37c1efa326397366e6974cb338056df65cb50e7d64d1cf314e87504837?s=96&d=mm&r=g","contentUrl":"https:\/\/secure.gravatar.com\/avatar\/55cb5e37c1efa326397366e6974cb338056df65cb50e7d64d1cf314e87504837?s=96&d=mm&r=g","caption":"Arnaldo Botto"},"url":"https:\/\/www.noticiasradioreflejos.com.ar\/2021\/author\/arnaldo\/"}]}},"_links":{"self":[{"href":"https:\/\/www.noticiasradioreflejos.com.ar\/2021\/wp-json\/wp\/v2\/posts\/62129","targetHints":{"allow":["GET"]}}],"collection":[{"href":"https:\/\/www.noticiasradioreflejos.com.ar\/2021\/wp-json\/wp\/v2\/posts"}],"about":[{"href":"https:\/\/www.noticiasradioreflejos.com.ar\/2021\/wp-json\/wp\/v2\/types\/post"}],"author":[{"embeddable":true,"href":"https:\/\/www.noticiasradioreflejos.com.ar\/2021\/wp-json\/wp\/v2\/users\/3"}],"replies":[{"embeddable":true,"href":"https:\/\/www.noticiasradioreflejos.com.ar\/2021\/wp-json\/wp\/v2\/comments?post=62129"}],"version-history":[{"count":5,"href":"https:\/\/www.noticiasradioreflejos.com.ar\/2021\/wp-json\/wp\/v2\/posts\/62129\/revisions"}],"predecessor-version":[{"id":62138,"href":"https:\/\/www.noticiasradioreflejos.com.ar\/2021\/wp-json\/wp\/v2\/posts\/62129\/revisions\/62138"}],"wp:attachment":[{"href":"https:\/\/www.noticiasradioreflejos.com.ar\/2021\/wp-json\/wp\/v2\/media?parent=62129"}],"wp:term":[{"taxonomy":"category","embeddable":true,"href":"https:\/\/www.noticiasradioreflejos.com.ar\/2021\/wp-json\/wp\/v2\/categories?post=62129"},{"taxonomy":"post_tag","embeddable":true,"href":"https:\/\/www.noticiasradioreflejos.com.ar\/2021\/wp-json\/wp\/v2\/tags?post=62129"}],"curies":[{"name":"wp","href":"https:\/\/api.w.org\/{rel}","templated":true}]}}