{"id":62122,"date":"2021-08-30T13:04:13","date_gmt":"2021-08-30T13:04:13","guid":{"rendered":"http:\/\/www.noticiasradioreflejos.com.ar\/2021\/?p=62122"},"modified":"2021-08-30T13:04:13","modified_gmt":"2021-08-30T13:04:13","slug":"solicitud-de-atencion-primaria-de-la-salud-en-tres-picos","status":"publish","type":"post","link":"https:\/\/www.noticiasradioreflejos.com.ar\/2021\/solicitud-de-atencion-primaria-de-la-salud-en-tres-picos\/","title":{"rendered":"Solicitud de atenci\u00f3n primaria de la salud en Tres Picos"},"content":{"rendered":"<p>Conversando con los vecinos y vecinas de la localidad de Tres Picos notamos que existe una preocupaci\u00f3n generalizada en la comunidad por la falta de personal para la atenci\u00f3n en la Sala de Primeros Auxilios. <!--more-->Consideramos que es necesario dotar de previsibilidad a quienes concurren por problemas de salud, que la falta de una enfermera estable genera incertidumbre e intranquilidad\u00a0 afectando a la poblaci\u00f3n en su normal desenvolvimiento y que es una necesidad imperiosa contar con recurso humano para cubrir la atenci\u00f3n primaria para los pobladores de Tres Picos y zonas aleda\u00f1as.<\/p>\n<p>En ese sentido los Bloques de Concejales del Frente de Todos y Frente Justicialista Cumplir presentamos el d\u00eda de hoy un Pedido de Informe al Intendente Municipal en el cual solicitamos\u00a0 nos informe la cantidad de empleados destinados a la Sala de Primeros Auxilios de Tres Picos, d\u00edas y horarios de atenci\u00f3n, veh\u00edculo y condiciones del mismo, as\u00ed como la causa por la que la localidad solamente cuenta con dos d\u00edas de atenci\u00f3n de una enfermera, quedando sin cubrir el resto de los d\u00edas de la semana.<\/p>\n<p>Esperamos una pronta respuesta y que se resuelva de inmediato esta situaci\u00f3n de vulnerabilidad para mejorar la calidad de vida de los habitantes.<\/p>\n<p>&nbsp;<\/p>\n<p>CONCEJALES FRENTE DE TODOS Y FRENTE JUSTICIALISTA CUMPLIR.<\/p>\n","protected":false},"excerpt":{"rendered":"<p>Conversando con los vecinos y vecinas de la localidad de Tres Picos notamos que existe una preocupaci\u00f3n generalizada en la comunidad por la falta de personal para la atenci\u00f3n en la Sala de Primeros Auxilios.<\/p>\n","protected":false},"author":3,"featured_media":27916,"comment_status":"closed","ping_status":"closed","sticky":false,"template":"","format":"standard","meta":{"footnotes":""},"categories":[24],"tags":[],"class_list":["post-62122","post","type-post","status-publish","format-standard","has-post-thumbnail","hentry","category-politica"],"yoast_head":"<!-- This site is optimized with the Yoast SEO plugin v25.9 - https:\/\/yoast.com\/wordpress\/plugins\/seo\/ -->\n<title>Solicitud de atenci\u00f3n primaria de la salud en Tres Picos - Noticias Radio Reflejos<\/title>\n<meta name=\"robots\" content=\"index, follow, max-snippet:-1, max-image-preview:large, max-video-preview:-1\" \/>\n<link rel=\"canonical\" href=\"https:\/\/www.noticiasradioreflejos.com.ar\/2021\/solicitud-de-atencion-primaria-de-la-salud-en-tres-picos\/\" \/>\n<meta property=\"og:locale\" content=\"es_ES\" \/>\n<meta property=\"og:type\" content=\"article\" \/>\n<meta property=\"og:title\" content=\"Solicitud de atenci\u00f3n primaria de la salud en Tres Picos - Noticias Radio Reflejos\" \/>\n<meta property=\"og:description\" content=\"Conversando con los vecinos y vecinas de la localidad de Tres Picos notamos que existe una preocupaci\u00f3n generalizada en la comunidad por la falta de personal para la atenci\u00f3n en la Sala de Primeros Auxilios.\" \/>\n<meta property=\"og:url\" content=\"https:\/\/www.noticiasradioreflejos.com.ar\/2021\/solicitud-de-atencion-primaria-de-la-salud-en-tres-picos\/\" \/>\n<meta property=\"og:site_name\" content=\"Noticias Radio Reflejos\" \/>\n<meta property=\"article:published_time\" content=\"2021-08-30T13:04:13+00:00\" \/>\n<meta property=\"og:image\" content=\"https:\/\/www.noticiasradioreflejos.com.ar\/2021\/wp-content\/uploads\/2019\/01\/35589f91a06f_i7601-tres-picos-estacion-tren.jpg\" \/>\n\t<meta property=\"og:image:width\" content=\"1200\" \/>\n\t<meta property=\"og:image:height\" content=\"526\" \/>\n\t<meta property=\"og:image:type\" content=\"image\/jpeg\" \/>\n<meta name=\"author\" content=\"Arnaldo Botto\" \/>\n<meta name=\"twitter:card\" content=\"summary_large_image\" \/>\n<script type=\"application\/ld+json\" class=\"yoast-schema-graph\">{\"@context\":\"https:\/\/schema.org\",\"@graph\":[{\"@type\":\"WebPage\",\"@id\":\"https:\/\/www.noticiasradioreflejos.com.ar\/2021\/solicitud-de-atencion-primaria-de-la-salud-en-tres-picos\/\",\"url\":\"https:\/\/www.noticiasradioreflejos.com.ar\/2021\/solicitud-de-atencion-primaria-de-la-salud-en-tres-picos\/\",\"name\":\"Solicitud de atenci\u00f3n primaria de la salud en Tres Picos - Noticias Radio Reflejos\",\"isPartOf\":{\"@id\":\"https:\/\/www.noticiasradioreflejos.com.ar\/2021\/#website\"},\"primaryImageOfPage\":{\"@id\":\"https:\/\/www.noticiasradioreflejos.com.ar\/2021\/solicitud-de-atencion-primaria-de-la-salud-en-tres-picos\/#primaryimage\"},\"image\":{\"@id\":\"https:\/\/www.noticiasradioreflejos.com.ar\/2021\/solicitud-de-atencion-primaria-de-la-salud-en-tres-picos\/#primaryimage\"},\"thumbnailUrl\":\"https:\/\/www.noticiasradioreflejos.com.ar\/2021\/wp-content\/uploads\/2019\/01\/35589f91a06f_i7601-tres-picos-estacion-tren.jpg\",\"datePublished\":\"2021-08-30T13:04:13+00:00\",\"author\":{\"@id\":\"https:\/\/www.noticiasradioreflejos.com.ar\/2021\/#\/schema\/person\/ad82545263dcc5ec0996818884fd5fb1\"},\"breadcrumb\":{\"@id\":\"https:\/\/www.noticiasradioreflejos.com.ar\/2021\/solicitud-de-atencion-primaria-de-la-salud-en-tres-picos\/#breadcrumb\"},\"inLanguage\":\"es\",\"potentialAction\":[{\"@type\":\"ReadAction\",\"target\":[\"https:\/\/www.noticiasradioreflejos.com.ar\/2021\/solicitud-de-atencion-primaria-de-la-salud-en-tres-picos\/\"]}]},{\"@type\":\"ImageObject\",\"inLanguage\":\"es\",\"@id\":\"https:\/\/www.noticiasradioreflejos.com.ar\/2021\/solicitud-de-atencion-primaria-de-la-salud-en-tres-picos\/#primaryimage\",\"url\":\"https:\/\/www.noticiasradioreflejos.com.ar\/2021\/wp-content\/uploads\/2019\/01\/35589f91a06f_i7601-tres-picos-estacion-tren.jpg\",\"contentUrl\":\"https:\/\/www.noticiasradioreflejos.com.ar\/2021\/wp-content\/uploads\/2019\/01\/35589f91a06f_i7601-tres-picos-estacion-tren.jpg\",\"width\":1200,\"height\":526},{\"@type\":\"BreadcrumbList\",\"@id\":\"https:\/\/www.noticiasradioreflejos.com.ar\/2021\/solicitud-de-atencion-primaria-de-la-salud-en-tres-picos\/#breadcrumb\",\"itemListElement\":[{\"@type\":\"ListItem\",\"position\":1,\"name\":\"Portada\",\"item\":\"https:\/\/www.noticiasradioreflejos.com.ar\/2021\/\"},{\"@type\":\"ListItem\",\"position\":2,\"name\":\"Solicitud de atenci\u00f3n primaria de la salud en Tres Picos\"}]},{\"@type\":\"WebSite\",\"@id\":\"https:\/\/www.noticiasradioreflejos.com.ar\/2021\/#website\",\"url\":\"https:\/\/www.noticiasradioreflejos.com.ar\/2021\/\",\"name\":\"Noticias Radio Reflejos\",\"description\":\"Las noticias de mi comarca\",\"potentialAction\":[{\"@type\":\"SearchAction\",\"target\":{\"@type\":\"EntryPoint\",\"urlTemplate\":\"https:\/\/www.noticiasradioreflejos.com.ar\/2021\/?s={search_term_string}\"},\"query-input\":{\"@type\":\"PropertyValueSpecification\",\"valueRequired\":true,\"valueName\":\"search_term_string\"}}],\"inLanguage\":\"es\"},{\"@type\":\"Person\",\"@id\":\"https:\/\/www.noticiasradioreflejos.com.ar\/2021\/#\/schema\/person\/ad82545263dcc5ec0996818884fd5fb1\",\"name\":\"Arnaldo Botto\",\"image\":{\"@type\":\"ImageObject\",\"inLanguage\":\"es\",\"@id\":\"https:\/\/www.noticiasradioreflejos.com.ar\/2021\/#\/schema\/person\/image\/\",\"url\":\"https:\/\/secure.gravatar.com\/avatar\/55cb5e37c1efa326397366e6974cb338056df65cb50e7d64d1cf314e87504837?s=96&d=mm&r=g\",\"contentUrl\":\"https:\/\/secure.gravatar.com\/avatar\/55cb5e37c1efa326397366e6974cb338056df65cb50e7d64d1cf314e87504837?s=96&d=mm&r=g\",\"caption\":\"Arnaldo Botto\"},\"url\":\"https:\/\/www.noticiasradioreflejos.com.ar\/2021\/author\/arnaldo\/\"}]}<\/script>\n<!-- \/ Yoast SEO plugin. -->","yoast_head_json":{"title":"Solicitud de atenci\u00f3n primaria de la salud en Tres Picos - Noticias Radio Reflejos","robots":{"index":"index","follow":"follow","max-snippet":"max-snippet:-1","max-image-preview":"max-image-preview:large","max-video-preview":"max-video-preview:-1"},"canonical":"https:\/\/www.noticiasradioreflejos.com.ar\/2021\/solicitud-de-atencion-primaria-de-la-salud-en-tres-picos\/","og_locale":"es_ES","og_type":"article","og_title":"Solicitud de atenci\u00f3n primaria de la salud en Tres Picos - Noticias Radio Reflejos","og_description":"Conversando con los vecinos y vecinas de la localidad de Tres Picos notamos que existe una preocupaci\u00f3n generalizada en la comunidad por la falta de personal para la atenci\u00f3n en la Sala de Primeros Auxilios.","og_url":"https:\/\/www.noticiasradioreflejos.com.ar\/2021\/solicitud-de-atencion-primaria-de-la-salud-en-tres-picos\/","og_site_name":"Noticias Radio Reflejos","article_published_time":"2021-08-30T13:04:13+00:00","og_image":[{"width":1200,"height":526,"url":"https:\/\/www.noticiasradioreflejos.com.ar\/2021\/wp-content\/uploads\/2019\/01\/35589f91a06f_i7601-tres-picos-estacion-tren.jpg","type":"image\/jpeg"}],"author":"Arnaldo Botto","twitter_card":"summary_large_image","schema":{"@context":"https:\/\/schema.org","@graph":[{"@type":"WebPage","@id":"https:\/\/www.noticiasradioreflejos.com.ar\/2021\/solicitud-de-atencion-primaria-de-la-salud-en-tres-picos\/","url":"https:\/\/www.noticiasradioreflejos.com.ar\/2021\/solicitud-de-atencion-primaria-de-la-salud-en-tres-picos\/","name":"Solicitud de atenci\u00f3n primaria de la salud en Tres Picos - Noticias Radio Reflejos","isPartOf":{"@id":"https:\/\/www.noticiasradioreflejos.com.ar\/2021\/#website"},"primaryImageOfPage":{"@id":"https:\/\/www.noticiasradioreflejos.com.ar\/2021\/solicitud-de-atencion-primaria-de-la-salud-en-tres-picos\/#primaryimage"},"image":{"@id":"https:\/\/www.noticiasradioreflejos.com.ar\/2021\/solicitud-de-atencion-primaria-de-la-salud-en-tres-picos\/#primaryimage"},"thumbnailUrl":"https:\/\/www.noticiasradioreflejos.com.ar\/2021\/wp-content\/uploads\/2019\/01\/35589f91a06f_i7601-tres-picos-estacion-tren.jpg","datePublished":"2021-08-30T13:04:13+00:00","author":{"@id":"https:\/\/www.noticiasradioreflejos.com.ar\/2021\/#\/schema\/person\/ad82545263dcc5ec0996818884fd5fb1"},"breadcrumb":{"@id":"https:\/\/www.noticiasradioreflejos.com.ar\/2021\/solicitud-de-atencion-primaria-de-la-salud-en-tres-picos\/#breadcrumb"},"inLanguage":"es","potentialAction":[{"@type":"ReadAction","target":["https:\/\/www.noticiasradioreflejos.com.ar\/2021\/solicitud-de-atencion-primaria-de-la-salud-en-tres-picos\/"]}]},{"@type":"ImageObject","inLanguage":"es","@id":"https:\/\/www.noticiasradioreflejos.com.ar\/2021\/solicitud-de-atencion-primaria-de-la-salud-en-tres-picos\/#primaryimage","url":"https:\/\/www.noticiasradioreflejos.com.ar\/2021\/wp-content\/uploads\/2019\/01\/35589f91a06f_i7601-tres-picos-estacion-tren.jpg","contentUrl":"https:\/\/www.noticiasradioreflejos.com.ar\/2021\/wp-content\/uploads\/2019\/01\/35589f91a06f_i7601-tres-picos-estacion-tren.jpg","width":1200,"height":526},{"@type":"BreadcrumbList","@id":"https:\/\/www.noticiasradioreflejos.com.ar\/2021\/solicitud-de-atencion-primaria-de-la-salud-en-tres-picos\/#breadcrumb","itemListElement":[{"@type":"ListItem","position":1,"name":"Portada","item":"https:\/\/www.noticiasradioreflejos.com.ar\/2021\/"},{"@type":"ListItem","position":2,"name":"Solicitud de atenci\u00f3n primaria de la salud en Tres Picos"}]},{"@type":"WebSite","@id":"https:\/\/www.noticiasradioreflejos.com.ar\/2021\/#website","url":"https:\/\/www.noticiasradioreflejos.com.ar\/2021\/","name":"Noticias Radio Reflejos","description":"Las noticias de mi comarca","potentialAction":[{"@type":"SearchAction","target":{"@type":"EntryPoint","urlTemplate":"https:\/\/www.noticiasradioreflejos.com.ar\/2021\/?s={search_term_string}"},"query-input":{"@type":"PropertyValueSpecification","valueRequired":true,"valueName":"search_term_string"}}],"inLanguage":"es"},{"@type":"Person","@id":"https:\/\/www.noticiasradioreflejos.com.ar\/2021\/#\/schema\/person\/ad82545263dcc5ec0996818884fd5fb1","name":"Arnaldo Botto","image":{"@type":"ImageObject","inLanguage":"es","@id":"https:\/\/www.noticiasradioreflejos.com.ar\/2021\/#\/schema\/person\/image\/","url":"https:\/\/secure.gravatar.com\/avatar\/55cb5e37c1efa326397366e6974cb338056df65cb50e7d64d1cf314e87504837?s=96&d=mm&r=g","contentUrl":"https:\/\/secure.gravatar.com\/avatar\/55cb5e37c1efa326397366e6974cb338056df65cb50e7d64d1cf314e87504837?s=96&d=mm&r=g","caption":"Arnaldo Botto"},"url":"https:\/\/www.noticiasradioreflejos.com.ar\/2021\/author\/arnaldo\/"}]}},"_links":{"self":[{"href":"https:\/\/www.noticiasradioreflejos.com.ar\/2021\/wp-json\/wp\/v2\/posts\/62122","targetHints":{"allow":["GET"]}}],"collection":[{"href":"https:\/\/www.noticiasradioreflejos.com.ar\/2021\/wp-json\/wp\/v2\/posts"}],"about":[{"href":"https:\/\/www.noticiasradioreflejos.com.ar\/2021\/wp-json\/wp\/v2\/types\/post"}],"author":[{"embeddable":true,"href":"https:\/\/www.noticiasradioreflejos.com.ar\/2021\/wp-json\/wp\/v2\/users\/3"}],"replies":[{"embeddable":true,"href":"https:\/\/www.noticiasradioreflejos.com.ar\/2021\/wp-json\/wp\/v2\/comments?post=62122"}],"version-history":[{"count":1,"href":"https:\/\/www.noticiasradioreflejos.com.ar\/2021\/wp-json\/wp\/v2\/posts\/62122\/revisions"}],"predecessor-version":[{"id":62123,"href":"https:\/\/www.noticiasradioreflejos.com.ar\/2021\/wp-json\/wp\/v2\/posts\/62122\/revisions\/62123"}],"wp:featuredmedia":[{"embeddable":true,"href":"https:\/\/www.noticiasradioreflejos.com.ar\/2021\/wp-json\/wp\/v2\/media\/27916"}],"wp:attachment":[{"href":"https:\/\/www.noticiasradioreflejos.com.ar\/2021\/wp-json\/wp\/v2\/media?parent=62122"}],"wp:term":[{"taxonomy":"category","embeddable":true,"href":"https:\/\/www.noticiasradioreflejos.com.ar\/2021\/wp-json\/wp\/v2\/categories?post=62122"},{"taxonomy":"post_tag","embeddable":true,"href":"https:\/\/www.noticiasradioreflejos.com.ar\/2021\/wp-json\/wp\/v2\/tags?post=62122"}],"curies":[{"name":"wp","href":"https:\/\/api.w.org\/{rel}","templated":true}]}}