{"id":62119,"date":"2021-08-30T12:40:44","date_gmt":"2021-08-30T12:40:44","guid":{"rendered":"http:\/\/www.noticiasradioreflejos.com.ar\/2021\/?p=62119"},"modified":"2021-08-30T12:40:44","modified_gmt":"2021-08-30T12:40:44","slug":"arranco-el-electrofest-con-descuentos-de-hasta-el-40-y-18-cuotas-en-tecnologia-y-electrodomesticos","status":"publish","type":"post","link":"https:\/\/www.noticiasradioreflejos.com.ar\/2021\/arranco-el-electrofest-con-descuentos-de-hasta-el-40-y-18-cuotas-en-tecnologia-y-electrodomesticos\/","title":{"rendered":"Arranc\u00f3 el Electrofest, con descuentos de hasta el 40% y 18 cuotas en tecnolog\u00eda y electrodom\u00e9sticos"},"content":{"rendered":"<div class=\"head-content\">\n<p>Se trata de la sexta edici\u00f3n del evento que organizan las principales cadenas de retail de la Argentina y se desarrollar\u00e1 desde este 30 de agosto al 1 de septiembre.<\/p>\n<\/div>\n<p><!--more-->Este lunes comenz\u00f3 una nueva edici\u00f3n de Electrofest, el evento para la compra de art\u00edculos de tecnolog\u00eda y electrodom\u00e9sticos con descuentos de hasta el 40% y planes de pago de hasta 18 cuotas sin inter\u00e9s que organizan las principales cadenas de retail de la Argentina.<\/p>\n<div class=\"main-content-block\">\n<div class=\"main-box clearfix\">\n<div class=\"wrapper-main-section clearfix\">\n<div class=\"wrapper-editable-content\">\n<div class=\"editable-content clearfix\">\nSe trata de la\u00a0<strong>sexta edici\u00f3n del evento, que se extender\u00e1 hasta el mi\u00e9rcoles 1 de septiembre<\/strong>y al que podr\u00e1 accederse tanto de forma presencial como online o telef\u00f3nica a una amplia variedad de productos que pueden consultarse en<a href=\"https:\/\/www.electrofest.com.ar\/\" target=\"_blank\" rel=\"noopener\">\u00a0www.electrofest.com.ar.<\/a><\/p>\n<p>Hay ofertas en categor\u00edas como LED TV, telefon\u00eda celular, aires acondicionados, computadoras y electrodom\u00e9sticos, entre otros.<\/p>\n<p>Surgido en 2019 como\u00a0<strong>propuesta conjunta de las principales cadenas de venta de electrodom\u00e9sticos del pa\u00eds, en esta edici\u00f3n tendr\u00e1 como empresas participantes a Cetrogar, Fr\u00e1vega, Musimundo, Megatone, Naldo y Pardo.<\/strong><\/p>\n<p><strong>\u00abEsta nueva edici\u00f3n del evento nos encuentra m\u00e1s preparados y con muchas ofertas disponibles. Es un evento para aprovechar tanto en sucursales como en nuestra web y encontrar ofertas en las principales categor\u00edas\u201d<\/strong>, afirm\u00f3 Juan Manuel Almeida, gerente de Marketing de Cetrogar.<\/p>\n<p>\u00abTenemos una propuesta imperdible con descuentos agresivos y cuotas sin inter\u00e9s en las principales marcas de tecnolog\u00eda y electrodom\u00e9sticos, con la posibilidad de comprar desde cualquiera de nuestras sucursales o desde Fravega.com, con entrega inmediata en nuestro pick up, entrega a domicilio en 48hs y amplia variedad de productos\u00bb, expres\u00f3 Juan Mart\u00edn Romero, director ejecutivo de Negocios &amp; Tecnolog\u00eda de Fr\u00e1vega.<\/p>\n<div id=\"image\" class=\"image\"><img decoding=\"async\" title=\"La primera edici\u00f3n del Electrofest registr\u00f3 un aumento de hasta 120% en las ventas, \" src=\"https:\/\/www.telam.com.ar\/advf\/imagenes\/2016\/12\/58581c0378cb0_1004x565.jpg\" alt=\"La primera edici\u00f3n del Electrofest registr\u00f3 un aumento de hasta 120% en las ventas, \" \/><\/p>\n<div class=\"epigrafe\">La primera edici\u00f3n del Electrofest registr\u00f3 un aumento de hasta 120% en las ventas,<\/div>\n<\/div>\n<div class=\"auth\">Las ediciones anteriores<\/div>\n<p>La primera edici\u00f3n del 2021 tuvo lugar en marzo de este a\u00f1o y registr\u00f3 aumentos de hasta 120% en las ventas, con un marcado crecimiento de las operaciones por el canal de e-commerce.<\/p>\n<p>En esta edici\u00f3n del a\u00f1o\u00a0<strong>se sumar\u00e1n las empresas Casa del Audio, Coppel y Hendel.<\/strong><\/p>\n<p>La facturaci\u00f3n por la venta de productos electr\u00f3nicos durante el primer trimestre de 2021 fue de $ 59.247,1 millones, lo que representa un aumento del 97,4% respecto del mismo per\u00edodo de 2020, seg\u00fan la \u00faltima encuesta de \u00abComercios de electrodom\u00e9sticos y art\u00edculos para el hogar\u00bb del Indec.<\/p>\n<p>Los art\u00edculos que tuvieron mayor volumen de ventas fueron \u201cTel\u00e9fonos celulares\u201d, con 525.094 unidades (+39,3%); \u201cPeque\u00f1os electrodom\u00e9sticos\u201d, con 492.289 unidades (+7,6%); \u201cTelevisores\u201d, con 246.532 unidades (+3,6%); \u201cVentiladores\u201d, con 226.091 unidades (-16,4%); \u201cEquipos de aire acondicionado\u201d, con 148.960 unidades; y \u201cHeladeras con y sin freezer\u201d, con 116.951 unidades (-7,3%).<\/p>\n<p>Por detr\u00e1s le siguieron \u201cLavarropas\u201d, con 95.387 unidades (+18,6%); \u201cImpresoras y scanners\u201d, con 80.428 unidades (+31,1%); \u201cCalefones y termotanques\u201d, con 78.471 unidades (+19,4%); y \u201cComputadoras (PC, notebook, all in one, etc)\u201d, con 71.303 unidades (+57,6%).<\/p><\/div>\n<\/div>\n<\/div>\n<\/div>\n<\/div>\n","protected":false},"excerpt":{"rendered":"<p>Se trata de la sexta edici\u00f3n del evento que organizan las principales cadenas de retail de la Argentina y se desarrollar\u00e1 desde este 30 de agosto al 1 de septiembre.<\/p>\n","protected":false},"author":3,"featured_media":0,"comment_status":"closed","ping_status":"closed","sticky":false,"template":"","format":"standard","meta":{"footnotes":""},"categories":[36,26],"tags":[],"class_list":["post-62119","post","type-post","status-publish","format-standard","hentry","category-economia","category-sociedad"],"yoast_head":"<!-- This site is optimized with the Yoast SEO plugin v25.9 - https:\/\/yoast.com\/wordpress\/plugins\/seo\/ -->\n<title>Arranc\u00f3 el Electrofest, con descuentos de hasta el 40% y 18 cuotas en tecnolog\u00eda y electrodom\u00e9sticos - Noticias Radio Reflejos<\/title>\n<meta name=\"robots\" content=\"index, follow, max-snippet:-1, max-image-preview:large, max-video-preview:-1\" \/>\n<link rel=\"canonical\" href=\"https:\/\/www.noticiasradioreflejos.com.ar\/2021\/arranco-el-electrofest-con-descuentos-de-hasta-el-40-y-18-cuotas-en-tecnologia-y-electrodomesticos\/\" \/>\n<meta property=\"og:locale\" content=\"es_ES\" \/>\n<meta property=\"og:type\" content=\"article\" \/>\n<meta property=\"og:title\" content=\"Arranc\u00f3 el Electrofest, con descuentos de hasta el 40% y 18 cuotas en tecnolog\u00eda y electrodom\u00e9sticos - Noticias Radio Reflejos\" \/>\n<meta property=\"og:description\" content=\"Se trata de la sexta edici\u00f3n del evento que organizan las principales cadenas de retail de la Argentina y se desarrollar\u00e1 desde este 30 de agosto al 1 de septiembre.\" \/>\n<meta property=\"og:url\" content=\"https:\/\/www.noticiasradioreflejos.com.ar\/2021\/arranco-el-electrofest-con-descuentos-de-hasta-el-40-y-18-cuotas-en-tecnologia-y-electrodomesticos\/\" \/>\n<meta property=\"og:site_name\" content=\"Noticias Radio Reflejos\" \/>\n<meta property=\"article:published_time\" content=\"2021-08-30T12:40:44+00:00\" \/>\n<meta property=\"og:image\" content=\"https:\/\/www.telam.com.ar\/advf\/imagenes\/2016\/12\/58581c0378cb0_1004x565.jpg\" \/>\n<meta name=\"author\" content=\"Arnaldo Botto\" \/>\n<meta name=\"twitter:card\" content=\"summary_large_image\" \/>\n<script type=\"application\/ld+json\" class=\"yoast-schema-graph\">{\"@context\":\"https:\/\/schema.org\",\"@graph\":[{\"@type\":\"WebPage\",\"@id\":\"https:\/\/www.noticiasradioreflejos.com.ar\/2021\/arranco-el-electrofest-con-descuentos-de-hasta-el-40-y-18-cuotas-en-tecnologia-y-electrodomesticos\/\",\"url\":\"https:\/\/www.noticiasradioreflejos.com.ar\/2021\/arranco-el-electrofest-con-descuentos-de-hasta-el-40-y-18-cuotas-en-tecnologia-y-electrodomesticos\/\",\"name\":\"Arranc\u00f3 el Electrofest, con descuentos de hasta el 40% y 18 cuotas en tecnolog\u00eda y electrodom\u00e9sticos - Noticias Radio Reflejos\",\"isPartOf\":{\"@id\":\"https:\/\/www.noticiasradioreflejos.com.ar\/2021\/#website\"},\"primaryImageOfPage\":{\"@id\":\"https:\/\/www.noticiasradioreflejos.com.ar\/2021\/arranco-el-electrofest-con-descuentos-de-hasta-el-40-y-18-cuotas-en-tecnologia-y-electrodomesticos\/#primaryimage\"},\"image\":{\"@id\":\"https:\/\/www.noticiasradioreflejos.com.ar\/2021\/arranco-el-electrofest-con-descuentos-de-hasta-el-40-y-18-cuotas-en-tecnologia-y-electrodomesticos\/#primaryimage\"},\"thumbnailUrl\":\"https:\/\/www.telam.com.ar\/advf\/imagenes\/2016\/12\/58581c0378cb0_1004x565.jpg\",\"datePublished\":\"2021-08-30T12:40:44+00:00\",\"author\":{\"@id\":\"https:\/\/www.noticiasradioreflejos.com.ar\/2021\/#\/schema\/person\/ad82545263dcc5ec0996818884fd5fb1\"},\"breadcrumb\":{\"@id\":\"https:\/\/www.noticiasradioreflejos.com.ar\/2021\/arranco-el-electrofest-con-descuentos-de-hasta-el-40-y-18-cuotas-en-tecnologia-y-electrodomesticos\/#breadcrumb\"},\"inLanguage\":\"es\",\"potentialAction\":[{\"@type\":\"ReadAction\",\"target\":[\"https:\/\/www.noticiasradioreflejos.com.ar\/2021\/arranco-el-electrofest-con-descuentos-de-hasta-el-40-y-18-cuotas-en-tecnologia-y-electrodomesticos\/\"]}]},{\"@type\":\"ImageObject\",\"inLanguage\":\"es\",\"@id\":\"https:\/\/www.noticiasradioreflejos.com.ar\/2021\/arranco-el-electrofest-con-descuentos-de-hasta-el-40-y-18-cuotas-en-tecnologia-y-electrodomesticos\/#primaryimage\",\"url\":\"https:\/\/www.telam.com.ar\/advf\/imagenes\/2016\/12\/58581c0378cb0_1004x565.jpg\",\"contentUrl\":\"https:\/\/www.telam.com.ar\/advf\/imagenes\/2016\/12\/58581c0378cb0_1004x565.jpg\"},{\"@type\":\"BreadcrumbList\",\"@id\":\"https:\/\/www.noticiasradioreflejos.com.ar\/2021\/arranco-el-electrofest-con-descuentos-de-hasta-el-40-y-18-cuotas-en-tecnologia-y-electrodomesticos\/#breadcrumb\",\"itemListElement\":[{\"@type\":\"ListItem\",\"position\":1,\"name\":\"Portada\",\"item\":\"https:\/\/www.noticiasradioreflejos.com.ar\/2021\/\"},{\"@type\":\"ListItem\",\"position\":2,\"name\":\"Arranc\u00f3 el Electrofest, con descuentos de hasta el 40% y 18 cuotas en tecnolog\u00eda y electrodom\u00e9sticos\"}]},{\"@type\":\"WebSite\",\"@id\":\"https:\/\/www.noticiasradioreflejos.com.ar\/2021\/#website\",\"url\":\"https:\/\/www.noticiasradioreflejos.com.ar\/2021\/\",\"name\":\"Noticias Radio Reflejos\",\"description\":\"Las noticias de mi comarca\",\"potentialAction\":[{\"@type\":\"SearchAction\",\"target\":{\"@type\":\"EntryPoint\",\"urlTemplate\":\"https:\/\/www.noticiasradioreflejos.com.ar\/2021\/?s={search_term_string}\"},\"query-input\":{\"@type\":\"PropertyValueSpecification\",\"valueRequired\":true,\"valueName\":\"search_term_string\"}}],\"inLanguage\":\"es\"},{\"@type\":\"Person\",\"@id\":\"https:\/\/www.noticiasradioreflejos.com.ar\/2021\/#\/schema\/person\/ad82545263dcc5ec0996818884fd5fb1\",\"name\":\"Arnaldo Botto\",\"image\":{\"@type\":\"ImageObject\",\"inLanguage\":\"es\",\"@id\":\"https:\/\/www.noticiasradioreflejos.com.ar\/2021\/#\/schema\/person\/image\/\",\"url\":\"https:\/\/secure.gravatar.com\/avatar\/55cb5e37c1efa326397366e6974cb338056df65cb50e7d64d1cf314e87504837?s=96&d=mm&r=g\",\"contentUrl\":\"https:\/\/secure.gravatar.com\/avatar\/55cb5e37c1efa326397366e6974cb338056df65cb50e7d64d1cf314e87504837?s=96&d=mm&r=g\",\"caption\":\"Arnaldo Botto\"},\"url\":\"https:\/\/www.noticiasradioreflejos.com.ar\/2021\/author\/arnaldo\/\"}]}<\/script>\n<!-- \/ Yoast SEO plugin. -->","yoast_head_json":{"title":"Arranc\u00f3 el Electrofest, con descuentos de hasta el 40% y 18 cuotas en tecnolog\u00eda y electrodom\u00e9sticos - Noticias Radio Reflejos","robots":{"index":"index","follow":"follow","max-snippet":"max-snippet:-1","max-image-preview":"max-image-preview:large","max-video-preview":"max-video-preview:-1"},"canonical":"https:\/\/www.noticiasradioreflejos.com.ar\/2021\/arranco-el-electrofest-con-descuentos-de-hasta-el-40-y-18-cuotas-en-tecnologia-y-electrodomesticos\/","og_locale":"es_ES","og_type":"article","og_title":"Arranc\u00f3 el Electrofest, con descuentos de hasta el 40% y 18 cuotas en tecnolog\u00eda y electrodom\u00e9sticos - Noticias Radio Reflejos","og_description":"Se trata de la sexta edici\u00f3n del evento que organizan las principales cadenas de retail de la Argentina y se desarrollar\u00e1 desde este 30 de agosto al 1 de septiembre.","og_url":"https:\/\/www.noticiasradioreflejos.com.ar\/2021\/arranco-el-electrofest-con-descuentos-de-hasta-el-40-y-18-cuotas-en-tecnologia-y-electrodomesticos\/","og_site_name":"Noticias Radio Reflejos","article_published_time":"2021-08-30T12:40:44+00:00","og_image":[{"url":"https:\/\/www.telam.com.ar\/advf\/imagenes\/2016\/12\/58581c0378cb0_1004x565.jpg","type":"","width":"","height":""}],"author":"Arnaldo Botto","twitter_card":"summary_large_image","schema":{"@context":"https:\/\/schema.org","@graph":[{"@type":"WebPage","@id":"https:\/\/www.noticiasradioreflejos.com.ar\/2021\/arranco-el-electrofest-con-descuentos-de-hasta-el-40-y-18-cuotas-en-tecnologia-y-electrodomesticos\/","url":"https:\/\/www.noticiasradioreflejos.com.ar\/2021\/arranco-el-electrofest-con-descuentos-de-hasta-el-40-y-18-cuotas-en-tecnologia-y-electrodomesticos\/","name":"Arranc\u00f3 el Electrofest, con descuentos de hasta el 40% y 18 cuotas en tecnolog\u00eda y electrodom\u00e9sticos - Noticias Radio Reflejos","isPartOf":{"@id":"https:\/\/www.noticiasradioreflejos.com.ar\/2021\/#website"},"primaryImageOfPage":{"@id":"https:\/\/www.noticiasradioreflejos.com.ar\/2021\/arranco-el-electrofest-con-descuentos-de-hasta-el-40-y-18-cuotas-en-tecnologia-y-electrodomesticos\/#primaryimage"},"image":{"@id":"https:\/\/www.noticiasradioreflejos.com.ar\/2021\/arranco-el-electrofest-con-descuentos-de-hasta-el-40-y-18-cuotas-en-tecnologia-y-electrodomesticos\/#primaryimage"},"thumbnailUrl":"https:\/\/www.telam.com.ar\/advf\/imagenes\/2016\/12\/58581c0378cb0_1004x565.jpg","datePublished":"2021-08-30T12:40:44+00:00","author":{"@id":"https:\/\/www.noticiasradioreflejos.com.ar\/2021\/#\/schema\/person\/ad82545263dcc5ec0996818884fd5fb1"},"breadcrumb":{"@id":"https:\/\/www.noticiasradioreflejos.com.ar\/2021\/arranco-el-electrofest-con-descuentos-de-hasta-el-40-y-18-cuotas-en-tecnologia-y-electrodomesticos\/#breadcrumb"},"inLanguage":"es","potentialAction":[{"@type":"ReadAction","target":["https:\/\/www.noticiasradioreflejos.com.ar\/2021\/arranco-el-electrofest-con-descuentos-de-hasta-el-40-y-18-cuotas-en-tecnologia-y-electrodomesticos\/"]}]},{"@type":"ImageObject","inLanguage":"es","@id":"https:\/\/www.noticiasradioreflejos.com.ar\/2021\/arranco-el-electrofest-con-descuentos-de-hasta-el-40-y-18-cuotas-en-tecnologia-y-electrodomesticos\/#primaryimage","url":"https:\/\/www.telam.com.ar\/advf\/imagenes\/2016\/12\/58581c0378cb0_1004x565.jpg","contentUrl":"https:\/\/www.telam.com.ar\/advf\/imagenes\/2016\/12\/58581c0378cb0_1004x565.jpg"},{"@type":"BreadcrumbList","@id":"https:\/\/www.noticiasradioreflejos.com.ar\/2021\/arranco-el-electrofest-con-descuentos-de-hasta-el-40-y-18-cuotas-en-tecnologia-y-electrodomesticos\/#breadcrumb","itemListElement":[{"@type":"ListItem","position":1,"name":"Portada","item":"https:\/\/www.noticiasradioreflejos.com.ar\/2021\/"},{"@type":"ListItem","position":2,"name":"Arranc\u00f3 el Electrofest, con descuentos de hasta el 40% y 18 cuotas en tecnolog\u00eda y electrodom\u00e9sticos"}]},{"@type":"WebSite","@id":"https:\/\/www.noticiasradioreflejos.com.ar\/2021\/#website","url":"https:\/\/www.noticiasradioreflejos.com.ar\/2021\/","name":"Noticias Radio Reflejos","description":"Las noticias de mi comarca","potentialAction":[{"@type":"SearchAction","target":{"@type":"EntryPoint","urlTemplate":"https:\/\/www.noticiasradioreflejos.com.ar\/2021\/?s={search_term_string}"},"query-input":{"@type":"PropertyValueSpecification","valueRequired":true,"valueName":"search_term_string"}}],"inLanguage":"es"},{"@type":"Person","@id":"https:\/\/www.noticiasradioreflejos.com.ar\/2021\/#\/schema\/person\/ad82545263dcc5ec0996818884fd5fb1","name":"Arnaldo Botto","image":{"@type":"ImageObject","inLanguage":"es","@id":"https:\/\/www.noticiasradioreflejos.com.ar\/2021\/#\/schema\/person\/image\/","url":"https:\/\/secure.gravatar.com\/avatar\/55cb5e37c1efa326397366e6974cb338056df65cb50e7d64d1cf314e87504837?s=96&d=mm&r=g","contentUrl":"https:\/\/secure.gravatar.com\/avatar\/55cb5e37c1efa326397366e6974cb338056df65cb50e7d64d1cf314e87504837?s=96&d=mm&r=g","caption":"Arnaldo Botto"},"url":"https:\/\/www.noticiasradioreflejos.com.ar\/2021\/author\/arnaldo\/"}]}},"_links":{"self":[{"href":"https:\/\/www.noticiasradioreflejos.com.ar\/2021\/wp-json\/wp\/v2\/posts\/62119","targetHints":{"allow":["GET"]}}],"collection":[{"href":"https:\/\/www.noticiasradioreflejos.com.ar\/2021\/wp-json\/wp\/v2\/posts"}],"about":[{"href":"https:\/\/www.noticiasradioreflejos.com.ar\/2021\/wp-json\/wp\/v2\/types\/post"}],"author":[{"embeddable":true,"href":"https:\/\/www.noticiasradioreflejos.com.ar\/2021\/wp-json\/wp\/v2\/users\/3"}],"replies":[{"embeddable":true,"href":"https:\/\/www.noticiasradioreflejos.com.ar\/2021\/wp-json\/wp\/v2\/comments?post=62119"}],"version-history":[{"count":1,"href":"https:\/\/www.noticiasradioreflejos.com.ar\/2021\/wp-json\/wp\/v2\/posts\/62119\/revisions"}],"predecessor-version":[{"id":62121,"href":"https:\/\/www.noticiasradioreflejos.com.ar\/2021\/wp-json\/wp\/v2\/posts\/62119\/revisions\/62121"}],"wp:attachment":[{"href":"https:\/\/www.noticiasradioreflejos.com.ar\/2021\/wp-json\/wp\/v2\/media?parent=62119"}],"wp:term":[{"taxonomy":"category","embeddable":true,"href":"https:\/\/www.noticiasradioreflejos.com.ar\/2021\/wp-json\/wp\/v2\/categories?post=62119"},{"taxonomy":"post_tag","embeddable":true,"href":"https:\/\/www.noticiasradioreflejos.com.ar\/2021\/wp-json\/wp\/v2\/tags?post=62119"}],"curies":[{"name":"wp","href":"https:\/\/api.w.org\/{rel}","templated":true}]}}