{"id":62046,"date":"2021-08-27T10:58:43","date_gmt":"2021-08-27T10:58:43","guid":{"rendered":"http:\/\/www.noticiasradioreflejos.com.ar\/2021\/?p=62046"},"modified":"2021-08-27T10:58:43","modified_gmt":"2021-08-27T10:58:43","slug":"la-funcion-del-concejal-es-abocarnos-a-todos-esos-proyectos-que-quedaron-cajoneados-hace-anos-y-los-que-estan-en-proceso","status":"publish","type":"post","link":"https:\/\/www.noticiasradioreflejos.com.ar\/2021\/la-funcion-del-concejal-es-abocarnos-a-todos-esos-proyectos-que-quedaron-cajoneados-hace-anos-y-los-que-estan-en-proceso\/","title":{"rendered":"\u00abLa funci\u00f3n del concejal es abocarnos a todos esos proyectos que quedaron cajoneados hace a\u00f1os y, los que est\u00e1n en proceso\u00bb."},"content":{"rendered":"<p>Esta ma\u00f1ana conversamos con el precandidato a concejal de Frente de todos por Sierra de la Ventana. <strong>Juan Ignacio Monasterio<\/strong> fue convocado para el cuarto puesto de la lista y durante nuestro programa radial nos describe la propuesta del frente y su visi\u00f3n sobre el trabajo de un concejal.<!--more--><\/p>\n<p>\u00abEs mucho el esfuerzo que se est\u00e1 haciendo, se est\u00e1 recorriendo de punta a punta el distrito. Son ellos, junto con Gustavo, quienes nos entusiasman y nos dan energ\u00eda para salir y estar con los vecinos\u00bb expres\u00f3 Juan Ignacio al comenzar la nota.<\/p>\n<p>Juan Ignacio naci\u00f3 en Bah\u00eda Blanca, en un barrio perif\u00e9rico de la ciudad. Luego estudi\u00f3 en La Plata y en Bah\u00eda. \u00abForm\u00e9 parte de la gesti\u00f3n municipal como director de Juventud en el 2011. Luego, como Director de Relaciones Institucionales. En 2015, renunciamos al Municipio con mi mujer y nos vinimos a Sierra de la Ventana a trabajar en la inmobiliaria de mi suegro, Jorge Savisky\u00bb explic\u00f3 c\u00f3mo fue que lleg\u00f3 a nuestra localidad. Actualmente, Juan Ignacio es propietario del corral\u00f3n de materiales de construcci\u00f3n, \u00abServimat\u00bb.<\/p>\n<p>\u00abMe convoca Gustavo para esta elecci\u00f3n, y creo que participar es formar parte de estos espacios, de devolver un poco de lo que Sierra me dio\u00bb coment\u00f3 por qu\u00e9 acept\u00f3 la invitaci\u00f3n del ex intendente.<\/p>\n<p>Juan opina que el trabajo del Ejecutivo y del poder Legislativo tiene que ir de la mano. \u00abCuando un vecino plantea un problema, no se fija a qui\u00e9n se lo presenta\u00bb.<\/p>\n<p>\u00abHay muchas instituciones que tienen proyectos hace a\u00f1os. La funci\u00f3n del concejal es abocarnos a todos esos proyectos que quedaron cajoneados hace a\u00f1os y, los que est\u00e1n en proceso, poder llegar a que el Ejecutivo los enmarque dentro del presupuesto del a\u00f1o que viene y darles curso\u00bb comparti\u00f3 su opini\u00f3n acerca de cu\u00e1l deber\u00eda ser la labor del concejal.<\/p>\n<p>Entre los proyectos que resalta Juan Ignacio, se encuentra el basural. \u00abSe esta trabajando en un proyecto con una planta de reciclado de compost set. Los desechos org\u00e1nicos los transforma en fertilizantes\u00bb. Tambi\u00e9n mencion\u00f3 la instalaci\u00f3n de ba\u00f1os p\u00fablicos en Sierra de la Ventana y la terminal de \u00f3mnibus.<\/p>\n<p>\u00abVamos a ir recorriendo casa por casa e instituciones por toda la comarca\u00bb transmiti\u00f3 al finalizar.<\/p>\n<p>Nota completa a continuaci\u00f3n:<br \/>\n<iframe loading=\"lazy\" src=\"https:\/\/w.soundcloud.com\/player\/?url=https%3A\/\/api.soundcloud.com\/tracks\/1113262567&amp;color=%23ff5500&amp;auto_play=false&amp;hide_related=false&amp;show_comments=true&amp;show_user=true&amp;show_reposts=false&amp;show_teaser=true\" width=\"100%\" height=\"166\" frameborder=\"no\" scrolling=\"no\"><\/iframe><\/p>\n<div style=\"font-size: 10px; color: #cccccc; line-break: anywhere; word-break: normal; overflow: hidden; white-space: nowrap; text-overflow: ellipsis; font-family: Interstate,Lucida Grande,Lucida Sans Unicode,Lucida Sans,Garuda,Verdana,Tahoma,sans-serif; font-weight: 100;\"><a style=\"color: #cccccc; text-decoration: none;\" title=\"fmreflejos 103.7\" href=\"https:\/\/soundcloud.com\/fmreflejos-103-7\" target=\"_blank\" rel=\"noopener\">fmreflejos 103.7<\/a> \u00b7 <a style=\"color: #cccccc; text-decoration: none;\" title=\"Juan Ignacio Monasterio\" href=\"https:\/\/soundcloud.com\/fmreflejos-103-7\/juan-ignacio-monasterio\" target=\"_blank\" rel=\"noopener\">Juan Ignacio Monasterio<\/a><\/div>\n","protected":false},"excerpt":{"rendered":"<p>Esta ma\u00f1ana conversamos con el precandidato a concejal de Frente de todos por Sierra de la Ventana. Juan Ignacio Monasterio fue convocado para el cuarto puesto de la lista y durante nuestro programa radial nos describe la propuesta del frente y su visi\u00f3n sobre el trabajo de un concejal.<\/p>\n","protected":false},"author":3,"featured_media":0,"comment_status":"closed","ping_status":"closed","sticky":false,"template":"","format":"standard","meta":{"footnotes":""},"categories":[24],"tags":[48],"class_list":["post-62046","post","type-post","status-publish","format-standard","hentry","category-politica","tag-destacada"],"yoast_head":"<!-- This site is optimized with the Yoast SEO plugin v25.9 - https:\/\/yoast.com\/wordpress\/plugins\/seo\/ -->\n<title>&quot;La funci\u00f3n del concejal es abocarnos a todos esos proyectos que quedaron cajoneados hace a\u00f1os y, los que est\u00e1n en proceso&quot;. - Noticias Radio Reflejos<\/title>\n<meta name=\"robots\" content=\"index, follow, max-snippet:-1, max-image-preview:large, max-video-preview:-1\" \/>\n<link rel=\"canonical\" href=\"https:\/\/www.noticiasradioreflejos.com.ar\/2021\/la-funcion-del-concejal-es-abocarnos-a-todos-esos-proyectos-que-quedaron-cajoneados-hace-anos-y-los-que-estan-en-proceso\/\" \/>\n<meta property=\"og:locale\" content=\"es_ES\" \/>\n<meta property=\"og:type\" content=\"article\" \/>\n<meta property=\"og:title\" content=\"&quot;La funci\u00f3n del concejal es abocarnos a todos esos proyectos que quedaron cajoneados hace a\u00f1os y, los que est\u00e1n en proceso&quot;. - Noticias Radio Reflejos\" \/>\n<meta property=\"og:description\" content=\"Esta ma\u00f1ana conversamos con el precandidato a concejal de Frente de todos por Sierra de la Ventana. Juan Ignacio Monasterio fue convocado para el cuarto puesto de la lista y durante nuestro programa radial nos describe la propuesta del frente y su visi\u00f3n sobre el trabajo de un concejal.\" \/>\n<meta property=\"og:url\" content=\"https:\/\/www.noticiasradioreflejos.com.ar\/2021\/la-funcion-del-concejal-es-abocarnos-a-todos-esos-proyectos-que-quedaron-cajoneados-hace-anos-y-los-que-estan-en-proceso\/\" \/>\n<meta property=\"og:site_name\" content=\"Noticias Radio Reflejos\" \/>\n<meta property=\"article:published_time\" content=\"2021-08-27T10:58:43+00:00\" \/>\n<meta property=\"og:image\" content=\"https:\/\/www.noticiasradioreflejos.com.ar\/2021\/wp-content\/uploads\/2021\/07\/logosol300x200.png\" \/>\n\t<meta property=\"og:image:width\" content=\"300\" \/>\n\t<meta property=\"og:image:height\" content=\"200\" \/>\n\t<meta property=\"og:image:type\" content=\"image\/png\" \/>\n<meta name=\"author\" content=\"Arnaldo Botto\" \/>\n<meta name=\"twitter:card\" content=\"summary_large_image\" \/>\n<script type=\"application\/ld+json\" class=\"yoast-schema-graph\">{\"@context\":\"https:\/\/schema.org\",\"@graph\":[{\"@type\":\"WebPage\",\"@id\":\"https:\/\/www.noticiasradioreflejos.com.ar\/2021\/la-funcion-del-concejal-es-abocarnos-a-todos-esos-proyectos-que-quedaron-cajoneados-hace-anos-y-los-que-estan-en-proceso\/\",\"url\":\"https:\/\/www.noticiasradioreflejos.com.ar\/2021\/la-funcion-del-concejal-es-abocarnos-a-todos-esos-proyectos-que-quedaron-cajoneados-hace-anos-y-los-que-estan-en-proceso\/\",\"name\":\"\\\"La funci\u00f3n del concejal es abocarnos a todos esos proyectos que quedaron cajoneados hace a\u00f1os y, los que est\u00e1n en proceso\\\". - Noticias Radio Reflejos\",\"isPartOf\":{\"@id\":\"https:\/\/www.noticiasradioreflejos.com.ar\/2021\/#website\"},\"datePublished\":\"2021-08-27T10:58:43+00:00\",\"author\":{\"@id\":\"https:\/\/www.noticiasradioreflejos.com.ar\/2021\/#\/schema\/person\/ad82545263dcc5ec0996818884fd5fb1\"},\"breadcrumb\":{\"@id\":\"https:\/\/www.noticiasradioreflejos.com.ar\/2021\/la-funcion-del-concejal-es-abocarnos-a-todos-esos-proyectos-que-quedaron-cajoneados-hace-anos-y-los-que-estan-en-proceso\/#breadcrumb\"},\"inLanguage\":\"es\",\"potentialAction\":[{\"@type\":\"ReadAction\",\"target\":[\"https:\/\/www.noticiasradioreflejos.com.ar\/2021\/la-funcion-del-concejal-es-abocarnos-a-todos-esos-proyectos-que-quedaron-cajoneados-hace-anos-y-los-que-estan-en-proceso\/\"]}]},{\"@type\":\"BreadcrumbList\",\"@id\":\"https:\/\/www.noticiasradioreflejos.com.ar\/2021\/la-funcion-del-concejal-es-abocarnos-a-todos-esos-proyectos-que-quedaron-cajoneados-hace-anos-y-los-que-estan-en-proceso\/#breadcrumb\",\"itemListElement\":[{\"@type\":\"ListItem\",\"position\":1,\"name\":\"Portada\",\"item\":\"https:\/\/www.noticiasradioreflejos.com.ar\/2021\/\"},{\"@type\":\"ListItem\",\"position\":2,\"name\":\"\u00abLa funci\u00f3n del concejal es abocarnos a todos esos proyectos que quedaron cajoneados hace a\u00f1os y, los que est\u00e1n en proceso\u00bb.\"}]},{\"@type\":\"WebSite\",\"@id\":\"https:\/\/www.noticiasradioreflejos.com.ar\/2021\/#website\",\"url\":\"https:\/\/www.noticiasradioreflejos.com.ar\/2021\/\",\"name\":\"Noticias Radio Reflejos\",\"description\":\"Las noticias de mi comarca\",\"potentialAction\":[{\"@type\":\"SearchAction\",\"target\":{\"@type\":\"EntryPoint\",\"urlTemplate\":\"https:\/\/www.noticiasradioreflejos.com.ar\/2021\/?s={search_term_string}\"},\"query-input\":{\"@type\":\"PropertyValueSpecification\",\"valueRequired\":true,\"valueName\":\"search_term_string\"}}],\"inLanguage\":\"es\"},{\"@type\":\"Person\",\"@id\":\"https:\/\/www.noticiasradioreflejos.com.ar\/2021\/#\/schema\/person\/ad82545263dcc5ec0996818884fd5fb1\",\"name\":\"Arnaldo Botto\",\"image\":{\"@type\":\"ImageObject\",\"inLanguage\":\"es\",\"@id\":\"https:\/\/www.noticiasradioreflejos.com.ar\/2021\/#\/schema\/person\/image\/\",\"url\":\"https:\/\/secure.gravatar.com\/avatar\/55cb5e37c1efa326397366e6974cb338056df65cb50e7d64d1cf314e87504837?s=96&d=mm&r=g\",\"contentUrl\":\"https:\/\/secure.gravatar.com\/avatar\/55cb5e37c1efa326397366e6974cb338056df65cb50e7d64d1cf314e87504837?s=96&d=mm&r=g\",\"caption\":\"Arnaldo Botto\"},\"url\":\"https:\/\/www.noticiasradioreflejos.com.ar\/2021\/author\/arnaldo\/\"}]}<\/script>\n<!-- \/ Yoast SEO plugin. -->","yoast_head_json":{"title":"\"La funci\u00f3n del concejal es abocarnos a todos esos proyectos que quedaron cajoneados hace a\u00f1os y, los que est\u00e1n en proceso\". - Noticias Radio Reflejos","robots":{"index":"index","follow":"follow","max-snippet":"max-snippet:-1","max-image-preview":"max-image-preview:large","max-video-preview":"max-video-preview:-1"},"canonical":"https:\/\/www.noticiasradioreflejos.com.ar\/2021\/la-funcion-del-concejal-es-abocarnos-a-todos-esos-proyectos-que-quedaron-cajoneados-hace-anos-y-los-que-estan-en-proceso\/","og_locale":"es_ES","og_type":"article","og_title":"\"La funci\u00f3n del concejal es abocarnos a todos esos proyectos que quedaron cajoneados hace a\u00f1os y, los que est\u00e1n en proceso\". - Noticias Radio Reflejos","og_description":"Esta ma\u00f1ana conversamos con el precandidato a concejal de Frente de todos por Sierra de la Ventana. Juan Ignacio Monasterio fue convocado para el cuarto puesto de la lista y durante nuestro programa radial nos describe la propuesta del frente y su visi\u00f3n sobre el trabajo de un concejal.","og_url":"https:\/\/www.noticiasradioreflejos.com.ar\/2021\/la-funcion-del-concejal-es-abocarnos-a-todos-esos-proyectos-que-quedaron-cajoneados-hace-anos-y-los-que-estan-en-proceso\/","og_site_name":"Noticias Radio Reflejos","article_published_time":"2021-08-27T10:58:43+00:00","og_image":[{"width":300,"height":200,"url":"https:\/\/www.noticiasradioreflejos.com.ar\/2021\/wp-content\/uploads\/2021\/07\/logosol300x200.png","type":"image\/png"}],"author":"Arnaldo Botto","twitter_card":"summary_large_image","schema":{"@context":"https:\/\/schema.org","@graph":[{"@type":"WebPage","@id":"https:\/\/www.noticiasradioreflejos.com.ar\/2021\/la-funcion-del-concejal-es-abocarnos-a-todos-esos-proyectos-que-quedaron-cajoneados-hace-anos-y-los-que-estan-en-proceso\/","url":"https:\/\/www.noticiasradioreflejos.com.ar\/2021\/la-funcion-del-concejal-es-abocarnos-a-todos-esos-proyectos-que-quedaron-cajoneados-hace-anos-y-los-que-estan-en-proceso\/","name":"\"La funci\u00f3n del concejal es abocarnos a todos esos proyectos que quedaron cajoneados hace a\u00f1os y, los que est\u00e1n en proceso\". - Noticias Radio Reflejos","isPartOf":{"@id":"https:\/\/www.noticiasradioreflejos.com.ar\/2021\/#website"},"datePublished":"2021-08-27T10:58:43+00:00","author":{"@id":"https:\/\/www.noticiasradioreflejos.com.ar\/2021\/#\/schema\/person\/ad82545263dcc5ec0996818884fd5fb1"},"breadcrumb":{"@id":"https:\/\/www.noticiasradioreflejos.com.ar\/2021\/la-funcion-del-concejal-es-abocarnos-a-todos-esos-proyectos-que-quedaron-cajoneados-hace-anos-y-los-que-estan-en-proceso\/#breadcrumb"},"inLanguage":"es","potentialAction":[{"@type":"ReadAction","target":["https:\/\/www.noticiasradioreflejos.com.ar\/2021\/la-funcion-del-concejal-es-abocarnos-a-todos-esos-proyectos-que-quedaron-cajoneados-hace-anos-y-los-que-estan-en-proceso\/"]}]},{"@type":"BreadcrumbList","@id":"https:\/\/www.noticiasradioreflejos.com.ar\/2021\/la-funcion-del-concejal-es-abocarnos-a-todos-esos-proyectos-que-quedaron-cajoneados-hace-anos-y-los-que-estan-en-proceso\/#breadcrumb","itemListElement":[{"@type":"ListItem","position":1,"name":"Portada","item":"https:\/\/www.noticiasradioreflejos.com.ar\/2021\/"},{"@type":"ListItem","position":2,"name":"\u00abLa funci\u00f3n del concejal es abocarnos a todos esos proyectos que quedaron cajoneados hace a\u00f1os y, los que est\u00e1n en proceso\u00bb."}]},{"@type":"WebSite","@id":"https:\/\/www.noticiasradioreflejos.com.ar\/2021\/#website","url":"https:\/\/www.noticiasradioreflejos.com.ar\/2021\/","name":"Noticias Radio Reflejos","description":"Las noticias de mi comarca","potentialAction":[{"@type":"SearchAction","target":{"@type":"EntryPoint","urlTemplate":"https:\/\/www.noticiasradioreflejos.com.ar\/2021\/?s={search_term_string}"},"query-input":{"@type":"PropertyValueSpecification","valueRequired":true,"valueName":"search_term_string"}}],"inLanguage":"es"},{"@type":"Person","@id":"https:\/\/www.noticiasradioreflejos.com.ar\/2021\/#\/schema\/person\/ad82545263dcc5ec0996818884fd5fb1","name":"Arnaldo Botto","image":{"@type":"ImageObject","inLanguage":"es","@id":"https:\/\/www.noticiasradioreflejos.com.ar\/2021\/#\/schema\/person\/image\/","url":"https:\/\/secure.gravatar.com\/avatar\/55cb5e37c1efa326397366e6974cb338056df65cb50e7d64d1cf314e87504837?s=96&d=mm&r=g","contentUrl":"https:\/\/secure.gravatar.com\/avatar\/55cb5e37c1efa326397366e6974cb338056df65cb50e7d64d1cf314e87504837?s=96&d=mm&r=g","caption":"Arnaldo Botto"},"url":"https:\/\/www.noticiasradioreflejos.com.ar\/2021\/author\/arnaldo\/"}]}},"_links":{"self":[{"href":"https:\/\/www.noticiasradioreflejos.com.ar\/2021\/wp-json\/wp\/v2\/posts\/62046","targetHints":{"allow":["GET"]}}],"collection":[{"href":"https:\/\/www.noticiasradioreflejos.com.ar\/2021\/wp-json\/wp\/v2\/posts"}],"about":[{"href":"https:\/\/www.noticiasradioreflejos.com.ar\/2021\/wp-json\/wp\/v2\/types\/post"}],"author":[{"embeddable":true,"href":"https:\/\/www.noticiasradioreflejos.com.ar\/2021\/wp-json\/wp\/v2\/users\/3"}],"replies":[{"embeddable":true,"href":"https:\/\/www.noticiasradioreflejos.com.ar\/2021\/wp-json\/wp\/v2\/comments?post=62046"}],"version-history":[{"count":3,"href":"https:\/\/www.noticiasradioreflejos.com.ar\/2021\/wp-json\/wp\/v2\/posts\/62046\/revisions"}],"predecessor-version":[{"id":62054,"href":"https:\/\/www.noticiasradioreflejos.com.ar\/2021\/wp-json\/wp\/v2\/posts\/62046\/revisions\/62054"}],"wp:attachment":[{"href":"https:\/\/www.noticiasradioreflejos.com.ar\/2021\/wp-json\/wp\/v2\/media?parent=62046"}],"wp:term":[{"taxonomy":"category","embeddable":true,"href":"https:\/\/www.noticiasradioreflejos.com.ar\/2021\/wp-json\/wp\/v2\/categories?post=62046"},{"taxonomy":"post_tag","embeddable":true,"href":"https:\/\/www.noticiasradioreflejos.com.ar\/2021\/wp-json\/wp\/v2\/tags?post=62046"}],"curies":[{"name":"wp","href":"https:\/\/api.w.org\/{rel}","templated":true}]}}