{"id":62043,"date":"2021-08-26T23:41:13","date_gmt":"2021-08-26T23:41:13","guid":{"rendered":"http:\/\/www.noticiasradioreflejos.com.ar\/2021\/?p=62043"},"modified":"2021-08-27T23:47:18","modified_gmt":"2021-08-27T23:47:18","slug":"persecucion-tiroteo-y-choque-un-delincuente-muerto","status":"publish","type":"post","link":"https:\/\/www.noticiasradioreflejos.com.ar\/2021\/persecucion-tiroteo-y-choque-un-delincuente-muerto\/","title":{"rendered":"Persecuci\u00f3n, tiroteo y choque: un delincuente muerto"},"content":{"rendered":"<header id=\"mvp-post-head\" class=\"left relative\">Ven\u00eda huyendo a gran velocidad evadiendo a distintos retenes policiales hasta que impacta con patrulleros que le bloqueaban la v\u00eda.<!--more--><br \/>\nUn hombre de 27 a\u00f1os termin\u00f3 muerto la tarde de este jueves en el final de una persecuci\u00f3n que se dio entre Carmen de Patagones y Pedro Luro.<br \/>\nEl sujeto, cuyo nombre a\u00fan no se conoce, ven\u00eda huyendo de Patagones con direcci\u00f3n a Pedro Luro con un acompa\u00f1ante, evadiendo a gran velocidad a distintos retenes policiales hasta que choca con patrulleros que le bloqueaban la v\u00eda.<\/header>\n<p><iframe loading=\"lazy\" title=\"YouTube video player\" src=\"https:\/\/www.youtube.com\/embed\/tRU7NNls9YA\" width=\"640\" height=\"352\" frameborder=\"0\" allowfullscreen=\"allowfullscreen\"><\/iframe><\/p>\n<p><span style=\"color: #ff6600;\"><strong><em>La secuencia se ve claramente en un video que muestra desde el choque hasta los disparos.<\/em><\/strong><\/span><\/p>\n<div>\n<div id=\"botr_nPG3w2ut_QZcHKDfI_div\" class=\"jwplayer jw-reset jw-state-idle jw-stretch-uniform jw-breakpoint-4 jw-floating-dismissible jw-flag-user-inactive\" tabindex=\"0\" role=\"application\" aria-label=\"Reproductor de Video\" aria-describedby=\"jw-shortcuts-tooltip-explanation\">\n<div class=\"jw-wrapper jw-reset\">\n<div class=\"jw-controls jw-reset\">\n<div class=\"jw-nextup-container jw-reset\">\n<div class=\"jw-nextup jw-background-color jw-reset\">\n<div class=\"jw-nextup-tooltip jw-reset\">\n<div class=\"jw-nextup-body jw-reset\">\n<div class=\"jw-nextup-duration jw-reset\">Luego de impactar con los veh\u00edculos se produce un tiroteo que termina con el delincuente fallecido y su acompa\u00f1ante de 21 a\u00f1os detenido. Ambos ser\u00edan oriundos de Patagones.<\/div>\n<\/div>\n<\/div>\n<\/div>\n<\/div>\n<\/div>\n<\/div>\n<\/div>\n<\/div>\n<div class=\"code-block code-block-1\"><\/div>\n<p>El hombre es sospechoso de haber disparado contra una persona cerca de las 15:30 en el barrio Villa Rita, en la ciudad de Carmen de Patagones. El herido tiene antecedentes penales y fue trasladado al hospital con un balazo en un brazo.<\/p>\n<p>El caso queda ahora en mano de la Justicia que determinar\u00e1 los detalles de esta persecuci\u00f3n, tiroteo y choque de pel\u00edcula. Al lugar lleg\u00f3 la c\u00fapula policial y el delegado del Ministerio de Seguridad Federico Montero.<\/p>\n<figure class=\"wp-block-image size-large\"><img loading=\"lazy\" decoding=\"async\" class=\"wp-image-153368\" src=\"https:\/\/www.labrujula24.com\/wp-content\/uploads\/2021\/08\/WhatsApp-Image-2021-08-26-at-19.12.22.jpeg\" sizes=\"auto, (max-width: 1280px) 100vw, 1280px\" srcset=\"https:\/\/www.labrujula24.com\/wp-content\/uploads\/2021\/08\/WhatsApp-Image-2021-08-26-at-19.12.22.jpeg 1280w, https:\/\/www.labrujula24.com\/wp-content\/uploads\/2021\/08\/WhatsApp-Image-2021-08-26-at-19.12.22-768x432.jpeg 768w\" alt=\"\" width=\"1280\" height=\"720\" \/><figcaption>As\u00ed qued\u00f3 el auto del sujeto que ven\u00eda huyendo<strong>Fuente La Br\u00fajula 24<\/strong><\/p>\n<\/figcaption><\/figure>\n","protected":false},"excerpt":{"rendered":"<p>Ven\u00eda huyendo a gran velocidad evadiendo a distintos retenes policiales hasta que impacta con patrulleros que le bloqueaban la v\u00eda.<\/p>\n","protected":false},"author":3,"featured_media":0,"comment_status":"closed","ping_status":"closed","sticky":false,"template":"","format":"standard","meta":{"footnotes":""},"categories":[29],"tags":[],"class_list":["post-62043","post","type-post","status-publish","format-standard","hentry","category-policiales"],"yoast_head":"<!-- This site is optimized with the Yoast SEO plugin v25.9 - https:\/\/yoast.com\/wordpress\/plugins\/seo\/ -->\n<title>Persecuci\u00f3n, tiroteo y choque: un delincuente muerto - Noticias Radio Reflejos<\/title>\n<meta name=\"robots\" content=\"index, follow, max-snippet:-1, max-image-preview:large, max-video-preview:-1\" \/>\n<link rel=\"canonical\" href=\"https:\/\/www.noticiasradioreflejos.com.ar\/2021\/persecucion-tiroteo-y-choque-un-delincuente-muerto\/\" \/>\n<meta property=\"og:locale\" content=\"es_ES\" \/>\n<meta property=\"og:type\" content=\"article\" \/>\n<meta property=\"og:title\" content=\"Persecuci\u00f3n, tiroteo y choque: un delincuente muerto - Noticias Radio Reflejos\" \/>\n<meta property=\"og:description\" content=\"Ven\u00eda huyendo a gran velocidad evadiendo a distintos retenes policiales hasta que impacta con patrulleros que le bloqueaban la v\u00eda.\" \/>\n<meta property=\"og:url\" content=\"https:\/\/www.noticiasradioreflejos.com.ar\/2021\/persecucion-tiroteo-y-choque-un-delincuente-muerto\/\" \/>\n<meta property=\"og:site_name\" content=\"Noticias Radio Reflejos\" \/>\n<meta property=\"article:published_time\" content=\"2021-08-26T23:41:13+00:00\" \/>\n<meta property=\"article:modified_time\" content=\"2021-08-27T23:47:18+00:00\" \/>\n<meta property=\"og:image\" content=\"https:\/\/www.labrujula24.com\/wp-content\/uploads\/2021\/08\/WhatsApp-Image-2021-08-26-at-19.12.22.jpeg\" \/>\n<meta name=\"author\" content=\"Arnaldo Botto\" \/>\n<meta name=\"twitter:card\" content=\"summary_large_image\" \/>\n<script type=\"application\/ld+json\" class=\"yoast-schema-graph\">{\"@context\":\"https:\/\/schema.org\",\"@graph\":[{\"@type\":\"WebPage\",\"@id\":\"https:\/\/www.noticiasradioreflejos.com.ar\/2021\/persecucion-tiroteo-y-choque-un-delincuente-muerto\/\",\"url\":\"https:\/\/www.noticiasradioreflejos.com.ar\/2021\/persecucion-tiroteo-y-choque-un-delincuente-muerto\/\",\"name\":\"Persecuci\u00f3n, tiroteo y choque: un delincuente muerto - Noticias Radio Reflejos\",\"isPartOf\":{\"@id\":\"https:\/\/www.noticiasradioreflejos.com.ar\/2021\/#website\"},\"primaryImageOfPage\":{\"@id\":\"https:\/\/www.noticiasradioreflejos.com.ar\/2021\/persecucion-tiroteo-y-choque-un-delincuente-muerto\/#primaryimage\"},\"image\":{\"@id\":\"https:\/\/www.noticiasradioreflejos.com.ar\/2021\/persecucion-tiroteo-y-choque-un-delincuente-muerto\/#primaryimage\"},\"thumbnailUrl\":\"https:\/\/www.labrujula24.com\/wp-content\/uploads\/2021\/08\/WhatsApp-Image-2021-08-26-at-19.12.22.jpeg\",\"datePublished\":\"2021-08-26T23:41:13+00:00\",\"dateModified\":\"2021-08-27T23:47:18+00:00\",\"author\":{\"@id\":\"https:\/\/www.noticiasradioreflejos.com.ar\/2021\/#\/schema\/person\/ad82545263dcc5ec0996818884fd5fb1\"},\"breadcrumb\":{\"@id\":\"https:\/\/www.noticiasradioreflejos.com.ar\/2021\/persecucion-tiroteo-y-choque-un-delincuente-muerto\/#breadcrumb\"},\"inLanguage\":\"es\",\"potentialAction\":[{\"@type\":\"ReadAction\",\"target\":[\"https:\/\/www.noticiasradioreflejos.com.ar\/2021\/persecucion-tiroteo-y-choque-un-delincuente-muerto\/\"]}]},{\"@type\":\"ImageObject\",\"inLanguage\":\"es\",\"@id\":\"https:\/\/www.noticiasradioreflejos.com.ar\/2021\/persecucion-tiroteo-y-choque-un-delincuente-muerto\/#primaryimage\",\"url\":\"https:\/\/www.labrujula24.com\/wp-content\/uploads\/2021\/08\/WhatsApp-Image-2021-08-26-at-19.12.22.jpeg\",\"contentUrl\":\"https:\/\/www.labrujula24.com\/wp-content\/uploads\/2021\/08\/WhatsApp-Image-2021-08-26-at-19.12.22.jpeg\"},{\"@type\":\"BreadcrumbList\",\"@id\":\"https:\/\/www.noticiasradioreflejos.com.ar\/2021\/persecucion-tiroteo-y-choque-un-delincuente-muerto\/#breadcrumb\",\"itemListElement\":[{\"@type\":\"ListItem\",\"position\":1,\"name\":\"Portada\",\"item\":\"https:\/\/www.noticiasradioreflejos.com.ar\/2021\/\"},{\"@type\":\"ListItem\",\"position\":2,\"name\":\"Persecuci\u00f3n, tiroteo y choque: un delincuente muerto\"}]},{\"@type\":\"WebSite\",\"@id\":\"https:\/\/www.noticiasradioreflejos.com.ar\/2021\/#website\",\"url\":\"https:\/\/www.noticiasradioreflejos.com.ar\/2021\/\",\"name\":\"Noticias Radio Reflejos\",\"description\":\"Las noticias de mi comarca\",\"potentialAction\":[{\"@type\":\"SearchAction\",\"target\":{\"@type\":\"EntryPoint\",\"urlTemplate\":\"https:\/\/www.noticiasradioreflejos.com.ar\/2021\/?s={search_term_string}\"},\"query-input\":{\"@type\":\"PropertyValueSpecification\",\"valueRequired\":true,\"valueName\":\"search_term_string\"}}],\"inLanguage\":\"es\"},{\"@type\":\"Person\",\"@id\":\"https:\/\/www.noticiasradioreflejos.com.ar\/2021\/#\/schema\/person\/ad82545263dcc5ec0996818884fd5fb1\",\"name\":\"Arnaldo Botto\",\"image\":{\"@type\":\"ImageObject\",\"inLanguage\":\"es\",\"@id\":\"https:\/\/www.noticiasradioreflejos.com.ar\/2021\/#\/schema\/person\/image\/\",\"url\":\"https:\/\/secure.gravatar.com\/avatar\/55cb5e37c1efa326397366e6974cb338056df65cb50e7d64d1cf314e87504837?s=96&d=mm&r=g\",\"contentUrl\":\"https:\/\/secure.gravatar.com\/avatar\/55cb5e37c1efa326397366e6974cb338056df65cb50e7d64d1cf314e87504837?s=96&d=mm&r=g\",\"caption\":\"Arnaldo Botto\"},\"url\":\"https:\/\/www.noticiasradioreflejos.com.ar\/2021\/author\/arnaldo\/\"}]}<\/script>\n<!-- \/ Yoast SEO plugin. -->","yoast_head_json":{"title":"Persecuci\u00f3n, tiroteo y choque: un delincuente muerto - Noticias Radio Reflejos","robots":{"index":"index","follow":"follow","max-snippet":"max-snippet:-1","max-image-preview":"max-image-preview:large","max-video-preview":"max-video-preview:-1"},"canonical":"https:\/\/www.noticiasradioreflejos.com.ar\/2021\/persecucion-tiroteo-y-choque-un-delincuente-muerto\/","og_locale":"es_ES","og_type":"article","og_title":"Persecuci\u00f3n, tiroteo y choque: un delincuente muerto - Noticias Radio Reflejos","og_description":"Ven\u00eda huyendo a gran velocidad evadiendo a distintos retenes policiales hasta que impacta con patrulleros que le bloqueaban la v\u00eda.","og_url":"https:\/\/www.noticiasradioreflejos.com.ar\/2021\/persecucion-tiroteo-y-choque-un-delincuente-muerto\/","og_site_name":"Noticias Radio Reflejos","article_published_time":"2021-08-26T23:41:13+00:00","article_modified_time":"2021-08-27T23:47:18+00:00","og_image":[{"url":"https:\/\/www.labrujula24.com\/wp-content\/uploads\/2021\/08\/WhatsApp-Image-2021-08-26-at-19.12.22.jpeg","type":"","width":"","height":""}],"author":"Arnaldo Botto","twitter_card":"summary_large_image","schema":{"@context":"https:\/\/schema.org","@graph":[{"@type":"WebPage","@id":"https:\/\/www.noticiasradioreflejos.com.ar\/2021\/persecucion-tiroteo-y-choque-un-delincuente-muerto\/","url":"https:\/\/www.noticiasradioreflejos.com.ar\/2021\/persecucion-tiroteo-y-choque-un-delincuente-muerto\/","name":"Persecuci\u00f3n, tiroteo y choque: un delincuente muerto - Noticias Radio Reflejos","isPartOf":{"@id":"https:\/\/www.noticiasradioreflejos.com.ar\/2021\/#website"},"primaryImageOfPage":{"@id":"https:\/\/www.noticiasradioreflejos.com.ar\/2021\/persecucion-tiroteo-y-choque-un-delincuente-muerto\/#primaryimage"},"image":{"@id":"https:\/\/www.noticiasradioreflejos.com.ar\/2021\/persecucion-tiroteo-y-choque-un-delincuente-muerto\/#primaryimage"},"thumbnailUrl":"https:\/\/www.labrujula24.com\/wp-content\/uploads\/2021\/08\/WhatsApp-Image-2021-08-26-at-19.12.22.jpeg","datePublished":"2021-08-26T23:41:13+00:00","dateModified":"2021-08-27T23:47:18+00:00","author":{"@id":"https:\/\/www.noticiasradioreflejos.com.ar\/2021\/#\/schema\/person\/ad82545263dcc5ec0996818884fd5fb1"},"breadcrumb":{"@id":"https:\/\/www.noticiasradioreflejos.com.ar\/2021\/persecucion-tiroteo-y-choque-un-delincuente-muerto\/#breadcrumb"},"inLanguage":"es","potentialAction":[{"@type":"ReadAction","target":["https:\/\/www.noticiasradioreflejos.com.ar\/2021\/persecucion-tiroteo-y-choque-un-delincuente-muerto\/"]}]},{"@type":"ImageObject","inLanguage":"es","@id":"https:\/\/www.noticiasradioreflejos.com.ar\/2021\/persecucion-tiroteo-y-choque-un-delincuente-muerto\/#primaryimage","url":"https:\/\/www.labrujula24.com\/wp-content\/uploads\/2021\/08\/WhatsApp-Image-2021-08-26-at-19.12.22.jpeg","contentUrl":"https:\/\/www.labrujula24.com\/wp-content\/uploads\/2021\/08\/WhatsApp-Image-2021-08-26-at-19.12.22.jpeg"},{"@type":"BreadcrumbList","@id":"https:\/\/www.noticiasradioreflejos.com.ar\/2021\/persecucion-tiroteo-y-choque-un-delincuente-muerto\/#breadcrumb","itemListElement":[{"@type":"ListItem","position":1,"name":"Portada","item":"https:\/\/www.noticiasradioreflejos.com.ar\/2021\/"},{"@type":"ListItem","position":2,"name":"Persecuci\u00f3n, tiroteo y choque: un delincuente muerto"}]},{"@type":"WebSite","@id":"https:\/\/www.noticiasradioreflejos.com.ar\/2021\/#website","url":"https:\/\/www.noticiasradioreflejos.com.ar\/2021\/","name":"Noticias Radio Reflejos","description":"Las noticias de mi comarca","potentialAction":[{"@type":"SearchAction","target":{"@type":"EntryPoint","urlTemplate":"https:\/\/www.noticiasradioreflejos.com.ar\/2021\/?s={search_term_string}"},"query-input":{"@type":"PropertyValueSpecification","valueRequired":true,"valueName":"search_term_string"}}],"inLanguage":"es"},{"@type":"Person","@id":"https:\/\/www.noticiasradioreflejos.com.ar\/2021\/#\/schema\/person\/ad82545263dcc5ec0996818884fd5fb1","name":"Arnaldo Botto","image":{"@type":"ImageObject","inLanguage":"es","@id":"https:\/\/www.noticiasradioreflejos.com.ar\/2021\/#\/schema\/person\/image\/","url":"https:\/\/secure.gravatar.com\/avatar\/55cb5e37c1efa326397366e6974cb338056df65cb50e7d64d1cf314e87504837?s=96&d=mm&r=g","contentUrl":"https:\/\/secure.gravatar.com\/avatar\/55cb5e37c1efa326397366e6974cb338056df65cb50e7d64d1cf314e87504837?s=96&d=mm&r=g","caption":"Arnaldo Botto"},"url":"https:\/\/www.noticiasradioreflejos.com.ar\/2021\/author\/arnaldo\/"}]}},"_links":{"self":[{"href":"https:\/\/www.noticiasradioreflejos.com.ar\/2021\/wp-json\/wp\/v2\/posts\/62043","targetHints":{"allow":["GET"]}}],"collection":[{"href":"https:\/\/www.noticiasradioreflejos.com.ar\/2021\/wp-json\/wp\/v2\/posts"}],"about":[{"href":"https:\/\/www.noticiasradioreflejos.com.ar\/2021\/wp-json\/wp\/v2\/types\/post"}],"author":[{"embeddable":true,"href":"https:\/\/www.noticiasradioreflejos.com.ar\/2021\/wp-json\/wp\/v2\/users\/3"}],"replies":[{"embeddable":true,"href":"https:\/\/www.noticiasradioreflejos.com.ar\/2021\/wp-json\/wp\/v2\/comments?post=62043"}],"version-history":[{"count":6,"href":"https:\/\/www.noticiasradioreflejos.com.ar\/2021\/wp-json\/wp\/v2\/posts\/62043\/revisions"}],"predecessor-version":[{"id":62095,"href":"https:\/\/www.noticiasradioreflejos.com.ar\/2021\/wp-json\/wp\/v2\/posts\/62043\/revisions\/62095"}],"wp:attachment":[{"href":"https:\/\/www.noticiasradioreflejos.com.ar\/2021\/wp-json\/wp\/v2\/media?parent=62043"}],"wp:term":[{"taxonomy":"category","embeddable":true,"href":"https:\/\/www.noticiasradioreflejos.com.ar\/2021\/wp-json\/wp\/v2\/categories?post=62043"},{"taxonomy":"post_tag","embeddable":true,"href":"https:\/\/www.noticiasradioreflejos.com.ar\/2021\/wp-json\/wp\/v2\/tags?post=62043"}],"curies":[{"name":"wp","href":"https:\/\/api.w.org\/{rel}","templated":true}]}}