{"id":62040,"date":"2021-08-26T23:03:08","date_gmt":"2021-08-26T23:03:08","guid":{"rendered":"http:\/\/www.noticiasradioreflejos.com.ar\/2021\/?p=62040"},"modified":"2021-08-26T23:03:08","modified_gmt":"2021-08-26T23:03:08","slug":"carta-abierta-de-los-clubes-de-la-liga","status":"publish","type":"post","link":"https:\/\/www.noticiasradioreflejos.com.ar\/2021\/carta-abierta-de-los-clubes-de-la-liga\/","title":{"rendered":"Carta abierta de los clubes de la Liga"},"content":{"rendered":"<p>Clubes integrantes de la Liga Regional de F\u00fatbol de Coronel Su\u00e1rez, manifiestan a trav\u00e9s de esta misiva preocupaci\u00f3n e impotencia ante la situaci\u00f3n que hoy nos toca atravesar.<!--more--><\/p>\n<p>A los 26 d\u00edas del mes de Agosto del 2021A quien corresponda<\/p>\n<p>Presente:<\/p>\n<p>&nbsp;<\/p>\n<p>Los clubes abajo firmantes, integrantes de la Liga Regional de F\u00fatbol de Coronel Su\u00e1rez, queremos manifestar y visibilizar a trav\u00e9s de esta misiva nuestra m\u00e1s sincera preocupaci\u00f3n e impotencia ante la situaci\u00f3n que hoy nos toca atravesar.<\/p>\n<p>Desde hace varios a\u00f1os venimos pidiendo a las autoridades que regularizan el f\u00fatbol en la Provincia, que en las ligas del interior y de caracter\u00edsticas como las nuestras, los clubes participantes vivimos realidades totalmente diferentes a los clubes que participan en otras categor\u00edas de AFA.<\/p>\n<p>Hoy, sumergidos en este contexto de pandemia que diariamente nos desaf\u00eda a tratar de sostener nuestras instituciones con las puertas abiertas y con el desarrollo de las actividades deportivas, nos encontramos apremiados por la necesidad de poder contar con la presencia de p\u00fablico en las canchas para poder hacer frente a los gastos que se generan por el operativo policial y el arbitraje m\u00ednimamente. Esto sin contar de lo complicado y esforzado que ha sido en estos \u00faltimos meses poder abonar los sueldos de los profes y personal que trabajan en los clubes.<\/p>\n<p>En los \u00faltimos a\u00f1os se hizo muy dif\u00edcil afrontar el presupuesto que se necesitaba para abrir una cancha el domingo con n\u00fameros que han ido increment\u00e1ndose de manera constante. Con el acompa\u00f1amiento de nuestros socios y simpatizantes, y los recursos que se generaban a trav\u00e9s de la cantina y alg\u00fan bono contribuci\u00f3n, se llegaba a cumplir con esas obligaciones a duras penas.<\/p>\n<p>Pero hoy, a horas de reactivar el torneo liguista, la situaci\u00f3n se ha vuelto inviable ante la negativa por parte de las autoridades pertinentes ante la posibilidad de contar con un limitado y acotado ingreso de socios, permiti\u00e9ndose solamente la permanencia de los planteles con sus respectivos cuerpos t\u00e9cnicos y unos pocos dirigentes; por lo que no tendremos alternativa alguna de poder generar los recursos necesarios para afrontar estos gastos.<\/p>\n<p>En estos dos a\u00f1os la tarea de los dirigentes ha sido por dem\u00e1s dif\u00edcil para sostener nuestras instituciones, trabajando ad honorem y s\u00f3lo por el amor que sentimos por nuestros colores, tratando de que nuestros clubes no mueran, buscando la forma de que los pibes sigan yendo al Club, que nuestros deportistas no pierdan el entusiasmo de seguir entrenando para alg\u00fan d\u00eda volver a jugar al f\u00fatbol. Pidiendo continuamente la colaboraci\u00f3n a nuestros socios y simpatizantes, para poder afrontar las obligaciones mensuales a cambio de nada, haciendo malabares con ventas de pollos, ferias de ropa, o bonos contribuci\u00f3n con premios donados.<\/p>\n<p>Hoy llegamos al punto l\u00edmite, nos est\u00e1n matando. Vemos que todo el trabajo y esfuerzo realizado en este tiempo est\u00e1 siendo en vano. Est\u00e1n matando a los clubes, est\u00e1n matando el deporte. No nos pisen m\u00e1s la cabeza por favor! Estamos pidiendo que nos escuchen, que se acerquen y que conozcan nuestras realidades, que se interioricen sobre el trabajo social que realizan nuestros Clubes en cada una de las localidades a las que pertenecemos, que conozcan lo importante que es la funci\u00f3n de estas instituciones en la formaci\u00f3n de nuestros pibes, como personas y como deportistas.<\/p>\n<p>No sigan empuj\u00e1ndonos al abismo como hasta ahora, es lastimoso ver como esta penosa realidad nos acerca cada vez m\u00e1s a un final indeseado por todos nosotros. De nuestra parte nos comprometemos a seguir trabajando por cada uno de nuestros Clubes de la manera en la que lo hemos estado haciendo hasta ahora, pero necesitamos de su acompa\u00f1amiento y su compromiso para cambiar esta apremiante realidad, por el bien de nuestros pibes, por el bien de nuestras comunidades.<\/p>\n<p>Sin m\u00e1s\u2026<\/p>\n<p>&nbsp;<\/p>\n<p>&#8211;\u00a0\u00a0\u00a0\u00a0\u00a0\u00a0\u00a0\u00a0\u00a0\u00a0 Automoto Club de Tornquist<\/p>\n<p>&#8211;\u00a0\u00a0\u00a0\u00a0\u00a0\u00a0\u00a0\u00a0\u00a0\u00a0 Club Uni\u00f3n de Tornquist<\/p>\n<p>&#8211;\u00a0\u00a0\u00a0\u00a0\u00a0\u00a0\u00a0\u00a0\u00a0\u00a0 Tiro Federal y Club Atl\u00e9tico de Puan<\/p>\n<p>&#8211;\u00a0\u00a0\u00a0\u00a0\u00a0\u00a0\u00a0\u00a0\u00a0\u00a0 Puan Foot Ball Club<\/p>\n<p>&#8211;\u00a0\u00a0\u00a0\u00a0\u00a0\u00a0\u00a0\u00a0\u00a0\u00a0 Club Atl\u00e9tico Huanguel\u00e9n<\/p>\n<p>&#8211;\u00a0\u00a0\u00a0\u00a0\u00a0\u00a0\u00a0\u00a0\u00a0\u00a0 Centro Blanco y Negro de Coronel Su\u00e1rez<\/p>\n<p>&#8211;\u00a0\u00a0\u00a0\u00a0\u00a0\u00a0\u00a0\u00a0\u00a0\u00a0 Centro Deportivo Sarmiento<\/p>\n<p>&#8211;\u00a0\u00a0\u00a0\u00a0\u00a0\u00a0\u00a0\u00a0\u00a0\u00a0 Club Atl\u00e9tico Boca Juniors de Coronel Su\u00e1rez<\/p>\n<p>&#8211;\u00a0\u00a0\u00a0\u00a0\u00a0\u00a0\u00a0\u00a0\u00a0\u00a0 Tiro Federal Villa Belgrano<\/p>\n<p>&#8211;\u00a0\u00a0\u00a0\u00a0\u00a0\u00a0\u00a0\u00a0\u00a0\u00a0 Club San Mart\u00edn de Santa Trinidad<\/p>\n<p>&#8211;\u00a0\u00a0\u00a0\u00a0\u00a0\u00a0\u00a0\u00a0\u00a0\u00a0 Club Atl\u00e9tico Independiente de Pueblo San Jos\u00e9<\/p>\n<p>&#8211;\u00a0\u00a0\u00a0\u00a0\u00a0\u00a0\u00a0\u00a0\u00a0\u00a0 Club El Progreso de Santa Mar\u00eda<\/p>\n<p>&#8211;\u00a0\u00a0\u00a0\u00a0\u00a0\u00a0\u00a0\u00a0\u00a0\u00a0 Club San Mart\u00edn de Carhu\u00e9<\/p>\n<p>&#8211;\u00a0\u00a0\u00a0\u00a0\u00a0\u00a0\u00a0\u00a0\u00a0\u00a0 Racing Club de Carhu\u00e9<\/p>\n<p>&#8211;\u00a0\u00a0\u00a0\u00a0\u00a0\u00a0\u00a0\u00a0\u00a0\u00a0 Club Empleado de Comercio de Guamin\u00ed<\/p>\n<p>&#8211;\u00a0\u00a0\u00a0\u00a0\u00a0\u00a0\u00a0\u00a0\u00a0\u00a0 Club Pe\u00f1arol de Guamin\u00ed<\/p>\n<p>&#8211;\u00a0\u00a0\u00a0\u00a0\u00a0\u00a0\u00a0\u00a0\u00a0\u00a0 Club Atl\u00e9tico Pe\u00f1arol de Pig\u00fc\u00e9<\/p>\n<p>&#8211;\u00a0\u00a0\u00a0\u00a0\u00a0\u00a0\u00a0\u00a0\u00a0\u00a0 Club Sarmiento de Pig\u00fc\u00e9<\/p>\n<p>&#8211;\u00a0\u00a0\u00a0\u00a0\u00a0\u00a0\u00a0\u00a0\u00a0\u00a0 Club Uni\u00f3n de Pig\u00fc\u00e9<\/p>\n<p>&#8211;\u00a0\u00a0\u00a0\u00a0\u00a0\u00a0\u00a0\u00a0\u00a0\u00a0 Club Deportivo Argentino de Pig\u00fc\u00e9<\/p>\n<p>&nbsp;<\/p>\n<p>Departamento de Prensa \u2013 Automoto Club Deportivo<\/p>\n<p>Facebook: \/automototornquist<\/p>\n<p>Twitter: @ClubAutomoto<\/p>\n<p>YouTube: acdtvideos<\/p>\n<p>&nbsp;<\/p>\n","protected":false},"excerpt":{"rendered":"<p>Clubes integrantes de la Liga Regional de F\u00fatbol de Coronel Su\u00e1rez, manifiestan a trav\u00e9s de esta misiva preocupaci\u00f3n e impotencia ante la situaci\u00f3n que hoy nos toca atravesar.<\/p>\n","protected":false},"author":3,"featured_media":0,"comment_status":"closed","ping_status":"closed","sticky":false,"template":"","format":"standard","meta":{"footnotes":""},"categories":[26],"tags":[],"class_list":["post-62040","post","type-post","status-publish","format-standard","hentry","category-sociedad"],"yoast_head":"<!-- This site is optimized with the Yoast SEO plugin v25.9 - https:\/\/yoast.com\/wordpress\/plugins\/seo\/ -->\n<title>Carta abierta de los clubes de la Liga - Noticias Radio Reflejos<\/title>\n<meta name=\"robots\" content=\"index, follow, max-snippet:-1, max-image-preview:large, max-video-preview:-1\" \/>\n<link rel=\"canonical\" href=\"https:\/\/www.noticiasradioreflejos.com.ar\/2021\/carta-abierta-de-los-clubes-de-la-liga\/\" \/>\n<meta property=\"og:locale\" content=\"es_ES\" \/>\n<meta property=\"og:type\" content=\"article\" \/>\n<meta property=\"og:title\" content=\"Carta abierta de los clubes de la Liga - Noticias Radio Reflejos\" \/>\n<meta property=\"og:description\" content=\"Clubes integrantes de la Liga Regional de F\u00fatbol de Coronel Su\u00e1rez, manifiestan a trav\u00e9s de esta misiva preocupaci\u00f3n e impotencia ante la situaci\u00f3n que hoy nos toca atravesar.\" \/>\n<meta property=\"og:url\" content=\"https:\/\/www.noticiasradioreflejos.com.ar\/2021\/carta-abierta-de-los-clubes-de-la-liga\/\" \/>\n<meta property=\"og:site_name\" content=\"Noticias Radio Reflejos\" \/>\n<meta property=\"article:published_time\" content=\"2021-08-26T23:03:08+00:00\" \/>\n<meta property=\"og:image\" content=\"https:\/\/www.noticiasradioreflejos.com.ar\/2021\/wp-content\/uploads\/2021\/07\/logosol300x200.png\" \/>\n\t<meta property=\"og:image:width\" content=\"300\" \/>\n\t<meta property=\"og:image:height\" content=\"200\" \/>\n\t<meta property=\"og:image:type\" content=\"image\/png\" \/>\n<meta name=\"author\" content=\"Arnaldo Botto\" \/>\n<meta name=\"twitter:card\" content=\"summary_large_image\" \/>\n<script type=\"application\/ld+json\" class=\"yoast-schema-graph\">{\"@context\":\"https:\/\/schema.org\",\"@graph\":[{\"@type\":\"WebPage\",\"@id\":\"https:\/\/www.noticiasradioreflejos.com.ar\/2021\/carta-abierta-de-los-clubes-de-la-liga\/\",\"url\":\"https:\/\/www.noticiasradioreflejos.com.ar\/2021\/carta-abierta-de-los-clubes-de-la-liga\/\",\"name\":\"Carta abierta de los clubes de la Liga - Noticias Radio Reflejos\",\"isPartOf\":{\"@id\":\"https:\/\/www.noticiasradioreflejos.com.ar\/2021\/#website\"},\"datePublished\":\"2021-08-26T23:03:08+00:00\",\"author\":{\"@id\":\"https:\/\/www.noticiasradioreflejos.com.ar\/2021\/#\/schema\/person\/ad82545263dcc5ec0996818884fd5fb1\"},\"breadcrumb\":{\"@id\":\"https:\/\/www.noticiasradioreflejos.com.ar\/2021\/carta-abierta-de-los-clubes-de-la-liga\/#breadcrumb\"},\"inLanguage\":\"es\",\"potentialAction\":[{\"@type\":\"ReadAction\",\"target\":[\"https:\/\/www.noticiasradioreflejos.com.ar\/2021\/carta-abierta-de-los-clubes-de-la-liga\/\"]}]},{\"@type\":\"BreadcrumbList\",\"@id\":\"https:\/\/www.noticiasradioreflejos.com.ar\/2021\/carta-abierta-de-los-clubes-de-la-liga\/#breadcrumb\",\"itemListElement\":[{\"@type\":\"ListItem\",\"position\":1,\"name\":\"Portada\",\"item\":\"https:\/\/www.noticiasradioreflejos.com.ar\/2021\/\"},{\"@type\":\"ListItem\",\"position\":2,\"name\":\"Carta abierta de los clubes de la Liga\"}]},{\"@type\":\"WebSite\",\"@id\":\"https:\/\/www.noticiasradioreflejos.com.ar\/2021\/#website\",\"url\":\"https:\/\/www.noticiasradioreflejos.com.ar\/2021\/\",\"name\":\"Noticias Radio Reflejos\",\"description\":\"Las noticias de mi comarca\",\"potentialAction\":[{\"@type\":\"SearchAction\",\"target\":{\"@type\":\"EntryPoint\",\"urlTemplate\":\"https:\/\/www.noticiasradioreflejos.com.ar\/2021\/?s={search_term_string}\"},\"query-input\":{\"@type\":\"PropertyValueSpecification\",\"valueRequired\":true,\"valueName\":\"search_term_string\"}}],\"inLanguage\":\"es\"},{\"@type\":\"Person\",\"@id\":\"https:\/\/www.noticiasradioreflejos.com.ar\/2021\/#\/schema\/person\/ad82545263dcc5ec0996818884fd5fb1\",\"name\":\"Arnaldo Botto\",\"image\":{\"@type\":\"ImageObject\",\"inLanguage\":\"es\",\"@id\":\"https:\/\/www.noticiasradioreflejos.com.ar\/2021\/#\/schema\/person\/image\/\",\"url\":\"https:\/\/secure.gravatar.com\/avatar\/55cb5e37c1efa326397366e6974cb338056df65cb50e7d64d1cf314e87504837?s=96&d=mm&r=g\",\"contentUrl\":\"https:\/\/secure.gravatar.com\/avatar\/55cb5e37c1efa326397366e6974cb338056df65cb50e7d64d1cf314e87504837?s=96&d=mm&r=g\",\"caption\":\"Arnaldo Botto\"},\"url\":\"https:\/\/www.noticiasradioreflejos.com.ar\/2021\/author\/arnaldo\/\"}]}<\/script>\n<!-- \/ Yoast SEO plugin. -->","yoast_head_json":{"title":"Carta abierta de los clubes de la Liga - Noticias Radio Reflejos","robots":{"index":"index","follow":"follow","max-snippet":"max-snippet:-1","max-image-preview":"max-image-preview:large","max-video-preview":"max-video-preview:-1"},"canonical":"https:\/\/www.noticiasradioreflejos.com.ar\/2021\/carta-abierta-de-los-clubes-de-la-liga\/","og_locale":"es_ES","og_type":"article","og_title":"Carta abierta de los clubes de la Liga - Noticias Radio Reflejos","og_description":"Clubes integrantes de la Liga Regional de F\u00fatbol de Coronel Su\u00e1rez, manifiestan a trav\u00e9s de esta misiva preocupaci\u00f3n e impotencia ante la situaci\u00f3n que hoy nos toca atravesar.","og_url":"https:\/\/www.noticiasradioreflejos.com.ar\/2021\/carta-abierta-de-los-clubes-de-la-liga\/","og_site_name":"Noticias Radio Reflejos","article_published_time":"2021-08-26T23:03:08+00:00","og_image":[{"width":300,"height":200,"url":"https:\/\/www.noticiasradioreflejos.com.ar\/2021\/wp-content\/uploads\/2021\/07\/logosol300x200.png","type":"image\/png"}],"author":"Arnaldo Botto","twitter_card":"summary_large_image","schema":{"@context":"https:\/\/schema.org","@graph":[{"@type":"WebPage","@id":"https:\/\/www.noticiasradioreflejos.com.ar\/2021\/carta-abierta-de-los-clubes-de-la-liga\/","url":"https:\/\/www.noticiasradioreflejos.com.ar\/2021\/carta-abierta-de-los-clubes-de-la-liga\/","name":"Carta abierta de los clubes de la Liga - Noticias Radio Reflejos","isPartOf":{"@id":"https:\/\/www.noticiasradioreflejos.com.ar\/2021\/#website"},"datePublished":"2021-08-26T23:03:08+00:00","author":{"@id":"https:\/\/www.noticiasradioreflejos.com.ar\/2021\/#\/schema\/person\/ad82545263dcc5ec0996818884fd5fb1"},"breadcrumb":{"@id":"https:\/\/www.noticiasradioreflejos.com.ar\/2021\/carta-abierta-de-los-clubes-de-la-liga\/#breadcrumb"},"inLanguage":"es","potentialAction":[{"@type":"ReadAction","target":["https:\/\/www.noticiasradioreflejos.com.ar\/2021\/carta-abierta-de-los-clubes-de-la-liga\/"]}]},{"@type":"BreadcrumbList","@id":"https:\/\/www.noticiasradioreflejos.com.ar\/2021\/carta-abierta-de-los-clubes-de-la-liga\/#breadcrumb","itemListElement":[{"@type":"ListItem","position":1,"name":"Portada","item":"https:\/\/www.noticiasradioreflejos.com.ar\/2021\/"},{"@type":"ListItem","position":2,"name":"Carta abierta de los clubes de la Liga"}]},{"@type":"WebSite","@id":"https:\/\/www.noticiasradioreflejos.com.ar\/2021\/#website","url":"https:\/\/www.noticiasradioreflejos.com.ar\/2021\/","name":"Noticias Radio Reflejos","description":"Las noticias de mi comarca","potentialAction":[{"@type":"SearchAction","target":{"@type":"EntryPoint","urlTemplate":"https:\/\/www.noticiasradioreflejos.com.ar\/2021\/?s={search_term_string}"},"query-input":{"@type":"PropertyValueSpecification","valueRequired":true,"valueName":"search_term_string"}}],"inLanguage":"es"},{"@type":"Person","@id":"https:\/\/www.noticiasradioreflejos.com.ar\/2021\/#\/schema\/person\/ad82545263dcc5ec0996818884fd5fb1","name":"Arnaldo Botto","image":{"@type":"ImageObject","inLanguage":"es","@id":"https:\/\/www.noticiasradioreflejos.com.ar\/2021\/#\/schema\/person\/image\/","url":"https:\/\/secure.gravatar.com\/avatar\/55cb5e37c1efa326397366e6974cb338056df65cb50e7d64d1cf314e87504837?s=96&d=mm&r=g","contentUrl":"https:\/\/secure.gravatar.com\/avatar\/55cb5e37c1efa326397366e6974cb338056df65cb50e7d64d1cf314e87504837?s=96&d=mm&r=g","caption":"Arnaldo Botto"},"url":"https:\/\/www.noticiasradioreflejos.com.ar\/2021\/author\/arnaldo\/"}]}},"_links":{"self":[{"href":"https:\/\/www.noticiasradioreflejos.com.ar\/2021\/wp-json\/wp\/v2\/posts\/62040","targetHints":{"allow":["GET"]}}],"collection":[{"href":"https:\/\/www.noticiasradioreflejos.com.ar\/2021\/wp-json\/wp\/v2\/posts"}],"about":[{"href":"https:\/\/www.noticiasradioreflejos.com.ar\/2021\/wp-json\/wp\/v2\/types\/post"}],"author":[{"embeddable":true,"href":"https:\/\/www.noticiasradioreflejos.com.ar\/2021\/wp-json\/wp\/v2\/users\/3"}],"replies":[{"embeddable":true,"href":"https:\/\/www.noticiasradioreflejos.com.ar\/2021\/wp-json\/wp\/v2\/comments?post=62040"}],"version-history":[{"count":1,"href":"https:\/\/www.noticiasradioreflejos.com.ar\/2021\/wp-json\/wp\/v2\/posts\/62040\/revisions"}],"predecessor-version":[{"id":62042,"href":"https:\/\/www.noticiasradioreflejos.com.ar\/2021\/wp-json\/wp\/v2\/posts\/62040\/revisions\/62042"}],"wp:attachment":[{"href":"https:\/\/www.noticiasradioreflejos.com.ar\/2021\/wp-json\/wp\/v2\/media?parent=62040"}],"wp:term":[{"taxonomy":"category","embeddable":true,"href":"https:\/\/www.noticiasradioreflejos.com.ar\/2021\/wp-json\/wp\/v2\/categories?post=62040"},{"taxonomy":"post_tag","embeddable":true,"href":"https:\/\/www.noticiasradioreflejos.com.ar\/2021\/wp-json\/wp\/v2\/tags?post=62040"}],"curies":[{"name":"wp","href":"https:\/\/api.w.org\/{rel}","templated":true}]}}