{"id":62031,"date":"2021-08-26T21:32:12","date_gmt":"2021-08-26T21:32:12","guid":{"rendered":"http:\/\/www.noticiasradioreflejos.com.ar\/2021\/?p=62031"},"modified":"2021-08-26T21:32:12","modified_gmt":"2021-08-26T21:32:12","slug":"continuan-intransitables-el-paso-internacional-pino-hachado-y-varias-rutas","status":"publish","type":"post","link":"https:\/\/www.noticiasradioreflejos.com.ar\/2021\/continuan-intransitables-el-paso-internacional-pino-hachado-y-varias-rutas\/","title":{"rendered":"Contin\u00faan intransitables el paso internacional Pino Hachado y varias rutas"},"content":{"rendered":"<div class=\"head-content\">\n<p>Los cortes parciales de las rutas provinciales 13, 26 y 46 se debieron a la acumulaci\u00f3n de hielo y nieve y a r\u00e1fagas de viento blanco que disminuyen la visibilidad. Por los mismos motivos, ell paso a y desde Chile estar\u00e1 vedado durante toda la jornada.<\/p>\n<\/div>\n<p><!--more--><\/p>\n<div class=\"main-content-block\">\n<div class=\"main-box clearfix\">\n<div class=\"wrapper-main-section clearfix\">\n<div class=\"wrapper-editable-content\">\n<div class=\"editable-content clearfix\">\n<div id=\"image\" class=\"image\"><img decoding=\"async\" title=\"El paso internacional permanecer\u00e1 cerrado debido a acumulaci\u00f3n de hielo en la ruta nacional 242 de Chile.\" src=\"https:\/\/www.telam.com.ar\/advf\/imagenes\/2018\/04\/5ace5351b6719_1004x565.jpg\" alt=\"El paso internacional permanecer\u00e1 cerrado debido a acumulaci\u00f3n de hielo en la ruta nacional 242 de Chile.\" \/><\/p>\n<div class=\"epigrafe\">El paso internacional permanecer\u00e1 cerrado debido a acumulaci\u00f3n de hielo en la ruta nacional 242 de Chile.<\/div>\n<\/div>\n<p>La Direcci\u00f3n de Vialidad en Neuqu\u00e9n inform\u00f3 que el paso internacional Pino Hachado y distintos tramos de al menos tres rutas\u00a0<strong>permanecen inhabilitados por acumulaci\u00f3n de hielo, nieve y visibilidad nula<\/strong>\u00a0por fuerte viento blanco.<\/p>\n<p>En el informe, se especific\u00f3 que la\u00a0<strong>ruta provincial 46<\/strong>\u00a0se encuentra intransitable desde el empalme con la ruta nacional 40, hacia el empalme con la ruta provincial 24, y a partir de all\u00ed hasta la Cuesta del Rahue.<\/p>\n<p>Esto, de acuerdo a Vialidad, es porque en todo ese sector hay acumulaci\u00f3n de nieve y la visibilidad es nula por la presencia de un\u00a0<strong>fuerte viento blanco<\/strong>, por ello los equipos contin\u00faan operando en el despeje y el servicio antihielo.<\/p>\n<p>En tanto, la\u00a0<strong>ruta provincial 13<\/strong>\u00a0permanece intransitable desde Cerro Cansino hacia Litr\u00e1n, y la\u00a0<strong>ruta provincial 26<\/strong>\u00a0desde Loncopu\u00e9 hasta Caviahue, por las mismas razones.<\/p>\n<p>Durante toda la jornada, el paso internacional Pino Hachado permanecer\u00e1 inhabilitado debido a que la ruta nacional 242, desde Los \u00c1lamos hacia el l\u00edmite con Chile, se encuentra intransitable por acumulaci\u00f3n de hielo y visibilidad nula por viento blanco.<\/p>\n<p>Finalmente, las autoridades viales recomendaron a la ciudadan\u00eda \u00abtomar en cuenta los avisos al momento de emprender la circulaci\u00f3n por el territorio neuquino, m\u00e1s a\u00fan en medio de una alerta vigente por fuertes vientos\u00bb.<\/p>\n<p>El estado de rutas se puede consultar en \u00abEstado de Rutas\u00bb del<a href=\"https:\/\/www.dpvneuquen.gov.ar\/\" target=\"_blank\" rel=\"noopener\">sitio web<\/a>\u00a0de la provincia de Neuqu\u00e9n.<\/div>\n<\/div>\n<\/div>\n<\/div>\n<\/div>\n","protected":false},"excerpt":{"rendered":"<p>Los cortes parciales de las rutas provinciales 13, 26 y 46 se debieron a la acumulaci\u00f3n de hielo y nieve y a r\u00e1fagas de viento blanco que disminuyen la visibilidad. Por los mismos motivos, ell paso a y desde Chile estar\u00e1 vedado durante toda la jornada.<\/p>\n","protected":false},"author":3,"featured_media":0,"comment_status":"closed","ping_status":"closed","sticky":false,"template":"","format":"standard","meta":{"footnotes":""},"categories":[26],"tags":[],"class_list":["post-62031","post","type-post","status-publish","format-standard","hentry","category-sociedad"],"yoast_head":"<!-- This site is optimized with the Yoast SEO plugin v25.9 - https:\/\/yoast.com\/wordpress\/plugins\/seo\/ -->\n<title>Contin\u00faan intransitables el paso internacional Pino Hachado y varias rutas - Noticias Radio Reflejos<\/title>\n<meta name=\"robots\" content=\"index, follow, max-snippet:-1, max-image-preview:large, max-video-preview:-1\" \/>\n<link rel=\"canonical\" href=\"https:\/\/www.noticiasradioreflejos.com.ar\/2021\/continuan-intransitables-el-paso-internacional-pino-hachado-y-varias-rutas\/\" \/>\n<meta property=\"og:locale\" content=\"es_ES\" \/>\n<meta property=\"og:type\" content=\"article\" \/>\n<meta property=\"og:title\" content=\"Contin\u00faan intransitables el paso internacional Pino Hachado y varias rutas - Noticias Radio Reflejos\" \/>\n<meta property=\"og:description\" content=\"Los cortes parciales de las rutas provinciales 13, 26 y 46 se debieron a la acumulaci\u00f3n de hielo y nieve y a r\u00e1fagas de viento blanco que disminuyen la visibilidad. Por los mismos motivos, ell paso a y desde Chile estar\u00e1 vedado durante toda la jornada.\" \/>\n<meta property=\"og:url\" content=\"https:\/\/www.noticiasradioreflejos.com.ar\/2021\/continuan-intransitables-el-paso-internacional-pino-hachado-y-varias-rutas\/\" \/>\n<meta property=\"og:site_name\" content=\"Noticias Radio Reflejos\" \/>\n<meta property=\"article:published_time\" content=\"2021-08-26T21:32:12+00:00\" \/>\n<meta property=\"og:image\" content=\"https:\/\/www.telam.com.ar\/advf\/imagenes\/2018\/04\/5ace5351b6719_1004x565.jpg\" \/>\n<meta name=\"author\" content=\"Arnaldo Botto\" \/>\n<meta name=\"twitter:card\" content=\"summary_large_image\" \/>\n<script type=\"application\/ld+json\" class=\"yoast-schema-graph\">{\"@context\":\"https:\/\/schema.org\",\"@graph\":[{\"@type\":\"WebPage\",\"@id\":\"https:\/\/www.noticiasradioreflejos.com.ar\/2021\/continuan-intransitables-el-paso-internacional-pino-hachado-y-varias-rutas\/\",\"url\":\"https:\/\/www.noticiasradioreflejos.com.ar\/2021\/continuan-intransitables-el-paso-internacional-pino-hachado-y-varias-rutas\/\",\"name\":\"Contin\u00faan intransitables el paso internacional Pino Hachado y varias rutas - Noticias Radio Reflejos\",\"isPartOf\":{\"@id\":\"https:\/\/www.noticiasradioreflejos.com.ar\/2021\/#website\"},\"primaryImageOfPage\":{\"@id\":\"https:\/\/www.noticiasradioreflejos.com.ar\/2021\/continuan-intransitables-el-paso-internacional-pino-hachado-y-varias-rutas\/#primaryimage\"},\"image\":{\"@id\":\"https:\/\/www.noticiasradioreflejos.com.ar\/2021\/continuan-intransitables-el-paso-internacional-pino-hachado-y-varias-rutas\/#primaryimage\"},\"thumbnailUrl\":\"https:\/\/www.telam.com.ar\/advf\/imagenes\/2018\/04\/5ace5351b6719_1004x565.jpg\",\"datePublished\":\"2021-08-26T21:32:12+00:00\",\"author\":{\"@id\":\"https:\/\/www.noticiasradioreflejos.com.ar\/2021\/#\/schema\/person\/ad82545263dcc5ec0996818884fd5fb1\"},\"breadcrumb\":{\"@id\":\"https:\/\/www.noticiasradioreflejos.com.ar\/2021\/continuan-intransitables-el-paso-internacional-pino-hachado-y-varias-rutas\/#breadcrumb\"},\"inLanguage\":\"es\",\"potentialAction\":[{\"@type\":\"ReadAction\",\"target\":[\"https:\/\/www.noticiasradioreflejos.com.ar\/2021\/continuan-intransitables-el-paso-internacional-pino-hachado-y-varias-rutas\/\"]}]},{\"@type\":\"ImageObject\",\"inLanguage\":\"es\",\"@id\":\"https:\/\/www.noticiasradioreflejos.com.ar\/2021\/continuan-intransitables-el-paso-internacional-pino-hachado-y-varias-rutas\/#primaryimage\",\"url\":\"https:\/\/www.telam.com.ar\/advf\/imagenes\/2018\/04\/5ace5351b6719_1004x565.jpg\",\"contentUrl\":\"https:\/\/www.telam.com.ar\/advf\/imagenes\/2018\/04\/5ace5351b6719_1004x565.jpg\"},{\"@type\":\"BreadcrumbList\",\"@id\":\"https:\/\/www.noticiasradioreflejos.com.ar\/2021\/continuan-intransitables-el-paso-internacional-pino-hachado-y-varias-rutas\/#breadcrumb\",\"itemListElement\":[{\"@type\":\"ListItem\",\"position\":1,\"name\":\"Portada\",\"item\":\"https:\/\/www.noticiasradioreflejos.com.ar\/2021\/\"},{\"@type\":\"ListItem\",\"position\":2,\"name\":\"Contin\u00faan intransitables el paso internacional Pino Hachado y varias rutas\"}]},{\"@type\":\"WebSite\",\"@id\":\"https:\/\/www.noticiasradioreflejos.com.ar\/2021\/#website\",\"url\":\"https:\/\/www.noticiasradioreflejos.com.ar\/2021\/\",\"name\":\"Noticias Radio Reflejos\",\"description\":\"Las noticias de mi comarca\",\"potentialAction\":[{\"@type\":\"SearchAction\",\"target\":{\"@type\":\"EntryPoint\",\"urlTemplate\":\"https:\/\/www.noticiasradioreflejos.com.ar\/2021\/?s={search_term_string}\"},\"query-input\":{\"@type\":\"PropertyValueSpecification\",\"valueRequired\":true,\"valueName\":\"search_term_string\"}}],\"inLanguage\":\"es\"},{\"@type\":\"Person\",\"@id\":\"https:\/\/www.noticiasradioreflejos.com.ar\/2021\/#\/schema\/person\/ad82545263dcc5ec0996818884fd5fb1\",\"name\":\"Arnaldo Botto\",\"image\":{\"@type\":\"ImageObject\",\"inLanguage\":\"es\",\"@id\":\"https:\/\/www.noticiasradioreflejos.com.ar\/2021\/#\/schema\/person\/image\/\",\"url\":\"https:\/\/secure.gravatar.com\/avatar\/55cb5e37c1efa326397366e6974cb338056df65cb50e7d64d1cf314e87504837?s=96&d=mm&r=g\",\"contentUrl\":\"https:\/\/secure.gravatar.com\/avatar\/55cb5e37c1efa326397366e6974cb338056df65cb50e7d64d1cf314e87504837?s=96&d=mm&r=g\",\"caption\":\"Arnaldo Botto\"},\"url\":\"https:\/\/www.noticiasradioreflejos.com.ar\/2021\/author\/arnaldo\/\"}]}<\/script>\n<!-- \/ Yoast SEO plugin. -->","yoast_head_json":{"title":"Contin\u00faan intransitables el paso internacional Pino Hachado y varias rutas - Noticias Radio Reflejos","robots":{"index":"index","follow":"follow","max-snippet":"max-snippet:-1","max-image-preview":"max-image-preview:large","max-video-preview":"max-video-preview:-1"},"canonical":"https:\/\/www.noticiasradioreflejos.com.ar\/2021\/continuan-intransitables-el-paso-internacional-pino-hachado-y-varias-rutas\/","og_locale":"es_ES","og_type":"article","og_title":"Contin\u00faan intransitables el paso internacional Pino Hachado y varias rutas - Noticias Radio Reflejos","og_description":"Los cortes parciales de las rutas provinciales 13, 26 y 46 se debieron a la acumulaci\u00f3n de hielo y nieve y a r\u00e1fagas de viento blanco que disminuyen la visibilidad. Por los mismos motivos, ell paso a y desde Chile estar\u00e1 vedado durante toda la jornada.","og_url":"https:\/\/www.noticiasradioreflejos.com.ar\/2021\/continuan-intransitables-el-paso-internacional-pino-hachado-y-varias-rutas\/","og_site_name":"Noticias Radio Reflejos","article_published_time":"2021-08-26T21:32:12+00:00","og_image":[{"url":"https:\/\/www.telam.com.ar\/advf\/imagenes\/2018\/04\/5ace5351b6719_1004x565.jpg","type":"","width":"","height":""}],"author":"Arnaldo Botto","twitter_card":"summary_large_image","schema":{"@context":"https:\/\/schema.org","@graph":[{"@type":"WebPage","@id":"https:\/\/www.noticiasradioreflejos.com.ar\/2021\/continuan-intransitables-el-paso-internacional-pino-hachado-y-varias-rutas\/","url":"https:\/\/www.noticiasradioreflejos.com.ar\/2021\/continuan-intransitables-el-paso-internacional-pino-hachado-y-varias-rutas\/","name":"Contin\u00faan intransitables el paso internacional Pino Hachado y varias rutas - Noticias Radio Reflejos","isPartOf":{"@id":"https:\/\/www.noticiasradioreflejos.com.ar\/2021\/#website"},"primaryImageOfPage":{"@id":"https:\/\/www.noticiasradioreflejos.com.ar\/2021\/continuan-intransitables-el-paso-internacional-pino-hachado-y-varias-rutas\/#primaryimage"},"image":{"@id":"https:\/\/www.noticiasradioreflejos.com.ar\/2021\/continuan-intransitables-el-paso-internacional-pino-hachado-y-varias-rutas\/#primaryimage"},"thumbnailUrl":"https:\/\/www.telam.com.ar\/advf\/imagenes\/2018\/04\/5ace5351b6719_1004x565.jpg","datePublished":"2021-08-26T21:32:12+00:00","author":{"@id":"https:\/\/www.noticiasradioreflejos.com.ar\/2021\/#\/schema\/person\/ad82545263dcc5ec0996818884fd5fb1"},"breadcrumb":{"@id":"https:\/\/www.noticiasradioreflejos.com.ar\/2021\/continuan-intransitables-el-paso-internacional-pino-hachado-y-varias-rutas\/#breadcrumb"},"inLanguage":"es","potentialAction":[{"@type":"ReadAction","target":["https:\/\/www.noticiasradioreflejos.com.ar\/2021\/continuan-intransitables-el-paso-internacional-pino-hachado-y-varias-rutas\/"]}]},{"@type":"ImageObject","inLanguage":"es","@id":"https:\/\/www.noticiasradioreflejos.com.ar\/2021\/continuan-intransitables-el-paso-internacional-pino-hachado-y-varias-rutas\/#primaryimage","url":"https:\/\/www.telam.com.ar\/advf\/imagenes\/2018\/04\/5ace5351b6719_1004x565.jpg","contentUrl":"https:\/\/www.telam.com.ar\/advf\/imagenes\/2018\/04\/5ace5351b6719_1004x565.jpg"},{"@type":"BreadcrumbList","@id":"https:\/\/www.noticiasradioreflejos.com.ar\/2021\/continuan-intransitables-el-paso-internacional-pino-hachado-y-varias-rutas\/#breadcrumb","itemListElement":[{"@type":"ListItem","position":1,"name":"Portada","item":"https:\/\/www.noticiasradioreflejos.com.ar\/2021\/"},{"@type":"ListItem","position":2,"name":"Contin\u00faan intransitables el paso internacional Pino Hachado y varias rutas"}]},{"@type":"WebSite","@id":"https:\/\/www.noticiasradioreflejos.com.ar\/2021\/#website","url":"https:\/\/www.noticiasradioreflejos.com.ar\/2021\/","name":"Noticias Radio Reflejos","description":"Las noticias de mi comarca","potentialAction":[{"@type":"SearchAction","target":{"@type":"EntryPoint","urlTemplate":"https:\/\/www.noticiasradioreflejos.com.ar\/2021\/?s={search_term_string}"},"query-input":{"@type":"PropertyValueSpecification","valueRequired":true,"valueName":"search_term_string"}}],"inLanguage":"es"},{"@type":"Person","@id":"https:\/\/www.noticiasradioreflejos.com.ar\/2021\/#\/schema\/person\/ad82545263dcc5ec0996818884fd5fb1","name":"Arnaldo Botto","image":{"@type":"ImageObject","inLanguage":"es","@id":"https:\/\/www.noticiasradioreflejos.com.ar\/2021\/#\/schema\/person\/image\/","url":"https:\/\/secure.gravatar.com\/avatar\/55cb5e37c1efa326397366e6974cb338056df65cb50e7d64d1cf314e87504837?s=96&d=mm&r=g","contentUrl":"https:\/\/secure.gravatar.com\/avatar\/55cb5e37c1efa326397366e6974cb338056df65cb50e7d64d1cf314e87504837?s=96&d=mm&r=g","caption":"Arnaldo Botto"},"url":"https:\/\/www.noticiasradioreflejos.com.ar\/2021\/author\/arnaldo\/"}]}},"_links":{"self":[{"href":"https:\/\/www.noticiasradioreflejos.com.ar\/2021\/wp-json\/wp\/v2\/posts\/62031","targetHints":{"allow":["GET"]}}],"collection":[{"href":"https:\/\/www.noticiasradioreflejos.com.ar\/2021\/wp-json\/wp\/v2\/posts"}],"about":[{"href":"https:\/\/www.noticiasradioreflejos.com.ar\/2021\/wp-json\/wp\/v2\/types\/post"}],"author":[{"embeddable":true,"href":"https:\/\/www.noticiasradioreflejos.com.ar\/2021\/wp-json\/wp\/v2\/users\/3"}],"replies":[{"embeddable":true,"href":"https:\/\/www.noticiasradioreflejos.com.ar\/2021\/wp-json\/wp\/v2\/comments?post=62031"}],"version-history":[{"count":1,"href":"https:\/\/www.noticiasradioreflejos.com.ar\/2021\/wp-json\/wp\/v2\/posts\/62031\/revisions"}],"predecessor-version":[{"id":62033,"href":"https:\/\/www.noticiasradioreflejos.com.ar\/2021\/wp-json\/wp\/v2\/posts\/62031\/revisions\/62033"}],"wp:attachment":[{"href":"https:\/\/www.noticiasradioreflejos.com.ar\/2021\/wp-json\/wp\/v2\/media?parent=62031"}],"wp:term":[{"taxonomy":"category","embeddable":true,"href":"https:\/\/www.noticiasradioreflejos.com.ar\/2021\/wp-json\/wp\/v2\/categories?post=62031"},{"taxonomy":"post_tag","embeddable":true,"href":"https:\/\/www.noticiasradioreflejos.com.ar\/2021\/wp-json\/wp\/v2\/tags?post=62031"}],"curies":[{"name":"wp","href":"https:\/\/api.w.org\/{rel}","templated":true}]}}