{"id":6203,"date":"2017-01-23T16:42:38","date_gmt":"2017-01-23T19:42:38","guid":{"rendered":"http:\/\/noticiasradioreflejos.com.ar\/noticias\/?p=6203"},"modified":"2017-01-23T16:42:38","modified_gmt":"2017-01-23T19:42:38","slug":"eduardo-carcioffi-fue-y-es-el-ganador-del-auto-de-la-fiesta-de-la-golondrina","status":"publish","type":"post","link":"https:\/\/www.noticiasradioreflejos.com.ar\/2021\/eduardo-carcioffi-fue-y-es-el-ganador-del-auto-de-la-fiesta-de-la-golondrina\/","title":{"rendered":"Eduardo Carcioffi fue y es el ganador del auto de la Fiesta de la Golondrina"},"content":{"rendered":"<p><a title=\"16216222_1453899204662665_1804539796_n\" href=\"http:\/\/farm1.staticflickr.com\/318\/31669235023_eabeff41d6.jpg\" rel=\"\"><img loading=\"lazy\" decoding=\"async\" class=\"alignleft\" style=\"float: left;\" title=\"16216222_1453899204662665_1804539796_n\" src=\"http:\/\/farm1.staticflickr.com\/318\/31669235023_eabeff41d6.jpg\" alt=\"16216222_1453899204662665_1804539796_n\" width=\"500\" height=\"281\" \/><\/a>Finalmente cerca de las dos de la ma\u00f1ana y luego de tres intentos por bolillero para sacar el n\u00famero del ganador del bono (Del cual se hab\u00edan vendido 800 n\u00fameros).<br \/>\nUn operador del plantel del sonido fue el encargado de sacar el cup\u00f3n..<br \/>\nEl ganador del Renault Cl\u00edo 0 km es de R\u00edo colorado, trabaja como piloto de los hidroaviones del Plan Nacional de Manejo del Fuego y se encuentra haciendo guardia, alojado en Villa ventana. La vendedora del bono fue <strong>Mercedes Willich.<\/strong><br \/>\n<strong>EDUARDO CARCIOFFI \u2013 ROCA 76 \u2013 RIO COLORADO \u2013 N\u00b0 1065-6065<\/strong><\/p>\n","protected":false},"excerpt":{"rendered":"<p>Finalmente cerca de las dos de la ma\u00f1ana y luego de tres intentos por bolillero para sacar el n\u00famero del ganador del bono (Del cual se hab\u00edan vendido 800 n\u00fameros). Un operador del plantel del sonido fue el encargado de sacar el cup\u00f3n.. El ganador del Renault Cl\u00edo 0 km es de R\u00edo colorado, trabaja [&hellip;]<\/p>\n","protected":false},"author":3,"featured_media":0,"comment_status":"closed","ping_status":"open","sticky":false,"template":"","format":"standard","meta":{"footnotes":""},"categories":[26],"tags":[],"class_list":["post-6203","post","type-post","status-publish","format-standard","hentry","category-sociedad"],"yoast_head":"<!-- This site is optimized with the Yoast SEO plugin v25.9 - https:\/\/yoast.com\/wordpress\/plugins\/seo\/ -->\n<title>Eduardo Carcioffi fue y es el ganador del auto de la Fiesta de la Golondrina - Noticias Radio Reflejos<\/title>\n<meta name=\"robots\" content=\"index, follow, max-snippet:-1, max-image-preview:large, max-video-preview:-1\" \/>\n<link rel=\"canonical\" href=\"https:\/\/www.noticiasradioreflejos.com.ar\/2021\/eduardo-carcioffi-fue-y-es-el-ganador-del-auto-de-la-fiesta-de-la-golondrina\/\" \/>\n<meta property=\"og:locale\" content=\"es_ES\" \/>\n<meta property=\"og:type\" content=\"article\" \/>\n<meta property=\"og:title\" content=\"Eduardo Carcioffi fue y es el ganador del auto de la Fiesta de la Golondrina - Noticias Radio Reflejos\" \/>\n<meta property=\"og:description\" content=\"Finalmente cerca de las dos de la ma\u00f1ana y luego de tres intentos por bolillero para sacar el n\u00famero del ganador del bono (Del cual se hab\u00edan vendido 800 n\u00fameros). Un operador del plantel del sonido fue el encargado de sacar el cup\u00f3n.. El ganador del Renault Cl\u00edo 0 km es de R\u00edo colorado, trabaja [&hellip;]\" \/>\n<meta property=\"og:url\" content=\"https:\/\/www.noticiasradioreflejos.com.ar\/2021\/eduardo-carcioffi-fue-y-es-el-ganador-del-auto-de-la-fiesta-de-la-golondrina\/\" \/>\n<meta property=\"og:site_name\" content=\"Noticias Radio Reflejos\" \/>\n<meta property=\"article:published_time\" content=\"2017-01-23T19:42:38+00:00\" \/>\n<meta property=\"og:image\" content=\"http:\/\/farm1.staticflickr.com\/318\/31669235023_eabeff41d6.jpg\" \/>\n<meta name=\"author\" content=\"Arnaldo Botto\" \/>\n<meta name=\"twitter:card\" content=\"summary_large_image\" \/>\n<script type=\"application\/ld+json\" class=\"yoast-schema-graph\">{\"@context\":\"https:\/\/schema.org\",\"@graph\":[{\"@type\":\"WebPage\",\"@id\":\"https:\/\/www.noticiasradioreflejos.com.ar\/2021\/eduardo-carcioffi-fue-y-es-el-ganador-del-auto-de-la-fiesta-de-la-golondrina\/\",\"url\":\"https:\/\/www.noticiasradioreflejos.com.ar\/2021\/eduardo-carcioffi-fue-y-es-el-ganador-del-auto-de-la-fiesta-de-la-golondrina\/\",\"name\":\"Eduardo Carcioffi fue y es el ganador del auto de la Fiesta de la Golondrina - Noticias Radio Reflejos\",\"isPartOf\":{\"@id\":\"https:\/\/www.noticiasradioreflejos.com.ar\/2021\/#website\"},\"primaryImageOfPage\":{\"@id\":\"https:\/\/www.noticiasradioreflejos.com.ar\/2021\/eduardo-carcioffi-fue-y-es-el-ganador-del-auto-de-la-fiesta-de-la-golondrina\/#primaryimage\"},\"image\":{\"@id\":\"https:\/\/www.noticiasradioreflejos.com.ar\/2021\/eduardo-carcioffi-fue-y-es-el-ganador-del-auto-de-la-fiesta-de-la-golondrina\/#primaryimage\"},\"thumbnailUrl\":\"http:\/\/farm1.staticflickr.com\/318\/31669235023_eabeff41d6.jpg\",\"datePublished\":\"2017-01-23T19:42:38+00:00\",\"author\":{\"@id\":\"https:\/\/www.noticiasradioreflejos.com.ar\/2021\/#\/schema\/person\/ad82545263dcc5ec0996818884fd5fb1\"},\"breadcrumb\":{\"@id\":\"https:\/\/www.noticiasradioreflejos.com.ar\/2021\/eduardo-carcioffi-fue-y-es-el-ganador-del-auto-de-la-fiesta-de-la-golondrina\/#breadcrumb\"},\"inLanguage\":\"es\",\"potentialAction\":[{\"@type\":\"ReadAction\",\"target\":[\"https:\/\/www.noticiasradioreflejos.com.ar\/2021\/eduardo-carcioffi-fue-y-es-el-ganador-del-auto-de-la-fiesta-de-la-golondrina\/\"]}]},{\"@type\":\"ImageObject\",\"inLanguage\":\"es\",\"@id\":\"https:\/\/www.noticiasradioreflejos.com.ar\/2021\/eduardo-carcioffi-fue-y-es-el-ganador-del-auto-de-la-fiesta-de-la-golondrina\/#primaryimage\",\"url\":\"http:\/\/farm1.staticflickr.com\/318\/31669235023_eabeff41d6.jpg\",\"contentUrl\":\"http:\/\/farm1.staticflickr.com\/318\/31669235023_eabeff41d6.jpg\"},{\"@type\":\"BreadcrumbList\",\"@id\":\"https:\/\/www.noticiasradioreflejos.com.ar\/2021\/eduardo-carcioffi-fue-y-es-el-ganador-del-auto-de-la-fiesta-de-la-golondrina\/#breadcrumb\",\"itemListElement\":[{\"@type\":\"ListItem\",\"position\":1,\"name\":\"Portada\",\"item\":\"https:\/\/www.noticiasradioreflejos.com.ar\/2021\/\"},{\"@type\":\"ListItem\",\"position\":2,\"name\":\"Eduardo Carcioffi fue y es el ganador del auto de la Fiesta de la Golondrina\"}]},{\"@type\":\"WebSite\",\"@id\":\"https:\/\/www.noticiasradioreflejos.com.ar\/2021\/#website\",\"url\":\"https:\/\/www.noticiasradioreflejos.com.ar\/2021\/\",\"name\":\"Noticias Radio Reflejos\",\"description\":\"Las noticias de mi comarca\",\"potentialAction\":[{\"@type\":\"SearchAction\",\"target\":{\"@type\":\"EntryPoint\",\"urlTemplate\":\"https:\/\/www.noticiasradioreflejos.com.ar\/2021\/?s={search_term_string}\"},\"query-input\":{\"@type\":\"PropertyValueSpecification\",\"valueRequired\":true,\"valueName\":\"search_term_string\"}}],\"inLanguage\":\"es\"},{\"@type\":\"Person\",\"@id\":\"https:\/\/www.noticiasradioreflejos.com.ar\/2021\/#\/schema\/person\/ad82545263dcc5ec0996818884fd5fb1\",\"name\":\"Arnaldo Botto\",\"image\":{\"@type\":\"ImageObject\",\"inLanguage\":\"es\",\"@id\":\"https:\/\/www.noticiasradioreflejos.com.ar\/2021\/#\/schema\/person\/image\/\",\"url\":\"https:\/\/secure.gravatar.com\/avatar\/55cb5e37c1efa326397366e6974cb338056df65cb50e7d64d1cf314e87504837?s=96&d=mm&r=g\",\"contentUrl\":\"https:\/\/secure.gravatar.com\/avatar\/55cb5e37c1efa326397366e6974cb338056df65cb50e7d64d1cf314e87504837?s=96&d=mm&r=g\",\"caption\":\"Arnaldo Botto\"},\"url\":\"https:\/\/www.noticiasradioreflejos.com.ar\/2021\/author\/arnaldo\/\"}]}<\/script>\n<!-- \/ Yoast SEO plugin. -->","yoast_head_json":{"title":"Eduardo Carcioffi fue y es el ganador del auto de la Fiesta de la Golondrina - Noticias Radio Reflejos","robots":{"index":"index","follow":"follow","max-snippet":"max-snippet:-1","max-image-preview":"max-image-preview:large","max-video-preview":"max-video-preview:-1"},"canonical":"https:\/\/www.noticiasradioreflejos.com.ar\/2021\/eduardo-carcioffi-fue-y-es-el-ganador-del-auto-de-la-fiesta-de-la-golondrina\/","og_locale":"es_ES","og_type":"article","og_title":"Eduardo Carcioffi fue y es el ganador del auto de la Fiesta de la Golondrina - Noticias Radio Reflejos","og_description":"Finalmente cerca de las dos de la ma\u00f1ana y luego de tres intentos por bolillero para sacar el n\u00famero del ganador del bono (Del cual se hab\u00edan vendido 800 n\u00fameros). Un operador del plantel del sonido fue el encargado de sacar el cup\u00f3n.. El ganador del Renault Cl\u00edo 0 km es de R\u00edo colorado, trabaja [&hellip;]","og_url":"https:\/\/www.noticiasradioreflejos.com.ar\/2021\/eduardo-carcioffi-fue-y-es-el-ganador-del-auto-de-la-fiesta-de-la-golondrina\/","og_site_name":"Noticias Radio Reflejos","article_published_time":"2017-01-23T19:42:38+00:00","og_image":[{"url":"http:\/\/farm1.staticflickr.com\/318\/31669235023_eabeff41d6.jpg","type":"","width":"","height":""}],"author":"Arnaldo Botto","twitter_card":"summary_large_image","schema":{"@context":"https:\/\/schema.org","@graph":[{"@type":"WebPage","@id":"https:\/\/www.noticiasradioreflejos.com.ar\/2021\/eduardo-carcioffi-fue-y-es-el-ganador-del-auto-de-la-fiesta-de-la-golondrina\/","url":"https:\/\/www.noticiasradioreflejos.com.ar\/2021\/eduardo-carcioffi-fue-y-es-el-ganador-del-auto-de-la-fiesta-de-la-golondrina\/","name":"Eduardo Carcioffi fue y es el ganador del auto de la Fiesta de la Golondrina - Noticias Radio Reflejos","isPartOf":{"@id":"https:\/\/www.noticiasradioreflejos.com.ar\/2021\/#website"},"primaryImageOfPage":{"@id":"https:\/\/www.noticiasradioreflejos.com.ar\/2021\/eduardo-carcioffi-fue-y-es-el-ganador-del-auto-de-la-fiesta-de-la-golondrina\/#primaryimage"},"image":{"@id":"https:\/\/www.noticiasradioreflejos.com.ar\/2021\/eduardo-carcioffi-fue-y-es-el-ganador-del-auto-de-la-fiesta-de-la-golondrina\/#primaryimage"},"thumbnailUrl":"http:\/\/farm1.staticflickr.com\/318\/31669235023_eabeff41d6.jpg","datePublished":"2017-01-23T19:42:38+00:00","author":{"@id":"https:\/\/www.noticiasradioreflejos.com.ar\/2021\/#\/schema\/person\/ad82545263dcc5ec0996818884fd5fb1"},"breadcrumb":{"@id":"https:\/\/www.noticiasradioreflejos.com.ar\/2021\/eduardo-carcioffi-fue-y-es-el-ganador-del-auto-de-la-fiesta-de-la-golondrina\/#breadcrumb"},"inLanguage":"es","potentialAction":[{"@type":"ReadAction","target":["https:\/\/www.noticiasradioreflejos.com.ar\/2021\/eduardo-carcioffi-fue-y-es-el-ganador-del-auto-de-la-fiesta-de-la-golondrina\/"]}]},{"@type":"ImageObject","inLanguage":"es","@id":"https:\/\/www.noticiasradioreflejos.com.ar\/2021\/eduardo-carcioffi-fue-y-es-el-ganador-del-auto-de-la-fiesta-de-la-golondrina\/#primaryimage","url":"http:\/\/farm1.staticflickr.com\/318\/31669235023_eabeff41d6.jpg","contentUrl":"http:\/\/farm1.staticflickr.com\/318\/31669235023_eabeff41d6.jpg"},{"@type":"BreadcrumbList","@id":"https:\/\/www.noticiasradioreflejos.com.ar\/2021\/eduardo-carcioffi-fue-y-es-el-ganador-del-auto-de-la-fiesta-de-la-golondrina\/#breadcrumb","itemListElement":[{"@type":"ListItem","position":1,"name":"Portada","item":"https:\/\/www.noticiasradioreflejos.com.ar\/2021\/"},{"@type":"ListItem","position":2,"name":"Eduardo Carcioffi fue y es el ganador del auto de la Fiesta de la Golondrina"}]},{"@type":"WebSite","@id":"https:\/\/www.noticiasradioreflejos.com.ar\/2021\/#website","url":"https:\/\/www.noticiasradioreflejos.com.ar\/2021\/","name":"Noticias Radio Reflejos","description":"Las noticias de mi comarca","potentialAction":[{"@type":"SearchAction","target":{"@type":"EntryPoint","urlTemplate":"https:\/\/www.noticiasradioreflejos.com.ar\/2021\/?s={search_term_string}"},"query-input":{"@type":"PropertyValueSpecification","valueRequired":true,"valueName":"search_term_string"}}],"inLanguage":"es"},{"@type":"Person","@id":"https:\/\/www.noticiasradioreflejos.com.ar\/2021\/#\/schema\/person\/ad82545263dcc5ec0996818884fd5fb1","name":"Arnaldo Botto","image":{"@type":"ImageObject","inLanguage":"es","@id":"https:\/\/www.noticiasradioreflejos.com.ar\/2021\/#\/schema\/person\/image\/","url":"https:\/\/secure.gravatar.com\/avatar\/55cb5e37c1efa326397366e6974cb338056df65cb50e7d64d1cf314e87504837?s=96&d=mm&r=g","contentUrl":"https:\/\/secure.gravatar.com\/avatar\/55cb5e37c1efa326397366e6974cb338056df65cb50e7d64d1cf314e87504837?s=96&d=mm&r=g","caption":"Arnaldo Botto"},"url":"https:\/\/www.noticiasradioreflejos.com.ar\/2021\/author\/arnaldo\/"}]}},"_links":{"self":[{"href":"https:\/\/www.noticiasradioreflejos.com.ar\/2021\/wp-json\/wp\/v2\/posts\/6203","targetHints":{"allow":["GET"]}}],"collection":[{"href":"https:\/\/www.noticiasradioreflejos.com.ar\/2021\/wp-json\/wp\/v2\/posts"}],"about":[{"href":"https:\/\/www.noticiasradioreflejos.com.ar\/2021\/wp-json\/wp\/v2\/types\/post"}],"author":[{"embeddable":true,"href":"https:\/\/www.noticiasradioreflejos.com.ar\/2021\/wp-json\/wp\/v2\/users\/3"}],"replies":[{"embeddable":true,"href":"https:\/\/www.noticiasradioreflejos.com.ar\/2021\/wp-json\/wp\/v2\/comments?post=6203"}],"version-history":[{"count":0,"href":"https:\/\/www.noticiasradioreflejos.com.ar\/2021\/wp-json\/wp\/v2\/posts\/6203\/revisions"}],"wp:attachment":[{"href":"https:\/\/www.noticiasradioreflejos.com.ar\/2021\/wp-json\/wp\/v2\/media?parent=6203"}],"wp:term":[{"taxonomy":"category","embeddable":true,"href":"https:\/\/www.noticiasradioreflejos.com.ar\/2021\/wp-json\/wp\/v2\/categories?post=6203"},{"taxonomy":"post_tag","embeddable":true,"href":"https:\/\/www.noticiasradioreflejos.com.ar\/2021\/wp-json\/wp\/v2\/tags?post=6203"}],"curies":[{"name":"wp","href":"https:\/\/api.w.org\/{rel}","templated":true}]}}