{"id":62016,"date":"2021-08-26T20:41:46","date_gmt":"2021-08-26T20:41:46","guid":{"rendered":"http:\/\/www.noticiasradioreflejos.com.ar\/2021\/?p=62016"},"modified":"2021-08-26T20:41:46","modified_gmt":"2021-08-26T20:41:46","slug":"tornquist-precandidatos-locales-en-la-lista-que-encabeza-espert-piden-la-impugnacion","status":"publish","type":"post","link":"https:\/\/www.noticiasradioreflejos.com.ar\/2021\/tornquist-precandidatos-locales-en-la-lista-que-encabeza-espert-piden-la-impugnacion\/","title":{"rendered":"Tornquist: Precandidatos locales en la lista que encabeza Espert piden la impugnaci\u00f3n."},"content":{"rendered":"<p>Gran sorpresa caus\u00f3 en el \u00e1mbito pol\u00edtico local la aparici\u00f3n, en las \u00faltimas horas, de una cuarta lista de precandidatos a concejales y consejeros escolares enrolados en <strong>Avanza Libertad<\/strong>, la lista N\u00b0 503 que encabezan a nivel nacional <strong>Jos\u00e9 Luis Espert y Carolina P\u00edparo<\/strong>.<!--more--><\/p>\n<p><a title=\"WhatsApp Image 2021-08-26 at 13.44.10\" href=\"https:\/\/www.flickr.com\/photos\/182279889@N02\/51404991014\/in\/dateposted-public\/\" data-flickr-embed=\"true\"><img loading=\"lazy\" decoding=\"async\" src=\"https:\/\/live.staticflickr.com\/65535\/51404991014_87eafed0d6_z.jpg\" alt=\"WhatsApp Image 2021-08-26 at 13.44.10\" width=\"640\" height=\"338\" \/><\/a><script async src=\"\/\/embedr.flickr.com\/assets\/client-code.js\" charset=\"utf-8\"><\/script><\/p>\n<p>Hace menos de 48 horas lleg\u00f3 a nuestra redacci\u00f3n una foto digital de la lista N\u00b0 503 que encabezan como candidatos a Diputados Nacionales <strong>Jos\u00e9 Luis Espert y Carolina P\u00edparo \u00abAvanza Libertad\u00bb, <\/strong>donde aparece un tercer cuerpo con precandidatos a concejales y consejeros escolares en el Distrito de Tornquist.<\/p>\n<p>Al detectar algunas irregularidades en los nombres de los integrantes locales ( diferencias entre su primer y segundo nombre en relaci\u00f3n al apellido), salimos a chequear la informaci\u00f3n y descubrimos que son varios los vecinos que aseguran que jam\u00e1s prestaron el nombre a esa fracci\u00f3n pol\u00edtica y menos a\u00fan firmaron las correspondientes listas en escriban\u00edas para su certificaci\u00f3n, como lo demanda la Junta Electoral provincial y nacional.<\/p>\n<p>Para ser m\u00e1s exactos, hasta aparece el nombre\u00a0 de una persona de Saldungaray que falleci\u00f3 hace varios meses.<\/p>\n<p>Seg\u00fan el testimonio de otro vecino, ya se pidi\u00f3 la impugnaci\u00f3n de la lista en la cuidad de LA PLATA, por lo que esperan en las pr\u00f3ximas horas la confirmaci\u00f3n, para hacer p\u00fablico un comunicado confirmando el tr\u00e1mite.<\/p>\n<p>Ma\u00f1ana viernes 27 tendremos como invitado en el programa \u00abUn Mate y Un Caf\u00e9\u00bb a uno de los mencionados en dicha lista, quien dar\u00e1 su testimonio y confirmar\u00e1 el pedido de impugnaci\u00f3n en curso.<\/p>\n<p>&nbsp;<\/p>\n<p><a title=\"Pre candidatos de Avanza libertad\" href=\"https:\/\/www.flickr.com\/photos\/182279889@N02\/51404497053\/in\/dateposted-public\/\" data-flickr-embed=\"true\"><img loading=\"lazy\" decoding=\"async\" src=\"https:\/\/live.staticflickr.com\/65535\/51404497053_5133671552_o.jpg\" alt=\"Pre candidatos de Avanza libertad\" width=\"419\" height=\"671\" \/><\/a><script async src=\"\/\/embedr.flickr.com\/assets\/client-code.js\" charset=\"utf-8\"><\/script><\/p>\n","protected":false},"excerpt":{"rendered":"<p>Gran sorpresa caus\u00f3 en el \u00e1mbito pol\u00edtico local la aparici\u00f3n, en las \u00faltimas horas, de una cuarta lista de precandidatos a concejales y consejeros escolares enrolados en Avanza Libertad, la lista N\u00b0 503 que encabezan a nivel nacional Jos\u00e9 Luis Espert y Carolina P\u00edparo.<\/p>\n","protected":false},"author":3,"featured_media":0,"comment_status":"closed","ping_status":"closed","sticky":false,"template":"","format":"standard","meta":{"footnotes":""},"categories":[24],"tags":[48],"class_list":["post-62016","post","type-post","status-publish","format-standard","hentry","category-politica","tag-destacada"],"yoast_head":"<!-- This site is optimized with the Yoast SEO plugin v25.9 - https:\/\/yoast.com\/wordpress\/plugins\/seo\/ -->\n<title>Tornquist: Precandidatos locales en la lista que encabeza Espert piden la impugnaci\u00f3n. - Noticias Radio Reflejos<\/title>\n<meta name=\"robots\" content=\"index, follow, max-snippet:-1, max-image-preview:large, max-video-preview:-1\" \/>\n<link rel=\"canonical\" href=\"https:\/\/www.noticiasradioreflejos.com.ar\/2021\/tornquist-precandidatos-locales-en-la-lista-que-encabeza-espert-piden-la-impugnacion\/\" \/>\n<meta property=\"og:locale\" content=\"es_ES\" \/>\n<meta property=\"og:type\" content=\"article\" \/>\n<meta property=\"og:title\" content=\"Tornquist: Precandidatos locales en la lista que encabeza Espert piden la impugnaci\u00f3n. - Noticias Radio Reflejos\" \/>\n<meta property=\"og:description\" content=\"Gran sorpresa caus\u00f3 en el \u00e1mbito pol\u00edtico local la aparici\u00f3n, en las \u00faltimas horas, de una cuarta lista de precandidatos a concejales y consejeros escolares enrolados en Avanza Libertad, la lista N\u00b0 503 que encabezan a nivel nacional Jos\u00e9 Luis Espert y Carolina P\u00edparo.\" \/>\n<meta property=\"og:url\" content=\"https:\/\/www.noticiasradioreflejos.com.ar\/2021\/tornquist-precandidatos-locales-en-la-lista-que-encabeza-espert-piden-la-impugnacion\/\" \/>\n<meta property=\"og:site_name\" content=\"Noticias Radio Reflejos\" \/>\n<meta property=\"article:published_time\" content=\"2021-08-26T20:41:46+00:00\" \/>\n<meta property=\"og:image\" content=\"https:\/\/live.staticflickr.com\/65535\/51404991014_87eafed0d6_z.jpg\" \/>\n<meta name=\"author\" content=\"Arnaldo Botto\" \/>\n<meta name=\"twitter:card\" content=\"summary_large_image\" \/>\n<script type=\"application\/ld+json\" class=\"yoast-schema-graph\">{\"@context\":\"https:\/\/schema.org\",\"@graph\":[{\"@type\":\"WebPage\",\"@id\":\"https:\/\/www.noticiasradioreflejos.com.ar\/2021\/tornquist-precandidatos-locales-en-la-lista-que-encabeza-espert-piden-la-impugnacion\/\",\"url\":\"https:\/\/www.noticiasradioreflejos.com.ar\/2021\/tornquist-precandidatos-locales-en-la-lista-que-encabeza-espert-piden-la-impugnacion\/\",\"name\":\"Tornquist: Precandidatos locales en la lista que encabeza Espert piden la impugnaci\u00f3n. - Noticias Radio Reflejos\",\"isPartOf\":{\"@id\":\"https:\/\/www.noticiasradioreflejos.com.ar\/2021\/#website\"},\"primaryImageOfPage\":{\"@id\":\"https:\/\/www.noticiasradioreflejos.com.ar\/2021\/tornquist-precandidatos-locales-en-la-lista-que-encabeza-espert-piden-la-impugnacion\/#primaryimage\"},\"image\":{\"@id\":\"https:\/\/www.noticiasradioreflejos.com.ar\/2021\/tornquist-precandidatos-locales-en-la-lista-que-encabeza-espert-piden-la-impugnacion\/#primaryimage\"},\"thumbnailUrl\":\"https:\/\/live.staticflickr.com\/65535\/51404991014_87eafed0d6_z.jpg\",\"datePublished\":\"2021-08-26T20:41:46+00:00\",\"author\":{\"@id\":\"https:\/\/www.noticiasradioreflejos.com.ar\/2021\/#\/schema\/person\/ad82545263dcc5ec0996818884fd5fb1\"},\"breadcrumb\":{\"@id\":\"https:\/\/www.noticiasradioreflejos.com.ar\/2021\/tornquist-precandidatos-locales-en-la-lista-que-encabeza-espert-piden-la-impugnacion\/#breadcrumb\"},\"inLanguage\":\"es\",\"potentialAction\":[{\"@type\":\"ReadAction\",\"target\":[\"https:\/\/www.noticiasradioreflejos.com.ar\/2021\/tornquist-precandidatos-locales-en-la-lista-que-encabeza-espert-piden-la-impugnacion\/\"]}]},{\"@type\":\"ImageObject\",\"inLanguage\":\"es\",\"@id\":\"https:\/\/www.noticiasradioreflejos.com.ar\/2021\/tornquist-precandidatos-locales-en-la-lista-que-encabeza-espert-piden-la-impugnacion\/#primaryimage\",\"url\":\"https:\/\/live.staticflickr.com\/65535\/51404991014_87eafed0d6_z.jpg\",\"contentUrl\":\"https:\/\/live.staticflickr.com\/65535\/51404991014_87eafed0d6_z.jpg\"},{\"@type\":\"BreadcrumbList\",\"@id\":\"https:\/\/www.noticiasradioreflejos.com.ar\/2021\/tornquist-precandidatos-locales-en-la-lista-que-encabeza-espert-piden-la-impugnacion\/#breadcrumb\",\"itemListElement\":[{\"@type\":\"ListItem\",\"position\":1,\"name\":\"Portada\",\"item\":\"https:\/\/www.noticiasradioreflejos.com.ar\/2021\/\"},{\"@type\":\"ListItem\",\"position\":2,\"name\":\"Tornquist: Precandidatos locales en la lista que encabeza Espert piden la impugnaci\u00f3n.\"}]},{\"@type\":\"WebSite\",\"@id\":\"https:\/\/www.noticiasradioreflejos.com.ar\/2021\/#website\",\"url\":\"https:\/\/www.noticiasradioreflejos.com.ar\/2021\/\",\"name\":\"Noticias Radio Reflejos\",\"description\":\"Las noticias de mi comarca\",\"potentialAction\":[{\"@type\":\"SearchAction\",\"target\":{\"@type\":\"EntryPoint\",\"urlTemplate\":\"https:\/\/www.noticiasradioreflejos.com.ar\/2021\/?s={search_term_string}\"},\"query-input\":{\"@type\":\"PropertyValueSpecification\",\"valueRequired\":true,\"valueName\":\"search_term_string\"}}],\"inLanguage\":\"es\"},{\"@type\":\"Person\",\"@id\":\"https:\/\/www.noticiasradioreflejos.com.ar\/2021\/#\/schema\/person\/ad82545263dcc5ec0996818884fd5fb1\",\"name\":\"Arnaldo Botto\",\"image\":{\"@type\":\"ImageObject\",\"inLanguage\":\"es\",\"@id\":\"https:\/\/www.noticiasradioreflejos.com.ar\/2021\/#\/schema\/person\/image\/\",\"url\":\"https:\/\/secure.gravatar.com\/avatar\/55cb5e37c1efa326397366e6974cb338056df65cb50e7d64d1cf314e87504837?s=96&d=mm&r=g\",\"contentUrl\":\"https:\/\/secure.gravatar.com\/avatar\/55cb5e37c1efa326397366e6974cb338056df65cb50e7d64d1cf314e87504837?s=96&d=mm&r=g\",\"caption\":\"Arnaldo Botto\"},\"url\":\"https:\/\/www.noticiasradioreflejos.com.ar\/2021\/author\/arnaldo\/\"}]}<\/script>\n<!-- \/ Yoast SEO plugin. -->","yoast_head_json":{"title":"Tornquist: Precandidatos locales en la lista que encabeza Espert piden la impugnaci\u00f3n. - Noticias Radio Reflejos","robots":{"index":"index","follow":"follow","max-snippet":"max-snippet:-1","max-image-preview":"max-image-preview:large","max-video-preview":"max-video-preview:-1"},"canonical":"https:\/\/www.noticiasradioreflejos.com.ar\/2021\/tornquist-precandidatos-locales-en-la-lista-que-encabeza-espert-piden-la-impugnacion\/","og_locale":"es_ES","og_type":"article","og_title":"Tornquist: Precandidatos locales en la lista que encabeza Espert piden la impugnaci\u00f3n. - Noticias Radio Reflejos","og_description":"Gran sorpresa caus\u00f3 en el \u00e1mbito pol\u00edtico local la aparici\u00f3n, en las \u00faltimas horas, de una cuarta lista de precandidatos a concejales y consejeros escolares enrolados en Avanza Libertad, la lista N\u00b0 503 que encabezan a nivel nacional Jos\u00e9 Luis Espert y Carolina P\u00edparo.","og_url":"https:\/\/www.noticiasradioreflejos.com.ar\/2021\/tornquist-precandidatos-locales-en-la-lista-que-encabeza-espert-piden-la-impugnacion\/","og_site_name":"Noticias Radio Reflejos","article_published_time":"2021-08-26T20:41:46+00:00","og_image":[{"url":"https:\/\/live.staticflickr.com\/65535\/51404991014_87eafed0d6_z.jpg","type":"","width":"","height":""}],"author":"Arnaldo Botto","twitter_card":"summary_large_image","schema":{"@context":"https:\/\/schema.org","@graph":[{"@type":"WebPage","@id":"https:\/\/www.noticiasradioreflejos.com.ar\/2021\/tornquist-precandidatos-locales-en-la-lista-que-encabeza-espert-piden-la-impugnacion\/","url":"https:\/\/www.noticiasradioreflejos.com.ar\/2021\/tornquist-precandidatos-locales-en-la-lista-que-encabeza-espert-piden-la-impugnacion\/","name":"Tornquist: Precandidatos locales en la lista que encabeza Espert piden la impugnaci\u00f3n. - Noticias Radio Reflejos","isPartOf":{"@id":"https:\/\/www.noticiasradioreflejos.com.ar\/2021\/#website"},"primaryImageOfPage":{"@id":"https:\/\/www.noticiasradioreflejos.com.ar\/2021\/tornquist-precandidatos-locales-en-la-lista-que-encabeza-espert-piden-la-impugnacion\/#primaryimage"},"image":{"@id":"https:\/\/www.noticiasradioreflejos.com.ar\/2021\/tornquist-precandidatos-locales-en-la-lista-que-encabeza-espert-piden-la-impugnacion\/#primaryimage"},"thumbnailUrl":"https:\/\/live.staticflickr.com\/65535\/51404991014_87eafed0d6_z.jpg","datePublished":"2021-08-26T20:41:46+00:00","author":{"@id":"https:\/\/www.noticiasradioreflejos.com.ar\/2021\/#\/schema\/person\/ad82545263dcc5ec0996818884fd5fb1"},"breadcrumb":{"@id":"https:\/\/www.noticiasradioreflejos.com.ar\/2021\/tornquist-precandidatos-locales-en-la-lista-que-encabeza-espert-piden-la-impugnacion\/#breadcrumb"},"inLanguage":"es","potentialAction":[{"@type":"ReadAction","target":["https:\/\/www.noticiasradioreflejos.com.ar\/2021\/tornquist-precandidatos-locales-en-la-lista-que-encabeza-espert-piden-la-impugnacion\/"]}]},{"@type":"ImageObject","inLanguage":"es","@id":"https:\/\/www.noticiasradioreflejos.com.ar\/2021\/tornquist-precandidatos-locales-en-la-lista-que-encabeza-espert-piden-la-impugnacion\/#primaryimage","url":"https:\/\/live.staticflickr.com\/65535\/51404991014_87eafed0d6_z.jpg","contentUrl":"https:\/\/live.staticflickr.com\/65535\/51404991014_87eafed0d6_z.jpg"},{"@type":"BreadcrumbList","@id":"https:\/\/www.noticiasradioreflejos.com.ar\/2021\/tornquist-precandidatos-locales-en-la-lista-que-encabeza-espert-piden-la-impugnacion\/#breadcrumb","itemListElement":[{"@type":"ListItem","position":1,"name":"Portada","item":"https:\/\/www.noticiasradioreflejos.com.ar\/2021\/"},{"@type":"ListItem","position":2,"name":"Tornquist: Precandidatos locales en la lista que encabeza Espert piden la impugnaci\u00f3n."}]},{"@type":"WebSite","@id":"https:\/\/www.noticiasradioreflejos.com.ar\/2021\/#website","url":"https:\/\/www.noticiasradioreflejos.com.ar\/2021\/","name":"Noticias Radio Reflejos","description":"Las noticias de mi comarca","potentialAction":[{"@type":"SearchAction","target":{"@type":"EntryPoint","urlTemplate":"https:\/\/www.noticiasradioreflejos.com.ar\/2021\/?s={search_term_string}"},"query-input":{"@type":"PropertyValueSpecification","valueRequired":true,"valueName":"search_term_string"}}],"inLanguage":"es"},{"@type":"Person","@id":"https:\/\/www.noticiasradioreflejos.com.ar\/2021\/#\/schema\/person\/ad82545263dcc5ec0996818884fd5fb1","name":"Arnaldo Botto","image":{"@type":"ImageObject","inLanguage":"es","@id":"https:\/\/www.noticiasradioreflejos.com.ar\/2021\/#\/schema\/person\/image\/","url":"https:\/\/secure.gravatar.com\/avatar\/55cb5e37c1efa326397366e6974cb338056df65cb50e7d64d1cf314e87504837?s=96&d=mm&r=g","contentUrl":"https:\/\/secure.gravatar.com\/avatar\/55cb5e37c1efa326397366e6974cb338056df65cb50e7d64d1cf314e87504837?s=96&d=mm&r=g","caption":"Arnaldo Botto"},"url":"https:\/\/www.noticiasradioreflejos.com.ar\/2021\/author\/arnaldo\/"}]}},"_links":{"self":[{"href":"https:\/\/www.noticiasradioreflejos.com.ar\/2021\/wp-json\/wp\/v2\/posts\/62016","targetHints":{"allow":["GET"]}}],"collection":[{"href":"https:\/\/www.noticiasradioreflejos.com.ar\/2021\/wp-json\/wp\/v2\/posts"}],"about":[{"href":"https:\/\/www.noticiasradioreflejos.com.ar\/2021\/wp-json\/wp\/v2\/types\/post"}],"author":[{"embeddable":true,"href":"https:\/\/www.noticiasradioreflejos.com.ar\/2021\/wp-json\/wp\/v2\/users\/3"}],"replies":[{"embeddable":true,"href":"https:\/\/www.noticiasradioreflejos.com.ar\/2021\/wp-json\/wp\/v2\/comments?post=62016"}],"version-history":[{"count":6,"href":"https:\/\/www.noticiasradioreflejos.com.ar\/2021\/wp-json\/wp\/v2\/posts\/62016\/revisions"}],"predecessor-version":[{"id":62029,"href":"https:\/\/www.noticiasradioreflejos.com.ar\/2021\/wp-json\/wp\/v2\/posts\/62016\/revisions\/62029"}],"wp:attachment":[{"href":"https:\/\/www.noticiasradioreflejos.com.ar\/2021\/wp-json\/wp\/v2\/media?parent=62016"}],"wp:term":[{"taxonomy":"category","embeddable":true,"href":"https:\/\/www.noticiasradioreflejos.com.ar\/2021\/wp-json\/wp\/v2\/categories?post=62016"},{"taxonomy":"post_tag","embeddable":true,"href":"https:\/\/www.noticiasradioreflejos.com.ar\/2021\/wp-json\/wp\/v2\/tags?post=62016"}],"curies":[{"name":"wp","href":"https:\/\/api.w.org\/{rel}","templated":true}]}}