{"id":61998,"date":"2021-08-26T13:03:44","date_gmt":"2021-08-26T13:03:44","guid":{"rendered":"http:\/\/www.noticiasradioreflejos.com.ar\/2021\/?p=61998"},"modified":"2021-08-26T13:21:57","modified_gmt":"2021-08-26T13:21:57","slug":"accidente-en-camino-vecinal-un-vehiculo-impacto-contra-una-alcantarilla","status":"publish","type":"post","link":"https:\/\/www.noticiasradioreflejos.com.ar\/2021\/accidente-en-camino-vecinal-un-vehiculo-impacto-contra-una-alcantarilla\/","title":{"rendered":"Accidente en camino vecinal: Un veh\u00edculo impact\u00f3 contra una alcantarilla"},"content":{"rendered":"<div class=\"entry-header\">\n<p class=\"jeg_post_subtitle\">La conductora de un veh\u00edculo Renault 19 debi\u00f3 ser trasladada por una ambulancia del SAME Tornquist hasta el nosocomio local, luego de protagonizar un accidente en el camino que conduce a la localidad de Chasic\u00f3, a pocos kil\u00f3metros del Fuerte Argentino.<\/p>\n<\/div>\n<p><!--more--><\/p>\n<div class=\"entry-content no-share\">\n<div class=\"content-inner \">\n<div class=\"pf-content\">\n<p>Por causas que ser\u00e1n motivo de pericias el veh\u00edculo, dominio CMY996 conducido por Stella Maris Gimenez (55), domiciliada en General Lamadrid, se desplazaba sentido Tornquist \u2013 Chasic\u00f3 e impact\u00f3 contra una alcantarilla y, luego de desplazarse varios metros, qued\u00f3 en sentido contrario visiblemente deteriorado.<\/p>\n<p>Gimenez viajaba sola y hab\u00eda quedado atrapada en el habit\u00e1culo desde donde fue rescatada por los Bomberos Voluntarios de Tornquist, quienes debieron utilizar herramientas de corte.<\/p>\n<p>Al momento de ser trasladada la conductora estaba l\u00facida.<\/p>\n<p>Intervinieron dos dotaciones del Cuerpo de Bomberos Voluntarios de Tornquist, una unidad ambulancia y personal del Hospital de Tornquist y personal de la Patrulla Rural.<\/p>\n<figure class=\"wp-block-embed is-type-video is-provider-youtube wp-block-embed-youtube wp-embed-aspect-16-9 wp-has-aspect-ratio\">\n<h4 class=\"wp-block-embed__wrapper\"><iframe loading=\"lazy\" title=\"2021 08 25 ACCIDENTE\" src=\"https:\/\/www.youtube.com\/embed\/oz3mBqubswM?feature=oembed\" width=\"870\" height=\"489\" frameborder=\"0\" allowfullscreen=\"allowfullscreen\" data-mce-fragment=\"1\"><\/iframe><\/h4>\n<p><img loading=\"lazy\" decoding=\"async\" class=\"alignnone size-full wp-image-4682\" src=\"https:\/\/observadorserrano.com.ar\/wp-content\/uploads\/2021\/08\/IMG_6883-Medium.jpg\" sizes=\"auto, (max-width: 1152px) 100vw, 1152px\" srcset=\"https:\/\/observadorserrano.com.ar\/wp-content\/uploads\/2021\/08\/IMG_6883-Medium.jpg 1152w, https:\/\/observadorserrano.com.ar\/wp-content\/uploads\/2021\/08\/IMG_6883-Medium-300x200.jpg 300w, https:\/\/observadorserrano.com.ar\/wp-content\/uploads\/2021\/08\/IMG_6883-Medium-768x512.jpg 768w, https:\/\/observadorserrano.com.ar\/wp-content\/uploads\/2021\/08\/IMG_6883-Medium-1024x683.jpg 1024w, https:\/\/observadorserrano.com.ar\/wp-content\/uploads\/2021\/08\/IMG_6883-Medium-525x350.jpg 525w, https:\/\/observadorserrano.com.ar\/wp-content\/uploads\/2021\/08\/IMG_6883-Medium-450x300.jpg 450w, https:\/\/observadorserrano.com.ar\/wp-content\/uploads\/2021\/08\/IMG_6883-Medium-750x500.jpg 750w, https:\/\/observadorserrano.com.ar\/wp-content\/uploads\/2021\/08\/IMG_6883-Medium-1140x760.jpg 1140w\" alt=\"\" width=\"1152\" height=\"768\" data-pin-no-hover=\"true\" \/>\u00a0<img loading=\"lazy\" decoding=\"async\" class=\"alignnone size-noticia-750\u00d7350-recortada wp-image-4683\" src=\"https:\/\/observadorserrano.com.ar\/wp-content\/uploads\/2021\/08\/IMG_6884-Medium.jpg\" sizes=\"auto, (max-width: 1152px) 100vw, 1152px\" srcset=\"https:\/\/observadorserrano.com.ar\/wp-content\/uploads\/2021\/08\/IMG_6884-Medium.jpg 1152w, https:\/\/observadorserrano.com.ar\/wp-content\/uploads\/2021\/08\/IMG_6884-Medium-300x200.jpg 300w, https:\/\/observadorserrano.com.ar\/wp-content\/uploads\/2021\/08\/IMG_6884-Medium-768x512.jpg 768w, https:\/\/observadorserrano.com.ar\/wp-content\/uploads\/2021\/08\/IMG_6884-Medium-1024x683.jpg 1024w, https:\/\/observadorserrano.com.ar\/wp-content\/uploads\/2021\/08\/IMG_6884-Medium-525x350.jpg 525w, https:\/\/observadorserrano.com.ar\/wp-content\/uploads\/2021\/08\/IMG_6884-Medium-450x300.jpg 450w, https:\/\/observadorserrano.com.ar\/wp-content\/uploads\/2021\/08\/IMG_6884-Medium-750x500.jpg 750w, https:\/\/observadorserrano.com.ar\/wp-content\/uploads\/2021\/08\/IMG_6884-Medium-1140x760.jpg 1140w\" alt=\"\" width=\"1152\" height=\"768\" data-pin-no-hover=\"true\" \/>\u00a0<img loading=\"lazy\" decoding=\"async\" class=\"alignnone size-noticia-750\u00d7350-recortada wp-image-4684\" src=\"https:\/\/observadorserrano.com.ar\/wp-content\/uploads\/2021\/08\/IMG_6885-Medium.jpg\" sizes=\"auto, (max-width: 1152px) 100vw, 1152px\" srcset=\"https:\/\/observadorserrano.com.ar\/wp-content\/uploads\/2021\/08\/IMG_6885-Medium.jpg 1152w, https:\/\/observadorserrano.com.ar\/wp-content\/uploads\/2021\/08\/IMG_6885-Medium-300x200.jpg 300w, https:\/\/observadorserrano.com.ar\/wp-content\/uploads\/2021\/08\/IMG_6885-Medium-768x512.jpg 768w, https:\/\/observadorserrano.com.ar\/wp-content\/uploads\/2021\/08\/IMG_6885-Medium-1024x683.jpg 1024w, https:\/\/observadorserrano.com.ar\/wp-content\/uploads\/2021\/08\/IMG_6885-Medium-525x350.jpg 525w, https:\/\/observadorserrano.com.ar\/wp-content\/uploads\/2021\/08\/IMG_6885-Medium-450x300.jpg 450w, https:\/\/observadorserrano.com.ar\/wp-content\/uploads\/2021\/08\/IMG_6885-Medium-750x500.jpg 750w, https:\/\/observadorserrano.com.ar\/wp-content\/uploads\/2021\/08\/IMG_6885-Medium-1140x760.jpg 1140w\" alt=\"\" width=\"1152\" height=\"768\" data-pin-no-hover=\"true\" \/>\u00a0<img loading=\"lazy\" decoding=\"async\" class=\"alignnone size-noticia-750\u00d7350-recortada wp-image-4685\" src=\"https:\/\/observadorserrano.com.ar\/wp-content\/uploads\/2021\/08\/IMG_6886-Medium.jpg\" sizes=\"auto, (max-width: 1152px) 100vw, 1152px\" srcset=\"https:\/\/observadorserrano.com.ar\/wp-content\/uploads\/2021\/08\/IMG_6886-Medium.jpg 1152w, https:\/\/observadorserrano.com.ar\/wp-content\/uploads\/2021\/08\/IMG_6886-Medium-300x200.jpg 300w, https:\/\/observadorserrano.com.ar\/wp-content\/uploads\/2021\/08\/IMG_6886-Medium-768x512.jpg 768w, https:\/\/observadorserrano.com.ar\/wp-content\/uploads\/2021\/08\/IMG_6886-Medium-1024x683.jpg 1024w, https:\/\/observadorserrano.com.ar\/wp-content\/uploads\/2021\/08\/IMG_6886-Medium-525x350.jpg 525w, https:\/\/observadorserrano.com.ar\/wp-content\/uploads\/2021\/08\/IMG_6886-Medium-450x300.jpg 450w, https:\/\/observadorserrano.com.ar\/wp-content\/uploads\/2021\/08\/IMG_6886-Medium-750x500.jpg 750w, https:\/\/observadorserrano.com.ar\/wp-content\/uploads\/2021\/08\/IMG_6886-Medium-1140x760.jpg 1140w\" alt=\"\" width=\"1152\" height=\"768\" data-pin-no-hover=\"true\" \/>\u00a0<img loading=\"lazy\" decoding=\"async\" class=\"alignnone size-noticia-750\u00d7350-recortada wp-image-4686\" src=\"https:\/\/observadorserrano.com.ar\/wp-content\/uploads\/2021\/08\/IMG_6887-Medium.jpg\" sizes=\"auto, (max-width: 1152px) 100vw, 1152px\" srcset=\"https:\/\/observadorserrano.com.ar\/wp-content\/uploads\/2021\/08\/IMG_6887-Medium.jpg 1152w, https:\/\/observadorserrano.com.ar\/wp-content\/uploads\/2021\/08\/IMG_6887-Medium-300x200.jpg 300w, https:\/\/observadorserrano.com.ar\/wp-content\/uploads\/2021\/08\/IMG_6887-Medium-768x512.jpg 768w, https:\/\/observadorserrano.com.ar\/wp-content\/uploads\/2021\/08\/IMG_6887-Medium-1024x683.jpg 1024w, https:\/\/observadorserrano.com.ar\/wp-content\/uploads\/2021\/08\/IMG_6887-Medium-525x350.jpg 525w, https:\/\/observadorserrano.com.ar\/wp-content\/uploads\/2021\/08\/IMG_6887-Medium-450x300.jpg 450w, https:\/\/observadorserrano.com.ar\/wp-content\/uploads\/2021\/08\/IMG_6887-Medium-750x500.jpg 750w, https:\/\/observadorserrano.com.ar\/wp-content\/uploads\/2021\/08\/IMG_6887-Medium-1140x760.jpg 1140w\" alt=\"\" width=\"1152\" height=\"768\" data-pin-no-hover=\"true\" \/>\u00a0\u00a0<img loading=\"lazy\" decoding=\"async\" class=\"alignnone size-noticia-750\u00d7350-recortada wp-image-4688\" src=\"https:\/\/observadorserrano.com.ar\/wp-content\/uploads\/2021\/08\/IMG_6889-Medium.jpg\" sizes=\"auto, (max-width: 1152px) 100vw, 1152px\" srcset=\"https:\/\/observadorserrano.com.ar\/wp-content\/uploads\/2021\/08\/IMG_6889-Medium.jpg 1152w, https:\/\/observadorserrano.com.ar\/wp-content\/uploads\/2021\/08\/IMG_6889-Medium-300x200.jpg 300w, https:\/\/observadorserrano.com.ar\/wp-content\/uploads\/2021\/08\/IMG_6889-Medium-768x512.jpg 768w, https:\/\/observadorserrano.com.ar\/wp-content\/uploads\/2021\/08\/IMG_6889-Medium-1024x683.jpg 1024w, https:\/\/observadorserrano.com.ar\/wp-content\/uploads\/2021\/08\/IMG_6889-Medium-525x350.jpg 525w, https:\/\/observadorserrano.com.ar\/wp-content\/uploads\/2021\/08\/IMG_6889-Medium-450x300.jpg 450w, https:\/\/observadorserrano.com.ar\/wp-content\/uploads\/2021\/08\/IMG_6889-Medium-750x500.jpg 750w, https:\/\/observadorserrano.com.ar\/wp-content\/uploads\/2021\/08\/IMG_6889-Medium-1140x760.jpg 1140w\" alt=\"\" width=\"1152\" height=\"768\" data-pin-no-hover=\"true\" \/>\u00a0<img loading=\"lazy\" decoding=\"async\" class=\"alignnone size-noticia-750\u00d7350-recortada wp-image-4689\" src=\"https:\/\/observadorserrano.com.ar\/wp-content\/uploads\/2021\/08\/IMG_6890-Medium.jpg\" sizes=\"auto, (max-width: 1152px) 100vw, 1152px\" srcset=\"https:\/\/observadorserrano.com.ar\/wp-content\/uploads\/2021\/08\/IMG_6890-Medium.jpg 1152w, https:\/\/observadorserrano.com.ar\/wp-content\/uploads\/2021\/08\/IMG_6890-Medium-300x200.jpg 300w, https:\/\/observadorserrano.com.ar\/wp-content\/uploads\/2021\/08\/IMG_6890-Medium-768x512.jpg 768w, https:\/\/observadorserrano.com.ar\/wp-content\/uploads\/2021\/08\/IMG_6890-Medium-1024x683.jpg 1024w, https:\/\/observadorserrano.com.ar\/wp-content\/uploads\/2021\/08\/IMG_6890-Medium-525x350.jpg 525w, https:\/\/observadorserrano.com.ar\/wp-content\/uploads\/2021\/08\/IMG_6890-Medium-450x300.jpg 450w, https:\/\/observadorserrano.com.ar\/wp-content\/uploads\/2021\/08\/IMG_6890-Medium-750x500.jpg 750w, https:\/\/observadorserrano.com.ar\/wp-content\/uploads\/2021\/08\/IMG_6890-Medium-1140x760.jpg 1140w\" alt=\"\" width=\"1152\" height=\"768\" data-pin-no-hover=\"true\" \/>\u00a0<img loading=\"lazy\" decoding=\"async\" class=\"alignnone size-noticia-750\u00d7350-recortada wp-image-4690\" src=\"https:\/\/observadorserrano.com.ar\/wp-content\/uploads\/2021\/08\/IMG_6891-Medium.jpg\" sizes=\"auto, (max-width: 1152px) 100vw, 1152px\" srcset=\"https:\/\/observadorserrano.com.ar\/wp-content\/uploads\/2021\/08\/IMG_6891-Medium.jpg 1152w, https:\/\/observadorserrano.com.ar\/wp-content\/uploads\/2021\/08\/IMG_6891-Medium-300x200.jpg 300w, https:\/\/observadorserrano.com.ar\/wp-content\/uploads\/2021\/08\/IMG_6891-Medium-768x512.jpg 768w, https:\/\/observadorserrano.com.ar\/wp-content\/uploads\/2021\/08\/IMG_6891-Medium-1024x683.jpg 1024w, https:\/\/observadorserrano.com.ar\/wp-content\/uploads\/2021\/08\/IMG_6891-Medium-525x350.jpg 525w, https:\/\/observadorserrano.com.ar\/wp-content\/uploads\/2021\/08\/IMG_6891-Medium-450x300.jpg 450w, https:\/\/observadorserrano.com.ar\/wp-content\/uploads\/2021\/08\/IMG_6891-Medium-750x500.jpg 750w, https:\/\/observadorserrano.com.ar\/wp-content\/uploads\/2021\/08\/IMG_6891-Medium-1140x760.jpg 1140w\" alt=\"\" width=\"1152\" height=\"768\" data-pin-no-hover=\"true\" \/>\u00a0<img loading=\"lazy\" decoding=\"async\" class=\"alignnone size-noticia-750\u00d7350-recortada wp-image-4691\" src=\"https:\/\/observadorserrano.com.ar\/wp-content\/uploads\/2021\/08\/IMG_6892-Medium.jpg\" sizes=\"auto, (max-width: 768px) 100vw, 768px\" srcset=\"https:\/\/observadorserrano.com.ar\/wp-content\/uploads\/2021\/08\/IMG_6892-Medium.jpg 768w, https:\/\/observadorserrano.com.ar\/wp-content\/uploads\/2021\/08\/IMG_6892-Medium-200x300.jpg 200w, https:\/\/observadorserrano.com.ar\/wp-content\/uploads\/2021\/08\/IMG_6892-Medium-683x1024.jpg 683w, https:\/\/observadorserrano.com.ar\/wp-content\/uploads\/2021\/08\/IMG_6892-Medium-233x350.jpg 233w, https:\/\/observadorserrano.com.ar\/wp-content\/uploads\/2021\/08\/IMG_6892-Medium-750x1125.jpg 750w\" alt=\"\" width=\"768\" height=\"1152\" data-pin-no-hover=\"true\" \/>\u00a0<img loading=\"lazy\" decoding=\"async\" class=\"alignnone size-noticia-750\u00d7350-recortada wp-image-4692\" src=\"https:\/\/observadorserrano.com.ar\/wp-content\/uploads\/2021\/08\/IMG_6893-Medium.jpg\" sizes=\"auto, (max-width: 1152px) 100vw, 1152px\" srcset=\"https:\/\/observadorserrano.com.ar\/wp-content\/uploads\/2021\/08\/IMG_6893-Medium.jpg 1152w, https:\/\/observadorserrano.com.ar\/wp-content\/uploads\/2021\/08\/IMG_6893-Medium-300x200.jpg 300w, https:\/\/observadorserrano.com.ar\/wp-content\/uploads\/2021\/08\/IMG_6893-Medium-768x512.jpg 768w, https:\/\/observadorserrano.com.ar\/wp-content\/uploads\/2021\/08\/IMG_6893-Medium-1024x683.jpg 1024w, https:\/\/observadorserrano.com.ar\/wp-content\/uploads\/2021\/08\/IMG_6893-Medium-525x350.jpg 525w, https:\/\/observadorserrano.com.ar\/wp-content\/uploads\/2021\/08\/IMG_6893-Medium-450x300.jpg 450w, https:\/\/observadorserrano.com.ar\/wp-content\/uploads\/2021\/08\/IMG_6893-Medium-750x500.jpg 750w, https:\/\/observadorserrano.com.ar\/wp-content\/uploads\/2021\/08\/IMG_6893-Medium-1140x760.jpg 1140w\" alt=\"\" width=\"1152\" height=\"768\" data-pin-no-hover=\"true\" \/><\/p>\n<h4><strong>Fuente Observador Serrano<\/strong><\/h4>\n<\/figure>\n<figure class=\"wp-block-gallery columns-3 is-cropped\"><\/figure>\n<\/div>\n<\/div>\n<\/div>\n","protected":false},"excerpt":{"rendered":"<p>La conductora de un veh\u00edculo Renault 19 debi\u00f3 ser trasladada por una ambulancia del SAME Tornquist hasta el nosocomio local, luego de protagonizar un accidente en el camino que conduce a la localidad de Chasic\u00f3, a pocos kil\u00f3metros del Fuerte Argentino.<\/p>\n","protected":false},"author":3,"featured_media":0,"comment_status":"closed","ping_status":"closed","sticky":false,"template":"","format":"standard","meta":{"footnotes":""},"categories":[29],"tags":[48],"class_list":["post-61998","post","type-post","status-publish","format-standard","hentry","category-policiales","tag-destacada"],"yoast_head":"<!-- This site is optimized with the Yoast SEO plugin v25.9 - https:\/\/yoast.com\/wordpress\/plugins\/seo\/ -->\n<title>Accidente en camino vecinal: Un veh\u00edculo impact\u00f3 contra una alcantarilla - Noticias Radio Reflejos<\/title>\n<meta name=\"robots\" content=\"index, follow, max-snippet:-1, max-image-preview:large, max-video-preview:-1\" \/>\n<link rel=\"canonical\" href=\"https:\/\/www.noticiasradioreflejos.com.ar\/2021\/accidente-en-camino-vecinal-un-vehiculo-impacto-contra-una-alcantarilla\/\" \/>\n<meta property=\"og:locale\" content=\"es_ES\" \/>\n<meta property=\"og:type\" content=\"article\" \/>\n<meta property=\"og:title\" content=\"Accidente en camino vecinal: Un veh\u00edculo impact\u00f3 contra una alcantarilla - Noticias Radio Reflejos\" \/>\n<meta property=\"og:description\" content=\"La conductora de un veh\u00edculo Renault 19 debi\u00f3 ser trasladada por una ambulancia del SAME Tornquist hasta el nosocomio local, luego de protagonizar un accidente en el camino que conduce a la localidad de Chasic\u00f3, a pocos kil\u00f3metros del Fuerte Argentino.\" \/>\n<meta property=\"og:url\" content=\"https:\/\/www.noticiasradioreflejos.com.ar\/2021\/accidente-en-camino-vecinal-un-vehiculo-impacto-contra-una-alcantarilla\/\" \/>\n<meta property=\"og:site_name\" content=\"Noticias Radio Reflejos\" \/>\n<meta property=\"article:published_time\" content=\"2021-08-26T13:03:44+00:00\" \/>\n<meta property=\"article:modified_time\" content=\"2021-08-26T13:21:57+00:00\" \/>\n<meta property=\"og:image\" content=\"https:\/\/observadorserrano.com.ar\/wp-content\/uploads\/2021\/08\/IMG_6883-Medium.jpg\" \/>\n<meta name=\"author\" content=\"Arnaldo Botto\" \/>\n<meta name=\"twitter:card\" content=\"summary_large_image\" \/>\n<script type=\"application\/ld+json\" class=\"yoast-schema-graph\">{\"@context\":\"https:\/\/schema.org\",\"@graph\":[{\"@type\":\"WebPage\",\"@id\":\"https:\/\/www.noticiasradioreflejos.com.ar\/2021\/accidente-en-camino-vecinal-un-vehiculo-impacto-contra-una-alcantarilla\/\",\"url\":\"https:\/\/www.noticiasradioreflejos.com.ar\/2021\/accidente-en-camino-vecinal-un-vehiculo-impacto-contra-una-alcantarilla\/\",\"name\":\"Accidente en camino vecinal: Un veh\u00edculo impact\u00f3 contra una alcantarilla - Noticias Radio Reflejos\",\"isPartOf\":{\"@id\":\"https:\/\/www.noticiasradioreflejos.com.ar\/2021\/#website\"},\"primaryImageOfPage\":{\"@id\":\"https:\/\/www.noticiasradioreflejos.com.ar\/2021\/accidente-en-camino-vecinal-un-vehiculo-impacto-contra-una-alcantarilla\/#primaryimage\"},\"image\":{\"@id\":\"https:\/\/www.noticiasradioreflejos.com.ar\/2021\/accidente-en-camino-vecinal-un-vehiculo-impacto-contra-una-alcantarilla\/#primaryimage\"},\"thumbnailUrl\":\"https:\/\/observadorserrano.com.ar\/wp-content\/uploads\/2021\/08\/IMG_6883-Medium.jpg\",\"datePublished\":\"2021-08-26T13:03:44+00:00\",\"dateModified\":\"2021-08-26T13:21:57+00:00\",\"author\":{\"@id\":\"https:\/\/www.noticiasradioreflejos.com.ar\/2021\/#\/schema\/person\/ad82545263dcc5ec0996818884fd5fb1\"},\"breadcrumb\":{\"@id\":\"https:\/\/www.noticiasradioreflejos.com.ar\/2021\/accidente-en-camino-vecinal-un-vehiculo-impacto-contra-una-alcantarilla\/#breadcrumb\"},\"inLanguage\":\"es\",\"potentialAction\":[{\"@type\":\"ReadAction\",\"target\":[\"https:\/\/www.noticiasradioreflejos.com.ar\/2021\/accidente-en-camino-vecinal-un-vehiculo-impacto-contra-una-alcantarilla\/\"]}]},{\"@type\":\"ImageObject\",\"inLanguage\":\"es\",\"@id\":\"https:\/\/www.noticiasradioreflejos.com.ar\/2021\/accidente-en-camino-vecinal-un-vehiculo-impacto-contra-una-alcantarilla\/#primaryimage\",\"url\":\"https:\/\/observadorserrano.com.ar\/wp-content\/uploads\/2021\/08\/IMG_6883-Medium.jpg\",\"contentUrl\":\"https:\/\/observadorserrano.com.ar\/wp-content\/uploads\/2021\/08\/IMG_6883-Medium.jpg\"},{\"@type\":\"BreadcrumbList\",\"@id\":\"https:\/\/www.noticiasradioreflejos.com.ar\/2021\/accidente-en-camino-vecinal-un-vehiculo-impacto-contra-una-alcantarilla\/#breadcrumb\",\"itemListElement\":[{\"@type\":\"ListItem\",\"position\":1,\"name\":\"Portada\",\"item\":\"https:\/\/www.noticiasradioreflejos.com.ar\/2021\/\"},{\"@type\":\"ListItem\",\"position\":2,\"name\":\"Accidente en camino vecinal: Un veh\u00edculo impact\u00f3 contra una alcantarilla\"}]},{\"@type\":\"WebSite\",\"@id\":\"https:\/\/www.noticiasradioreflejos.com.ar\/2021\/#website\",\"url\":\"https:\/\/www.noticiasradioreflejos.com.ar\/2021\/\",\"name\":\"Noticias Radio Reflejos\",\"description\":\"Las noticias de mi comarca\",\"potentialAction\":[{\"@type\":\"SearchAction\",\"target\":{\"@type\":\"EntryPoint\",\"urlTemplate\":\"https:\/\/www.noticiasradioreflejos.com.ar\/2021\/?s={search_term_string}\"},\"query-input\":{\"@type\":\"PropertyValueSpecification\",\"valueRequired\":true,\"valueName\":\"search_term_string\"}}],\"inLanguage\":\"es\"},{\"@type\":\"Person\",\"@id\":\"https:\/\/www.noticiasradioreflejos.com.ar\/2021\/#\/schema\/person\/ad82545263dcc5ec0996818884fd5fb1\",\"name\":\"Arnaldo Botto\",\"image\":{\"@type\":\"ImageObject\",\"inLanguage\":\"es\",\"@id\":\"https:\/\/www.noticiasradioreflejos.com.ar\/2021\/#\/schema\/person\/image\/\",\"url\":\"https:\/\/secure.gravatar.com\/avatar\/55cb5e37c1efa326397366e6974cb338056df65cb50e7d64d1cf314e87504837?s=96&d=mm&r=g\",\"contentUrl\":\"https:\/\/secure.gravatar.com\/avatar\/55cb5e37c1efa326397366e6974cb338056df65cb50e7d64d1cf314e87504837?s=96&d=mm&r=g\",\"caption\":\"Arnaldo Botto\"},\"url\":\"https:\/\/www.noticiasradioreflejos.com.ar\/2021\/author\/arnaldo\/\"}]}<\/script>\n<!-- \/ Yoast SEO plugin. -->","yoast_head_json":{"title":"Accidente en camino vecinal: Un veh\u00edculo impact\u00f3 contra una alcantarilla - Noticias Radio Reflejos","robots":{"index":"index","follow":"follow","max-snippet":"max-snippet:-1","max-image-preview":"max-image-preview:large","max-video-preview":"max-video-preview:-1"},"canonical":"https:\/\/www.noticiasradioreflejos.com.ar\/2021\/accidente-en-camino-vecinal-un-vehiculo-impacto-contra-una-alcantarilla\/","og_locale":"es_ES","og_type":"article","og_title":"Accidente en camino vecinal: Un veh\u00edculo impact\u00f3 contra una alcantarilla - Noticias Radio Reflejos","og_description":"La conductora de un veh\u00edculo Renault 19 debi\u00f3 ser trasladada por una ambulancia del SAME Tornquist hasta el nosocomio local, luego de protagonizar un accidente en el camino que conduce a la localidad de Chasic\u00f3, a pocos kil\u00f3metros del Fuerte Argentino.","og_url":"https:\/\/www.noticiasradioreflejos.com.ar\/2021\/accidente-en-camino-vecinal-un-vehiculo-impacto-contra-una-alcantarilla\/","og_site_name":"Noticias Radio Reflejos","article_published_time":"2021-08-26T13:03:44+00:00","article_modified_time":"2021-08-26T13:21:57+00:00","og_image":[{"url":"https:\/\/observadorserrano.com.ar\/wp-content\/uploads\/2021\/08\/IMG_6883-Medium.jpg","type":"","width":"","height":""}],"author":"Arnaldo Botto","twitter_card":"summary_large_image","schema":{"@context":"https:\/\/schema.org","@graph":[{"@type":"WebPage","@id":"https:\/\/www.noticiasradioreflejos.com.ar\/2021\/accidente-en-camino-vecinal-un-vehiculo-impacto-contra-una-alcantarilla\/","url":"https:\/\/www.noticiasradioreflejos.com.ar\/2021\/accidente-en-camino-vecinal-un-vehiculo-impacto-contra-una-alcantarilla\/","name":"Accidente en camino vecinal: Un veh\u00edculo impact\u00f3 contra una alcantarilla - Noticias Radio Reflejos","isPartOf":{"@id":"https:\/\/www.noticiasradioreflejos.com.ar\/2021\/#website"},"primaryImageOfPage":{"@id":"https:\/\/www.noticiasradioreflejos.com.ar\/2021\/accidente-en-camino-vecinal-un-vehiculo-impacto-contra-una-alcantarilla\/#primaryimage"},"image":{"@id":"https:\/\/www.noticiasradioreflejos.com.ar\/2021\/accidente-en-camino-vecinal-un-vehiculo-impacto-contra-una-alcantarilla\/#primaryimage"},"thumbnailUrl":"https:\/\/observadorserrano.com.ar\/wp-content\/uploads\/2021\/08\/IMG_6883-Medium.jpg","datePublished":"2021-08-26T13:03:44+00:00","dateModified":"2021-08-26T13:21:57+00:00","author":{"@id":"https:\/\/www.noticiasradioreflejos.com.ar\/2021\/#\/schema\/person\/ad82545263dcc5ec0996818884fd5fb1"},"breadcrumb":{"@id":"https:\/\/www.noticiasradioreflejos.com.ar\/2021\/accidente-en-camino-vecinal-un-vehiculo-impacto-contra-una-alcantarilla\/#breadcrumb"},"inLanguage":"es","potentialAction":[{"@type":"ReadAction","target":["https:\/\/www.noticiasradioreflejos.com.ar\/2021\/accidente-en-camino-vecinal-un-vehiculo-impacto-contra-una-alcantarilla\/"]}]},{"@type":"ImageObject","inLanguage":"es","@id":"https:\/\/www.noticiasradioreflejos.com.ar\/2021\/accidente-en-camino-vecinal-un-vehiculo-impacto-contra-una-alcantarilla\/#primaryimage","url":"https:\/\/observadorserrano.com.ar\/wp-content\/uploads\/2021\/08\/IMG_6883-Medium.jpg","contentUrl":"https:\/\/observadorserrano.com.ar\/wp-content\/uploads\/2021\/08\/IMG_6883-Medium.jpg"},{"@type":"BreadcrumbList","@id":"https:\/\/www.noticiasradioreflejos.com.ar\/2021\/accidente-en-camino-vecinal-un-vehiculo-impacto-contra-una-alcantarilla\/#breadcrumb","itemListElement":[{"@type":"ListItem","position":1,"name":"Portada","item":"https:\/\/www.noticiasradioreflejos.com.ar\/2021\/"},{"@type":"ListItem","position":2,"name":"Accidente en camino vecinal: Un veh\u00edculo impact\u00f3 contra una alcantarilla"}]},{"@type":"WebSite","@id":"https:\/\/www.noticiasradioreflejos.com.ar\/2021\/#website","url":"https:\/\/www.noticiasradioreflejos.com.ar\/2021\/","name":"Noticias Radio Reflejos","description":"Las noticias de mi comarca","potentialAction":[{"@type":"SearchAction","target":{"@type":"EntryPoint","urlTemplate":"https:\/\/www.noticiasradioreflejos.com.ar\/2021\/?s={search_term_string}"},"query-input":{"@type":"PropertyValueSpecification","valueRequired":true,"valueName":"search_term_string"}}],"inLanguage":"es"},{"@type":"Person","@id":"https:\/\/www.noticiasradioreflejos.com.ar\/2021\/#\/schema\/person\/ad82545263dcc5ec0996818884fd5fb1","name":"Arnaldo Botto","image":{"@type":"ImageObject","inLanguage":"es","@id":"https:\/\/www.noticiasradioreflejos.com.ar\/2021\/#\/schema\/person\/image\/","url":"https:\/\/secure.gravatar.com\/avatar\/55cb5e37c1efa326397366e6974cb338056df65cb50e7d64d1cf314e87504837?s=96&d=mm&r=g","contentUrl":"https:\/\/secure.gravatar.com\/avatar\/55cb5e37c1efa326397366e6974cb338056df65cb50e7d64d1cf314e87504837?s=96&d=mm&r=g","caption":"Arnaldo Botto"},"url":"https:\/\/www.noticiasradioreflejos.com.ar\/2021\/author\/arnaldo\/"}]}},"_links":{"self":[{"href":"https:\/\/www.noticiasradioreflejos.com.ar\/2021\/wp-json\/wp\/v2\/posts\/61998","targetHints":{"allow":["GET"]}}],"collection":[{"href":"https:\/\/www.noticiasradioreflejos.com.ar\/2021\/wp-json\/wp\/v2\/posts"}],"about":[{"href":"https:\/\/www.noticiasradioreflejos.com.ar\/2021\/wp-json\/wp\/v2\/types\/post"}],"author":[{"embeddable":true,"href":"https:\/\/www.noticiasradioreflejos.com.ar\/2021\/wp-json\/wp\/v2\/users\/3"}],"replies":[{"embeddable":true,"href":"https:\/\/www.noticiasradioreflejos.com.ar\/2021\/wp-json\/wp\/v2\/comments?post=61998"}],"version-history":[{"count":2,"href":"https:\/\/www.noticiasradioreflejos.com.ar\/2021\/wp-json\/wp\/v2\/posts\/61998\/revisions"}],"predecessor-version":[{"id":62001,"href":"https:\/\/www.noticiasradioreflejos.com.ar\/2021\/wp-json\/wp\/v2\/posts\/61998\/revisions\/62001"}],"wp:attachment":[{"href":"https:\/\/www.noticiasradioreflejos.com.ar\/2021\/wp-json\/wp\/v2\/media?parent=61998"}],"wp:term":[{"taxonomy":"category","embeddable":true,"href":"https:\/\/www.noticiasradioreflejos.com.ar\/2021\/wp-json\/wp\/v2\/categories?post=61998"},{"taxonomy":"post_tag","embeddable":true,"href":"https:\/\/www.noticiasradioreflejos.com.ar\/2021\/wp-json\/wp\/v2\/tags?post=61998"}],"curies":[{"name":"wp","href":"https:\/\/api.w.org\/{rel}","templated":true}]}}