{"id":61984,"date":"2021-08-25T23:17:16","date_gmt":"2021-08-25T23:17:16","guid":{"rendered":"http:\/\/www.noticiasradioreflejos.com.ar\/2021\/?p=61984"},"modified":"2021-08-25T23:18:39","modified_gmt":"2021-08-25T23:18:39","slug":"sierra-de-la-ventana-abrio-sus-puertas-pg-abogados","status":"publish","type":"post","link":"https:\/\/www.noticiasradioreflejos.com.ar\/2021\/sierra-de-la-ventana-abrio-sus-puertas-pg-abogados\/","title":{"rendered":"Sierra de la Ventana: Abri\u00f3 sus puertas Estudio Jur\u00eddico \u00abPG Abogados\u00bb."},"content":{"rendered":"<p><strong>Dra. Paula Goldin junto al Dr. Leandro Picardi<\/strong> trabajan juntos en un estudio jur\u00eddico en la ciudad de Punta Alta hace ya unos 10 a\u00f1os. Actualmente, decidieron llevar sus servicios a la localidad de Sierra de la Ventana una vez a la semana. Adem\u00e1s, los abogados nos brindar\u00e1n un espacio a disposici\u00f3n de FM Reflejos para poder tratar los temas jur\u00eddicos del momento y atender las inquietudes que tengan al respecto los oyentes en los encuentros radiales semanales. Esta ma\u00f1ana, entrevistamos a Paula y a Leandro para que nos desarrollen su funci\u00f3n y los conozcamos a\u00fan m\u00e1s.<!--more--><\/p>\n<p><a title=\"Pg Abogados (2)\" href=\"https:\/\/www.flickr.com\/photos\/182279889@N02\/51402887618\/in\/dateposted-public\/\" data-flickr-embed=\"true\"><img loading=\"lazy\" decoding=\"async\" src=\"https:\/\/live.staticflickr.com\/65535\/51402887618_16a74bff61_z.jpg\" alt=\"Pg Abogados (2)\" width=\"566\" height=\"640\" \/><\/a><script async src=\"\/\/embedr.flickr.com\/assets\/client-code.js\" charset=\"utf-8\"><\/script><\/p>\n<p>\u00abSiempre me qued\u00f3 picando la idea de hacer algo en Sierra\u00bb mencion\u00f3 la Dra. con emoci\u00f3n acerca de su nuevo acercamiento a la localidad tur\u00edstica de nuestro distrito. Actualmente, se encuentra viviendo en Punta Alta, localidad de Coronel Rosales, en la que inaugur\u00f3 su propio estudio jur\u00eddico.<\/p>\n<p>Junto con su colega ven\u00edan deseando poder brindar sus servicios en nuestra localidad. \u00abCon Leandro ven\u00edamos teniendo la idea porque ten\u00edamos clientes de Sierra o de Saldungaray. La idea era brindarles una presencialidad y que no tengan que molestarse hasta all\u00e1. Por ahora iremos una vez por semana, prestando un servicio con la calidez que siempre tiene la presencialidad\u00bb explic\u00f3 de qu\u00e9 se trata.<\/p>\n<p>Paula cuenta que antes de la pandemia el trabajo del abogado ya se hab\u00eda transformado un poco, pero con la pandemia dio un giro de 180 grados. \u00abHoy las audiencias son virtuales, las mediaciones son por zoom, los escritos se presentan de manera electr\u00f3nica&#8230;\u00bb ejemplific\u00f3. Adem\u00e1s, agreg\u00f3 que no s\u00f3lo atender\u00e1n a sus clientes mediante la presencialidad en sus viajes una vez por semana, sino que tambi\u00e9n estar\u00e1n a su disposici\u00f3n a trav\u00e9s de videollamadas.<\/p>\n<p>\u00abJuntos abarcamos todo lo que es el \u00e1rea civil\u00bb explic\u00f3 c\u00f3mo trabaja con su colega, el Dr. Leandro Picardi. \u00abLeandro se especializa en derecho laboral, yo me especializo en familia y, tambi\u00e9n, esas cuestiones las tomamos juntos y el que m\u00e1s sabe dirige. Tambi\u00e9n ambos hacemos causas penales, en lo que hemos adquirido amplia experiencia\u00bb continu\u00f3.<\/p>\n<p>\u00abAbsolutamente\u00bb respondi\u00f3 cuando le preguntamos a Paula si quedaba abierta la posibilidad de atender consultas mediante la radio. \u00abSeguramente una vez por semana cada uno, el Dr. Leandro Picardi y yo vamos a estar a disposici\u00f3n tuya para poder charlar de los temas que la gente proponga\u00bb finaliz\u00f3.<\/p>\n<p><a title=\"Pg Abogados (3)\" href=\"https:\/\/www.flickr.com\/photos\/182279889@N02\/51402621696\/in\/dateposted-public\/\" data-flickr-embed=\"true\"><img loading=\"lazy\" decoding=\"async\" src=\"https:\/\/live.staticflickr.com\/65535\/51402621696_a098a55165_z.jpg\" alt=\"Pg Abogados (3)\" width=\"640\" height=\"480\" \/><\/a><script async src=\"\/\/embedr.flickr.com\/assets\/client-code.js\" charset=\"utf-8\"><\/script><\/p>\n<p>Sobre el final de la comunicaci\u00f3n, tambi\u00e9n conversamos con Leandro. \u00abLo fundamental ac\u00e1 es brindarle un servicio a la gente. Hab\u00eda personas que nos iba a ver directamente desde Sierra, y la idea es estar un poco m\u00e1s presencial\u00bb expres\u00f3.<\/p>\n<p>Le pedimos opini\u00f3n a Leandro sobre la escasez de un\/a escribano\/a en Sierra de la Ventana: \u00abObviamente, el trabajo que es de un escribano no lo puede hacer un abogado. Seg\u00fan tengo entendido, mucha gente me ha consultado al respecto y hay una persona que viene a atender\u00bb.<\/p>\n<p>\u00abLa idea es que si a alguien le surja una inquietud con respecto al derecho, poder darle una respuesta positiva\u00bb explic\u00f3 lo que estar\u00e1n haciendo en conjunto con la radio.<\/p>\n<p>Leandro tambi\u00e9n inform\u00f3 sobre los horarios que atender\u00e1n en Sierra de la Ventana: \u00abLos mi\u00e9rcoles, de manera presencial, de 10hs a 17hs. En la calle Bah\u00eda Blanca 87\u00bb.<\/p>\n<p>Nota completa:<br \/>\n<iframe loading=\"lazy\" src=\"https:\/\/w.soundcloud.com\/player\/?url=https%3A\/\/api.soundcloud.com\/tracks\/1112605822&amp;color=%23ff5500&amp;auto_play=false&amp;hide_related=false&amp;show_comments=true&amp;show_user=true&amp;show_reposts=false&amp;show_teaser=true&amp;visual=true\" width=\"100%\" height=\"300\" frameborder=\"no\" scrolling=\"no\"><\/iframe><\/p>\n<div style=\"font-size: 10px; color: #cccccc; line-break: anywhere; word-break: normal; overflow: hidden; white-space: nowrap; text-overflow: ellipsis; font-family: Interstate,Lucida Grande,Lucida Sans Unicode,Lucida Sans,Garuda,Verdana,Tahoma,sans-serif; font-weight: 100;\"><a style=\"color: #cccccc; text-decoration: none;\" title=\"fmreflejos 103.7\" href=\"https:\/\/soundcloud.com\/fmreflejos-103-7\" target=\"_blank\" rel=\"noopener\">fmreflejos 103.7<\/a> \u00b7 <a style=\"color: #cccccc; text-decoration: none;\" title=\"Nota Paula Goldin\" href=\"https:\/\/soundcloud.com\/fmreflejos-103-7\/nota-paula-goldin\" target=\"_blank\" rel=\"noopener\">Nota Paula Goldin<\/a><\/div>\n","protected":false},"excerpt":{"rendered":"<p>Dra. Paula Goldin junto al Dr. Leandro Picardi trabajan juntos en un estudio jur\u00eddico en la ciudad de Punta Alta hace ya unos 10 a\u00f1os. Actualmente, decidieron llevar sus servicios a la localidad de Sierra de la Ventana una vez a la semana. Adem\u00e1s, los abogados nos brindar\u00e1n un espacio a disposici\u00f3n de FM Reflejos [&hellip;]<\/p>\n","protected":false},"author":3,"featured_media":61988,"comment_status":"closed","ping_status":"closed","sticky":false,"template":"","format":"standard","meta":{"footnotes":""},"categories":[26],"tags":[48],"class_list":["post-61984","post","type-post","status-publish","format-standard","has-post-thumbnail","hentry","category-sociedad","tag-destacada"],"yoast_head":"<!-- This site is optimized with the Yoast SEO plugin v25.9 - https:\/\/yoast.com\/wordpress\/plugins\/seo\/ -->\n<title>Sierra de la Ventana: Abri\u00f3 sus puertas Estudio Jur\u00eddico &quot;PG Abogados&quot;. - Noticias Radio Reflejos<\/title>\n<meta name=\"robots\" content=\"index, follow, max-snippet:-1, max-image-preview:large, max-video-preview:-1\" \/>\n<link rel=\"canonical\" href=\"https:\/\/www.noticiasradioreflejos.com.ar\/2021\/sierra-de-la-ventana-abrio-sus-puertas-pg-abogados\/\" \/>\n<meta property=\"og:locale\" content=\"es_ES\" \/>\n<meta property=\"og:type\" content=\"article\" \/>\n<meta property=\"og:title\" content=\"Sierra de la Ventana: Abri\u00f3 sus puertas Estudio Jur\u00eddico &quot;PG Abogados&quot;. - Noticias Radio Reflejos\" \/>\n<meta property=\"og:description\" content=\"Dra. Paula Goldin junto al Dr. Leandro Picardi trabajan juntos en un estudio jur\u00eddico en la ciudad de Punta Alta hace ya unos 10 a\u00f1os. Actualmente, decidieron llevar sus servicios a la localidad de Sierra de la Ventana una vez a la semana. Adem\u00e1s, los abogados nos brindar\u00e1n un espacio a disposici\u00f3n de FM Reflejos [&hellip;]\" \/>\n<meta property=\"og:url\" content=\"https:\/\/www.noticiasradioreflejos.com.ar\/2021\/sierra-de-la-ventana-abrio-sus-puertas-pg-abogados\/\" \/>\n<meta property=\"og:site_name\" content=\"Noticias Radio Reflejos\" \/>\n<meta property=\"article:published_time\" content=\"2021-08-25T23:17:16+00:00\" \/>\n<meta property=\"article:modified_time\" content=\"2021-08-25T23:18:39+00:00\" \/>\n<meta property=\"og:image\" content=\"https:\/\/www.noticiasradioreflejos.com.ar\/2021\/wp-content\/uploads\/2021\/08\/Pg-Abogados-2.jpeg\" \/>\n\t<meta property=\"og:image:width\" content=\"1199\" \/>\n\t<meta property=\"og:image:height\" content=\"1356\" \/>\n\t<meta property=\"og:image:type\" content=\"image\/jpeg\" \/>\n<meta name=\"author\" content=\"Arnaldo Botto\" \/>\n<meta name=\"twitter:card\" content=\"summary_large_image\" \/>\n<script type=\"application\/ld+json\" class=\"yoast-schema-graph\">{\"@context\":\"https:\/\/schema.org\",\"@graph\":[{\"@type\":\"WebPage\",\"@id\":\"https:\/\/www.noticiasradioreflejos.com.ar\/2021\/sierra-de-la-ventana-abrio-sus-puertas-pg-abogados\/\",\"url\":\"https:\/\/www.noticiasradioreflejos.com.ar\/2021\/sierra-de-la-ventana-abrio-sus-puertas-pg-abogados\/\",\"name\":\"Sierra de la Ventana: Abri\u00f3 sus puertas Estudio Jur\u00eddico \\\"PG Abogados\\\". - Noticias Radio Reflejos\",\"isPartOf\":{\"@id\":\"https:\/\/www.noticiasradioreflejos.com.ar\/2021\/#website\"},\"primaryImageOfPage\":{\"@id\":\"https:\/\/www.noticiasradioreflejos.com.ar\/2021\/sierra-de-la-ventana-abrio-sus-puertas-pg-abogados\/#primaryimage\"},\"image\":{\"@id\":\"https:\/\/www.noticiasradioreflejos.com.ar\/2021\/sierra-de-la-ventana-abrio-sus-puertas-pg-abogados\/#primaryimage\"},\"thumbnailUrl\":\"https:\/\/www.noticiasradioreflejos.com.ar\/2021\/wp-content\/uploads\/2021\/08\/Pg-Abogados-2.jpeg\",\"datePublished\":\"2021-08-25T23:17:16+00:00\",\"dateModified\":\"2021-08-25T23:18:39+00:00\",\"author\":{\"@id\":\"https:\/\/www.noticiasradioreflejos.com.ar\/2021\/#\/schema\/person\/ad82545263dcc5ec0996818884fd5fb1\"},\"breadcrumb\":{\"@id\":\"https:\/\/www.noticiasradioreflejos.com.ar\/2021\/sierra-de-la-ventana-abrio-sus-puertas-pg-abogados\/#breadcrumb\"},\"inLanguage\":\"es\",\"potentialAction\":[{\"@type\":\"ReadAction\",\"target\":[\"https:\/\/www.noticiasradioreflejos.com.ar\/2021\/sierra-de-la-ventana-abrio-sus-puertas-pg-abogados\/\"]}]},{\"@type\":\"ImageObject\",\"inLanguage\":\"es\",\"@id\":\"https:\/\/www.noticiasradioreflejos.com.ar\/2021\/sierra-de-la-ventana-abrio-sus-puertas-pg-abogados\/#primaryimage\",\"url\":\"https:\/\/www.noticiasradioreflejos.com.ar\/2021\/wp-content\/uploads\/2021\/08\/Pg-Abogados-2.jpeg\",\"contentUrl\":\"https:\/\/www.noticiasradioreflejos.com.ar\/2021\/wp-content\/uploads\/2021\/08\/Pg-Abogados-2.jpeg\",\"width\":1199,\"height\":1356},{\"@type\":\"BreadcrumbList\",\"@id\":\"https:\/\/www.noticiasradioreflejos.com.ar\/2021\/sierra-de-la-ventana-abrio-sus-puertas-pg-abogados\/#breadcrumb\",\"itemListElement\":[{\"@type\":\"ListItem\",\"position\":1,\"name\":\"Portada\",\"item\":\"https:\/\/www.noticiasradioreflejos.com.ar\/2021\/\"},{\"@type\":\"ListItem\",\"position\":2,\"name\":\"Sierra de la Ventana: Abri\u00f3 sus puertas Estudio Jur\u00eddico \u00abPG Abogados\u00bb.\"}]},{\"@type\":\"WebSite\",\"@id\":\"https:\/\/www.noticiasradioreflejos.com.ar\/2021\/#website\",\"url\":\"https:\/\/www.noticiasradioreflejos.com.ar\/2021\/\",\"name\":\"Noticias Radio Reflejos\",\"description\":\"Las noticias de mi comarca\",\"potentialAction\":[{\"@type\":\"SearchAction\",\"target\":{\"@type\":\"EntryPoint\",\"urlTemplate\":\"https:\/\/www.noticiasradioreflejos.com.ar\/2021\/?s={search_term_string}\"},\"query-input\":{\"@type\":\"PropertyValueSpecification\",\"valueRequired\":true,\"valueName\":\"search_term_string\"}}],\"inLanguage\":\"es\"},{\"@type\":\"Person\",\"@id\":\"https:\/\/www.noticiasradioreflejos.com.ar\/2021\/#\/schema\/person\/ad82545263dcc5ec0996818884fd5fb1\",\"name\":\"Arnaldo Botto\",\"image\":{\"@type\":\"ImageObject\",\"inLanguage\":\"es\",\"@id\":\"https:\/\/www.noticiasradioreflejos.com.ar\/2021\/#\/schema\/person\/image\/\",\"url\":\"https:\/\/secure.gravatar.com\/avatar\/55cb5e37c1efa326397366e6974cb338056df65cb50e7d64d1cf314e87504837?s=96&d=mm&r=g\",\"contentUrl\":\"https:\/\/secure.gravatar.com\/avatar\/55cb5e37c1efa326397366e6974cb338056df65cb50e7d64d1cf314e87504837?s=96&d=mm&r=g\",\"caption\":\"Arnaldo Botto\"},\"url\":\"https:\/\/www.noticiasradioreflejos.com.ar\/2021\/author\/arnaldo\/\"}]}<\/script>\n<!-- \/ Yoast SEO plugin. -->","yoast_head_json":{"title":"Sierra de la Ventana: Abri\u00f3 sus puertas Estudio Jur\u00eddico \"PG Abogados\". - Noticias Radio Reflejos","robots":{"index":"index","follow":"follow","max-snippet":"max-snippet:-1","max-image-preview":"max-image-preview:large","max-video-preview":"max-video-preview:-1"},"canonical":"https:\/\/www.noticiasradioreflejos.com.ar\/2021\/sierra-de-la-ventana-abrio-sus-puertas-pg-abogados\/","og_locale":"es_ES","og_type":"article","og_title":"Sierra de la Ventana: Abri\u00f3 sus puertas Estudio Jur\u00eddico \"PG Abogados\". - Noticias Radio Reflejos","og_description":"Dra. Paula Goldin junto al Dr. Leandro Picardi trabajan juntos en un estudio jur\u00eddico en la ciudad de Punta Alta hace ya unos 10 a\u00f1os. Actualmente, decidieron llevar sus servicios a la localidad de Sierra de la Ventana una vez a la semana. Adem\u00e1s, los abogados nos brindar\u00e1n un espacio a disposici\u00f3n de FM Reflejos [&hellip;]","og_url":"https:\/\/www.noticiasradioreflejos.com.ar\/2021\/sierra-de-la-ventana-abrio-sus-puertas-pg-abogados\/","og_site_name":"Noticias Radio Reflejos","article_published_time":"2021-08-25T23:17:16+00:00","article_modified_time":"2021-08-25T23:18:39+00:00","og_image":[{"width":1199,"height":1356,"url":"https:\/\/www.noticiasradioreflejos.com.ar\/2021\/wp-content\/uploads\/2021\/08\/Pg-Abogados-2.jpeg","type":"image\/jpeg"}],"author":"Arnaldo Botto","twitter_card":"summary_large_image","schema":{"@context":"https:\/\/schema.org","@graph":[{"@type":"WebPage","@id":"https:\/\/www.noticiasradioreflejos.com.ar\/2021\/sierra-de-la-ventana-abrio-sus-puertas-pg-abogados\/","url":"https:\/\/www.noticiasradioreflejos.com.ar\/2021\/sierra-de-la-ventana-abrio-sus-puertas-pg-abogados\/","name":"Sierra de la Ventana: Abri\u00f3 sus puertas Estudio Jur\u00eddico \"PG Abogados\". - Noticias Radio Reflejos","isPartOf":{"@id":"https:\/\/www.noticiasradioreflejos.com.ar\/2021\/#website"},"primaryImageOfPage":{"@id":"https:\/\/www.noticiasradioreflejos.com.ar\/2021\/sierra-de-la-ventana-abrio-sus-puertas-pg-abogados\/#primaryimage"},"image":{"@id":"https:\/\/www.noticiasradioreflejos.com.ar\/2021\/sierra-de-la-ventana-abrio-sus-puertas-pg-abogados\/#primaryimage"},"thumbnailUrl":"https:\/\/www.noticiasradioreflejos.com.ar\/2021\/wp-content\/uploads\/2021\/08\/Pg-Abogados-2.jpeg","datePublished":"2021-08-25T23:17:16+00:00","dateModified":"2021-08-25T23:18:39+00:00","author":{"@id":"https:\/\/www.noticiasradioreflejos.com.ar\/2021\/#\/schema\/person\/ad82545263dcc5ec0996818884fd5fb1"},"breadcrumb":{"@id":"https:\/\/www.noticiasradioreflejos.com.ar\/2021\/sierra-de-la-ventana-abrio-sus-puertas-pg-abogados\/#breadcrumb"},"inLanguage":"es","potentialAction":[{"@type":"ReadAction","target":["https:\/\/www.noticiasradioreflejos.com.ar\/2021\/sierra-de-la-ventana-abrio-sus-puertas-pg-abogados\/"]}]},{"@type":"ImageObject","inLanguage":"es","@id":"https:\/\/www.noticiasradioreflejos.com.ar\/2021\/sierra-de-la-ventana-abrio-sus-puertas-pg-abogados\/#primaryimage","url":"https:\/\/www.noticiasradioreflejos.com.ar\/2021\/wp-content\/uploads\/2021\/08\/Pg-Abogados-2.jpeg","contentUrl":"https:\/\/www.noticiasradioreflejos.com.ar\/2021\/wp-content\/uploads\/2021\/08\/Pg-Abogados-2.jpeg","width":1199,"height":1356},{"@type":"BreadcrumbList","@id":"https:\/\/www.noticiasradioreflejos.com.ar\/2021\/sierra-de-la-ventana-abrio-sus-puertas-pg-abogados\/#breadcrumb","itemListElement":[{"@type":"ListItem","position":1,"name":"Portada","item":"https:\/\/www.noticiasradioreflejos.com.ar\/2021\/"},{"@type":"ListItem","position":2,"name":"Sierra de la Ventana: Abri\u00f3 sus puertas Estudio Jur\u00eddico \u00abPG Abogados\u00bb."}]},{"@type":"WebSite","@id":"https:\/\/www.noticiasradioreflejos.com.ar\/2021\/#website","url":"https:\/\/www.noticiasradioreflejos.com.ar\/2021\/","name":"Noticias Radio Reflejos","description":"Las noticias de mi comarca","potentialAction":[{"@type":"SearchAction","target":{"@type":"EntryPoint","urlTemplate":"https:\/\/www.noticiasradioreflejos.com.ar\/2021\/?s={search_term_string}"},"query-input":{"@type":"PropertyValueSpecification","valueRequired":true,"valueName":"search_term_string"}}],"inLanguage":"es"},{"@type":"Person","@id":"https:\/\/www.noticiasradioreflejos.com.ar\/2021\/#\/schema\/person\/ad82545263dcc5ec0996818884fd5fb1","name":"Arnaldo Botto","image":{"@type":"ImageObject","inLanguage":"es","@id":"https:\/\/www.noticiasradioreflejos.com.ar\/2021\/#\/schema\/person\/image\/","url":"https:\/\/secure.gravatar.com\/avatar\/55cb5e37c1efa326397366e6974cb338056df65cb50e7d64d1cf314e87504837?s=96&d=mm&r=g","contentUrl":"https:\/\/secure.gravatar.com\/avatar\/55cb5e37c1efa326397366e6974cb338056df65cb50e7d64d1cf314e87504837?s=96&d=mm&r=g","caption":"Arnaldo Botto"},"url":"https:\/\/www.noticiasradioreflejos.com.ar\/2021\/author\/arnaldo\/"}]}},"_links":{"self":[{"href":"https:\/\/www.noticiasradioreflejos.com.ar\/2021\/wp-json\/wp\/v2\/posts\/61984","targetHints":{"allow":["GET"]}}],"collection":[{"href":"https:\/\/www.noticiasradioreflejos.com.ar\/2021\/wp-json\/wp\/v2\/posts"}],"about":[{"href":"https:\/\/www.noticiasradioreflejos.com.ar\/2021\/wp-json\/wp\/v2\/types\/post"}],"author":[{"embeddable":true,"href":"https:\/\/www.noticiasradioreflejos.com.ar\/2021\/wp-json\/wp\/v2\/users\/3"}],"replies":[{"embeddable":true,"href":"https:\/\/www.noticiasradioreflejos.com.ar\/2021\/wp-json\/wp\/v2\/comments?post=61984"}],"version-history":[{"count":6,"href":"https:\/\/www.noticiasradioreflejos.com.ar\/2021\/wp-json\/wp\/v2\/posts\/61984\/revisions"}],"predecessor-version":[{"id":61992,"href":"https:\/\/www.noticiasradioreflejos.com.ar\/2021\/wp-json\/wp\/v2\/posts\/61984\/revisions\/61992"}],"wp:featuredmedia":[{"embeddable":true,"href":"https:\/\/www.noticiasradioreflejos.com.ar\/2021\/wp-json\/wp\/v2\/media\/61988"}],"wp:attachment":[{"href":"https:\/\/www.noticiasradioreflejos.com.ar\/2021\/wp-json\/wp\/v2\/media?parent=61984"}],"wp:term":[{"taxonomy":"category","embeddable":true,"href":"https:\/\/www.noticiasradioreflejos.com.ar\/2021\/wp-json\/wp\/v2\/categories?post=61984"},{"taxonomy":"post_tag","embeddable":true,"href":"https:\/\/www.noticiasradioreflejos.com.ar\/2021\/wp-json\/wp\/v2\/tags?post=61984"}],"curies":[{"name":"wp","href":"https:\/\/api.w.org\/{rel}","templated":true}]}}