{"id":61978,"date":"2021-08-25T21:06:16","date_gmt":"2021-08-25T21:06:16","guid":{"rendered":"http:\/\/www.noticiasradioreflejos.com.ar\/2021\/?p=61978"},"modified":"2021-08-25T21:06:16","modified_gmt":"2021-08-25T21:06:16","slug":"hallaron-al-padre-de-los-lagartos-un-eslabon-del-arbol-evolutivo-mundial-que-faltaba","status":"publish","type":"post","link":"https:\/\/www.noticiasradioreflejos.com.ar\/2021\/hallaron-al-padre-de-los-lagartos-un-eslabon-del-arbol-evolutivo-mundial-que-faltaba\/","title":{"rendered":"Hallaron al \u00abpadre de los lagartos\u00bb, un eslab\u00f3n del \u00e1rbol evolutivo mundial que faltaba"},"content":{"rendered":"<div class=\"head-content\">\n<p>Las partes halladas \u201cson las m\u00e1s reveladoras para definir las relaciones de parentesco\u201d y, al encontrarse \u201ctan completo y pr\u00e1cticamente sin desinformaci\u00f3n lo vuelve un hallazgo realmente extraordinario\u201d, aseguraron los investigadores.<\/p>\n<\/div>\n<p><!--more--><\/p>\n<div class=\"main-content-block\">\n<div class=\"main-box clearfix\">\n<div class=\"wrapper-main-section clearfix\">\n<div class=\"wrapper-editable-content\">\n<div class=\"editable-content clearfix\">\n<div id=\"image\" class=\"image\">\n<p><img decoding=\"async\" title=\"Taytalura alcoberi, nueva especie considerada la base del \u00e1rbol evolutivo de las serpientes e iguanas. Foto: @UNSJ_Oficial\" src=\"https:\/\/www.telam.com.ar\/advf\/imagenes\/2021\/08\/612684c36d4a6_1004x565.jpg\" alt=\"Taytalura alcoberi, nueva especie considerada la base del \u00e1rbol evolutivo de las serpientes e iguanas. Foto: @UNSJ_Oficial\" \/><\/p>\n<div class=\"epigrafe\">Taytalura alcoberi, nueva especie considerada la base del \u00e1rbol evolutivo de las serpientes e iguanas. Foto: @UNSJ_Oficial<\/div>\n<\/div>\n<p>El ancestro evolutivo de los lagartos y serpientes, que completa un eslab\u00f3n que faltaba a nivel mundial, fue hallado por investigadores argentinos y brasile\u00f1os en Ischigualasto, en el noreste de San Juan, seg\u00fan da cuenta un estudio divulgado este mi\u00e9rcoles.<\/p>\n<p>A partir de\u00a0<strong>encontrar su cr\u00e1neo y mand\u00edbula en extraordinario estado de conservaci\u00f3n, los investigadores pudieron presentar a Taytalura alcoberi<\/strong>, una nueva especie considerada la base del \u00e1rbol evolutivo de las serpientes e iguanas, entre otras especies que viven actualmente.<\/p>\n<p>Las partes halladas \u201cson las m\u00e1s reveladoras para definir las relaciones de parentesco\u201d y, al encontrarse \u201ctan completo y pr\u00e1cticamente sin desinformaci\u00f3n lo vuelve<strong>\u00a0un hallazgo realmente extraordinario\u201d, asegur\u00f3 Ricardo Mart\u00ednez, investigador del Instituto y Museo de Ciencias Naturales (IMCN) de la Universidad de San Juan<\/strong>.<\/p>\n<p>Los paleont\u00f3logos determinaron que el denominado \u201cpadre de los lagartos\u201d perteneci\u00f3 al per\u00edodo geol\u00f3gico Tri\u00e1sico, por lo que registra\u00a0<strong>230 millones de a\u00f1os de antig\u00fcedad<\/strong>.<\/p>\n<p>\u201cA partir del tama\u00f1o de su cr\u00e1neo, que tiene unos dos cent\u00edmetros de largo, podemos suponer que la extensi\u00f3n total de su cuerpo rondaba entre los 15 y 20 cent\u00edmetros de largo\u201d, indic\u00f3 Mart\u00ednez a la Agencia Ciencia, Tecnolog\u00eda y Sociedad de la Universidad Nacional de La Matanza (CTyS-UNLaM).<\/p>\n<blockquote class=\"twitter-tweet\" data-width=\"500\" data-dnt=\"true\">\n<p lang=\"es\" dir=\"ltr\">\ud83c\udde6\ud83c\uddf7 Gran anuncio cient\u00edfico UNSJ \ud83c\udde6\ud83c\uddf7<\/p>\n<p>\ud83d\udfe2 Taytalura alcoberi: hallazgo de la paleontolog\u00eda de la UNSJ \ud83d\udfe2<\/p>\n<p>\u00a1Segu\u00ed la transmisi\u00f3n por Xama Se\u00f1al UNSJ!<\/p>\n<p>\u2705 Por el 33.1 de la TDA o el canal 18 de IO Total \u2705<br \/>\ud83d\udcbb <a href=\"https:\/\/t.co\/SrjpeAP7bj\">https:\/\/t.co\/SrjpeAP7bj<\/a><br \/> <a href=\"https:\/\/twitter.com\/hashtag\/UNSJ?src=hash&amp;ref_src=twsrc%5Etfw\">#UNSJ<\/a> <a href=\"https:\/\/twitter.com\/hashtag\/SanJuan?src=hash&amp;ref_src=twsrc%5Etfw\">#SanJuan<\/a> <a href=\"https:\/\/twitter.com\/hashtag\/Argentina?src=hash&amp;ref_src=twsrc%5Etfw\">#Argentina<\/a> <a href=\"https:\/\/t.co\/A6Pm6vL9tg\">pic.twitter.com\/A6Pm6vL9tg<\/a><\/p>\n<p>&mdash; UNSJ Oficial (@UNSJ_Oficial) <a href=\"https:\/\/twitter.com\/UNSJ_Oficial\/status\/1430576751885930500?ref_src=twsrc%5Etfw\">August 25, 2021<\/a><\/p><\/blockquote>\n<p><script async src=\"https:\/\/platform.twitter.com\/widgets.js\" charset=\"utf-8\"><\/script><\/p>\n<p>El hallazgo de los restos ocurri\u00f3 en 2001, momento que qued\u00f3 fotografiado -algo inusual en la paleontolog\u00eda-, y ahora se dio a conocer al mundo a partir de la publicaci\u00f3n del estudio sobre Taytalura que se realiz\u00f3 este mi\u00e9rcoles en la revista Nature.<\/p>\n<p>Actualmente, los materiales f\u00f3siles de Taytalura est\u00e1n en la Colecci\u00f3n de Paleovertebrados del IMCN.<\/p>\n<p><strong>Sebasti\u00e1n Apestegu\u00eda<\/strong>, director del \u00c1rea de Paleontolog\u00eda de la Fundaci\u00f3n de Historia Natural F\u00e9lix de Azara e investigador del Conicet, expres\u00f3 que \u201ca partir de la direcci\u00f3n de Ricardo Mart\u00ednez y, en aquel momento, de Oscar Alcober,\u00a0<strong>apareci\u00f3 un eslab\u00f3n que faltaba a nivel mundial<\/strong>\u201d.<\/p>\n<p>\u201cSi bien otros lepidosaurios tempranos se han hallado en rocas de edad semejante en Europa, Taytalura parece ser ancestral a todos ellos en su aspecto y es el primero hallado en el sur del supercontinente Pangea\u201d, explic\u00f3 el investigador.<\/p>\n<div class=\"js-code\"><iframe loading=\"lazy\" src=\"https:\/\/www.facebook.com\/plugins\/post.php?href=https%3A%2F%2Fwww.facebook.com%2Fsebastian.apesteguia.paleontologo%2Fposts%2F1005958113535959&amp;show_text=true&amp;width=500\" width=\"500\" height=\"265\" frameborder=\"0\" scrolling=\"no\" allowfullscreen=\"allowfullscreen\"><\/iframe><\/div>\n<p>Con el trabajo de los \u00faltimos 150 a\u00f1os,\u00a0<strong>Argentina demostr\u00f3 ser \u201cuna potencia para la reconstrucci\u00f3n de la historia evolutiva de muchos grupos f\u00f3siles<\/strong>, tanto de dinosaurios, con una riqueza incre\u00edble en plantas, en mam\u00edferos, de serpientes, de ranas\u201d, valor\u00f3 Apestegu\u00eda.<\/p>\n<p>Todo parece indicar que Argentina es \u201cun reservorio inimaginado de la historia evolutiva de nuestro Planeta\u201d.<\/p>\n<p>En cuanto al nombre<strong>\u00a0Taytalura alcoberi, el t\u00e9rmino Tayta significa padre en el idioma nativo quechua y Lura es lagarto en el idioma nativo Kak\u00e1n de la naci\u00f3n Diaguita<\/strong>, que actualmente habita en el noroeste de Argentina.<\/p>\n<p>En tanto, \u201calcoberi\u201d es en reconocimiento al investigador Oscar Alcober, \u201cquien encabez\u00f3 con Ricardo Mart\u00ednez la expedici\u00f3n en la que se descubri\u00f3 este esp\u00e9cimen y por su contribuci\u00f3n al desarrollo de la paleontolog\u00eda del Tri\u00e1sico Tard\u00edo\u201d, expresaron.<\/p>\n<\/div>\n<\/div>\n<\/div>\n<\/div>\n<\/div>\n","protected":false},"excerpt":{"rendered":"<p>Las partes halladas \u201cson las m\u00e1s reveladoras para definir las relaciones de parentesco\u201d y, al encontrarse \u201ctan completo y pr\u00e1cticamente sin desinformaci\u00f3n lo vuelve un hallazgo realmente extraordinario\u201d, aseguraron los investigadores.<\/p>\n","protected":false},"author":3,"featured_media":0,"comment_status":"closed","ping_status":"closed","sticky":false,"template":"","format":"standard","meta":{"footnotes":""},"categories":[46,26],"tags":[],"class_list":["post-61978","post","type-post","status-publish","format-standard","hentry","category-ciencia-y-tecnologia","category-sociedad"],"yoast_head":"<!-- This site is optimized with the Yoast SEO plugin v25.9 - https:\/\/yoast.com\/wordpress\/plugins\/seo\/ -->\n<title>Hallaron al &quot;padre de los lagartos&quot;, un eslab\u00f3n del \u00e1rbol evolutivo mundial que faltaba - Noticias Radio Reflejos<\/title>\n<meta name=\"robots\" content=\"index, follow, max-snippet:-1, max-image-preview:large, max-video-preview:-1\" \/>\n<link rel=\"canonical\" href=\"https:\/\/www.noticiasradioreflejos.com.ar\/2021\/hallaron-al-padre-de-los-lagartos-un-eslabon-del-arbol-evolutivo-mundial-que-faltaba\/\" \/>\n<meta property=\"og:locale\" content=\"es_ES\" \/>\n<meta property=\"og:type\" content=\"article\" \/>\n<meta property=\"og:title\" content=\"Hallaron al &quot;padre de los lagartos&quot;, un eslab\u00f3n del \u00e1rbol evolutivo mundial que faltaba - Noticias Radio Reflejos\" \/>\n<meta property=\"og:description\" content=\"Las partes halladas \u201cson las m\u00e1s reveladoras para definir las relaciones de parentesco\u201d y, al encontrarse \u201ctan completo y pr\u00e1cticamente sin desinformaci\u00f3n lo vuelve un hallazgo realmente extraordinario\u201d, aseguraron los investigadores.\" \/>\n<meta property=\"og:url\" content=\"https:\/\/www.noticiasradioreflejos.com.ar\/2021\/hallaron-al-padre-de-los-lagartos-un-eslabon-del-arbol-evolutivo-mundial-que-faltaba\/\" \/>\n<meta property=\"og:site_name\" content=\"Noticias Radio Reflejos\" \/>\n<meta property=\"article:published_time\" content=\"2021-08-25T21:06:16+00:00\" \/>\n<meta property=\"og:image\" content=\"https:\/\/www.telam.com.ar\/advf\/imagenes\/2021\/08\/612684c36d4a6_1004x565.jpg\" \/>\n<meta name=\"author\" content=\"Arnaldo Botto\" \/>\n<meta name=\"twitter:card\" content=\"summary_large_image\" \/>\n<script type=\"application\/ld+json\" class=\"yoast-schema-graph\">{\"@context\":\"https:\/\/schema.org\",\"@graph\":[{\"@type\":\"WebPage\",\"@id\":\"https:\/\/www.noticiasradioreflejos.com.ar\/2021\/hallaron-al-padre-de-los-lagartos-un-eslabon-del-arbol-evolutivo-mundial-que-faltaba\/\",\"url\":\"https:\/\/www.noticiasradioreflejos.com.ar\/2021\/hallaron-al-padre-de-los-lagartos-un-eslabon-del-arbol-evolutivo-mundial-que-faltaba\/\",\"name\":\"Hallaron al \\\"padre de los lagartos\\\", un eslab\u00f3n del \u00e1rbol evolutivo mundial que faltaba - Noticias Radio Reflejos\",\"isPartOf\":{\"@id\":\"https:\/\/www.noticiasradioreflejos.com.ar\/2021\/#website\"},\"primaryImageOfPage\":{\"@id\":\"https:\/\/www.noticiasradioreflejos.com.ar\/2021\/hallaron-al-padre-de-los-lagartos-un-eslabon-del-arbol-evolutivo-mundial-que-faltaba\/#primaryimage\"},\"image\":{\"@id\":\"https:\/\/www.noticiasradioreflejos.com.ar\/2021\/hallaron-al-padre-de-los-lagartos-un-eslabon-del-arbol-evolutivo-mundial-que-faltaba\/#primaryimage\"},\"thumbnailUrl\":\"https:\/\/www.telam.com.ar\/advf\/imagenes\/2021\/08\/612684c36d4a6_1004x565.jpg\",\"datePublished\":\"2021-08-25T21:06:16+00:00\",\"author\":{\"@id\":\"https:\/\/www.noticiasradioreflejos.com.ar\/2021\/#\/schema\/person\/ad82545263dcc5ec0996818884fd5fb1\"},\"breadcrumb\":{\"@id\":\"https:\/\/www.noticiasradioreflejos.com.ar\/2021\/hallaron-al-padre-de-los-lagartos-un-eslabon-del-arbol-evolutivo-mundial-que-faltaba\/#breadcrumb\"},\"inLanguage\":\"es\",\"potentialAction\":[{\"@type\":\"ReadAction\",\"target\":[\"https:\/\/www.noticiasradioreflejos.com.ar\/2021\/hallaron-al-padre-de-los-lagartos-un-eslabon-del-arbol-evolutivo-mundial-que-faltaba\/\"]}]},{\"@type\":\"ImageObject\",\"inLanguage\":\"es\",\"@id\":\"https:\/\/www.noticiasradioreflejos.com.ar\/2021\/hallaron-al-padre-de-los-lagartos-un-eslabon-del-arbol-evolutivo-mundial-que-faltaba\/#primaryimage\",\"url\":\"https:\/\/www.telam.com.ar\/advf\/imagenes\/2021\/08\/612684c36d4a6_1004x565.jpg\",\"contentUrl\":\"https:\/\/www.telam.com.ar\/advf\/imagenes\/2021\/08\/612684c36d4a6_1004x565.jpg\"},{\"@type\":\"BreadcrumbList\",\"@id\":\"https:\/\/www.noticiasradioreflejos.com.ar\/2021\/hallaron-al-padre-de-los-lagartos-un-eslabon-del-arbol-evolutivo-mundial-que-faltaba\/#breadcrumb\",\"itemListElement\":[{\"@type\":\"ListItem\",\"position\":1,\"name\":\"Portada\",\"item\":\"https:\/\/www.noticiasradioreflejos.com.ar\/2021\/\"},{\"@type\":\"ListItem\",\"position\":2,\"name\":\"Hallaron al \u00abpadre de los lagartos\u00bb, un eslab\u00f3n del \u00e1rbol evolutivo mundial que faltaba\"}]},{\"@type\":\"WebSite\",\"@id\":\"https:\/\/www.noticiasradioreflejos.com.ar\/2021\/#website\",\"url\":\"https:\/\/www.noticiasradioreflejos.com.ar\/2021\/\",\"name\":\"Noticias Radio Reflejos\",\"description\":\"Las noticias de mi comarca\",\"potentialAction\":[{\"@type\":\"SearchAction\",\"target\":{\"@type\":\"EntryPoint\",\"urlTemplate\":\"https:\/\/www.noticiasradioreflejos.com.ar\/2021\/?s={search_term_string}\"},\"query-input\":{\"@type\":\"PropertyValueSpecification\",\"valueRequired\":true,\"valueName\":\"search_term_string\"}}],\"inLanguage\":\"es\"},{\"@type\":\"Person\",\"@id\":\"https:\/\/www.noticiasradioreflejos.com.ar\/2021\/#\/schema\/person\/ad82545263dcc5ec0996818884fd5fb1\",\"name\":\"Arnaldo Botto\",\"image\":{\"@type\":\"ImageObject\",\"inLanguage\":\"es\",\"@id\":\"https:\/\/www.noticiasradioreflejos.com.ar\/2021\/#\/schema\/person\/image\/\",\"url\":\"https:\/\/secure.gravatar.com\/avatar\/55cb5e37c1efa326397366e6974cb338056df65cb50e7d64d1cf314e87504837?s=96&d=mm&r=g\",\"contentUrl\":\"https:\/\/secure.gravatar.com\/avatar\/55cb5e37c1efa326397366e6974cb338056df65cb50e7d64d1cf314e87504837?s=96&d=mm&r=g\",\"caption\":\"Arnaldo Botto\"},\"url\":\"https:\/\/www.noticiasradioreflejos.com.ar\/2021\/author\/arnaldo\/\"}]}<\/script>\n<!-- \/ Yoast SEO plugin. -->","yoast_head_json":{"title":"Hallaron al \"padre de los lagartos\", un eslab\u00f3n del \u00e1rbol evolutivo mundial que faltaba - Noticias Radio Reflejos","robots":{"index":"index","follow":"follow","max-snippet":"max-snippet:-1","max-image-preview":"max-image-preview:large","max-video-preview":"max-video-preview:-1"},"canonical":"https:\/\/www.noticiasradioreflejos.com.ar\/2021\/hallaron-al-padre-de-los-lagartos-un-eslabon-del-arbol-evolutivo-mundial-que-faltaba\/","og_locale":"es_ES","og_type":"article","og_title":"Hallaron al \"padre de los lagartos\", un eslab\u00f3n del \u00e1rbol evolutivo mundial que faltaba - Noticias Radio Reflejos","og_description":"Las partes halladas \u201cson las m\u00e1s reveladoras para definir las relaciones de parentesco\u201d y, al encontrarse \u201ctan completo y pr\u00e1cticamente sin desinformaci\u00f3n lo vuelve un hallazgo realmente extraordinario\u201d, aseguraron los investigadores.","og_url":"https:\/\/www.noticiasradioreflejos.com.ar\/2021\/hallaron-al-padre-de-los-lagartos-un-eslabon-del-arbol-evolutivo-mundial-que-faltaba\/","og_site_name":"Noticias Radio Reflejos","article_published_time":"2021-08-25T21:06:16+00:00","og_image":[{"url":"https:\/\/www.telam.com.ar\/advf\/imagenes\/2021\/08\/612684c36d4a6_1004x565.jpg","type":"","width":"","height":""}],"author":"Arnaldo Botto","twitter_card":"summary_large_image","schema":{"@context":"https:\/\/schema.org","@graph":[{"@type":"WebPage","@id":"https:\/\/www.noticiasradioreflejos.com.ar\/2021\/hallaron-al-padre-de-los-lagartos-un-eslabon-del-arbol-evolutivo-mundial-que-faltaba\/","url":"https:\/\/www.noticiasradioreflejos.com.ar\/2021\/hallaron-al-padre-de-los-lagartos-un-eslabon-del-arbol-evolutivo-mundial-que-faltaba\/","name":"Hallaron al \"padre de los lagartos\", un eslab\u00f3n del \u00e1rbol evolutivo mundial que faltaba - Noticias Radio Reflejos","isPartOf":{"@id":"https:\/\/www.noticiasradioreflejos.com.ar\/2021\/#website"},"primaryImageOfPage":{"@id":"https:\/\/www.noticiasradioreflejos.com.ar\/2021\/hallaron-al-padre-de-los-lagartos-un-eslabon-del-arbol-evolutivo-mundial-que-faltaba\/#primaryimage"},"image":{"@id":"https:\/\/www.noticiasradioreflejos.com.ar\/2021\/hallaron-al-padre-de-los-lagartos-un-eslabon-del-arbol-evolutivo-mundial-que-faltaba\/#primaryimage"},"thumbnailUrl":"https:\/\/www.telam.com.ar\/advf\/imagenes\/2021\/08\/612684c36d4a6_1004x565.jpg","datePublished":"2021-08-25T21:06:16+00:00","author":{"@id":"https:\/\/www.noticiasradioreflejos.com.ar\/2021\/#\/schema\/person\/ad82545263dcc5ec0996818884fd5fb1"},"breadcrumb":{"@id":"https:\/\/www.noticiasradioreflejos.com.ar\/2021\/hallaron-al-padre-de-los-lagartos-un-eslabon-del-arbol-evolutivo-mundial-que-faltaba\/#breadcrumb"},"inLanguage":"es","potentialAction":[{"@type":"ReadAction","target":["https:\/\/www.noticiasradioreflejos.com.ar\/2021\/hallaron-al-padre-de-los-lagartos-un-eslabon-del-arbol-evolutivo-mundial-que-faltaba\/"]}]},{"@type":"ImageObject","inLanguage":"es","@id":"https:\/\/www.noticiasradioreflejos.com.ar\/2021\/hallaron-al-padre-de-los-lagartos-un-eslabon-del-arbol-evolutivo-mundial-que-faltaba\/#primaryimage","url":"https:\/\/www.telam.com.ar\/advf\/imagenes\/2021\/08\/612684c36d4a6_1004x565.jpg","contentUrl":"https:\/\/www.telam.com.ar\/advf\/imagenes\/2021\/08\/612684c36d4a6_1004x565.jpg"},{"@type":"BreadcrumbList","@id":"https:\/\/www.noticiasradioreflejos.com.ar\/2021\/hallaron-al-padre-de-los-lagartos-un-eslabon-del-arbol-evolutivo-mundial-que-faltaba\/#breadcrumb","itemListElement":[{"@type":"ListItem","position":1,"name":"Portada","item":"https:\/\/www.noticiasradioreflejos.com.ar\/2021\/"},{"@type":"ListItem","position":2,"name":"Hallaron al \u00abpadre de los lagartos\u00bb, un eslab\u00f3n del \u00e1rbol evolutivo mundial que faltaba"}]},{"@type":"WebSite","@id":"https:\/\/www.noticiasradioreflejos.com.ar\/2021\/#website","url":"https:\/\/www.noticiasradioreflejos.com.ar\/2021\/","name":"Noticias Radio Reflejos","description":"Las noticias de mi comarca","potentialAction":[{"@type":"SearchAction","target":{"@type":"EntryPoint","urlTemplate":"https:\/\/www.noticiasradioreflejos.com.ar\/2021\/?s={search_term_string}"},"query-input":{"@type":"PropertyValueSpecification","valueRequired":true,"valueName":"search_term_string"}}],"inLanguage":"es"},{"@type":"Person","@id":"https:\/\/www.noticiasradioreflejos.com.ar\/2021\/#\/schema\/person\/ad82545263dcc5ec0996818884fd5fb1","name":"Arnaldo Botto","image":{"@type":"ImageObject","inLanguage":"es","@id":"https:\/\/www.noticiasradioreflejos.com.ar\/2021\/#\/schema\/person\/image\/","url":"https:\/\/secure.gravatar.com\/avatar\/55cb5e37c1efa326397366e6974cb338056df65cb50e7d64d1cf314e87504837?s=96&d=mm&r=g","contentUrl":"https:\/\/secure.gravatar.com\/avatar\/55cb5e37c1efa326397366e6974cb338056df65cb50e7d64d1cf314e87504837?s=96&d=mm&r=g","caption":"Arnaldo Botto"},"url":"https:\/\/www.noticiasradioreflejos.com.ar\/2021\/author\/arnaldo\/"}]}},"_links":{"self":[{"href":"https:\/\/www.noticiasradioreflejos.com.ar\/2021\/wp-json\/wp\/v2\/posts\/61978","targetHints":{"allow":["GET"]}}],"collection":[{"href":"https:\/\/www.noticiasradioreflejos.com.ar\/2021\/wp-json\/wp\/v2\/posts"}],"about":[{"href":"https:\/\/www.noticiasradioreflejos.com.ar\/2021\/wp-json\/wp\/v2\/types\/post"}],"author":[{"embeddable":true,"href":"https:\/\/www.noticiasradioreflejos.com.ar\/2021\/wp-json\/wp\/v2\/users\/3"}],"replies":[{"embeddable":true,"href":"https:\/\/www.noticiasradioreflejos.com.ar\/2021\/wp-json\/wp\/v2\/comments?post=61978"}],"version-history":[{"count":1,"href":"https:\/\/www.noticiasradioreflejos.com.ar\/2021\/wp-json\/wp\/v2\/posts\/61978\/revisions"}],"predecessor-version":[{"id":61980,"href":"https:\/\/www.noticiasradioreflejos.com.ar\/2021\/wp-json\/wp\/v2\/posts\/61978\/revisions\/61980"}],"wp:attachment":[{"href":"https:\/\/www.noticiasradioreflejos.com.ar\/2021\/wp-json\/wp\/v2\/media?parent=61978"}],"wp:term":[{"taxonomy":"category","embeddable":true,"href":"https:\/\/www.noticiasradioreflejos.com.ar\/2021\/wp-json\/wp\/v2\/categories?post=61978"},{"taxonomy":"post_tag","embeddable":true,"href":"https:\/\/www.noticiasradioreflejos.com.ar\/2021\/wp-json\/wp\/v2\/tags?post=61978"}],"curies":[{"name":"wp","href":"https:\/\/api.w.org\/{rel}","templated":true}]}}