{"id":61976,"date":"2021-08-25T22:11:44","date_gmt":"2021-08-25T22:11:44","guid":{"rendered":"http:\/\/www.noticiasradioreflejos.com.ar\/2021\/?p=61976"},"modified":"2021-08-25T22:12:57","modified_gmt":"2021-08-25T22:12:57","slug":"bruno-zacconi-no-vamos-a-hacer-nada-porque-estemos-en-campana-vamos-a-seguir-trabajando-normalmente","status":"publish","type":"post","link":"https:\/\/www.noticiasradioreflejos.com.ar\/2021\/bruno-zacconi-no-vamos-a-hacer-nada-porque-estemos-en-campana-vamos-a-seguir-trabajando-normalmente\/","title":{"rendered":"Bruno Zacconi: \u00abNo vamos a hacer nada porque estemos en campa\u00f1a, vamos a seguir trabajando normalmente\u00bb"},"content":{"rendered":"<p>Inversiones privadas para el distrito, un escuela municipal de deportes y otras acciones en la agenda del\u00a0 precandidato de Acci\u00f3n por Tornquist, que aprovecha el espacio de la radio para seguir comparti\u00e9ndonos las propuesta que impulsa en esta campa\u00f1a su fracci\u00f3n pol\u00edtica.<!--more--><\/p>\n<p>\u00abLa gente se est\u00e1 acercando a nuestro local partidario y a los candidatos a concejales de manera particular. Tenemos una cantidad de propuestas impresionantes. Estamos caminando el distrito para poder solucionarle los problemas que tiene la gente\u00bb mencion\u00f3 el Subsecretario de Juventudes, Pol\u00edticas de G\u00e9nero y Diversidades.<\/p>\n<p>En cuando a las necesidades de los vecinos, Bruno destaca: \u00abEn el esquema de necesidades siempre est\u00e1 la falta de empleo. Venimos trabajando fuerte para eso\u00bb.<\/p>\n<p>Bruno estuvo hablando sobre una propuesta que le lleg\u00f3 al intendente desde el \u00e1rea de Producci\u00f3n. En esta propuesta, se crear\u00edan 5 puestos de trabajo en la localidad de Saldungaray. \u00abSon unas inversiones privadas que tienen que ver con una huerta org\u00e1nica. Lo que ha pasado es que se estaba discutiendo la locaci\u00f3n del proyecto, no s\u00e9 c\u00f3mo termin\u00f3 porque fue en la reuni\u00f3n de comisi\u00f3n del Concejo Deliberante\u00bb. Bruno agreg\u00f3 que la idea era que la huerta funcionara en el ex matadero de la localidad previamente mencionada.<\/p>\n<p>Estuvimos conversando sobre las idas y vueltas de comentarios y r\u00e9plicas entre el Intendente y el pre candidato a Concejal de Juntos por Tornquist, Luis Castro. A lo referido, Bruno mencion\u00f3 que esto no ha afectado el trabajo de campa\u00f1a que ven\u00edan haciendo. \u00abLa verdad es que no afectan a la campa\u00f1a, sino que nos la facilitan porque la verdad que mucha de la campa\u00f1a que hoy esta haciendo otro sector de la pol\u00edtica es criticar la gesti\u00f3n del intendente municipal\u00bb.<\/p>\n<p>\u00abLa inversi\u00f3n que necesitamos es escasa en comparaci\u00f3n con los beneficios\u00bb respondi\u00f3 cuando le preguntamos acerca de la Escuela Municipal de Atletismo. Se refiri\u00f3 a la idea de ampliar la escuela con todos los deportes y actividades deportivas y replicarla a todas las localidades del distrito. \u00abHoy tenemos a todas las instituciones avanzando fuertemente\u00bb expres\u00f3.<\/p>\n<p>\u00abNosotros no tenemos que llamar por tel\u00e9fono y preguntar. Sabemos perfectamente cu\u00e1les son las inquietudes, qu\u00e9 necesitan, cu\u00e1ndo lo necesitan, es un trabajo articulado, no es de campa\u00f1a\u00bb contest\u00f3 cuando le preguntamos qu\u00e9 alternativas son las que tienen en cuenta a la hora de acercarse a los vecinos. \u00abLa campa\u00f1a callejera no creemos que funcione, la gente no tiene tiempo para escucharnos a hablar de pol\u00edtica un Jueves a las 4 de la tarde. Lo que hacemos nosotros es ir casa por casa. Pero, como dijo Sergio, no vamos a hacer nada porque estemos en campa\u00f1a, vamos a seguir trabajando normalmente\u00bb.<\/p>\n<p>Tambi\u00e9n estuvimos hablando acerca del spot que largaron desde el frente explic\u00e1ndole a la gente c\u00f3mo votar. \u00abSabemos que en el distrito saben perfectamente c\u00f3mo cortar boleta. Nosotros lo que impulsamos es que corten y voten. Los problemas que se pueden resolver en el Concejo Deliberante son cosas que tienen que ver con lo local\u00bb.<\/p>\n<p>Nota completa a continuaci\u00f3n:<br \/>\n<iframe loading=\"lazy\" src=\"https:\/\/w.soundcloud.com\/player\/?url=https%3A\/\/api.soundcloud.com\/tracks\/1112495977&amp;color=%23ff5500&amp;auto_play=false&amp;hide_related=false&amp;show_comments=true&amp;show_user=true&amp;show_reposts=false&amp;show_teaser=true\" width=\"100%\" height=\"166\" frameborder=\"no\" scrolling=\"no\"><\/iframe><\/p>\n<div style=\"font-size: 10px; color: #cccccc; line-break: anywhere; word-break: normal; overflow: hidden; white-space: nowrap; text-overflow: ellipsis; font-family: Interstate,Lucida Grande,Lucida Sans Unicode,Lucida Sans,Garuda,Verdana,Tahoma,sans-serif; font-weight: 100;\"><a style=\"color: #cccccc; text-decoration: none;\" title=\"fmreflejos 103.7\" href=\"https:\/\/soundcloud.com\/fmreflejos-103-7\" target=\"_blank\" rel=\"noopener\">fmreflejos 103.7<\/a> \u00b7 <a style=\"color: #cccccc; text-decoration: none;\" title=\"Nota Bruno Zacconi\" href=\"https:\/\/soundcloud.com\/fmreflejos-103-7\/nota-bruno-zacconi-2\" target=\"_blank\" rel=\"noopener\">Nota Bruno Zacconi<\/a><\/div>\n","protected":false},"excerpt":{"rendered":"<p>Inversiones privadas para el distrito, un escuela municipal de deportes y otras acciones en la agenda del\u00a0 precandidato de Acci\u00f3n por Tornquist, que aprovecha el espacio de la radio para seguir comparti\u00e9ndonos las propuesta que impulsa en esta campa\u00f1a su fracci\u00f3n pol\u00edtica.<\/p>\n","protected":false},"author":3,"featured_media":0,"comment_status":"closed","ping_status":"closed","sticky":false,"template":"","format":"standard","meta":{"footnotes":""},"categories":[24],"tags":[48],"class_list":["post-61976","post","type-post","status-publish","format-standard","hentry","category-politica","tag-destacada"],"yoast_head":"<!-- This site is optimized with the Yoast SEO plugin v25.9 - https:\/\/yoast.com\/wordpress\/plugins\/seo\/ -->\n<title>Bruno Zacconi: &quot;No vamos a hacer nada porque estemos en campa\u00f1a, vamos a seguir trabajando normalmente&quot; - Noticias Radio Reflejos<\/title>\n<meta name=\"robots\" content=\"index, follow, max-snippet:-1, max-image-preview:large, max-video-preview:-1\" \/>\n<link rel=\"canonical\" href=\"https:\/\/www.noticiasradioreflejos.com.ar\/2021\/bruno-zacconi-no-vamos-a-hacer-nada-porque-estemos-en-campana-vamos-a-seguir-trabajando-normalmente\/\" \/>\n<meta property=\"og:locale\" content=\"es_ES\" \/>\n<meta property=\"og:type\" content=\"article\" \/>\n<meta property=\"og:title\" content=\"Bruno Zacconi: &quot;No vamos a hacer nada porque estemos en campa\u00f1a, vamos a seguir trabajando normalmente&quot; - Noticias Radio Reflejos\" \/>\n<meta property=\"og:description\" content=\"Inversiones privadas para el distrito, un escuela municipal de deportes y otras acciones en la agenda del\u00a0 precandidato de Acci\u00f3n por Tornquist, que aprovecha el espacio de la radio para seguir comparti\u00e9ndonos las propuesta que impulsa en esta campa\u00f1a su fracci\u00f3n pol\u00edtica.\" \/>\n<meta property=\"og:url\" content=\"https:\/\/www.noticiasradioreflejos.com.ar\/2021\/bruno-zacconi-no-vamos-a-hacer-nada-porque-estemos-en-campana-vamos-a-seguir-trabajando-normalmente\/\" \/>\n<meta property=\"og:site_name\" content=\"Noticias Radio Reflejos\" \/>\n<meta property=\"article:published_time\" content=\"2021-08-25T22:11:44+00:00\" \/>\n<meta property=\"article:modified_time\" content=\"2021-08-25T22:12:57+00:00\" \/>\n<meta property=\"og:image\" content=\"https:\/\/www.noticiasradioreflejos.com.ar\/2021\/wp-content\/uploads\/2021\/07\/logosol300x200.png\" \/>\n\t<meta property=\"og:image:width\" content=\"300\" \/>\n\t<meta property=\"og:image:height\" content=\"200\" \/>\n\t<meta property=\"og:image:type\" content=\"image\/png\" \/>\n<meta name=\"author\" content=\"Arnaldo Botto\" \/>\n<meta name=\"twitter:card\" content=\"summary_large_image\" \/>\n<script type=\"application\/ld+json\" class=\"yoast-schema-graph\">{\"@context\":\"https:\/\/schema.org\",\"@graph\":[{\"@type\":\"WebPage\",\"@id\":\"https:\/\/www.noticiasradioreflejos.com.ar\/2021\/bruno-zacconi-no-vamos-a-hacer-nada-porque-estemos-en-campana-vamos-a-seguir-trabajando-normalmente\/\",\"url\":\"https:\/\/www.noticiasradioreflejos.com.ar\/2021\/bruno-zacconi-no-vamos-a-hacer-nada-porque-estemos-en-campana-vamos-a-seguir-trabajando-normalmente\/\",\"name\":\"Bruno Zacconi: \\\"No vamos a hacer nada porque estemos en campa\u00f1a, vamos a seguir trabajando normalmente\\\" - Noticias Radio Reflejos\",\"isPartOf\":{\"@id\":\"https:\/\/www.noticiasradioreflejos.com.ar\/2021\/#website\"},\"datePublished\":\"2021-08-25T22:11:44+00:00\",\"dateModified\":\"2021-08-25T22:12:57+00:00\",\"author\":{\"@id\":\"https:\/\/www.noticiasradioreflejos.com.ar\/2021\/#\/schema\/person\/ad82545263dcc5ec0996818884fd5fb1\"},\"breadcrumb\":{\"@id\":\"https:\/\/www.noticiasradioreflejos.com.ar\/2021\/bruno-zacconi-no-vamos-a-hacer-nada-porque-estemos-en-campana-vamos-a-seguir-trabajando-normalmente\/#breadcrumb\"},\"inLanguage\":\"es\",\"potentialAction\":[{\"@type\":\"ReadAction\",\"target\":[\"https:\/\/www.noticiasradioreflejos.com.ar\/2021\/bruno-zacconi-no-vamos-a-hacer-nada-porque-estemos-en-campana-vamos-a-seguir-trabajando-normalmente\/\"]}]},{\"@type\":\"BreadcrumbList\",\"@id\":\"https:\/\/www.noticiasradioreflejos.com.ar\/2021\/bruno-zacconi-no-vamos-a-hacer-nada-porque-estemos-en-campana-vamos-a-seguir-trabajando-normalmente\/#breadcrumb\",\"itemListElement\":[{\"@type\":\"ListItem\",\"position\":1,\"name\":\"Portada\",\"item\":\"https:\/\/www.noticiasradioreflejos.com.ar\/2021\/\"},{\"@type\":\"ListItem\",\"position\":2,\"name\":\"Bruno Zacconi: \u00abNo vamos a hacer nada porque estemos en campa\u00f1a, vamos a seguir trabajando normalmente\u00bb\"}]},{\"@type\":\"WebSite\",\"@id\":\"https:\/\/www.noticiasradioreflejos.com.ar\/2021\/#website\",\"url\":\"https:\/\/www.noticiasradioreflejos.com.ar\/2021\/\",\"name\":\"Noticias Radio Reflejos\",\"description\":\"Las noticias de mi comarca\",\"potentialAction\":[{\"@type\":\"SearchAction\",\"target\":{\"@type\":\"EntryPoint\",\"urlTemplate\":\"https:\/\/www.noticiasradioreflejos.com.ar\/2021\/?s={search_term_string}\"},\"query-input\":{\"@type\":\"PropertyValueSpecification\",\"valueRequired\":true,\"valueName\":\"search_term_string\"}}],\"inLanguage\":\"es\"},{\"@type\":\"Person\",\"@id\":\"https:\/\/www.noticiasradioreflejos.com.ar\/2021\/#\/schema\/person\/ad82545263dcc5ec0996818884fd5fb1\",\"name\":\"Arnaldo Botto\",\"image\":{\"@type\":\"ImageObject\",\"inLanguage\":\"es\",\"@id\":\"https:\/\/www.noticiasradioreflejos.com.ar\/2021\/#\/schema\/person\/image\/\",\"url\":\"https:\/\/secure.gravatar.com\/avatar\/55cb5e37c1efa326397366e6974cb338056df65cb50e7d64d1cf314e87504837?s=96&d=mm&r=g\",\"contentUrl\":\"https:\/\/secure.gravatar.com\/avatar\/55cb5e37c1efa326397366e6974cb338056df65cb50e7d64d1cf314e87504837?s=96&d=mm&r=g\",\"caption\":\"Arnaldo Botto\"},\"url\":\"https:\/\/www.noticiasradioreflejos.com.ar\/2021\/author\/arnaldo\/\"}]}<\/script>\n<!-- \/ Yoast SEO plugin. -->","yoast_head_json":{"title":"Bruno Zacconi: \"No vamos a hacer nada porque estemos en campa\u00f1a, vamos a seguir trabajando normalmente\" - Noticias Radio Reflejos","robots":{"index":"index","follow":"follow","max-snippet":"max-snippet:-1","max-image-preview":"max-image-preview:large","max-video-preview":"max-video-preview:-1"},"canonical":"https:\/\/www.noticiasradioreflejos.com.ar\/2021\/bruno-zacconi-no-vamos-a-hacer-nada-porque-estemos-en-campana-vamos-a-seguir-trabajando-normalmente\/","og_locale":"es_ES","og_type":"article","og_title":"Bruno Zacconi: \"No vamos a hacer nada porque estemos en campa\u00f1a, vamos a seguir trabajando normalmente\" - Noticias Radio Reflejos","og_description":"Inversiones privadas para el distrito, un escuela municipal de deportes y otras acciones en la agenda del\u00a0 precandidato de Acci\u00f3n por Tornquist, que aprovecha el espacio de la radio para seguir comparti\u00e9ndonos las propuesta que impulsa en esta campa\u00f1a su fracci\u00f3n pol\u00edtica.","og_url":"https:\/\/www.noticiasradioreflejos.com.ar\/2021\/bruno-zacconi-no-vamos-a-hacer-nada-porque-estemos-en-campana-vamos-a-seguir-trabajando-normalmente\/","og_site_name":"Noticias Radio Reflejos","article_published_time":"2021-08-25T22:11:44+00:00","article_modified_time":"2021-08-25T22:12:57+00:00","og_image":[{"width":300,"height":200,"url":"https:\/\/www.noticiasradioreflejos.com.ar\/2021\/wp-content\/uploads\/2021\/07\/logosol300x200.png","type":"image\/png"}],"author":"Arnaldo Botto","twitter_card":"summary_large_image","schema":{"@context":"https:\/\/schema.org","@graph":[{"@type":"WebPage","@id":"https:\/\/www.noticiasradioreflejos.com.ar\/2021\/bruno-zacconi-no-vamos-a-hacer-nada-porque-estemos-en-campana-vamos-a-seguir-trabajando-normalmente\/","url":"https:\/\/www.noticiasradioreflejos.com.ar\/2021\/bruno-zacconi-no-vamos-a-hacer-nada-porque-estemos-en-campana-vamos-a-seguir-trabajando-normalmente\/","name":"Bruno Zacconi: \"No vamos a hacer nada porque estemos en campa\u00f1a, vamos a seguir trabajando normalmente\" - Noticias Radio Reflejos","isPartOf":{"@id":"https:\/\/www.noticiasradioreflejos.com.ar\/2021\/#website"},"datePublished":"2021-08-25T22:11:44+00:00","dateModified":"2021-08-25T22:12:57+00:00","author":{"@id":"https:\/\/www.noticiasradioreflejos.com.ar\/2021\/#\/schema\/person\/ad82545263dcc5ec0996818884fd5fb1"},"breadcrumb":{"@id":"https:\/\/www.noticiasradioreflejos.com.ar\/2021\/bruno-zacconi-no-vamos-a-hacer-nada-porque-estemos-en-campana-vamos-a-seguir-trabajando-normalmente\/#breadcrumb"},"inLanguage":"es","potentialAction":[{"@type":"ReadAction","target":["https:\/\/www.noticiasradioreflejos.com.ar\/2021\/bruno-zacconi-no-vamos-a-hacer-nada-porque-estemos-en-campana-vamos-a-seguir-trabajando-normalmente\/"]}]},{"@type":"BreadcrumbList","@id":"https:\/\/www.noticiasradioreflejos.com.ar\/2021\/bruno-zacconi-no-vamos-a-hacer-nada-porque-estemos-en-campana-vamos-a-seguir-trabajando-normalmente\/#breadcrumb","itemListElement":[{"@type":"ListItem","position":1,"name":"Portada","item":"https:\/\/www.noticiasradioreflejos.com.ar\/2021\/"},{"@type":"ListItem","position":2,"name":"Bruno Zacconi: \u00abNo vamos a hacer nada porque estemos en campa\u00f1a, vamos a seguir trabajando normalmente\u00bb"}]},{"@type":"WebSite","@id":"https:\/\/www.noticiasradioreflejos.com.ar\/2021\/#website","url":"https:\/\/www.noticiasradioreflejos.com.ar\/2021\/","name":"Noticias Radio Reflejos","description":"Las noticias de mi comarca","potentialAction":[{"@type":"SearchAction","target":{"@type":"EntryPoint","urlTemplate":"https:\/\/www.noticiasradioreflejos.com.ar\/2021\/?s={search_term_string}"},"query-input":{"@type":"PropertyValueSpecification","valueRequired":true,"valueName":"search_term_string"}}],"inLanguage":"es"},{"@type":"Person","@id":"https:\/\/www.noticiasradioreflejos.com.ar\/2021\/#\/schema\/person\/ad82545263dcc5ec0996818884fd5fb1","name":"Arnaldo Botto","image":{"@type":"ImageObject","inLanguage":"es","@id":"https:\/\/www.noticiasradioreflejos.com.ar\/2021\/#\/schema\/person\/image\/","url":"https:\/\/secure.gravatar.com\/avatar\/55cb5e37c1efa326397366e6974cb338056df65cb50e7d64d1cf314e87504837?s=96&d=mm&r=g","contentUrl":"https:\/\/secure.gravatar.com\/avatar\/55cb5e37c1efa326397366e6974cb338056df65cb50e7d64d1cf314e87504837?s=96&d=mm&r=g","caption":"Arnaldo Botto"},"url":"https:\/\/www.noticiasradioreflejos.com.ar\/2021\/author\/arnaldo\/"}]}},"_links":{"self":[{"href":"https:\/\/www.noticiasradioreflejos.com.ar\/2021\/wp-json\/wp\/v2\/posts\/61976","targetHints":{"allow":["GET"]}}],"collection":[{"href":"https:\/\/www.noticiasradioreflejos.com.ar\/2021\/wp-json\/wp\/v2\/posts"}],"about":[{"href":"https:\/\/www.noticiasradioreflejos.com.ar\/2021\/wp-json\/wp\/v2\/types\/post"}],"author":[{"embeddable":true,"href":"https:\/\/www.noticiasradioreflejos.com.ar\/2021\/wp-json\/wp\/v2\/users\/3"}],"replies":[{"embeddable":true,"href":"https:\/\/www.noticiasradioreflejos.com.ar\/2021\/wp-json\/wp\/v2\/comments?post=61976"}],"version-history":[{"count":3,"href":"https:\/\/www.noticiasradioreflejos.com.ar\/2021\/wp-json\/wp\/v2\/posts\/61976\/revisions"}],"predecessor-version":[{"id":61983,"href":"https:\/\/www.noticiasradioreflejos.com.ar\/2021\/wp-json\/wp\/v2\/posts\/61976\/revisions\/61983"}],"wp:attachment":[{"href":"https:\/\/www.noticiasradioreflejos.com.ar\/2021\/wp-json\/wp\/v2\/media?parent=61976"}],"wp:term":[{"taxonomy":"category","embeddable":true,"href":"https:\/\/www.noticiasradioreflejos.com.ar\/2021\/wp-json\/wp\/v2\/categories?post=61976"},{"taxonomy":"post_tag","embeddable":true,"href":"https:\/\/www.noticiasradioreflejos.com.ar\/2021\/wp-json\/wp\/v2\/tags?post=61976"}],"curies":[{"name":"wp","href":"https:\/\/api.w.org\/{rel}","templated":true}]}}