{"id":61967,"date":"2021-08-25T15:04:45","date_gmt":"2021-08-25T15:04:45","guid":{"rendered":"http:\/\/www.noticiasradioreflejos.com.ar\/2021\/?p=61967"},"modified":"2021-08-25T15:04:45","modified_gmt":"2021-08-25T15:04:45","slug":"comienza-en-septiembre-un-taller-de-musica-electronica","status":"publish","type":"post","link":"https:\/\/www.noticiasradioreflejos.com.ar\/2021\/comienza-en-septiembre-un-taller-de-musica-electronica\/","title":{"rendered":"Comienza en septiembre un taller de m\u00fasica electr\u00f3nica"},"content":{"rendered":"<p style=\"font-weight: 400;\">El jueves 2 de septiembre, en la Biblioteca Popular \u2018Mariano Moreno\u2019 de Sierra de la Ventana, comenzar\u00e1 un taller de m\u00fasica electr\u00f3nica, dictado en conjunto con la Secretar\u00eda de Desarrollo a trav\u00e9s de la Subsecretar\u00eda de Juventudes, Pol\u00edticas de G\u00e9nero y Diversidades.<!--more--><\/p>\n<p style=\"font-weight: 400;\">Las clases estar\u00e1n a cargo de Santiago Pintos, m\u00e1s conocido como \u2018Sancturu\u2019 y ser\u00e1n todos los jueves a partir de las 16 hs, con una duraci\u00f3n de tres meses (hasta fines de noviembre). Las inscripciones se recepcionan en la biblioteca.<\/p>\n<p style=\"font-weight: 400;\">Formado en la Escuela de M\u00fasica de Buenos Aires, la Escuela Arjaus y la Modular Music Academy, Sancturu tiene 24 a\u00f1os y cuenta con una experiencia de m\u00e1s de cinco a\u00f1os participando como DJ en fiestas en distintos pa\u00edses de Sudam\u00e9rica, como Brasil, Chile, Per\u00fa y Colombia, adem\u00e1s de eventos importantes de Argentina.<\/p>\n<p style=\"font-weight: 400;\">El taller tiene el objetivo de acercar la cultura del g\u00e9nero electr\u00f3nico hac\u00eda la juventud, comprender introductoriamente la historia inicial de la m\u00fasica generada con elementos electr\u00f3nicos y sus procesos de saltos de masificaci\u00f3n, y comprender la din\u00e1mica del Disk Jockey, entre otros.<\/p>\n<p>&nbsp;<\/p>\n<p><span style=\"color: #ff6600;\"><em>Biblioteca Popular Mariano Moreno<\/em><\/span><\/p>\n<div><span style=\"color: #ff6600;\"><em>Alberdi 70 &#8211; Sierra de la Ventana<\/em><\/span><\/div>\n<div><span style=\"color: #ff6600;\"><em>(0291)4915-125<\/em><\/span><\/div>\n","protected":false},"excerpt":{"rendered":"<p>El jueves 2 de septiembre, en la Biblioteca Popular \u2018Mariano Moreno\u2019 de Sierra de la Ventana, comenzar\u00e1 un taller de m\u00fasica electr\u00f3nica, dictado en conjunto con la Secretar\u00eda de Desarrollo a trav\u00e9s de la Subsecretar\u00eda de Juventudes, Pol\u00edticas de G\u00e9nero y Diversidades.<\/p>\n","protected":false},"author":3,"featured_media":0,"comment_status":"closed","ping_status":"closed","sticky":false,"template":"","format":"standard","meta":{"footnotes":""},"categories":[35,34],"tags":[],"class_list":["post-61967","post","type-post","status-publish","format-standard","hentry","category-cultura","category-educacion"],"yoast_head":"<!-- This site is optimized with the Yoast SEO plugin v25.9 - https:\/\/yoast.com\/wordpress\/plugins\/seo\/ -->\n<title>Comienza en septiembre un taller de m\u00fasica electr\u00f3nica - Noticias Radio Reflejos<\/title>\n<meta name=\"robots\" content=\"index, follow, max-snippet:-1, max-image-preview:large, max-video-preview:-1\" \/>\n<link rel=\"canonical\" href=\"https:\/\/www.noticiasradioreflejos.com.ar\/2021\/comienza-en-septiembre-un-taller-de-musica-electronica\/\" \/>\n<meta property=\"og:locale\" content=\"es_ES\" \/>\n<meta property=\"og:type\" content=\"article\" \/>\n<meta property=\"og:title\" content=\"Comienza en septiembre un taller de m\u00fasica electr\u00f3nica - Noticias Radio Reflejos\" \/>\n<meta property=\"og:description\" content=\"El jueves 2 de septiembre, en la Biblioteca Popular \u2018Mariano Moreno\u2019 de Sierra de la Ventana, comenzar\u00e1 un taller de m\u00fasica electr\u00f3nica, dictado en conjunto con la Secretar\u00eda de Desarrollo a trav\u00e9s de la Subsecretar\u00eda de Juventudes, Pol\u00edticas de G\u00e9nero y Diversidades.\" \/>\n<meta property=\"og:url\" content=\"https:\/\/www.noticiasradioreflejos.com.ar\/2021\/comienza-en-septiembre-un-taller-de-musica-electronica\/\" \/>\n<meta property=\"og:site_name\" content=\"Noticias Radio Reflejos\" \/>\n<meta property=\"article:published_time\" content=\"2021-08-25T15:04:45+00:00\" \/>\n<meta property=\"og:image\" content=\"https:\/\/www.noticiasradioreflejos.com.ar\/2021\/wp-content\/uploads\/2021\/07\/logosol300x200.png\" \/>\n\t<meta property=\"og:image:width\" content=\"300\" \/>\n\t<meta property=\"og:image:height\" content=\"200\" \/>\n\t<meta property=\"og:image:type\" content=\"image\/png\" \/>\n<meta name=\"author\" content=\"Arnaldo Botto\" \/>\n<meta name=\"twitter:card\" content=\"summary_large_image\" \/>\n<script type=\"application\/ld+json\" class=\"yoast-schema-graph\">{\"@context\":\"https:\/\/schema.org\",\"@graph\":[{\"@type\":\"WebPage\",\"@id\":\"https:\/\/www.noticiasradioreflejos.com.ar\/2021\/comienza-en-septiembre-un-taller-de-musica-electronica\/\",\"url\":\"https:\/\/www.noticiasradioreflejos.com.ar\/2021\/comienza-en-septiembre-un-taller-de-musica-electronica\/\",\"name\":\"Comienza en septiembre un taller de m\u00fasica electr\u00f3nica - Noticias Radio Reflejos\",\"isPartOf\":{\"@id\":\"https:\/\/www.noticiasradioreflejos.com.ar\/2021\/#website\"},\"datePublished\":\"2021-08-25T15:04:45+00:00\",\"author\":{\"@id\":\"https:\/\/www.noticiasradioreflejos.com.ar\/2021\/#\/schema\/person\/ad82545263dcc5ec0996818884fd5fb1\"},\"breadcrumb\":{\"@id\":\"https:\/\/www.noticiasradioreflejos.com.ar\/2021\/comienza-en-septiembre-un-taller-de-musica-electronica\/#breadcrumb\"},\"inLanguage\":\"es\",\"potentialAction\":[{\"@type\":\"ReadAction\",\"target\":[\"https:\/\/www.noticiasradioreflejos.com.ar\/2021\/comienza-en-septiembre-un-taller-de-musica-electronica\/\"]}]},{\"@type\":\"BreadcrumbList\",\"@id\":\"https:\/\/www.noticiasradioreflejos.com.ar\/2021\/comienza-en-septiembre-un-taller-de-musica-electronica\/#breadcrumb\",\"itemListElement\":[{\"@type\":\"ListItem\",\"position\":1,\"name\":\"Portada\",\"item\":\"https:\/\/www.noticiasradioreflejos.com.ar\/2021\/\"},{\"@type\":\"ListItem\",\"position\":2,\"name\":\"Comienza en septiembre un taller de m\u00fasica electr\u00f3nica\"}]},{\"@type\":\"WebSite\",\"@id\":\"https:\/\/www.noticiasradioreflejos.com.ar\/2021\/#website\",\"url\":\"https:\/\/www.noticiasradioreflejos.com.ar\/2021\/\",\"name\":\"Noticias Radio Reflejos\",\"description\":\"Las noticias de mi comarca\",\"potentialAction\":[{\"@type\":\"SearchAction\",\"target\":{\"@type\":\"EntryPoint\",\"urlTemplate\":\"https:\/\/www.noticiasradioreflejos.com.ar\/2021\/?s={search_term_string}\"},\"query-input\":{\"@type\":\"PropertyValueSpecification\",\"valueRequired\":true,\"valueName\":\"search_term_string\"}}],\"inLanguage\":\"es\"},{\"@type\":\"Person\",\"@id\":\"https:\/\/www.noticiasradioreflejos.com.ar\/2021\/#\/schema\/person\/ad82545263dcc5ec0996818884fd5fb1\",\"name\":\"Arnaldo Botto\",\"image\":{\"@type\":\"ImageObject\",\"inLanguage\":\"es\",\"@id\":\"https:\/\/www.noticiasradioreflejos.com.ar\/2021\/#\/schema\/person\/image\/\",\"url\":\"https:\/\/secure.gravatar.com\/avatar\/55cb5e37c1efa326397366e6974cb338056df65cb50e7d64d1cf314e87504837?s=96&d=mm&r=g\",\"contentUrl\":\"https:\/\/secure.gravatar.com\/avatar\/55cb5e37c1efa326397366e6974cb338056df65cb50e7d64d1cf314e87504837?s=96&d=mm&r=g\",\"caption\":\"Arnaldo Botto\"},\"url\":\"https:\/\/www.noticiasradioreflejos.com.ar\/2021\/author\/arnaldo\/\"}]}<\/script>\n<!-- \/ Yoast SEO plugin. -->","yoast_head_json":{"title":"Comienza en septiembre un taller de m\u00fasica electr\u00f3nica - Noticias Radio Reflejos","robots":{"index":"index","follow":"follow","max-snippet":"max-snippet:-1","max-image-preview":"max-image-preview:large","max-video-preview":"max-video-preview:-1"},"canonical":"https:\/\/www.noticiasradioreflejos.com.ar\/2021\/comienza-en-septiembre-un-taller-de-musica-electronica\/","og_locale":"es_ES","og_type":"article","og_title":"Comienza en septiembre un taller de m\u00fasica electr\u00f3nica - Noticias Radio Reflejos","og_description":"El jueves 2 de septiembre, en la Biblioteca Popular \u2018Mariano Moreno\u2019 de Sierra de la Ventana, comenzar\u00e1 un taller de m\u00fasica electr\u00f3nica, dictado en conjunto con la Secretar\u00eda de Desarrollo a trav\u00e9s de la Subsecretar\u00eda de Juventudes, Pol\u00edticas de G\u00e9nero y Diversidades.","og_url":"https:\/\/www.noticiasradioreflejos.com.ar\/2021\/comienza-en-septiembre-un-taller-de-musica-electronica\/","og_site_name":"Noticias Radio Reflejos","article_published_time":"2021-08-25T15:04:45+00:00","og_image":[{"width":300,"height":200,"url":"https:\/\/www.noticiasradioreflejos.com.ar\/2021\/wp-content\/uploads\/2021\/07\/logosol300x200.png","type":"image\/png"}],"author":"Arnaldo Botto","twitter_card":"summary_large_image","schema":{"@context":"https:\/\/schema.org","@graph":[{"@type":"WebPage","@id":"https:\/\/www.noticiasradioreflejos.com.ar\/2021\/comienza-en-septiembre-un-taller-de-musica-electronica\/","url":"https:\/\/www.noticiasradioreflejos.com.ar\/2021\/comienza-en-septiembre-un-taller-de-musica-electronica\/","name":"Comienza en septiembre un taller de m\u00fasica electr\u00f3nica - Noticias Radio Reflejos","isPartOf":{"@id":"https:\/\/www.noticiasradioreflejos.com.ar\/2021\/#website"},"datePublished":"2021-08-25T15:04:45+00:00","author":{"@id":"https:\/\/www.noticiasradioreflejos.com.ar\/2021\/#\/schema\/person\/ad82545263dcc5ec0996818884fd5fb1"},"breadcrumb":{"@id":"https:\/\/www.noticiasradioreflejos.com.ar\/2021\/comienza-en-septiembre-un-taller-de-musica-electronica\/#breadcrumb"},"inLanguage":"es","potentialAction":[{"@type":"ReadAction","target":["https:\/\/www.noticiasradioreflejos.com.ar\/2021\/comienza-en-septiembre-un-taller-de-musica-electronica\/"]}]},{"@type":"BreadcrumbList","@id":"https:\/\/www.noticiasradioreflejos.com.ar\/2021\/comienza-en-septiembre-un-taller-de-musica-electronica\/#breadcrumb","itemListElement":[{"@type":"ListItem","position":1,"name":"Portada","item":"https:\/\/www.noticiasradioreflejos.com.ar\/2021\/"},{"@type":"ListItem","position":2,"name":"Comienza en septiembre un taller de m\u00fasica electr\u00f3nica"}]},{"@type":"WebSite","@id":"https:\/\/www.noticiasradioreflejos.com.ar\/2021\/#website","url":"https:\/\/www.noticiasradioreflejos.com.ar\/2021\/","name":"Noticias Radio Reflejos","description":"Las noticias de mi comarca","potentialAction":[{"@type":"SearchAction","target":{"@type":"EntryPoint","urlTemplate":"https:\/\/www.noticiasradioreflejos.com.ar\/2021\/?s={search_term_string}"},"query-input":{"@type":"PropertyValueSpecification","valueRequired":true,"valueName":"search_term_string"}}],"inLanguage":"es"},{"@type":"Person","@id":"https:\/\/www.noticiasradioreflejos.com.ar\/2021\/#\/schema\/person\/ad82545263dcc5ec0996818884fd5fb1","name":"Arnaldo Botto","image":{"@type":"ImageObject","inLanguage":"es","@id":"https:\/\/www.noticiasradioreflejos.com.ar\/2021\/#\/schema\/person\/image\/","url":"https:\/\/secure.gravatar.com\/avatar\/55cb5e37c1efa326397366e6974cb338056df65cb50e7d64d1cf314e87504837?s=96&d=mm&r=g","contentUrl":"https:\/\/secure.gravatar.com\/avatar\/55cb5e37c1efa326397366e6974cb338056df65cb50e7d64d1cf314e87504837?s=96&d=mm&r=g","caption":"Arnaldo Botto"},"url":"https:\/\/www.noticiasradioreflejos.com.ar\/2021\/author\/arnaldo\/"}]}},"_links":{"self":[{"href":"https:\/\/www.noticiasradioreflejos.com.ar\/2021\/wp-json\/wp\/v2\/posts\/61967","targetHints":{"allow":["GET"]}}],"collection":[{"href":"https:\/\/www.noticiasradioreflejos.com.ar\/2021\/wp-json\/wp\/v2\/posts"}],"about":[{"href":"https:\/\/www.noticiasradioreflejos.com.ar\/2021\/wp-json\/wp\/v2\/types\/post"}],"author":[{"embeddable":true,"href":"https:\/\/www.noticiasradioreflejos.com.ar\/2021\/wp-json\/wp\/v2\/users\/3"}],"replies":[{"embeddable":true,"href":"https:\/\/www.noticiasradioreflejos.com.ar\/2021\/wp-json\/wp\/v2\/comments?post=61967"}],"version-history":[{"count":1,"href":"https:\/\/www.noticiasradioreflejos.com.ar\/2021\/wp-json\/wp\/v2\/posts\/61967\/revisions"}],"predecessor-version":[{"id":61969,"href":"https:\/\/www.noticiasradioreflejos.com.ar\/2021\/wp-json\/wp\/v2\/posts\/61967\/revisions\/61969"}],"wp:attachment":[{"href":"https:\/\/www.noticiasradioreflejos.com.ar\/2021\/wp-json\/wp\/v2\/media?parent=61967"}],"wp:term":[{"taxonomy":"category","embeddable":true,"href":"https:\/\/www.noticiasradioreflejos.com.ar\/2021\/wp-json\/wp\/v2\/categories?post=61967"},{"taxonomy":"post_tag","embeddable":true,"href":"https:\/\/www.noticiasradioreflejos.com.ar\/2021\/wp-json\/wp\/v2\/tags?post=61967"}],"curies":[{"name":"wp","href":"https:\/\/api.w.org\/{rel}","templated":true}]}}