{"id":61964,"date":"2021-08-25T14:35:04","date_gmt":"2021-08-25T14:35:04","guid":{"rendered":"http:\/\/www.noticiasradioreflejos.com.ar\/2021\/?p=61964"},"modified":"2021-08-25T14:35:04","modified_gmt":"2021-08-25T14:35:04","slug":"ante-un-pedido-de-la-defensoria-del-pueblo-de-la-nacion-la-agencia-nacional-de-discapacidad-tomo-intervencion-por-el-caso-del-chico-al-que-negaron-acceso-a-lugares-publicos-por-llevar-un-perro-guia","status":"publish","type":"post","link":"https:\/\/www.noticiasradioreflejos.com.ar\/2021\/ante-un-pedido-de-la-defensoria-del-pueblo-de-la-nacion-la-agencia-nacional-de-discapacidad-tomo-intervencion-por-el-caso-del-chico-al-que-negaron-acceso-a-lugares-publicos-por-llevar-un-perro-guia\/","title":{"rendered":"Ante un pedido de la Defensor\u00eda del Pueblo de la Naci\u00f3n, la Agencia Nacional de Discapacidad tom\u00f3 intervenci\u00f3n por el caso del chico al que negaron acceso a lugares p\u00fablicos por llevar un perro gu\u00eda"},"content":{"rendered":"<p style=\"font-weight: 400;\">La Agencia Nacional de Discapacidad (ANDIS) respondi\u00f3 afirmativamente a un pedido de la Defensor\u00eda del Pueblo de la Naci\u00f3n, ante la grave vulneraci\u00f3n de derechos que sufri\u00f3 un chico con discapacidad, al que se le neg\u00f3 el ingreso un hotel en Tucum\u00e1n y a un centro comercial en Jujuy, por estar acompa\u00f1ado por un perro gu\u00eda o de asistencia.<!--more--><\/p>\n<p style=\"font-weight: 400;\">La ANDIS manifest\u00f3\u00a0 que el caso, \u201cva a tener el tratamiento en el marco del Comit\u00e9 T\u00e9cnico respectivo, con el objeto de articular acciones que promuevan el cumplimiento efectivo de la Ley 26.858, y asegurar el derecho de acceso, deambulaci\u00f3n y permanencia a lugares p\u00fablicos y privados de acceso p\u00fablico y a los servicios de transporte p\u00fablico, en sus diversas modalidades, de toda persona con discapacidad acompa\u00f1ada por un perro gu\u00eda o de asistencia, sin perjuicio de la potestad sancionatoria conferida por la Ley 26.858, por medio de la participaci\u00f3n del Instituto Nacional contra la Discriminaci\u00f3n, la Xenofobia y el Racismo (INADI)\u201d.<\/p>\n<p style=\"font-weight: 400;\">\n<p style=\"font-weight: 400;\">Asimismo, la ANDIS reafirm\u00f3 que \u201cdesde el \u00e1mbito correspondiente se impulsar\u00e1n medidas complementarias tendientes a difundir buenas pr\u00e1cticas y\/o recomendaciones en armon\u00eda con la normativa imperante, con el fin de promover el cumplimiento efectivo a la mencionada Ley 26.858 y evitar situaciones como la identificada anteriormente\u201d.<\/p>\n<p style=\"font-weight: 400;\">\n<p style=\"font-weight: 400;\">El pasado 24 de julio, la Asociaci\u00f3n Civil Bocal\u00e1n Argentina denunci\u00f3 -a trav\u00e9s de sus redes sociales- la situaci\u00f3n vivida por Juli\u00e1n, un menor con discapacidad, usuario de un perro de asistencia. Al momento de hospedarse en un hotel de San Miguel de Tucum\u00e1n, se le neg\u00f3 el ingreso al menor y su familia por estar acompa\u00f1ados del perro gu\u00eda del ni\u00f1o, aun cuando la familia contaba con toda la documentaci\u00f3n exigida por la Ley Nacional N\u00b0 26.858.<\/p>\n<p style=\"font-weight: 400;\">\n<p style=\"font-weight: 400;\">Igual situaci\u00f3n vivieron Juli\u00e1n y su familia al intentar ingresar, el pasado 26 de julio, a un centro comercial en San Salvador de Jujuy, cuando un guardia de seguridad les impidi\u00f3 el ingreso con el perro gu\u00eda.<\/p>\n<p style=\"font-weight: 400;\">\n<p style=\"font-weight: 400;\">Cabe destacar que la negativa a hospedarse en el hotel como el ingreso al centro comercial, no solo resultaron un incumplimiento a la Ley 26.858 sino que tambi\u00e9n vulneraron las disposiciones de la Convenci\u00f3n sobre los Derechos para las Personas con Discapacidad y la Convenci\u00f3n sobre los Derechos de los Ni\u00f1os, ambas incorporadas a nuestra Constituci\u00f3n Nacional.<\/p>\n<p style=\"font-weight: 400;\">\n<p style=\"font-weight: 400;\">As\u00ed es que, en el marco del Programa sobre Empresas y Derechos Humanos la Defensor\u00eda del Pueblo de la Naci\u00f3n dio intervenci\u00f3n a la Agencia Nacional de Discapacidad para que disponga medidas para que, en lo sucesivo, no se vulneren los derechos de otras personas con discapacidad que utilicen un perro gu\u00eda tal como le sucedi\u00f3 a Juli\u00e1n.<\/p>\n<p style=\"font-weight: 400;\">\n","protected":false},"excerpt":{"rendered":"<p>La Agencia Nacional de Discapacidad (ANDIS) respondi\u00f3 afirmativamente a un pedido de la Defensor\u00eda del Pueblo de la Naci\u00f3n, ante la grave vulneraci\u00f3n de derechos que sufri\u00f3 un chico con discapacidad, al que se le neg\u00f3 el ingreso un hotel en Tucum\u00e1n y a un centro comercial en Jujuy, por estar acompa\u00f1ado por un perro [&hellip;]<\/p>\n","protected":false},"author":3,"featured_media":0,"comment_status":"closed","ping_status":"closed","sticky":false,"template":"","format":"standard","meta":{"footnotes":""},"categories":[24,26],"tags":[],"class_list":["post-61964","post","type-post","status-publish","format-standard","hentry","category-politica","category-sociedad"],"yoast_head":"<!-- This site is optimized with the Yoast SEO plugin v25.9 - https:\/\/yoast.com\/wordpress\/plugins\/seo\/ -->\n<title>Ante un pedido de la Defensor\u00eda del Pueblo de la Naci\u00f3n, la Agencia Nacional de Discapacidad tom\u00f3 intervenci\u00f3n por el caso del chico al que negaron acceso a lugares p\u00fablicos por llevar un perro gu\u00eda - Noticias Radio Reflejos<\/title>\n<meta name=\"robots\" content=\"index, follow, max-snippet:-1, max-image-preview:large, max-video-preview:-1\" \/>\n<link rel=\"canonical\" href=\"https:\/\/www.noticiasradioreflejos.com.ar\/2021\/ante-un-pedido-de-la-defensoria-del-pueblo-de-la-nacion-la-agencia-nacional-de-discapacidad-tomo-intervencion-por-el-caso-del-chico-al-que-negaron-acceso-a-lugares-publicos-por-llevar-un-perro-guia\/\" \/>\n<meta property=\"og:locale\" content=\"es_ES\" \/>\n<meta property=\"og:type\" content=\"article\" \/>\n<meta property=\"og:title\" content=\"Ante un pedido de la Defensor\u00eda del Pueblo de la Naci\u00f3n, la Agencia Nacional de Discapacidad tom\u00f3 intervenci\u00f3n por el caso del chico al que negaron acceso a lugares p\u00fablicos por llevar un perro gu\u00eda - Noticias Radio Reflejos\" \/>\n<meta property=\"og:description\" content=\"La Agencia Nacional de Discapacidad (ANDIS) respondi\u00f3 afirmativamente a un pedido de la Defensor\u00eda del Pueblo de la Naci\u00f3n, ante la grave vulneraci\u00f3n de derechos que sufri\u00f3 un chico con discapacidad, al que se le neg\u00f3 el ingreso un hotel en Tucum\u00e1n y a un centro comercial en Jujuy, por estar acompa\u00f1ado por un perro [&hellip;]\" \/>\n<meta property=\"og:url\" content=\"https:\/\/www.noticiasradioreflejos.com.ar\/2021\/ante-un-pedido-de-la-defensoria-del-pueblo-de-la-nacion-la-agencia-nacional-de-discapacidad-tomo-intervencion-por-el-caso-del-chico-al-que-negaron-acceso-a-lugares-publicos-por-llevar-un-perro-guia\/\" \/>\n<meta property=\"og:site_name\" content=\"Noticias Radio Reflejos\" \/>\n<meta property=\"article:published_time\" content=\"2021-08-25T14:35:04+00:00\" \/>\n<meta property=\"og:image\" content=\"https:\/\/www.noticiasradioreflejos.com.ar\/2021\/wp-content\/uploads\/2021\/07\/logosol300x200.png\" \/>\n\t<meta property=\"og:image:width\" content=\"300\" \/>\n\t<meta property=\"og:image:height\" content=\"200\" \/>\n\t<meta property=\"og:image:type\" content=\"image\/png\" \/>\n<meta name=\"author\" content=\"Arnaldo Botto\" \/>\n<meta name=\"twitter:card\" content=\"summary_large_image\" \/>\n<script type=\"application\/ld+json\" class=\"yoast-schema-graph\">{\"@context\":\"https:\/\/schema.org\",\"@graph\":[{\"@type\":\"WebPage\",\"@id\":\"https:\/\/www.noticiasradioreflejos.com.ar\/2021\/ante-un-pedido-de-la-defensoria-del-pueblo-de-la-nacion-la-agencia-nacional-de-discapacidad-tomo-intervencion-por-el-caso-del-chico-al-que-negaron-acceso-a-lugares-publicos-por-llevar-un-perro-guia\/\",\"url\":\"https:\/\/www.noticiasradioreflejos.com.ar\/2021\/ante-un-pedido-de-la-defensoria-del-pueblo-de-la-nacion-la-agencia-nacional-de-discapacidad-tomo-intervencion-por-el-caso-del-chico-al-que-negaron-acceso-a-lugares-publicos-por-llevar-un-perro-guia\/\",\"name\":\"Ante un pedido de la Defensor\u00eda del Pueblo de la Naci\u00f3n, la Agencia Nacional de Discapacidad tom\u00f3 intervenci\u00f3n por el caso del chico al que negaron acceso a lugares p\u00fablicos por llevar un perro gu\u00eda - Noticias Radio Reflejos\",\"isPartOf\":{\"@id\":\"https:\/\/www.noticiasradioreflejos.com.ar\/2021\/#website\"},\"datePublished\":\"2021-08-25T14:35:04+00:00\",\"author\":{\"@id\":\"https:\/\/www.noticiasradioreflejos.com.ar\/2021\/#\/schema\/person\/ad82545263dcc5ec0996818884fd5fb1\"},\"breadcrumb\":{\"@id\":\"https:\/\/www.noticiasradioreflejos.com.ar\/2021\/ante-un-pedido-de-la-defensoria-del-pueblo-de-la-nacion-la-agencia-nacional-de-discapacidad-tomo-intervencion-por-el-caso-del-chico-al-que-negaron-acceso-a-lugares-publicos-por-llevar-un-perro-guia\/#breadcrumb\"},\"inLanguage\":\"es\",\"potentialAction\":[{\"@type\":\"ReadAction\",\"target\":[\"https:\/\/www.noticiasradioreflejos.com.ar\/2021\/ante-un-pedido-de-la-defensoria-del-pueblo-de-la-nacion-la-agencia-nacional-de-discapacidad-tomo-intervencion-por-el-caso-del-chico-al-que-negaron-acceso-a-lugares-publicos-por-llevar-un-perro-guia\/\"]}]},{\"@type\":\"BreadcrumbList\",\"@id\":\"https:\/\/www.noticiasradioreflejos.com.ar\/2021\/ante-un-pedido-de-la-defensoria-del-pueblo-de-la-nacion-la-agencia-nacional-de-discapacidad-tomo-intervencion-por-el-caso-del-chico-al-que-negaron-acceso-a-lugares-publicos-por-llevar-un-perro-guia\/#breadcrumb\",\"itemListElement\":[{\"@type\":\"ListItem\",\"position\":1,\"name\":\"Portada\",\"item\":\"https:\/\/www.noticiasradioreflejos.com.ar\/2021\/\"},{\"@type\":\"ListItem\",\"position\":2,\"name\":\"Ante un pedido de la Defensor\u00eda del Pueblo de la Naci\u00f3n, la Agencia Nacional de Discapacidad tom\u00f3 intervenci\u00f3n por el caso del chico al que negaron acceso a lugares p\u00fablicos por llevar un perro gu\u00eda\"}]},{\"@type\":\"WebSite\",\"@id\":\"https:\/\/www.noticiasradioreflejos.com.ar\/2021\/#website\",\"url\":\"https:\/\/www.noticiasradioreflejos.com.ar\/2021\/\",\"name\":\"Noticias Radio Reflejos\",\"description\":\"Las noticias de mi comarca\",\"potentialAction\":[{\"@type\":\"SearchAction\",\"target\":{\"@type\":\"EntryPoint\",\"urlTemplate\":\"https:\/\/www.noticiasradioreflejos.com.ar\/2021\/?s={search_term_string}\"},\"query-input\":{\"@type\":\"PropertyValueSpecification\",\"valueRequired\":true,\"valueName\":\"search_term_string\"}}],\"inLanguage\":\"es\"},{\"@type\":\"Person\",\"@id\":\"https:\/\/www.noticiasradioreflejos.com.ar\/2021\/#\/schema\/person\/ad82545263dcc5ec0996818884fd5fb1\",\"name\":\"Arnaldo Botto\",\"image\":{\"@type\":\"ImageObject\",\"inLanguage\":\"es\",\"@id\":\"https:\/\/www.noticiasradioreflejos.com.ar\/2021\/#\/schema\/person\/image\/\",\"url\":\"https:\/\/secure.gravatar.com\/avatar\/55cb5e37c1efa326397366e6974cb338056df65cb50e7d64d1cf314e87504837?s=96&d=mm&r=g\",\"contentUrl\":\"https:\/\/secure.gravatar.com\/avatar\/55cb5e37c1efa326397366e6974cb338056df65cb50e7d64d1cf314e87504837?s=96&d=mm&r=g\",\"caption\":\"Arnaldo Botto\"},\"url\":\"https:\/\/www.noticiasradioreflejos.com.ar\/2021\/author\/arnaldo\/\"}]}<\/script>\n<!-- \/ Yoast SEO plugin. -->","yoast_head_json":{"title":"Ante un pedido de la Defensor\u00eda del Pueblo de la Naci\u00f3n, la Agencia Nacional de Discapacidad tom\u00f3 intervenci\u00f3n por el caso del chico al que negaron acceso a lugares p\u00fablicos por llevar un perro gu\u00eda - Noticias Radio Reflejos","robots":{"index":"index","follow":"follow","max-snippet":"max-snippet:-1","max-image-preview":"max-image-preview:large","max-video-preview":"max-video-preview:-1"},"canonical":"https:\/\/www.noticiasradioreflejos.com.ar\/2021\/ante-un-pedido-de-la-defensoria-del-pueblo-de-la-nacion-la-agencia-nacional-de-discapacidad-tomo-intervencion-por-el-caso-del-chico-al-que-negaron-acceso-a-lugares-publicos-por-llevar-un-perro-guia\/","og_locale":"es_ES","og_type":"article","og_title":"Ante un pedido de la Defensor\u00eda del Pueblo de la Naci\u00f3n, la Agencia Nacional de Discapacidad tom\u00f3 intervenci\u00f3n por el caso del chico al que negaron acceso a lugares p\u00fablicos por llevar un perro gu\u00eda - Noticias Radio Reflejos","og_description":"La Agencia Nacional de Discapacidad (ANDIS) respondi\u00f3 afirmativamente a un pedido de la Defensor\u00eda del Pueblo de la Naci\u00f3n, ante la grave vulneraci\u00f3n de derechos que sufri\u00f3 un chico con discapacidad, al que se le neg\u00f3 el ingreso un hotel en Tucum\u00e1n y a un centro comercial en Jujuy, por estar acompa\u00f1ado por un perro [&hellip;]","og_url":"https:\/\/www.noticiasradioreflejos.com.ar\/2021\/ante-un-pedido-de-la-defensoria-del-pueblo-de-la-nacion-la-agencia-nacional-de-discapacidad-tomo-intervencion-por-el-caso-del-chico-al-que-negaron-acceso-a-lugares-publicos-por-llevar-un-perro-guia\/","og_site_name":"Noticias Radio Reflejos","article_published_time":"2021-08-25T14:35:04+00:00","og_image":[{"width":300,"height":200,"url":"https:\/\/www.noticiasradioreflejos.com.ar\/2021\/wp-content\/uploads\/2021\/07\/logosol300x200.png","type":"image\/png"}],"author":"Arnaldo Botto","twitter_card":"summary_large_image","schema":{"@context":"https:\/\/schema.org","@graph":[{"@type":"WebPage","@id":"https:\/\/www.noticiasradioreflejos.com.ar\/2021\/ante-un-pedido-de-la-defensoria-del-pueblo-de-la-nacion-la-agencia-nacional-de-discapacidad-tomo-intervencion-por-el-caso-del-chico-al-que-negaron-acceso-a-lugares-publicos-por-llevar-un-perro-guia\/","url":"https:\/\/www.noticiasradioreflejos.com.ar\/2021\/ante-un-pedido-de-la-defensoria-del-pueblo-de-la-nacion-la-agencia-nacional-de-discapacidad-tomo-intervencion-por-el-caso-del-chico-al-que-negaron-acceso-a-lugares-publicos-por-llevar-un-perro-guia\/","name":"Ante un pedido de la Defensor\u00eda del Pueblo de la Naci\u00f3n, la Agencia Nacional de Discapacidad tom\u00f3 intervenci\u00f3n por el caso del chico al que negaron acceso a lugares p\u00fablicos por llevar un perro gu\u00eda - Noticias Radio Reflejos","isPartOf":{"@id":"https:\/\/www.noticiasradioreflejos.com.ar\/2021\/#website"},"datePublished":"2021-08-25T14:35:04+00:00","author":{"@id":"https:\/\/www.noticiasradioreflejos.com.ar\/2021\/#\/schema\/person\/ad82545263dcc5ec0996818884fd5fb1"},"breadcrumb":{"@id":"https:\/\/www.noticiasradioreflejos.com.ar\/2021\/ante-un-pedido-de-la-defensoria-del-pueblo-de-la-nacion-la-agencia-nacional-de-discapacidad-tomo-intervencion-por-el-caso-del-chico-al-que-negaron-acceso-a-lugares-publicos-por-llevar-un-perro-guia\/#breadcrumb"},"inLanguage":"es","potentialAction":[{"@type":"ReadAction","target":["https:\/\/www.noticiasradioreflejos.com.ar\/2021\/ante-un-pedido-de-la-defensoria-del-pueblo-de-la-nacion-la-agencia-nacional-de-discapacidad-tomo-intervencion-por-el-caso-del-chico-al-que-negaron-acceso-a-lugares-publicos-por-llevar-un-perro-guia\/"]}]},{"@type":"BreadcrumbList","@id":"https:\/\/www.noticiasradioreflejos.com.ar\/2021\/ante-un-pedido-de-la-defensoria-del-pueblo-de-la-nacion-la-agencia-nacional-de-discapacidad-tomo-intervencion-por-el-caso-del-chico-al-que-negaron-acceso-a-lugares-publicos-por-llevar-un-perro-guia\/#breadcrumb","itemListElement":[{"@type":"ListItem","position":1,"name":"Portada","item":"https:\/\/www.noticiasradioreflejos.com.ar\/2021\/"},{"@type":"ListItem","position":2,"name":"Ante un pedido de la Defensor\u00eda del Pueblo de la Naci\u00f3n, la Agencia Nacional de Discapacidad tom\u00f3 intervenci\u00f3n por el caso del chico al que negaron acceso a lugares p\u00fablicos por llevar un perro gu\u00eda"}]},{"@type":"WebSite","@id":"https:\/\/www.noticiasradioreflejos.com.ar\/2021\/#website","url":"https:\/\/www.noticiasradioreflejos.com.ar\/2021\/","name":"Noticias Radio Reflejos","description":"Las noticias de mi comarca","potentialAction":[{"@type":"SearchAction","target":{"@type":"EntryPoint","urlTemplate":"https:\/\/www.noticiasradioreflejos.com.ar\/2021\/?s={search_term_string}"},"query-input":{"@type":"PropertyValueSpecification","valueRequired":true,"valueName":"search_term_string"}}],"inLanguage":"es"},{"@type":"Person","@id":"https:\/\/www.noticiasradioreflejos.com.ar\/2021\/#\/schema\/person\/ad82545263dcc5ec0996818884fd5fb1","name":"Arnaldo Botto","image":{"@type":"ImageObject","inLanguage":"es","@id":"https:\/\/www.noticiasradioreflejos.com.ar\/2021\/#\/schema\/person\/image\/","url":"https:\/\/secure.gravatar.com\/avatar\/55cb5e37c1efa326397366e6974cb338056df65cb50e7d64d1cf314e87504837?s=96&d=mm&r=g","contentUrl":"https:\/\/secure.gravatar.com\/avatar\/55cb5e37c1efa326397366e6974cb338056df65cb50e7d64d1cf314e87504837?s=96&d=mm&r=g","caption":"Arnaldo Botto"},"url":"https:\/\/www.noticiasradioreflejos.com.ar\/2021\/author\/arnaldo\/"}]}},"_links":{"self":[{"href":"https:\/\/www.noticiasradioreflejos.com.ar\/2021\/wp-json\/wp\/v2\/posts\/61964","targetHints":{"allow":["GET"]}}],"collection":[{"href":"https:\/\/www.noticiasradioreflejos.com.ar\/2021\/wp-json\/wp\/v2\/posts"}],"about":[{"href":"https:\/\/www.noticiasradioreflejos.com.ar\/2021\/wp-json\/wp\/v2\/types\/post"}],"author":[{"embeddable":true,"href":"https:\/\/www.noticiasradioreflejos.com.ar\/2021\/wp-json\/wp\/v2\/users\/3"}],"replies":[{"embeddable":true,"href":"https:\/\/www.noticiasradioreflejos.com.ar\/2021\/wp-json\/wp\/v2\/comments?post=61964"}],"version-history":[{"count":1,"href":"https:\/\/www.noticiasradioreflejos.com.ar\/2021\/wp-json\/wp\/v2\/posts\/61964\/revisions"}],"predecessor-version":[{"id":61966,"href":"https:\/\/www.noticiasradioreflejos.com.ar\/2021\/wp-json\/wp\/v2\/posts\/61964\/revisions\/61966"}],"wp:attachment":[{"href":"https:\/\/www.noticiasradioreflejos.com.ar\/2021\/wp-json\/wp\/v2\/media?parent=61964"}],"wp:term":[{"taxonomy":"category","embeddable":true,"href":"https:\/\/www.noticiasradioreflejos.com.ar\/2021\/wp-json\/wp\/v2\/categories?post=61964"},{"taxonomy":"post_tag","embeddable":true,"href":"https:\/\/www.noticiasradioreflejos.com.ar\/2021\/wp-json\/wp\/v2\/tags?post=61964"}],"curies":[{"name":"wp","href":"https:\/\/api.w.org\/{rel}","templated":true}]}}