{"id":61961,"date":"2021-08-25T14:08:06","date_gmt":"2021-08-25T14:08:06","guid":{"rendered":"http:\/\/www.noticiasradioreflejos.com.ar\/2021\/?p=61961"},"modified":"2021-08-25T14:08:06","modified_gmt":"2021-08-25T14:08:06","slug":"trotta-confirmo-que-a-partir-del-1-de-septiembre-se-intensificara-la-presencialidad","status":"publish","type":"post","link":"https:\/\/www.noticiasradioreflejos.com.ar\/2021\/trotta-confirmo-que-a-partir-del-1-de-septiembre-se-intensificara-la-presencialidad\/","title":{"rendered":"Trotta confirm\u00f3 que a partir del 1 de septiembre se intensificar\u00e1 la presencialidad"},"content":{"rendered":"<div class=\"head-content\">\n<p>El ministro de Educaci\u00f3n inform\u00f3 sobre la serie de reuniones con especialistas para analizar los cambios en el protocolo de las escuelas. Al reducirse el distanciamiento a 90 cent\u00edmetros, se tomaran otras medidas de cuidado.<\/p>\n<\/div>\n<p><!--more--><\/p>\n<div class=\"main-content-block\">\n<div class=\"main-box clearfix\">\n<div class=\"wrapper-main-section clearfix\">\n<div class=\"wrapper-editable-content\">\n<div class=\"editable-content clearfix\">\n<div id=\"image\" class=\"image\">\n<div class=\"epigrafe\">El ministro de Educaci\u00f3n, <strong>Nicol\u00e1s Trotta<\/strong>, adelant\u00f3 que este mi\u00e9rcoles a la tarde se reunir\u00e1 con el\u00a0<strong>Consejo Asesor para el Regreso a las Clases Presenciales<\/strong>, para continuar analizando y definir las propuestas de cambios en el protocolo en las escuelas que \u00abse validar\u00e1n este jueves en la reuni\u00f3n del\u00a0<strong>Consejo Federal de Educaci\u00f3n<\/strong>\u00ab, con el objetivo de \u00abintensificar la presencialidad\u00bb, a partir del\u00a0<strong>1 de septiembre<\/strong>.<\/div>\n<\/div>\n<p>\u00ab<strong>Estamos avanzando en la intensificaci\u00f3n de la presencialidad<\/strong>\u00bb en el marco de la pandemia de coronavirus, defini\u00f3 Trotta sobre las reuniones que comenzaron esta semana con la comisi\u00f3n para el regreso seguro a las aulas.<\/p>\n<p>El martes Trotta se reuni\u00f3 con el gobernador bonaerense\u00a0<strong>Axel Kicillof<\/strong>, y este mi\u00e9rcoles continuar\u00e1 con la reuni\u00f3n del Consejo Asesor para el Regreso a las Clases Presenciales, que tiene car\u00e1cter multidisciplinario y consultivo, y desarrolla los protocolos para evitar nuevos casos de COVID-19 en la comunidad escolar y los procedimientos a aplicarse en caso de que se presente un contagio en alguna instituci\u00f3n del pa\u00eds.<\/p>\n<p>En declaraciones a radio Atl\u00e1ntica de Mar del Plata, Trotta se\u00f1al\u00f3: \u00abEstamos evaluando distintas modificaciones para intensificar el regreso a la presencialidad y este mi\u00e9rcoles a la tarde nos reunimos con la comisi\u00f3n para el regreso seguro a las aulas\u00bb.<\/p>\n<p>\u00abEstuvimos reunidos con los expertos analizando los protocolos a partir de lo que ha sido la\u00a0<strong>mejora de los indicadores sanitarios y epidemiol\u00f3gicos constantes y el avance del proceso de vacunaci\u00f3n<\/strong>\u00ab, cont\u00f3.<\/p>\n<p>En ese sentido, agreg\u00f3: \u00abEstas mejoras sanitarias nos dan la posibilidad de\u00a0<strong>actualizar los protocolos para permitir intensificar la presencialidad en las aulas con responsabilidad<\/strong>\u00ab.<\/p>\n<p>Sobre el tema del distanciamiento entre los alumnos, Trotta aclar\u00f3 que el regreso de todo el alumnado completo en un aula con una\u00a0<strong>separaci\u00f3n m\u00ednima de 90 cent\u00edmetros entre cada uno<\/strong>, \u00abdepender\u00e1 de la situaci\u00f3n edilicia de cada instituci\u00f3n\u00bb, la \u00abventilaci\u00f3n\u00bb del lugar y \u00abel control estricto\u00bb.<\/p>\n<p>\u00abAnte mayor reducci\u00f3n del distanciamiento, habr\u00e1 que intensificar otros controles\u00bb, asever\u00f3 el ministro, quien remarc\u00f3: \u00abEstamos evaluando la posibilidad de\u00a0<strong>aumentar los controles de la circulaci\u00f3n del aire puro con medidores de di\u00f3xido de carbono, el uso de tapa bocas dobles o barbijos especiales y testeos en los estudiantes<\/strong>\u00ab.<\/p>\n<p>En cifras, el titular de la cartera educativa revel\u00f3 que \u00ab<strong>el 26 por ciento de las escuelas en la provincia de Buenos Aires pudieron dictar clases en sus aulas con la totalidad de los alumnos durante toda la semana<\/strong>\u00ab, siendo de ese total de establecimientos, 20 por ciento de escuelas rurales.<\/p>\n<p>\u00abTodo esto lo estamos evaluando y analizando cada una de las medidas para permitir intensificar la presencialidad siendo muy responsables en el control y fiscalizaci\u00f3n de la salud\u00bb, remarc\u00f3.<\/p><\/div>\n<\/div>\n<\/div>\n<\/div>\n<\/div>\n","protected":false},"excerpt":{"rendered":"<p>El ministro de Educaci\u00f3n inform\u00f3 sobre la serie de reuniones con especialistas para analizar los cambios en el protocolo de las escuelas. Al reducirse el distanciamiento a 90 cent\u00edmetros, se tomaran otras medidas de cuidado.<\/p>\n","protected":false},"author":3,"featured_media":0,"comment_status":"closed","ping_status":"closed","sticky":false,"template":"","format":"standard","meta":{"footnotes":""},"categories":[34],"tags":[],"class_list":["post-61961","post","type-post","status-publish","format-standard","hentry","category-educacion"],"yoast_head":"<!-- This site is optimized with the Yoast SEO plugin v25.9 - https:\/\/yoast.com\/wordpress\/plugins\/seo\/ -->\n<title>Trotta confirm\u00f3 que a partir del 1 de septiembre se intensificar\u00e1 la presencialidad - Noticias Radio Reflejos<\/title>\n<meta name=\"robots\" content=\"index, follow, max-snippet:-1, max-image-preview:large, max-video-preview:-1\" \/>\n<link rel=\"canonical\" href=\"https:\/\/www.noticiasradioreflejos.com.ar\/2021\/trotta-confirmo-que-a-partir-del-1-de-septiembre-se-intensificara-la-presencialidad\/\" \/>\n<meta property=\"og:locale\" content=\"es_ES\" \/>\n<meta property=\"og:type\" content=\"article\" \/>\n<meta property=\"og:title\" content=\"Trotta confirm\u00f3 que a partir del 1 de septiembre se intensificar\u00e1 la presencialidad - Noticias Radio Reflejos\" \/>\n<meta property=\"og:description\" content=\"El ministro de Educaci\u00f3n inform\u00f3 sobre la serie de reuniones con especialistas para analizar los cambios en el protocolo de las escuelas. Al reducirse el distanciamiento a 90 cent\u00edmetros, se tomaran otras medidas de cuidado.\" \/>\n<meta property=\"og:url\" content=\"https:\/\/www.noticiasradioreflejos.com.ar\/2021\/trotta-confirmo-que-a-partir-del-1-de-septiembre-se-intensificara-la-presencialidad\/\" \/>\n<meta property=\"og:site_name\" content=\"Noticias Radio Reflejos\" \/>\n<meta property=\"article:published_time\" content=\"2021-08-25T14:08:06+00:00\" \/>\n<meta property=\"og:image\" content=\"https:\/\/www.noticiasradioreflejos.com.ar\/2021\/wp-content\/uploads\/2021\/07\/logosol300x200.png\" \/>\n\t<meta property=\"og:image:width\" content=\"300\" \/>\n\t<meta property=\"og:image:height\" content=\"200\" \/>\n\t<meta property=\"og:image:type\" content=\"image\/png\" \/>\n<meta name=\"author\" content=\"Arnaldo Botto\" \/>\n<meta name=\"twitter:card\" content=\"summary_large_image\" \/>\n<script type=\"application\/ld+json\" class=\"yoast-schema-graph\">{\"@context\":\"https:\/\/schema.org\",\"@graph\":[{\"@type\":\"WebPage\",\"@id\":\"https:\/\/www.noticiasradioreflejos.com.ar\/2021\/trotta-confirmo-que-a-partir-del-1-de-septiembre-se-intensificara-la-presencialidad\/\",\"url\":\"https:\/\/www.noticiasradioreflejos.com.ar\/2021\/trotta-confirmo-que-a-partir-del-1-de-septiembre-se-intensificara-la-presencialidad\/\",\"name\":\"Trotta confirm\u00f3 que a partir del 1 de septiembre se intensificar\u00e1 la presencialidad - Noticias Radio Reflejos\",\"isPartOf\":{\"@id\":\"https:\/\/www.noticiasradioreflejos.com.ar\/2021\/#website\"},\"datePublished\":\"2021-08-25T14:08:06+00:00\",\"author\":{\"@id\":\"https:\/\/www.noticiasradioreflejos.com.ar\/2021\/#\/schema\/person\/ad82545263dcc5ec0996818884fd5fb1\"},\"breadcrumb\":{\"@id\":\"https:\/\/www.noticiasradioreflejos.com.ar\/2021\/trotta-confirmo-que-a-partir-del-1-de-septiembre-se-intensificara-la-presencialidad\/#breadcrumb\"},\"inLanguage\":\"es\",\"potentialAction\":[{\"@type\":\"ReadAction\",\"target\":[\"https:\/\/www.noticiasradioreflejos.com.ar\/2021\/trotta-confirmo-que-a-partir-del-1-de-septiembre-se-intensificara-la-presencialidad\/\"]}]},{\"@type\":\"BreadcrumbList\",\"@id\":\"https:\/\/www.noticiasradioreflejos.com.ar\/2021\/trotta-confirmo-que-a-partir-del-1-de-septiembre-se-intensificara-la-presencialidad\/#breadcrumb\",\"itemListElement\":[{\"@type\":\"ListItem\",\"position\":1,\"name\":\"Portada\",\"item\":\"https:\/\/www.noticiasradioreflejos.com.ar\/2021\/\"},{\"@type\":\"ListItem\",\"position\":2,\"name\":\"Trotta confirm\u00f3 que a partir del 1 de septiembre se intensificar\u00e1 la presencialidad\"}]},{\"@type\":\"WebSite\",\"@id\":\"https:\/\/www.noticiasradioreflejos.com.ar\/2021\/#website\",\"url\":\"https:\/\/www.noticiasradioreflejos.com.ar\/2021\/\",\"name\":\"Noticias Radio Reflejos\",\"description\":\"Las noticias de mi comarca\",\"potentialAction\":[{\"@type\":\"SearchAction\",\"target\":{\"@type\":\"EntryPoint\",\"urlTemplate\":\"https:\/\/www.noticiasradioreflejos.com.ar\/2021\/?s={search_term_string}\"},\"query-input\":{\"@type\":\"PropertyValueSpecification\",\"valueRequired\":true,\"valueName\":\"search_term_string\"}}],\"inLanguage\":\"es\"},{\"@type\":\"Person\",\"@id\":\"https:\/\/www.noticiasradioreflejos.com.ar\/2021\/#\/schema\/person\/ad82545263dcc5ec0996818884fd5fb1\",\"name\":\"Arnaldo Botto\",\"image\":{\"@type\":\"ImageObject\",\"inLanguage\":\"es\",\"@id\":\"https:\/\/www.noticiasradioreflejos.com.ar\/2021\/#\/schema\/person\/image\/\",\"url\":\"https:\/\/secure.gravatar.com\/avatar\/55cb5e37c1efa326397366e6974cb338056df65cb50e7d64d1cf314e87504837?s=96&d=mm&r=g\",\"contentUrl\":\"https:\/\/secure.gravatar.com\/avatar\/55cb5e37c1efa326397366e6974cb338056df65cb50e7d64d1cf314e87504837?s=96&d=mm&r=g\",\"caption\":\"Arnaldo Botto\"},\"url\":\"https:\/\/www.noticiasradioreflejos.com.ar\/2021\/author\/arnaldo\/\"}]}<\/script>\n<!-- \/ Yoast SEO plugin. -->","yoast_head_json":{"title":"Trotta confirm\u00f3 que a partir del 1 de septiembre se intensificar\u00e1 la presencialidad - Noticias Radio Reflejos","robots":{"index":"index","follow":"follow","max-snippet":"max-snippet:-1","max-image-preview":"max-image-preview:large","max-video-preview":"max-video-preview:-1"},"canonical":"https:\/\/www.noticiasradioreflejos.com.ar\/2021\/trotta-confirmo-que-a-partir-del-1-de-septiembre-se-intensificara-la-presencialidad\/","og_locale":"es_ES","og_type":"article","og_title":"Trotta confirm\u00f3 que a partir del 1 de septiembre se intensificar\u00e1 la presencialidad - Noticias Radio Reflejos","og_description":"El ministro de Educaci\u00f3n inform\u00f3 sobre la serie de reuniones con especialistas para analizar los cambios en el protocolo de las escuelas. Al reducirse el distanciamiento a 90 cent\u00edmetros, se tomaran otras medidas de cuidado.","og_url":"https:\/\/www.noticiasradioreflejos.com.ar\/2021\/trotta-confirmo-que-a-partir-del-1-de-septiembre-se-intensificara-la-presencialidad\/","og_site_name":"Noticias Radio Reflejos","article_published_time":"2021-08-25T14:08:06+00:00","og_image":[{"width":300,"height":200,"url":"https:\/\/www.noticiasradioreflejos.com.ar\/2021\/wp-content\/uploads\/2021\/07\/logosol300x200.png","type":"image\/png"}],"author":"Arnaldo Botto","twitter_card":"summary_large_image","schema":{"@context":"https:\/\/schema.org","@graph":[{"@type":"WebPage","@id":"https:\/\/www.noticiasradioreflejos.com.ar\/2021\/trotta-confirmo-que-a-partir-del-1-de-septiembre-se-intensificara-la-presencialidad\/","url":"https:\/\/www.noticiasradioreflejos.com.ar\/2021\/trotta-confirmo-que-a-partir-del-1-de-septiembre-se-intensificara-la-presencialidad\/","name":"Trotta confirm\u00f3 que a partir del 1 de septiembre se intensificar\u00e1 la presencialidad - Noticias Radio Reflejos","isPartOf":{"@id":"https:\/\/www.noticiasradioreflejos.com.ar\/2021\/#website"},"datePublished":"2021-08-25T14:08:06+00:00","author":{"@id":"https:\/\/www.noticiasradioreflejos.com.ar\/2021\/#\/schema\/person\/ad82545263dcc5ec0996818884fd5fb1"},"breadcrumb":{"@id":"https:\/\/www.noticiasradioreflejos.com.ar\/2021\/trotta-confirmo-que-a-partir-del-1-de-septiembre-se-intensificara-la-presencialidad\/#breadcrumb"},"inLanguage":"es","potentialAction":[{"@type":"ReadAction","target":["https:\/\/www.noticiasradioreflejos.com.ar\/2021\/trotta-confirmo-que-a-partir-del-1-de-septiembre-se-intensificara-la-presencialidad\/"]}]},{"@type":"BreadcrumbList","@id":"https:\/\/www.noticiasradioreflejos.com.ar\/2021\/trotta-confirmo-que-a-partir-del-1-de-septiembre-se-intensificara-la-presencialidad\/#breadcrumb","itemListElement":[{"@type":"ListItem","position":1,"name":"Portada","item":"https:\/\/www.noticiasradioreflejos.com.ar\/2021\/"},{"@type":"ListItem","position":2,"name":"Trotta confirm\u00f3 que a partir del 1 de septiembre se intensificar\u00e1 la presencialidad"}]},{"@type":"WebSite","@id":"https:\/\/www.noticiasradioreflejos.com.ar\/2021\/#website","url":"https:\/\/www.noticiasradioreflejos.com.ar\/2021\/","name":"Noticias Radio Reflejos","description":"Las noticias de mi comarca","potentialAction":[{"@type":"SearchAction","target":{"@type":"EntryPoint","urlTemplate":"https:\/\/www.noticiasradioreflejos.com.ar\/2021\/?s={search_term_string}"},"query-input":{"@type":"PropertyValueSpecification","valueRequired":true,"valueName":"search_term_string"}}],"inLanguage":"es"},{"@type":"Person","@id":"https:\/\/www.noticiasradioreflejos.com.ar\/2021\/#\/schema\/person\/ad82545263dcc5ec0996818884fd5fb1","name":"Arnaldo Botto","image":{"@type":"ImageObject","inLanguage":"es","@id":"https:\/\/www.noticiasradioreflejos.com.ar\/2021\/#\/schema\/person\/image\/","url":"https:\/\/secure.gravatar.com\/avatar\/55cb5e37c1efa326397366e6974cb338056df65cb50e7d64d1cf314e87504837?s=96&d=mm&r=g","contentUrl":"https:\/\/secure.gravatar.com\/avatar\/55cb5e37c1efa326397366e6974cb338056df65cb50e7d64d1cf314e87504837?s=96&d=mm&r=g","caption":"Arnaldo Botto"},"url":"https:\/\/www.noticiasradioreflejos.com.ar\/2021\/author\/arnaldo\/"}]}},"_links":{"self":[{"href":"https:\/\/www.noticiasradioreflejos.com.ar\/2021\/wp-json\/wp\/v2\/posts\/61961","targetHints":{"allow":["GET"]}}],"collection":[{"href":"https:\/\/www.noticiasradioreflejos.com.ar\/2021\/wp-json\/wp\/v2\/posts"}],"about":[{"href":"https:\/\/www.noticiasradioreflejos.com.ar\/2021\/wp-json\/wp\/v2\/types\/post"}],"author":[{"embeddable":true,"href":"https:\/\/www.noticiasradioreflejos.com.ar\/2021\/wp-json\/wp\/v2\/users\/3"}],"replies":[{"embeddable":true,"href":"https:\/\/www.noticiasradioreflejos.com.ar\/2021\/wp-json\/wp\/v2\/comments?post=61961"}],"version-history":[{"count":1,"href":"https:\/\/www.noticiasradioreflejos.com.ar\/2021\/wp-json\/wp\/v2\/posts\/61961\/revisions"}],"predecessor-version":[{"id":61963,"href":"https:\/\/www.noticiasradioreflejos.com.ar\/2021\/wp-json\/wp\/v2\/posts\/61961\/revisions\/61963"}],"wp:attachment":[{"href":"https:\/\/www.noticiasradioreflejos.com.ar\/2021\/wp-json\/wp\/v2\/media?parent=61961"}],"wp:term":[{"taxonomy":"category","embeddable":true,"href":"https:\/\/www.noticiasradioreflejos.com.ar\/2021\/wp-json\/wp\/v2\/categories?post=61961"},{"taxonomy":"post_tag","embeddable":true,"href":"https:\/\/www.noticiasradioreflejos.com.ar\/2021\/wp-json\/wp\/v2\/tags?post=61961"}],"curies":[{"name":"wp","href":"https:\/\/api.w.org\/{rel}","templated":true}]}}